{"id":172595,"date":"2024-10-08T19:00:00","date_gmt":"2024-10-08T22:00:00","guid":{"rendered":"https:\/\/www.gaveanews.com\/?p=172595"},"modified":"2024-10-08T16:21:21","modified_gmt":"2024-10-08T19:21:21","slug":"filho-de-ex-piloto-expoem-agressoes-de-mae-em-seu-pai","status":"publish","type":"post","link":"https:\/\/www.gaveanews.com\/index.php\/2024\/10\/08\/filho-de-ex-piloto-expoem-agressoes-de-mae-em-seu-pai\/","title":{"rendered":"Filho de ex-piloto exp\u00f5em agress\u00f5es de m\u00e3e em seu pai"},"content":{"rendered":"\n<h2 class=\"wp-block-heading\" id=\"h-david-schumacher-expoe-conflitos-familiares-e-relembra-ameacas-da-mae\">David Schumacher exp\u00f5e conflitos familiares e relembra amea\u00e7as da m\u00e3e<\/h2>\n\n\n\n<p>David Schumacher, filho do ex-piloto de F\u00f3rmula 1 Ralf Schumacher e sobrinho do lend\u00e1rio Michael Schumacher, compartilhou detalhes delicados sobre sua rela\u00e7\u00e3o conturbada com a m\u00e3e, Cora Brinkmann, em uma publica\u00e7\u00e3o nas redes sociais que foi posteriormente deletada.<\/p>\n\n\n\n<ul class=\"wp-block-list\">\n<li><a href=\"https:\/\/www.gaveanews.com\/index.php\/2024\/10\/04\/bicampeao-da-formula-1-revela-que-queria-ter-sido-jogador-de-futebol\/\">Bicampe\u00e3o da F\u00f3rmula 1 revela que queria ter sido jogador de futebol<\/a><\/li>\n\n\n\n<li><a href=\"https:\/\/www.gaveanews.com\/index.php\/2024\/10\/04\/fornecedora-de-motores-deixa-a-formula-1\/\">Fornecedora de motores deixa a F\u00f3rmula 1<\/a><\/li>\n<\/ul>\n\n\n\n<p>O jovem piloto de 22 anos relatou epis\u00f3dios que remontam ao div\u00f3rcio dos pais, ocorrido em 2015, e que tiveram impacto direto em sua vida pessoal e profissional.<\/p>\n\n\n\n<p>Segundo David, sua m\u00e3e o teria amea\u00e7ado de destruir seu sonho de ser piloto caso ele n\u00e3o aceitasse morar com ela ap\u00f3s a separa\u00e7\u00e3o.<\/p>\n\n\n\n<p>\u201cEla disse que n\u00e3o assinaria mais os documentos necess\u00e1rios para minha carreira se eu n\u00e3o fosse morar com ela. Eu n\u00e3o queria viver em um ambiente onde tudo o que importava era falar mal do meu pai\u201d, desabafou o piloto.<\/p>\n\n\n\n<p>Al\u00e9m das amea\u00e7as, David relembrou um incidente grave em que a m\u00e3e tentou afast\u00e1-lo do pai contra sua vontade, resultando na necessidade de chamar a pol\u00edcia devido \u00e0 agress\u00e3o de Cora contra Ralf. O jovem ressaltou que, ao contr\u00e1rio das acusa\u00e7\u00f5es da m\u00e3e, seu pai sempre se esfor\u00e7ou para manter um bom relacionamento entre ele e a m\u00e3e.<\/p>\n\n\n\n<p>David tamb\u00e9m destacou que, ao longo dos anos, seu pai tentou in\u00fameras vezes convenc\u00ea-lo a dar outra chance \u00e0 m\u00e3e, mas ele sempre recusou, temendo reviver os traumas do passado.<\/p>\n\n\n\n<p>\u201cA maneira como ela est\u00e1 se comportando agora \u00e9 uma vergonha. Meus pais est\u00e3o divorciados h\u00e1 nove anos. Por favor, nos deixe em paz\u201d, escreveu.<\/p>\n\n\n\n<p>Nos \u00faltimos meses, a situa\u00e7\u00e3o familiar se agravou ap\u00f3s o tabloide alem\u00e3o, que j\u00e1 esteve envolvido em controv\u00e9rsias com a fam\u00edlia Schumacher, publicar cr\u00edticas de Cora ao novo relacionamento de Ralf com o empres\u00e1rio Etienne Bousquet-Cassagne. Cora alegou ter sido \u201cusada\u201d durante o casamento, que durou 14 anos.<\/p>\n\n\n\n<p>Ralf, por sua vez, respondeu publicamente \u00e0s cr\u00edticas, revelando mensagens privadas enviadas por Cora a ele e seu namorado, nas quais ela os parabenizava pela nova rela\u00e7\u00e3o.<\/p>\n\n\n\n<p>Apesar do hist\u00f3rico familiar no topo do automobilismo, David ainda n\u00e3o conseguiu alcan\u00e7ar a F\u00f3rmula 1. O jovem passou por categorias de base como a F\u00f3rmula Regional Europeia e a F\u00f3rmula 3, mas atualmente compete em campeonatos de turismo na Alemanha.<\/p>\n\n\n\n<h2 class=\"wp-block-heading\" id=\"h-confira-o-que-david-schumacher-em-suas-redes-sociais-antes-de-deletar\">Confira o que David Schumacher em suas redes sociais antes de deletar:<\/h2>\n\n\n\n<p>\u201cQuando meus pais se divorciaram em 2015, minha m\u00e3e me amea\u00e7ou que, se eu n\u00e3o morasse com ela, ela destruiria o sonho da minha vida, ou seja, meu sonho de ser piloto, porque, devido \u00e0 guarda de ambos os pais, ela n\u00e3o assinaria mais os documentos necess\u00e1rios. Como ela n\u00e3o estava em condi\u00e7\u00f5es mentais adequadas para cuidar de mim e eu n\u00e3o queria crescer em um ambiente em que a \u00fanica coisa que importava o dia todo era a pessoa ruim que meu pai era, eu simplesmente n\u00e3o queria mais ficar perto dela. Houve um incidente em que ela quis me afastar do meu pr\u00f3prio pai contra a minha vontade e a situa\u00e7\u00e3o ficou t\u00e3o fora de controle que tivemos de chamar a pol\u00edcia, pois ela batia no meu pai sem parar. As constantes acusa\u00e7\u00f5es contra meu pai, de que ele plantou tudo em minha cabe\u00e7a e s\u00f3 falava mal dela n\u00e3o s\u00e3o nem de longe verdadeiras. Meu pai sempre fez tudo o que podia para garantir que eu tivesse um bom relacionamento com minha m\u00e3e.\u201d<\/p>\n\n\n\n<p>\u201cDurante anos, papai me persuadiu repetidamente a dar a ela outra chance. Eu sempre a rejeitava porque n\u00e3o tenho vontade nem coragem de passar pela mesma coisa novamente &#8211; despertar velhas lembran\u00e7as e ter as mesmas experi\u00eancias. E a maneira como ela est\u00e1 se comportando no momento \u00e9 uma vergonha absoluta: meus pais est\u00e3o divorciados h\u00e1 nove anos! Por favor, deixe-nos em paz e deixe-nos viver nossas vidas &#8211; n\u00f3s tamb\u00e9m a deixaremos em paz!\u201d<\/p>\n","protected":false},"excerpt":{"rendered":"<p>David Schumacher exp\u00f5e conflitos familiares e relembra amea\u00e7as da m\u00e3e David Schumacher, filho do ex-piloto de F\u00f3rmula 1 Ralf Schumacher e sobrinho do lend\u00e1rio Michael Schumacher, compartilhou detalhes delicados sobre sua rela\u00e7\u00e3o conturbada com a m\u00e3e, Cora Brinkmann, em uma publica\u00e7\u00e3o nas redes sociais que foi posteriormente deletada. O jovem piloto de 22 anos relatou [&hellip;]<\/p>\n","protected":false},"author":20,"featured_media":121650,"comment_status":"open","ping_status":"closed","sticky":false,"template":"","format":"standard","meta":{"footnotes":""},"categories":[451],"tags":[],"class_list":["post-172595","post","type-post","status-publish","format-standard","has-post-thumbnail","hentry","category-f1"],"yoast_head":"<!-- This site is optimized with the Yoast SEO Premium plugin v24.2 (Yoast SEO v26.9) - https:\/\/yoast.com\/product\/yoast-seo-premium-wordpress\/ -->\n<title>Filho de ex-piloto exp\u00f5em agress\u00f5es de m\u00e3e em seu pai<\/title>\n<meta name=\"robots\" content=\"index, follow, max-snippet:-1, max-image-preview:large, max-video-preview:-1\" \/>\n<link rel=\"canonical\" href=\"https:\/\/www.gaveanews.com\/index.php\/2024\/10\/08\/filho-de-ex-piloto-expoem-agressoes-de-mae-em-seu-pai\/\" \/>\n<meta property=\"og:locale\" content=\"pt_BR\" \/>\n<meta property=\"og:type\" content=\"article\" \/>\n<meta property=\"og:title\" content=\"Filho de ex-piloto exp\u00f5em agress\u00f5es de m\u00e3e em seu pai\" \/>\n<meta property=\"og:description\" content=\"David Schumacher exp\u00f5e conflitos familiares e relembra amea\u00e7as da m\u00e3e David Schumacher, filho do ex-piloto de F\u00f3rmula 1 Ralf Schumacher e sobrinho do lend\u00e1rio Michael Schumacher, compartilhou detalhes delicados sobre sua rela\u00e7\u00e3o conturbada com a m\u00e3e, Cora Brinkmann, em uma publica\u00e7\u00e3o nas redes sociais que foi posteriormente deletada. O jovem piloto de 22 anos relatou [&hellip;]\" \/>\n<meta property=\"og:url\" content=\"https:\/\/www.gaveanews.com\/index.php\/2024\/10\/08\/filho-de-ex-piloto-expoem-agressoes-de-mae-em-seu-pai\/\" \/>\n<meta property=\"og:site_name\" content=\"G\u00e1vea News\" \/>\n<meta property=\"article:publisher\" content=\"https:\/\/facebook.com\/gaveaNews\/\" \/>\n<meta property=\"article:published_time\" content=\"2024-10-08T22:00:00+00:00\" \/>\n<meta property=\"og:image\" content=\"https:\/\/www.gaveanews.com\/wp-content\/uploads\/f1.webp\" \/>\n\t<meta property=\"og:image:width\" content=\"1280\" \/>\n\t<meta property=\"og:image:height\" content=\"720\" \/>\n\t<meta property=\"og:image:type\" content=\"image\/webp\" \/>\n<meta name=\"author\" content=\"Lucas Barros\" \/>\n<meta name=\"twitter:card\" content=\"summary_large_image\" \/>\n<meta name=\"twitter:label1\" content=\"Escrito por\" \/>\n\t<meta name=\"twitter:data1\" content=\"Lucas Barros\" \/>\n\t<meta name=\"twitter:label2\" content=\"Est. tempo de leitura\" \/>\n\t<meta name=\"twitter:data2\" content=\"4 minutos\" \/>\n<script type=\"application\/ld+json\" class=\"yoast-schema-graph\">{\"@context\":\"https:\/\/schema.org\",\"@graph\":[{\"@type\":\"NewsArticle\",\"@id\":\"https:\/\/www.gaveanews.com\/index.php\/2024\/10\/08\/filho-de-ex-piloto-expoem-agressoes-de-mae-em-seu-pai\/#article\",\"isPartOf\":{\"@id\":\"https:\/\/www.gaveanews.com\/index.php\/2024\/10\/08\/filho-de-ex-piloto-expoem-agressoes-de-mae-em-seu-pai\/\"},\"author\":{\"name\":\"Lucas Barros\",\"@id\":\"https:\/\/www.gaveanews.com\/#\/schema\/person\/2abf0cfa878f5f899daa5f781e82264c\"},\"headline\":\"Filho de ex-piloto exp\u00f5em agress\u00f5es de m\u00e3e em seu pai\",\"datePublished\":\"2024-10-08T22:00:00+00:00\",\"mainEntityOfPage\":{\"@id\":\"https:\/\/www.gaveanews.com\/index.php\/2024\/10\/08\/filho-de-ex-piloto-expoem-agressoes-de-mae-em-seu-pai\/\"},\"wordCount\":727,\"commentCount\":0,\"image\":{\"@id\":\"https:\/\/www.gaveanews.com\/index.php\/2024\/10\/08\/filho-de-ex-piloto-expoem-agressoes-de-mae-em-seu-pai\/#primaryimage\"},\"thumbnailUrl\":\"https:\/\/www.gaveanews.com\/wp-content\/uploads\/f1.webp\",\"articleSection\":[\"F1\"],\"inLanguage\":\"pt-BR\",\"potentialAction\":[{\"@type\":\"CommentAction\",\"name\":\"Comment\",\"target\":[\"https:\/\/www.gaveanews.com\/index.php\/2024\/10\/08\/filho-de-ex-piloto-expoem-agressoes-de-mae-em-seu-pai\/#respond\"]}],\"copyrightYear\":\"2024\",\"copyrightHolder\":{\"@id\":\"https:\/\/www.gaveanews.com\/#organization\"}},{\"@type\":\"WebPage\",\"@id\":\"https:\/\/www.gaveanews.com\/index.php\/2024\/10\/08\/filho-de-ex-piloto-expoem-agressoes-de-mae-em-seu-pai\/\",\"url\":\"https:\/\/www.gaveanews.com\/index.php\/2024\/10\/08\/filho-de-ex-piloto-expoem-agressoes-de-mae-em-seu-pai\/\",\"name\":\"Filho de ex-piloto exp\u00f5em agress\u00f5es de m\u00e3e em seu pai\",\"isPartOf\":{\"@id\":\"https:\/\/www.gaveanews.com\/#website\"},\"primaryImageOfPage\":{\"@id\":\"https:\/\/www.gaveanews.com\/index.php\/2024\/10\/08\/filho-de-ex-piloto-expoem-agressoes-de-mae-em-seu-pai\/#primaryimage\"},\"image\":{\"@id\":\"https:\/\/www.gaveanews.com\/index.php\/2024\/10\/08\/filho-de-ex-piloto-expoem-agressoes-de-mae-em-seu-pai\/#primaryimage\"},\"thumbnailUrl\":\"https:\/\/www.gaveanews.com\/wp-content\/uploads\/f1.webp\",\"datePublished\":\"2024-10-08T22:00:00+00:00\",\"author\":{\"@id\":\"https:\/\/www.gaveanews.com\/#\/schema\/person\/2abf0cfa878f5f899daa5f781e82264c\"},\"breadcrumb\":{\"@id\":\"https:\/\/www.gaveanews.com\/index.php\/2024\/10\/08\/filho-de-ex-piloto-expoem-agressoes-de-mae-em-seu-pai\/#breadcrumb\"},\"inLanguage\":\"pt-BR\",\"potentialAction\":[{\"@type\":\"ReadAction\",\"target\":[\"https:\/\/www.gaveanews.com\/index.php\/2024\/10\/08\/filho-de-ex-piloto-expoem-agressoes-de-mae-em-seu-pai\/\"]}]},{\"@type\":\"ImageObject\",\"inLanguage\":\"pt-BR\",\"@id\":\"https:\/\/www.gaveanews.com\/index.php\/2024\/10\/08\/filho-de-ex-piloto-expoem-agressoes-de-mae-em-seu-pai\/#primaryimage\",\"url\":\"https:\/\/www.gaveanews.com\/wp-content\/uploads\/f1.webp\",\"contentUrl\":\"https:\/\/www.gaveanews.com\/wp-content\/uploads\/f1.webp\",\"width\":1280,\"height\":720,\"caption\":\"Logo da Formula 1 (Foto: Reprodu\u00e7\u00e3o)\"},{\"@type\":\"BreadcrumbList\",\"@id\":\"https:\/\/www.gaveanews.com\/index.php\/2024\/10\/08\/filho-de-ex-piloto-expoem-agressoes-de-mae-em-seu-pai\/#breadcrumb\",\"itemListElement\":[{\"@type\":\"ListItem\",\"position\":1,\"name\":\"Home\",\"item\":\"https:\/\/www.gaveanews.com\/\"},{\"@type\":\"ListItem\",\"position\":2,\"name\":\"Filho de ex-piloto exp\u00f5em agress\u00f5es de m\u00e3e em seu pai\"}]},{\"@type\":\"WebSite\",\"@id\":\"https:\/\/www.gaveanews.com\/#website\",\"url\":\"https:\/\/www.gaveanews.com\/\",\"name\":\"G\u00e1vea News\",\"description\":\"Veja todas as not\u00edcias sobre o Flamengo: Contrata\u00e7\u00f5es, categorias de base, resultados das partidas, tabela de classifica\u00e7\u00e3o, pr\u00f3ximos jogos!\",\"potentialAction\":[{\"@type\":\"SearchAction\",\"target\":{\"@type\":\"EntryPoint\",\"urlTemplate\":\"https:\/\/www.gaveanews.com\/?s={search_term_string}\"},\"query-input\":{\"@type\":\"PropertyValueSpecification\",\"valueRequired\":true,\"valueName\":\"search_term_string\"}}],\"inLanguage\":\"pt-BR\"},{\"@type\":\"Person\",\"@id\":\"https:\/\/www.gaveanews.com\/#\/schema\/person\/2abf0cfa878f5f899daa5f781e82264c\",\"name\":\"Lucas Barros\",\"image\":{\"@type\":\"ImageObject\",\"inLanguage\":\"pt-BR\",\"@id\":\"https:\/\/www.gaveanews.com\/#\/schema\/person\/image\/\",\"url\":\"https:\/\/secure.gravatar.com\/avatar\/67a6069eba66bf6fd7c80b70e1331baa3dbc3d6df5012d5c22eff29c7d59e0b0?s=96&d=mm&r=g\",\"contentUrl\":\"https:\/\/secure.gravatar.com\/avatar\/67a6069eba66bf6fd7c80b70e1331baa3dbc3d6df5012d5c22eff29c7d59e0b0?s=96&d=mm&r=g\",\"caption\":\"Lucas Barros\"}}]}<\/script>\n<!-- \/ Yoast SEO Premium plugin. -->","yoast_head_json":{"title":"Filho de ex-piloto exp\u00f5em agress\u00f5es de m\u00e3e em seu pai","robots":{"index":"index","follow":"follow","max-snippet":"max-snippet:-1","max-image-preview":"max-image-preview:large","max-video-preview":"max-video-preview:-1"},"canonical":"https:\/\/www.gaveanews.com\/index.php\/2024\/10\/08\/filho-de-ex-piloto-expoem-agressoes-de-mae-em-seu-pai\/","og_locale":"pt_BR","og_type":"article","og_title":"Filho de ex-piloto exp\u00f5em agress\u00f5es de m\u00e3e em seu pai","og_description":"David Schumacher exp\u00f5e conflitos familiares e relembra amea\u00e7as da m\u00e3e David Schumacher, filho do ex-piloto de F\u00f3rmula 1 Ralf Schumacher e sobrinho do lend\u00e1rio Michael Schumacher, compartilhou detalhes delicados sobre sua rela\u00e7\u00e3o conturbada com a m\u00e3e, Cora Brinkmann, em uma publica\u00e7\u00e3o nas redes sociais que foi posteriormente deletada. O jovem piloto de 22 anos relatou [&hellip;]","og_url":"https:\/\/www.gaveanews.com\/index.php\/2024\/10\/08\/filho-de-ex-piloto-expoem-agressoes-de-mae-em-seu-pai\/","og_site_name":"G\u00e1vea News","article_publisher":"https:\/\/facebook.com\/gaveaNews\/","article_published_time":"2024-10-08T22:00:00+00:00","og_image":[{"width":1280,"height":720,"url":"https:\/\/www.gaveanews.com\/wp-content\/uploads\/f1.webp","type":"image\/webp"}],"author":"Lucas Barros","twitter_card":"summary_large_image","twitter_misc":{"Escrito por":"Lucas Barros","Est. tempo de leitura":"4 minutos"},"schema":{"@context":"https:\/\/schema.org","@graph":[{"@type":"NewsArticle","@id":"https:\/\/www.gaveanews.com\/index.php\/2024\/10\/08\/filho-de-ex-piloto-expoem-agressoes-de-mae-em-seu-pai\/#article","isPartOf":{"@id":"https:\/\/www.gaveanews.com\/index.php\/2024\/10\/08\/filho-de-ex-piloto-expoem-agressoes-de-mae-em-seu-pai\/"},"author":{"name":"Lucas Barros","@id":"https:\/\/www.gaveanews.com\/#\/schema\/person\/2abf0cfa878f5f899daa5f781e82264c"},"headline":"Filho de ex-piloto exp\u00f5em agress\u00f5es de m\u00e3e em seu pai","datePublished":"2024-10-08T22:00:00+00:00","mainEntityOfPage":{"@id":"https:\/\/www.gaveanews.com\/index.php\/2024\/10\/08\/filho-de-ex-piloto-expoem-agressoes-de-mae-em-seu-pai\/"},"wordCount":727,"commentCount":0,"image":{"@id":"https:\/\/www.gaveanews.com\/index.php\/2024\/10\/08\/filho-de-ex-piloto-expoem-agressoes-de-mae-em-seu-pai\/#primaryimage"},"thumbnailUrl":"https:\/\/www.gaveanews.com\/wp-content\/uploads\/f1.webp","articleSection":["F1"],"inLanguage":"pt-BR","potentialAction":[{"@type":"CommentAction","name":"Comment","target":["https:\/\/www.gaveanews.com\/index.php\/2024\/10\/08\/filho-de-ex-piloto-expoem-agressoes-de-mae-em-seu-pai\/#respond"]}],"copyrightYear":"2024","copyrightHolder":{"@id":"https:\/\/www.gaveanews.com\/#organization"}},{"@type":"WebPage","@id":"https:\/\/www.gaveanews.com\/index.php\/2024\/10\/08\/filho-de-ex-piloto-expoem-agressoes-de-mae-em-seu-pai\/","url":"https:\/\/www.gaveanews.com\/index.php\/2024\/10\/08\/filho-de-ex-piloto-expoem-agressoes-de-mae-em-seu-pai\/","name":"Filho de ex-piloto exp\u00f5em agress\u00f5es de m\u00e3e em seu pai","isPartOf":{"@id":"https:\/\/www.gaveanews.com\/#website"},"primaryImageOfPage":{"@id":"https:\/\/www.gaveanews.com\/index.php\/2024\/10\/08\/filho-de-ex-piloto-expoem-agressoes-de-mae-em-seu-pai\/#primaryimage"},"image":{"@id":"https:\/\/www.gaveanews.com\/index.php\/2024\/10\/08\/filho-de-ex-piloto-expoem-agressoes-de-mae-em-seu-pai\/#primaryimage"},"thumbnailUrl":"https:\/\/www.gaveanews.com\/wp-content\/uploads\/f1.webp","datePublished":"2024-10-08T22:00:00+00:00","author":{"@id":"https:\/\/www.gaveanews.com\/#\/schema\/person\/2abf0cfa878f5f899daa5f781e82264c"},"breadcrumb":{"@id":"https:\/\/www.gaveanews.com\/index.php\/2024\/10\/08\/filho-de-ex-piloto-expoem-agressoes-de-mae-em-seu-pai\/#breadcrumb"},"inLanguage":"pt-BR","potentialAction":[{"@type":"ReadAction","target":["https:\/\/www.gaveanews.com\/index.php\/2024\/10\/08\/filho-de-ex-piloto-expoem-agressoes-de-mae-em-seu-pai\/"]}]},{"@type":"ImageObject","inLanguage":"pt-BR","@id":"https:\/\/www.gaveanews.com\/index.php\/2024\/10\/08\/filho-de-ex-piloto-expoem-agressoes-de-mae-em-seu-pai\/#primaryimage","url":"https:\/\/www.gaveanews.com\/wp-content\/uploads\/f1.webp","contentUrl":"https:\/\/www.gaveanews.com\/wp-content\/uploads\/f1.webp","width":1280,"height":720,"caption":"Logo da Formula 1 (Foto: Reprodu\u00e7\u00e3o)"},{"@type":"BreadcrumbList","@id":"https:\/\/www.gaveanews.com\/index.php\/2024\/10\/08\/filho-de-ex-piloto-expoem-agressoes-de-mae-em-seu-pai\/#breadcrumb","itemListElement":[{"@type":"ListItem","position":1,"name":"Home","item":"https:\/\/www.gaveanews.com\/"},{"@type":"ListItem","position":2,"name":"Filho de ex-piloto exp\u00f5em agress\u00f5es de m\u00e3e em seu pai"}]},{"@type":"WebSite","@id":"https:\/\/www.gaveanews.com\/#website","url":"https:\/\/www.gaveanews.com\/","name":"G\u00e1vea News","description":"Veja todas as not\u00edcias sobre o Flamengo: Contrata\u00e7\u00f5es, categorias de base, resultados das partidas, tabela de classifica\u00e7\u00e3o, pr\u00f3ximos jogos!","potentialAction":[{"@type":"SearchAction","target":{"@type":"EntryPoint","urlTemplate":"https:\/\/www.gaveanews.com\/?s={search_term_string}"},"query-input":{"@type":"PropertyValueSpecification","valueRequired":true,"valueName":"search_term_string"}}],"inLanguage":"pt-BR"},{"@type":"Person","@id":"https:\/\/www.gaveanews.com\/#\/schema\/person\/2abf0cfa878f5f899daa5f781e82264c","name":"Lucas Barros","image":{"@type":"ImageObject","inLanguage":"pt-BR","@id":"https:\/\/www.gaveanews.com\/#\/schema\/person\/image\/","url":"https:\/\/secure.gravatar.com\/avatar\/67a6069eba66bf6fd7c80b70e1331baa3dbc3d6df5012d5c22eff29c7d59e0b0?s=96&d=mm&r=g","contentUrl":"https:\/\/secure.gravatar.com\/avatar\/67a6069eba66bf6fd7c80b70e1331baa3dbc3d6df5012d5c22eff29c7d59e0b0?s=96&d=mm&r=g","caption":"Lucas Barros"}}]}},"_links":{"self":[{"href":"https:\/\/www.gaveanews.com\/index.php\/wp-json\/wp\/v2\/posts\/172595","targetHints":{"allow":["GET"]}}],"collection":[{"href":"https:\/\/www.gaveanews.com\/index.php\/wp-json\/wp\/v2\/posts"}],"about":[{"href":"https:\/\/www.gaveanews.com\/index.php\/wp-json\/wp\/v2\/types\/post"}],"author":[{"embeddable":true,"href":"https:\/\/www.gaveanews.com\/index.php\/wp-json\/wp\/v2\/users\/20"}],"replies":[{"embeddable":true,"href":"https:\/\/www.gaveanews.com\/index.php\/wp-json\/wp\/v2\/comments?post=172595"}],"version-history":[{"count":2,"href":"https:\/\/www.gaveanews.com\/index.php\/wp-json\/wp\/v2\/posts\/172595\/revisions"}],"predecessor-version":[{"id":172725,"href":"https:\/\/www.gaveanews.com\/index.php\/wp-json\/wp\/v2\/posts\/172595\/revisions\/172725"}],"wp:featuredmedia":[{"embeddable":true,"href":"https:\/\/www.gaveanews.com\/index.php\/wp-json\/wp\/v2\/media\/121650"}],"wp:attachment":[{"href":"https:\/\/www.gaveanews.com\/index.php\/wp-json\/wp\/v2\/media?parent=172595"}],"wp:term":[{"taxonomy":"category","embeddable":true,"href":"https:\/\/www.gaveanews.com\/index.php\/wp-json\/wp\/v2\/categories?post=172595"},{"taxonomy":"post_tag","embeddable":true,"href":"https:\/\/www.gaveanews.com\/index.php\/wp-json\/wp\/v2\/tags?post=172595"}],"curies":[{"name":"wp","href":"https:\/\/api.w.org\/{rel}","templated":true}]}}