{"id":172718,"date":"2024-10-08T16:34:00","date_gmt":"2024-10-08T19:34:00","guid":{"rendered":"https:\/\/www.gaveanews.com\/?p=172718"},"modified":"2024-10-08T16:34:03","modified_gmt":"2024-10-08T19:34:03","slug":"jornalista-debocha-do-meia-arrascaeta-do-flamengo","status":"publish","type":"post","link":"https:\/\/www.gaveanews.com\/index.php\/2024\/10\/08\/jornalista-debocha-do-meia-arrascaeta-do-flamengo\/","title":{"rendered":"Jornalista debocha do meia Arrascaeta, do Flamengo"},"content":{"rendered":"\n<p>Um dos principais jogadores do elenco do Flamengo desde 2019, Arrascaeta n\u00e3o apenas \u00e9 fundamental para o Rubro-Negro, como \u00e9 considerado um dos melhores atletas em atividade no Brasil. Entretanto, n\u00e3o estava vivendo uma de suas melhores fases, e por este motivo, voltou a receber cr\u00edticas. Recentemente, o jornalista F\u00e1bio Sormani alfinetou o camisa 14 da G\u00e1vea.<\/p>\n\n\n\n<ul class=\"wp-block-list\">\n<li><a href=\"https:\/\/www.gaveanews.com\/index.php\/2024\/10\/08\/mauro-cezar-pereira-detona-atitude-da-diretoria-do-flamengo-4\/\">Mauro Cezar Pereira detona atitude da diretoria do Flamengo<\/a><\/li>\n\n\n\n<li><a href=\"https:\/\/www.gaveanews.com\/index.php\/2024\/10\/08\/alcaraz-arrascaeta-ayrton-lucas-cebolinha-de-la-cruz-gerson-leo-ortiz-luiz-araujo-pedro-e-wesley-os-maiores-garcons-do-flamengo-no-brasileirao\/\">Alcaraz, Arrascaeta, Ayrton Lucas, Cebolinha, De La Cruz, Gerson, L\u00e9o Ortiz, Luiz Ara\u00fajo, Pedro e Wesley: os maiores gar\u00e7ons do Flamengo no Brasileir\u00e3o<\/a><\/li>\n<\/ul>\n\n\n\n<p><em>\u2014 O Arrascaeta se acha o maior jogador da Am\u00e9rica do Sul. Ele n\u00e3o \u00e9 titular da sele\u00e7\u00e3o do Uruguai. Por qu\u00ea? Porque a m\u00eddia flamenguista o trata assim. E a torcida, consequentemente, compra essa ideia e fala a mesma coisa. Desde em 2019, quando ele chega no\u00a0Flamengo, e o\u00a0Flamengo\u00a0ganha tudo, o Arrasceta \u00e9 tido por muitos como o maior jogador depois do Pel\u00e9, o maior jogador da hist\u00f3ria do futebol sul-americano, superando o Messi. Ele n\u00e3o \u00e9 titular do Uruguai -,<\/em>\u00a0disse, antes de continuar:<\/p>\n\n\n\n<p><em>\u2014 Ele n\u00e3o consegue ser titular numa sele\u00e7\u00e3o cujo pa\u00eds tem 3,5 milh\u00f5es de habitantes. Ent\u00e3o, o torcedor do\u00a0Flamengo\u00a0compra essa ideia de que esse time \u00e9 imbat\u00edvel. \u00c9 o time milion\u00e1rio? \u00c9. Isso n\u00e3o tem a menor d\u00favida. Agora, a lista telef\u00f4nica tamb\u00e9m est\u00e1 cheia de nomes. O\u00a0Flamengo\u00a0parece lista telef\u00f4nica. \u00c9 um time recheado de nomes, mas n\u00e3o \u00e9 um time -,<\/em>\u00a0comentou.<\/p>\n\n\n\n<p>A declara\u00e7\u00e3o de F\u00e1bio Sormani foi ap\u00f3s a elimina\u00e7\u00e3o do Flamengo na Copa Libertadores da Am\u00e9rica. Arrascaeta, inclusive, recebeu muitas cr\u00edticas pelo desempenho bem abaixo do esperado nas duas partidas contra o Pe\u00f1arol, pelas quartas de final da competi\u00e7\u00e3o. <\/p>\n\n\n\n<p>Na \u00e9poca, muitos torcedores do Flamengo teceram cr\u00edticas \u00e0 Arrascaeta, e o camisa 14 do Flamengo se manifestou nas redes sociais. <em>\u201cQuando as coisas n\u00e3o acontecem do jeito que a gente quer e se coloca em d\u00favida o teu car\u00e1ter, o \u00fanico caminho que temos \u00e9 mostrar nosso valor. Eu sempre falo, ou tu Flamengo\u00a0ou \u00e9 contra o\u00a0Flamengo. Eu escolhi ser e ser\u00e1 desse jeito at\u00e9 meu \u00faltimo dia no clube\u201d,<\/em>\u00a0publicou no Instagram. <\/p>\n\n\n\n<p>Vale ressaltar, no entanto, que esta n\u00e3o \u00e9 a primeira vez que Arrascaeta vira alvo das cr\u00edticas de Sormani, que faz declara\u00e7\u00f5es negativas sobre o atleta desde sua chegada ao Flamengo. Por outro lado, o jogador j\u00e1 cansou de se provar dentro de campo e \u00e9 um dos \u00eddolos do Mengo. <\/p>\n\n\n\n<p><\/p>\n\n\n\n<p><\/p>\n\n\n\n<p><\/p>\n","protected":false},"excerpt":{"rendered":"<p>Um dos principais jogadores do elenco do Flamengo desde 2019, Arrascaeta n\u00e3o apenas \u00e9 fundamental para o Rubro-Negro, como \u00e9 considerado um dos melhores atletas em atividade no Brasil. Entretanto, n\u00e3o estava vivendo uma de suas melhores fases, e por este motivo, voltou a receber cr\u00edticas. Recentemente, o jornalista F\u00e1bio Sormani alfinetou o camisa 14 [&hellip;]<\/p>\n","protected":false},"author":18,"featured_media":157914,"comment_status":"open","ping_status":"closed","sticky":false,"template":"","format":"standard","meta":{"footnotes":""},"categories":[1],"tags":[],"class_list":["post-172718","post","type-post","status-publish","format-standard","has-post-thumbnail","hentry","category-flamengo"],"yoast_head":"<!-- This site is optimized with the Yoast SEO Premium plugin v24.2 (Yoast SEO v26.9) - https:\/\/yoast.com\/product\/yoast-seo-premium-wordpress\/ -->\n<title>Jornalista debocha do meia Arrascaeta, do Flamengo<\/title>\n<meta name=\"robots\" content=\"index, follow, max-snippet:-1, max-image-preview:large, max-video-preview:-1\" \/>\n<link rel=\"canonical\" href=\"https:\/\/www.gaveanews.com\/index.php\/2024\/10\/08\/jornalista-debocha-do-meia-arrascaeta-do-flamengo\/\" \/>\n<meta property=\"og:locale\" content=\"pt_BR\" \/>\n<meta property=\"og:type\" content=\"article\" \/>\n<meta property=\"og:title\" content=\"Jornalista debocha do meia Arrascaeta, do Flamengo\" \/>\n<meta property=\"og:description\" content=\"Um dos principais jogadores do elenco do Flamengo desde 2019, Arrascaeta n\u00e3o apenas \u00e9 fundamental para o Rubro-Negro, como \u00e9 considerado um dos melhores atletas em atividade no Brasil. Entretanto, n\u00e3o estava vivendo uma de suas melhores fases, e por este motivo, voltou a receber cr\u00edticas. Recentemente, o jornalista F\u00e1bio Sormani alfinetou o camisa 14 [&hellip;]\" \/>\n<meta property=\"og:url\" content=\"https:\/\/www.gaveanews.com\/index.php\/2024\/10\/08\/jornalista-debocha-do-meia-arrascaeta-do-flamengo\/\" \/>\n<meta property=\"og:site_name\" content=\"G\u00e1vea News\" \/>\n<meta property=\"article:publisher\" content=\"https:\/\/facebook.com\/gaveaNews\/\" \/>\n<meta property=\"article:published_time\" content=\"2024-10-08T19:34:00+00:00\" \/>\n<meta property=\"article:modified_time\" content=\"2024-10-08T19:34:03+00:00\" \/>\n<meta property=\"og:image\" content=\"https:\/\/www.gaveanews.com\/wp-content\/uploads\/Arrascaeta-durante-jogo-contra-o-Palmeiras-pelo-Campeonato-Brasileiro-no-Maracana-.webp\" \/>\n\t<meta property=\"og:image:width\" content=\"1170\" \/>\n\t<meta property=\"og:image:height\" content=\"885\" \/>\n\t<meta property=\"og:image:type\" content=\"image\/jpeg\" \/>\n<meta name=\"author\" content=\"Paula Silva\" \/>\n<meta name=\"twitter:card\" content=\"summary_large_image\" \/>\n<meta name=\"twitter:label1\" content=\"Escrito por\" \/>\n\t<meta name=\"twitter:data1\" content=\"Paula Silva\" \/>\n\t<meta name=\"twitter:label2\" content=\"Est. tempo de leitura\" \/>\n\t<meta name=\"twitter:data2\" content=\"3 minutos\" \/>\n<script type=\"application\/ld+json\" class=\"yoast-schema-graph\">{\"@context\":\"https:\/\/schema.org\",\"@graph\":[{\"@type\":\"NewsArticle\",\"@id\":\"https:\/\/www.gaveanews.com\/index.php\/2024\/10\/08\/jornalista-debocha-do-meia-arrascaeta-do-flamengo\/#article\",\"isPartOf\":{\"@id\":\"https:\/\/www.gaveanews.com\/index.php\/2024\/10\/08\/jornalista-debocha-do-meia-arrascaeta-do-flamengo\/\"},\"author\":{\"name\":\"Paula Silva\",\"@id\":\"https:\/\/www.gaveanews.com\/#\/schema\/person\/daf63eec72e1164eb13dc35096c2b8da\"},\"headline\":\"Jornalista debocha do meia Arrascaeta, do Flamengo\",\"datePublished\":\"2024-10-08T19:34:00+00:00\",\"dateModified\":\"2024-10-08T19:34:03+00:00\",\"mainEntityOfPage\":{\"@id\":\"https:\/\/www.gaveanews.com\/index.php\/2024\/10\/08\/jornalista-debocha-do-meia-arrascaeta-do-flamengo\/\"},\"wordCount\":439,\"commentCount\":0,\"image\":{\"@id\":\"https:\/\/www.gaveanews.com\/index.php\/2024\/10\/08\/jornalista-debocha-do-meia-arrascaeta-do-flamengo\/#primaryimage\"},\"thumbnailUrl\":\"https:\/\/www.gaveanews.com\/wp-content\/uploads\/Arrascaeta-durante-jogo-contra-o-Palmeiras-pelo-Campeonato-Brasileiro-no-Maracana-.webp\",\"articleSection\":[\"Flamengo\"],\"inLanguage\":\"pt-BR\",\"potentialAction\":[{\"@type\":\"CommentAction\",\"name\":\"Comment\",\"target\":[\"https:\/\/www.gaveanews.com\/index.php\/2024\/10\/08\/jornalista-debocha-do-meia-arrascaeta-do-flamengo\/#respond\"]}],\"copyrightYear\":\"2024\",\"copyrightHolder\":{\"@id\":\"https:\/\/www.gaveanews.com\/#organization\"}},{\"@type\":\"WebPage\",\"@id\":\"https:\/\/www.gaveanews.com\/index.php\/2024\/10\/08\/jornalista-debocha-do-meia-arrascaeta-do-flamengo\/\",\"url\":\"https:\/\/www.gaveanews.com\/index.php\/2024\/10\/08\/jornalista-debocha-do-meia-arrascaeta-do-flamengo\/\",\"name\":\"Jornalista debocha do meia Arrascaeta, do Flamengo\",\"isPartOf\":{\"@id\":\"https:\/\/www.gaveanews.com\/#website\"},\"primaryImageOfPage\":{\"@id\":\"https:\/\/www.gaveanews.com\/index.php\/2024\/10\/08\/jornalista-debocha-do-meia-arrascaeta-do-flamengo\/#primaryimage\"},\"image\":{\"@id\":\"https:\/\/www.gaveanews.com\/index.php\/2024\/10\/08\/jornalista-debocha-do-meia-arrascaeta-do-flamengo\/#primaryimage\"},\"thumbnailUrl\":\"https:\/\/www.gaveanews.com\/wp-content\/uploads\/Arrascaeta-durante-jogo-contra-o-Palmeiras-pelo-Campeonato-Brasileiro-no-Maracana-.webp\",\"datePublished\":\"2024-10-08T19:34:00+00:00\",\"dateModified\":\"2024-10-08T19:34:03+00:00\",\"author\":{\"@id\":\"https:\/\/www.gaveanews.com\/#\/schema\/person\/daf63eec72e1164eb13dc35096c2b8da\"},\"breadcrumb\":{\"@id\":\"https:\/\/www.gaveanews.com\/index.php\/2024\/10\/08\/jornalista-debocha-do-meia-arrascaeta-do-flamengo\/#breadcrumb\"},\"inLanguage\":\"pt-BR\",\"potentialAction\":[{\"@type\":\"ReadAction\",\"target\":[\"https:\/\/www.gaveanews.com\/index.php\/2024\/10\/08\/jornalista-debocha-do-meia-arrascaeta-do-flamengo\/\"]}]},{\"@type\":\"ImageObject\",\"inLanguage\":\"pt-BR\",\"@id\":\"https:\/\/www.gaveanews.com\/index.php\/2024\/10\/08\/jornalista-debocha-do-meia-arrascaeta-do-flamengo\/#primaryimage\",\"url\":\"https:\/\/www.gaveanews.com\/wp-content\/uploads\/Arrascaeta-durante-jogo-contra-o-Palmeiras-pelo-Campeonato-Brasileiro-no-Maracana-.webp\",\"contentUrl\":\"https:\/\/www.gaveanews.com\/wp-content\/uploads\/Arrascaeta-durante-jogo-contra-o-Palmeiras-pelo-Campeonato-Brasileiro-no-Maracana-.webp\",\"width\":1170,\"height\":885,\"caption\":\"Arrascaeta durante jogo entre Flamengo e Palmeiras, pelo Brasileir\u00e3o, no Maracan\u00e3 (Foto: Divulga\u00e7\u00e3o\/Flamengo)\"},{\"@type\":\"BreadcrumbList\",\"@id\":\"https:\/\/www.gaveanews.com\/index.php\/2024\/10\/08\/jornalista-debocha-do-meia-arrascaeta-do-flamengo\/#breadcrumb\",\"itemListElement\":[{\"@type\":\"ListItem\",\"position\":1,\"name\":\"Home\",\"item\":\"https:\/\/www.gaveanews.com\/\"},{\"@type\":\"ListItem\",\"position\":2,\"name\":\"Jornalista debocha do meia Arrascaeta, do Flamengo\"}]},{\"@type\":\"WebSite\",\"@id\":\"https:\/\/www.gaveanews.com\/#website\",\"url\":\"https:\/\/www.gaveanews.com\/\",\"name\":\"G\u00e1vea News\",\"description\":\"Veja todas as not\u00edcias sobre o Flamengo: Contrata\u00e7\u00f5es, categorias de base, resultados das partidas, tabela de classifica\u00e7\u00e3o, pr\u00f3ximos jogos!\",\"potentialAction\":[{\"@type\":\"SearchAction\",\"target\":{\"@type\":\"EntryPoint\",\"urlTemplate\":\"https:\/\/www.gaveanews.com\/?s={search_term_string}\"},\"query-input\":{\"@type\":\"PropertyValueSpecification\",\"valueRequired\":true,\"valueName\":\"search_term_string\"}}],\"inLanguage\":\"pt-BR\"},{\"@type\":\"Person\",\"@id\":\"https:\/\/www.gaveanews.com\/#\/schema\/person\/daf63eec72e1164eb13dc35096c2b8da\",\"name\":\"Paula Silva\",\"image\":{\"@type\":\"ImageObject\",\"inLanguage\":\"pt-BR\",\"@id\":\"https:\/\/www.gaveanews.com\/#\/schema\/person\/image\/\",\"url\":\"https:\/\/secure.gravatar.com\/avatar\/eda381c845527cc5d64c13b901833cda29d97500ba040d3e6461f76f51d163bb?s=96&d=mm&r=g\",\"contentUrl\":\"https:\/\/secure.gravatar.com\/avatar\/eda381c845527cc5d64c13b901833cda29d97500ba040d3e6461f76f51d163bb?s=96&d=mm&r=g\",\"caption\":\"Paula Silva\"}}]}<\/script>\n<!-- \/ Yoast SEO Premium plugin. -->","yoast_head_json":{"title":"Jornalista debocha do meia Arrascaeta, do Flamengo","robots":{"index":"index","follow":"follow","max-snippet":"max-snippet:-1","max-image-preview":"max-image-preview:large","max-video-preview":"max-video-preview:-1"},"canonical":"https:\/\/www.gaveanews.com\/index.php\/2024\/10\/08\/jornalista-debocha-do-meia-arrascaeta-do-flamengo\/","og_locale":"pt_BR","og_type":"article","og_title":"Jornalista debocha do meia Arrascaeta, do Flamengo","og_description":"Um dos principais jogadores do elenco do Flamengo desde 2019, Arrascaeta n\u00e3o apenas \u00e9 fundamental para o Rubro-Negro, como \u00e9 considerado um dos melhores atletas em atividade no Brasil. Entretanto, n\u00e3o estava vivendo uma de suas melhores fases, e por este motivo, voltou a receber cr\u00edticas. Recentemente, o jornalista F\u00e1bio Sormani alfinetou o camisa 14 [&hellip;]","og_url":"https:\/\/www.gaveanews.com\/index.php\/2024\/10\/08\/jornalista-debocha-do-meia-arrascaeta-do-flamengo\/","og_site_name":"G\u00e1vea News","article_publisher":"https:\/\/facebook.com\/gaveaNews\/","article_published_time":"2024-10-08T19:34:00+00:00","article_modified_time":"2024-10-08T19:34:03+00:00","og_image":[{"width":1170,"height":885,"url":"https:\/\/www.gaveanews.com\/wp-content\/uploads\/Arrascaeta-durante-jogo-contra-o-Palmeiras-pelo-Campeonato-Brasileiro-no-Maracana-.webp","type":"image\/jpeg"}],"author":"Paula Silva","twitter_card":"summary_large_image","twitter_misc":{"Escrito por":"Paula Silva","Est. tempo de leitura":"3 minutos"},"schema":{"@context":"https:\/\/schema.org","@graph":[{"@type":"NewsArticle","@id":"https:\/\/www.gaveanews.com\/index.php\/2024\/10\/08\/jornalista-debocha-do-meia-arrascaeta-do-flamengo\/#article","isPartOf":{"@id":"https:\/\/www.gaveanews.com\/index.php\/2024\/10\/08\/jornalista-debocha-do-meia-arrascaeta-do-flamengo\/"},"author":{"name":"Paula Silva","@id":"https:\/\/www.gaveanews.com\/#\/schema\/person\/daf63eec72e1164eb13dc35096c2b8da"},"headline":"Jornalista debocha do meia Arrascaeta, do Flamengo","datePublished":"2024-10-08T19:34:00+00:00","dateModified":"2024-10-08T19:34:03+00:00","mainEntityOfPage":{"@id":"https:\/\/www.gaveanews.com\/index.php\/2024\/10\/08\/jornalista-debocha-do-meia-arrascaeta-do-flamengo\/"},"wordCount":439,"commentCount":0,"image":{"@id":"https:\/\/www.gaveanews.com\/index.php\/2024\/10\/08\/jornalista-debocha-do-meia-arrascaeta-do-flamengo\/#primaryimage"},"thumbnailUrl":"https:\/\/www.gaveanews.com\/wp-content\/uploads\/Arrascaeta-durante-jogo-contra-o-Palmeiras-pelo-Campeonato-Brasileiro-no-Maracana-.webp","articleSection":["Flamengo"],"inLanguage":"pt-BR","potentialAction":[{"@type":"CommentAction","name":"Comment","target":["https:\/\/www.gaveanews.com\/index.php\/2024\/10\/08\/jornalista-debocha-do-meia-arrascaeta-do-flamengo\/#respond"]}],"copyrightYear":"2024","copyrightHolder":{"@id":"https:\/\/www.gaveanews.com\/#organization"}},{"@type":"WebPage","@id":"https:\/\/www.gaveanews.com\/index.php\/2024\/10\/08\/jornalista-debocha-do-meia-arrascaeta-do-flamengo\/","url":"https:\/\/www.gaveanews.com\/index.php\/2024\/10\/08\/jornalista-debocha-do-meia-arrascaeta-do-flamengo\/","name":"Jornalista debocha do meia Arrascaeta, do Flamengo","isPartOf":{"@id":"https:\/\/www.gaveanews.com\/#website"},"primaryImageOfPage":{"@id":"https:\/\/www.gaveanews.com\/index.php\/2024\/10\/08\/jornalista-debocha-do-meia-arrascaeta-do-flamengo\/#primaryimage"},"image":{"@id":"https:\/\/www.gaveanews.com\/index.php\/2024\/10\/08\/jornalista-debocha-do-meia-arrascaeta-do-flamengo\/#primaryimage"},"thumbnailUrl":"https:\/\/www.gaveanews.com\/wp-content\/uploads\/Arrascaeta-durante-jogo-contra-o-Palmeiras-pelo-Campeonato-Brasileiro-no-Maracana-.webp","datePublished":"2024-10-08T19:34:00+00:00","dateModified":"2024-10-08T19:34:03+00:00","author":{"@id":"https:\/\/www.gaveanews.com\/#\/schema\/person\/daf63eec72e1164eb13dc35096c2b8da"},"breadcrumb":{"@id":"https:\/\/www.gaveanews.com\/index.php\/2024\/10\/08\/jornalista-debocha-do-meia-arrascaeta-do-flamengo\/#breadcrumb"},"inLanguage":"pt-BR","potentialAction":[{"@type":"ReadAction","target":["https:\/\/www.gaveanews.com\/index.php\/2024\/10\/08\/jornalista-debocha-do-meia-arrascaeta-do-flamengo\/"]}]},{"@type":"ImageObject","inLanguage":"pt-BR","@id":"https:\/\/www.gaveanews.com\/index.php\/2024\/10\/08\/jornalista-debocha-do-meia-arrascaeta-do-flamengo\/#primaryimage","url":"https:\/\/www.gaveanews.com\/wp-content\/uploads\/Arrascaeta-durante-jogo-contra-o-Palmeiras-pelo-Campeonato-Brasileiro-no-Maracana-.webp","contentUrl":"https:\/\/www.gaveanews.com\/wp-content\/uploads\/Arrascaeta-durante-jogo-contra-o-Palmeiras-pelo-Campeonato-Brasileiro-no-Maracana-.webp","width":1170,"height":885,"caption":"Arrascaeta durante jogo entre Flamengo e Palmeiras, pelo Brasileir\u00e3o, no Maracan\u00e3 (Foto: Divulga\u00e7\u00e3o\/Flamengo)"},{"@type":"BreadcrumbList","@id":"https:\/\/www.gaveanews.com\/index.php\/2024\/10\/08\/jornalista-debocha-do-meia-arrascaeta-do-flamengo\/#breadcrumb","itemListElement":[{"@type":"ListItem","position":1,"name":"Home","item":"https:\/\/www.gaveanews.com\/"},{"@type":"ListItem","position":2,"name":"Jornalista debocha do meia Arrascaeta, do Flamengo"}]},{"@type":"WebSite","@id":"https:\/\/www.gaveanews.com\/#website","url":"https:\/\/www.gaveanews.com\/","name":"G\u00e1vea News","description":"Veja todas as not\u00edcias sobre o Flamengo: Contrata\u00e7\u00f5es, categorias de base, resultados das partidas, tabela de classifica\u00e7\u00e3o, pr\u00f3ximos jogos!","potentialAction":[{"@type":"SearchAction","target":{"@type":"EntryPoint","urlTemplate":"https:\/\/www.gaveanews.com\/?s={search_term_string}"},"query-input":{"@type":"PropertyValueSpecification","valueRequired":true,"valueName":"search_term_string"}}],"inLanguage":"pt-BR"},{"@type":"Person","@id":"https:\/\/www.gaveanews.com\/#\/schema\/person\/daf63eec72e1164eb13dc35096c2b8da","name":"Paula Silva","image":{"@type":"ImageObject","inLanguage":"pt-BR","@id":"https:\/\/www.gaveanews.com\/#\/schema\/person\/image\/","url":"https:\/\/secure.gravatar.com\/avatar\/eda381c845527cc5d64c13b901833cda29d97500ba040d3e6461f76f51d163bb?s=96&d=mm&r=g","contentUrl":"https:\/\/secure.gravatar.com\/avatar\/eda381c845527cc5d64c13b901833cda29d97500ba040d3e6461f76f51d163bb?s=96&d=mm&r=g","caption":"Paula Silva"}}]}},"_links":{"self":[{"href":"https:\/\/www.gaveanews.com\/index.php\/wp-json\/wp\/v2\/posts\/172718","targetHints":{"allow":["GET"]}}],"collection":[{"href":"https:\/\/www.gaveanews.com\/index.php\/wp-json\/wp\/v2\/posts"}],"about":[{"href":"https:\/\/www.gaveanews.com\/index.php\/wp-json\/wp\/v2\/types\/post"}],"author":[{"embeddable":true,"href":"https:\/\/www.gaveanews.com\/index.php\/wp-json\/wp\/v2\/users\/18"}],"replies":[{"embeddable":true,"href":"https:\/\/www.gaveanews.com\/index.php\/wp-json\/wp\/v2\/comments?post=172718"}],"version-history":[{"count":1,"href":"https:\/\/www.gaveanews.com\/index.php\/wp-json\/wp\/v2\/posts\/172718\/revisions"}],"predecessor-version":[{"id":172732,"href":"https:\/\/www.gaveanews.com\/index.php\/wp-json\/wp\/v2\/posts\/172718\/revisions\/172732"}],"wp:featuredmedia":[{"embeddable":true,"href":"https:\/\/www.gaveanews.com\/index.php\/wp-json\/wp\/v2\/media\/157914"}],"wp:attachment":[{"href":"https:\/\/www.gaveanews.com\/index.php\/wp-json\/wp\/v2\/media?parent=172718"}],"wp:term":[{"taxonomy":"category","embeddable":true,"href":"https:\/\/www.gaveanews.com\/index.php\/wp-json\/wp\/v2\/categories?post=172718"},{"taxonomy":"post_tag","embeddable":true,"href":"https:\/\/www.gaveanews.com\/index.php\/wp-json\/wp\/v2\/tags?post=172718"}],"curies":[{"name":"wp","href":"https:\/\/api.w.org\/{rel}","templated":true}]}}