{"id":172790,"date":"2024-10-09T09:50:00","date_gmt":"2024-10-09T12:50:00","guid":{"rendered":"https:\/\/www.gaveanews.com\/?p=172790"},"modified":"2024-10-09T03:29:26","modified_gmt":"2024-10-09T06:29:26","slug":"edmundo-surpreende-e-aponta-escalacao-do-ideal-do-vasco","status":"publish","type":"post","link":"https:\/\/www.gaveanews.com\/index.php\/2024\/10\/09\/edmundo-surpreende-e-aponta-escalacao-do-ideal-do-vasco\/","title":{"rendered":"Edmundo surpreende e aponta escala\u00e7\u00e3o do ideal do Vasco"},"content":{"rendered":"\n<h2 class=\"wp-block-heading\" id=\"h-o-idolo-cruz-maltino-escalou-o-que-seria-o-time-ideal-para-o-jogo\">O \u00eddolo cruz-maltino escalou o que seria o time ideal para o jogo <\/h2>\n\n\n\n<p>O ex-jogador Edmundo compartilhou sua vis\u00e3o sobre a atual edi\u00e7\u00e3o da Copa do Brasil e deixou claro que seu desejo \u00e9 ver uma final entre Vasco e Corinthians. Em uma live no canal <strong>Mundo Ed<\/strong>, ele falou sobre a confian\u00e7a dos vasca\u00ednos e a apreens\u00e3o dos flamenguistas em rela\u00e7\u00e3o \u00e0 competi\u00e7\u00e3o. Edmundo acredita que, apesar de o Flamengo ter feito um bom primeiro tempo contra o Corinthians, o confronto ainda est\u00e1 em aberto.<\/p>\n\n\n\n<p>&#8220;Meu sonho e meu desejo \u00e9 que seja Vasco e Corinthians na final da Copa do Brasil. Assim como os torcedores do Vasco est\u00e3o muito confiantes, os torcedores do Flamengo est\u00e3o preocupados&#8221;, comentou Edmundo. <\/p>\n\n\n\n<p>Ele tamb\u00e9m mencionou que, apesar da troca de comando no Flamengo, com a sa\u00edda de Tite e a chegada de Filipe Lu\u00eds, n\u00e3o houve uma mudan\u00e7a significativa no desempenho da equipe. <\/p>\n\n\n\n<p>&#8220;Eles ficaram felizes com a sa\u00edda do Tite e chegada do Filipe Lu\u00eds, mas ningu\u00e9m viu muita mudan\u00e7a, embora o Fla tenha jogado um primeiro tempo muito bom. No segundo, o Corinthians melhorou, e eu acho que, assim como o jogo do Vasco, est\u00e1 em aberto&#8221;, analisou.<\/p>\n\n\n\n<p>Al\u00e9m de falar sobre o poss\u00edvel caminho do Vasco na Copa do Brasil, Edmundo tamb\u00e9m discutiu a forma\u00e7\u00e3o ideal para o time cruz-maltino. Ele incluiu L\u00e9o Pel\u00e9 como titular da zaga, apesar das cr\u00edticas que o jogador vem recebendo. <\/p>\n\n\n\n<p>&#8220;Apesar das cr\u00edticas envolvendo L\u00e9o Pel\u00e9, eu colocaria ele na escala\u00e7\u00e3o. O Jo\u00e3o Victor completaria a zaga, e o Maicon come\u00e7aria no banco&#8221;, explicou. <\/p>\n\n\n\n<p>O ex-jogador tamb\u00e9m sugeriu uma mudan\u00e7a t\u00e1tica para o Vasco, com um esquema 4-4-2, que poderia deixar o time mais criativo e ofensivo. <\/p>\n\n\n\n<p>&#8220;Eu gosto do 4-4-2, mas vai faltar um velocista pelo lado do campo. Neste momento, s\u00f3 tem o Emerson Rodr\u00edguez. Eu entraria com dois volantes, Payet e Philippe Coutinho, Emerson Rodr\u00edguez e Vegetti. O Vasco ficaria mais ofensivo, mais criativo e daria mais liberdade para o Coutinho e o Payet. Acho que o Vasco poderia ser muito feliz com essa forma\u00e7\u00e3o&#8221;, afirmou.<\/p>\n\n\n\n<p>Ao comentar sobre o comando do time, Edmundo expressou confian\u00e7a no trabalho do t\u00e9cnico Rafael Paiva, apesar da fase de oscila\u00e7\u00e3o pela qual o Vasco tem passado. O \u00eddolo vasca\u00edno acredita que Paiva ainda tem muito a oferecer ao clube, mas destacou a falta de experi\u00eancia e a falta de sorte em algumas decis\u00f5es. <\/p>\n\n\n\n<p>&#8220;Eu acho que ele tem muito para dar ao Vasco e ter bons resultados. S\u00f3 que falta experi\u00eancia, que \u00e9 de suma import\u00e2ncia para o t\u00e9cnico, at\u00e9 pela tomada de decis\u00f5es. Ele acabou sendo infeliz porque a galera estava pegando no p\u00e9 do Sforza. Ele tirou o Sforza, botou o Souza, que \u00e9 expulso no segundo lance. \u00c9 falta de sorte tamb\u00e9m. Mas ele tem bastante coisa para entregar ao Vasco&#8221;, disse Edmundo.<\/p>\n\n\n\n<p>O ex-jogador tamb\u00e9m apresentou sua escala\u00e7\u00e3o ideal para o Vasco neste momento, destacando a presen\u00e7a de jogadores experientes como Payet e Philippe Coutinho no meio de campo, e apostando na ofensividade de Emerson Rodr\u00edguez e Vegetti no ataque. <\/p>\n\n\n\n<p>&#8220;L\u00e9o Jardim; Paulo Henrique, Jo\u00e3o Victor, L\u00e9o Pel\u00e9 e Lucas Piton; Hugo Moura, Coc\u00e3o, Payet e Coutinho; Emerson Rodr\u00edguez e Vegetti&#8221;, listou.<\/p>\n","protected":false},"excerpt":{"rendered":"<p>O \u00eddolo cruz-maltino escalou o que seria o time ideal para o jogo O ex-jogador Edmundo compartilhou sua vis\u00e3o sobre a atual edi\u00e7\u00e3o da Copa do Brasil e deixou claro que seu desejo \u00e9 ver uma final entre Vasco e Corinthians. Em uma live no canal Mundo Ed, ele falou sobre a confian\u00e7a dos vasca\u00ednos [&hellip;]<\/p>\n","protected":false},"author":17,"featured_media":145853,"comment_status":"open","ping_status":"closed","sticky":false,"template":"","format":"standard","meta":{"footnotes":""},"categories":[152],"tags":[],"class_list":["post-172790","post","type-post","status-publish","format-standard","has-post-thumbnail","hentry","category-vasco"],"yoast_head":"<!-- This site is optimized with the Yoast SEO Premium plugin v24.2 (Yoast SEO v26.9) - https:\/\/yoast.com\/product\/yoast-seo-premium-wordpress\/ -->\n<title>Edmundo surpreende e aponta escala\u00e7\u00e3o do ideal do Vasco<\/title>\n<meta name=\"robots\" content=\"index, follow, max-snippet:-1, max-image-preview:large, max-video-preview:-1\" \/>\n<link rel=\"canonical\" href=\"https:\/\/www.gaveanews.com\/index.php\/2024\/10\/09\/edmundo-surpreende-e-aponta-escalacao-do-ideal-do-vasco\/\" \/>\n<meta property=\"og:locale\" content=\"pt_BR\" \/>\n<meta property=\"og:type\" content=\"article\" \/>\n<meta property=\"og:title\" content=\"Edmundo surpreende e aponta escala\u00e7\u00e3o do ideal do Vasco\" \/>\n<meta property=\"og:description\" content=\"O \u00eddolo cruz-maltino escalou o que seria o time ideal para o jogo O ex-jogador Edmundo compartilhou sua vis\u00e3o sobre a atual edi\u00e7\u00e3o da Copa do Brasil e deixou claro que seu desejo \u00e9 ver uma final entre Vasco e Corinthians. Em uma live no canal Mundo Ed, ele falou sobre a confian\u00e7a dos vasca\u00ednos [&hellip;]\" \/>\n<meta property=\"og:url\" content=\"https:\/\/www.gaveanews.com\/index.php\/2024\/10\/09\/edmundo-surpreende-e-aponta-escalacao-do-ideal-do-vasco\/\" \/>\n<meta property=\"og:site_name\" content=\"G\u00e1vea News\" \/>\n<meta property=\"article:publisher\" content=\"https:\/\/facebook.com\/gaveaNews\/\" \/>\n<meta property=\"article:published_time\" content=\"2024-10-09T12:50:00+00:00\" \/>\n<meta property=\"og:image\" content=\"https:\/\/www.gaveanews.com\/wp-content\/uploads\/edmundo-band-729x400-1.webp\" \/>\n\t<meta property=\"og:image:width\" content=\"729\" \/>\n\t<meta property=\"og:image:height\" content=\"400\" \/>\n\t<meta property=\"og:image:type\" content=\"image\/jpeg\" \/>\n<meta name=\"author\" content=\"Geovanna Thomaz\" \/>\n<meta name=\"twitter:card\" content=\"summary_large_image\" \/>\n<meta name=\"twitter:label1\" content=\"Escrito por\" \/>\n\t<meta name=\"twitter:data1\" content=\"Geovanna Thomaz\" \/>\n\t<meta name=\"twitter:label2\" content=\"Est. tempo de leitura\" \/>\n\t<meta name=\"twitter:data2\" content=\"4 minutos\" \/>\n<script type=\"application\/ld+json\" class=\"yoast-schema-graph\">{\"@context\":\"https:\/\/schema.org\",\"@graph\":[{\"@type\":\"NewsArticle\",\"@id\":\"https:\/\/www.gaveanews.com\/index.php\/2024\/10\/09\/edmundo-surpreende-e-aponta-escalacao-do-ideal-do-vasco\/#article\",\"isPartOf\":{\"@id\":\"https:\/\/www.gaveanews.com\/index.php\/2024\/10\/09\/edmundo-surpreende-e-aponta-escalacao-do-ideal-do-vasco\/\"},\"author\":{\"name\":\"Geovanna Thomaz\",\"@id\":\"https:\/\/www.gaveanews.com\/#\/schema\/person\/f42654babcd2b2014a1a65af82b081f1\"},\"headline\":\"Edmundo surpreende e aponta escala\u00e7\u00e3o do ideal do Vasco\",\"datePublished\":\"2024-10-09T12:50:00+00:00\",\"mainEntityOfPage\":{\"@id\":\"https:\/\/www.gaveanews.com\/index.php\/2024\/10\/09\/edmundo-surpreende-e-aponta-escalacao-do-ideal-do-vasco\/\"},\"wordCount\":594,\"commentCount\":0,\"image\":{\"@id\":\"https:\/\/www.gaveanews.com\/index.php\/2024\/10\/09\/edmundo-surpreende-e-aponta-escalacao-do-ideal-do-vasco\/#primaryimage\"},\"thumbnailUrl\":\"https:\/\/www.gaveanews.com\/wp-content\/uploads\/edmundo-band-729x400-1.webp\",\"articleSection\":[\"Vasco\"],\"inLanguage\":\"pt-BR\",\"potentialAction\":[{\"@type\":\"CommentAction\",\"name\":\"Comment\",\"target\":[\"https:\/\/www.gaveanews.com\/index.php\/2024\/10\/09\/edmundo-surpreende-e-aponta-escalacao-do-ideal-do-vasco\/#respond\"]}],\"copyrightYear\":\"2024\",\"copyrightHolder\":{\"@id\":\"https:\/\/www.gaveanews.com\/#organization\"}},{\"@type\":\"WebPage\",\"@id\":\"https:\/\/www.gaveanews.com\/index.php\/2024\/10\/09\/edmundo-surpreende-e-aponta-escalacao-do-ideal-do-vasco\/\",\"url\":\"https:\/\/www.gaveanews.com\/index.php\/2024\/10\/09\/edmundo-surpreende-e-aponta-escalacao-do-ideal-do-vasco\/\",\"name\":\"Edmundo surpreende e aponta escala\u00e7\u00e3o do ideal do Vasco\",\"isPartOf\":{\"@id\":\"https:\/\/www.gaveanews.com\/#website\"},\"primaryImageOfPage\":{\"@id\":\"https:\/\/www.gaveanews.com\/index.php\/2024\/10\/09\/edmundo-surpreende-e-aponta-escalacao-do-ideal-do-vasco\/#primaryimage\"},\"image\":{\"@id\":\"https:\/\/www.gaveanews.com\/index.php\/2024\/10\/09\/edmundo-surpreende-e-aponta-escalacao-do-ideal-do-vasco\/#primaryimage\"},\"thumbnailUrl\":\"https:\/\/www.gaveanews.com\/wp-content\/uploads\/edmundo-band-729x400-1.webp\",\"datePublished\":\"2024-10-09T12:50:00+00:00\",\"author\":{\"@id\":\"https:\/\/www.gaveanews.com\/#\/schema\/person\/f42654babcd2b2014a1a65af82b081f1\"},\"breadcrumb\":{\"@id\":\"https:\/\/www.gaveanews.com\/index.php\/2024\/10\/09\/edmundo-surpreende-e-aponta-escalacao-do-ideal-do-vasco\/#breadcrumb\"},\"inLanguage\":\"pt-BR\",\"potentialAction\":[{\"@type\":\"ReadAction\",\"target\":[\"https:\/\/www.gaveanews.com\/index.php\/2024\/10\/09\/edmundo-surpreende-e-aponta-escalacao-do-ideal-do-vasco\/\"]}]},{\"@type\":\"ImageObject\",\"inLanguage\":\"pt-BR\",\"@id\":\"https:\/\/www.gaveanews.com\/index.php\/2024\/10\/09\/edmundo-surpreende-e-aponta-escalacao-do-ideal-do-vasco\/#primaryimage\",\"url\":\"https:\/\/www.gaveanews.com\/wp-content\/uploads\/edmundo-band-729x400-1.webp\",\"contentUrl\":\"https:\/\/www.gaveanews.com\/wp-content\/uploads\/edmundo-band-729x400-1.webp\",\"width\":729,\"height\":400,\"caption\":\"Edmundo (Foto: Reprodu\u00e7\u00e3o)\"},{\"@type\":\"BreadcrumbList\",\"@id\":\"https:\/\/www.gaveanews.com\/index.php\/2024\/10\/09\/edmundo-surpreende-e-aponta-escalacao-do-ideal-do-vasco\/#breadcrumb\",\"itemListElement\":[{\"@type\":\"ListItem\",\"position\":1,\"name\":\"Home\",\"item\":\"https:\/\/www.gaveanews.com\/\"},{\"@type\":\"ListItem\",\"position\":2,\"name\":\"Edmundo surpreende e aponta escala\u00e7\u00e3o do ideal do Vasco\"}]},{\"@type\":\"WebSite\",\"@id\":\"https:\/\/www.gaveanews.com\/#website\",\"url\":\"https:\/\/www.gaveanews.com\/\",\"name\":\"G\u00e1vea News\",\"description\":\"Veja todas as not\u00edcias sobre o Flamengo: Contrata\u00e7\u00f5es, categorias de base, resultados das partidas, tabela de classifica\u00e7\u00e3o, pr\u00f3ximos jogos!\",\"potentialAction\":[{\"@type\":\"SearchAction\",\"target\":{\"@type\":\"EntryPoint\",\"urlTemplate\":\"https:\/\/www.gaveanews.com\/?s={search_term_string}\"},\"query-input\":{\"@type\":\"PropertyValueSpecification\",\"valueRequired\":true,\"valueName\":\"search_term_string\"}}],\"inLanguage\":\"pt-BR\"},{\"@type\":\"Person\",\"@id\":\"https:\/\/www.gaveanews.com\/#\/schema\/person\/f42654babcd2b2014a1a65af82b081f1\",\"name\":\"Geovanna Thomaz\",\"image\":{\"@type\":\"ImageObject\",\"inLanguage\":\"pt-BR\",\"@id\":\"https:\/\/www.gaveanews.com\/#\/schema\/person\/image\/\",\"url\":\"https:\/\/secure.gravatar.com\/avatar\/4092073255489533afb558984b49b64268c47198af8623cc82a925ae9fb7118a?s=96&d=mm&r=g\",\"contentUrl\":\"https:\/\/secure.gravatar.com\/avatar\/4092073255489533afb558984b49b64268c47198af8623cc82a925ae9fb7118a?s=96&d=mm&r=g\",\"caption\":\"Geovanna Thomaz\"}}]}<\/script>\n<!-- \/ Yoast SEO Premium plugin. -->","yoast_head_json":{"title":"Edmundo surpreende e aponta escala\u00e7\u00e3o do ideal do Vasco","robots":{"index":"index","follow":"follow","max-snippet":"max-snippet:-1","max-image-preview":"max-image-preview:large","max-video-preview":"max-video-preview:-1"},"canonical":"https:\/\/www.gaveanews.com\/index.php\/2024\/10\/09\/edmundo-surpreende-e-aponta-escalacao-do-ideal-do-vasco\/","og_locale":"pt_BR","og_type":"article","og_title":"Edmundo surpreende e aponta escala\u00e7\u00e3o do ideal do Vasco","og_description":"O \u00eddolo cruz-maltino escalou o que seria o time ideal para o jogo O ex-jogador Edmundo compartilhou sua vis\u00e3o sobre a atual edi\u00e7\u00e3o da Copa do Brasil e deixou claro que seu desejo \u00e9 ver uma final entre Vasco e Corinthians. Em uma live no canal Mundo Ed, ele falou sobre a confian\u00e7a dos vasca\u00ednos [&hellip;]","og_url":"https:\/\/www.gaveanews.com\/index.php\/2024\/10\/09\/edmundo-surpreende-e-aponta-escalacao-do-ideal-do-vasco\/","og_site_name":"G\u00e1vea News","article_publisher":"https:\/\/facebook.com\/gaveaNews\/","article_published_time":"2024-10-09T12:50:00+00:00","og_image":[{"width":729,"height":400,"url":"https:\/\/www.gaveanews.com\/wp-content\/uploads\/edmundo-band-729x400-1.webp","type":"image\/jpeg"}],"author":"Geovanna Thomaz","twitter_card":"summary_large_image","twitter_misc":{"Escrito por":"Geovanna Thomaz","Est. tempo de leitura":"4 minutos"},"schema":{"@context":"https:\/\/schema.org","@graph":[{"@type":"NewsArticle","@id":"https:\/\/www.gaveanews.com\/index.php\/2024\/10\/09\/edmundo-surpreende-e-aponta-escalacao-do-ideal-do-vasco\/#article","isPartOf":{"@id":"https:\/\/www.gaveanews.com\/index.php\/2024\/10\/09\/edmundo-surpreende-e-aponta-escalacao-do-ideal-do-vasco\/"},"author":{"name":"Geovanna Thomaz","@id":"https:\/\/www.gaveanews.com\/#\/schema\/person\/f42654babcd2b2014a1a65af82b081f1"},"headline":"Edmundo surpreende e aponta escala\u00e7\u00e3o do ideal do Vasco","datePublished":"2024-10-09T12:50:00+00:00","mainEntityOfPage":{"@id":"https:\/\/www.gaveanews.com\/index.php\/2024\/10\/09\/edmundo-surpreende-e-aponta-escalacao-do-ideal-do-vasco\/"},"wordCount":594,"commentCount":0,"image":{"@id":"https:\/\/www.gaveanews.com\/index.php\/2024\/10\/09\/edmundo-surpreende-e-aponta-escalacao-do-ideal-do-vasco\/#primaryimage"},"thumbnailUrl":"https:\/\/www.gaveanews.com\/wp-content\/uploads\/edmundo-band-729x400-1.webp","articleSection":["Vasco"],"inLanguage":"pt-BR","potentialAction":[{"@type":"CommentAction","name":"Comment","target":["https:\/\/www.gaveanews.com\/index.php\/2024\/10\/09\/edmundo-surpreende-e-aponta-escalacao-do-ideal-do-vasco\/#respond"]}],"copyrightYear":"2024","copyrightHolder":{"@id":"https:\/\/www.gaveanews.com\/#organization"}},{"@type":"WebPage","@id":"https:\/\/www.gaveanews.com\/index.php\/2024\/10\/09\/edmundo-surpreende-e-aponta-escalacao-do-ideal-do-vasco\/","url":"https:\/\/www.gaveanews.com\/index.php\/2024\/10\/09\/edmundo-surpreende-e-aponta-escalacao-do-ideal-do-vasco\/","name":"Edmundo surpreende e aponta escala\u00e7\u00e3o do ideal do Vasco","isPartOf":{"@id":"https:\/\/www.gaveanews.com\/#website"},"primaryImageOfPage":{"@id":"https:\/\/www.gaveanews.com\/index.php\/2024\/10\/09\/edmundo-surpreende-e-aponta-escalacao-do-ideal-do-vasco\/#primaryimage"},"image":{"@id":"https:\/\/www.gaveanews.com\/index.php\/2024\/10\/09\/edmundo-surpreende-e-aponta-escalacao-do-ideal-do-vasco\/#primaryimage"},"thumbnailUrl":"https:\/\/www.gaveanews.com\/wp-content\/uploads\/edmundo-band-729x400-1.webp","datePublished":"2024-10-09T12:50:00+00:00","author":{"@id":"https:\/\/www.gaveanews.com\/#\/schema\/person\/f42654babcd2b2014a1a65af82b081f1"},"breadcrumb":{"@id":"https:\/\/www.gaveanews.com\/index.php\/2024\/10\/09\/edmundo-surpreende-e-aponta-escalacao-do-ideal-do-vasco\/#breadcrumb"},"inLanguage":"pt-BR","potentialAction":[{"@type":"ReadAction","target":["https:\/\/www.gaveanews.com\/index.php\/2024\/10\/09\/edmundo-surpreende-e-aponta-escalacao-do-ideal-do-vasco\/"]}]},{"@type":"ImageObject","inLanguage":"pt-BR","@id":"https:\/\/www.gaveanews.com\/index.php\/2024\/10\/09\/edmundo-surpreende-e-aponta-escalacao-do-ideal-do-vasco\/#primaryimage","url":"https:\/\/www.gaveanews.com\/wp-content\/uploads\/edmundo-band-729x400-1.webp","contentUrl":"https:\/\/www.gaveanews.com\/wp-content\/uploads\/edmundo-band-729x400-1.webp","width":729,"height":400,"caption":"Edmundo (Foto: Reprodu\u00e7\u00e3o)"},{"@type":"BreadcrumbList","@id":"https:\/\/www.gaveanews.com\/index.php\/2024\/10\/09\/edmundo-surpreende-e-aponta-escalacao-do-ideal-do-vasco\/#breadcrumb","itemListElement":[{"@type":"ListItem","position":1,"name":"Home","item":"https:\/\/www.gaveanews.com\/"},{"@type":"ListItem","position":2,"name":"Edmundo surpreende e aponta escala\u00e7\u00e3o do ideal do Vasco"}]},{"@type":"WebSite","@id":"https:\/\/www.gaveanews.com\/#website","url":"https:\/\/www.gaveanews.com\/","name":"G\u00e1vea News","description":"Veja todas as not\u00edcias sobre o Flamengo: Contrata\u00e7\u00f5es, categorias de base, resultados das partidas, tabela de classifica\u00e7\u00e3o, pr\u00f3ximos jogos!","potentialAction":[{"@type":"SearchAction","target":{"@type":"EntryPoint","urlTemplate":"https:\/\/www.gaveanews.com\/?s={search_term_string}"},"query-input":{"@type":"PropertyValueSpecification","valueRequired":true,"valueName":"search_term_string"}}],"inLanguage":"pt-BR"},{"@type":"Person","@id":"https:\/\/www.gaveanews.com\/#\/schema\/person\/f42654babcd2b2014a1a65af82b081f1","name":"Geovanna Thomaz","image":{"@type":"ImageObject","inLanguage":"pt-BR","@id":"https:\/\/www.gaveanews.com\/#\/schema\/person\/image\/","url":"https:\/\/secure.gravatar.com\/avatar\/4092073255489533afb558984b49b64268c47198af8623cc82a925ae9fb7118a?s=96&d=mm&r=g","contentUrl":"https:\/\/secure.gravatar.com\/avatar\/4092073255489533afb558984b49b64268c47198af8623cc82a925ae9fb7118a?s=96&d=mm&r=g","caption":"Geovanna Thomaz"}}]}},"_links":{"self":[{"href":"https:\/\/www.gaveanews.com\/index.php\/wp-json\/wp\/v2\/posts\/172790","targetHints":{"allow":["GET"]}}],"collection":[{"href":"https:\/\/www.gaveanews.com\/index.php\/wp-json\/wp\/v2\/posts"}],"about":[{"href":"https:\/\/www.gaveanews.com\/index.php\/wp-json\/wp\/v2\/types\/post"}],"author":[{"embeddable":true,"href":"https:\/\/www.gaveanews.com\/index.php\/wp-json\/wp\/v2\/users\/17"}],"replies":[{"embeddable":true,"href":"https:\/\/www.gaveanews.com\/index.php\/wp-json\/wp\/v2\/comments?post=172790"}],"version-history":[{"count":1,"href":"https:\/\/www.gaveanews.com\/index.php\/wp-json\/wp\/v2\/posts\/172790\/revisions"}],"predecessor-version":[{"id":172794,"href":"https:\/\/www.gaveanews.com\/index.php\/wp-json\/wp\/v2\/posts\/172790\/revisions\/172794"}],"wp:featuredmedia":[{"embeddable":true,"href":"https:\/\/www.gaveanews.com\/index.php\/wp-json\/wp\/v2\/media\/145853"}],"wp:attachment":[{"href":"https:\/\/www.gaveanews.com\/index.php\/wp-json\/wp\/v2\/media?parent=172790"}],"wp:term":[{"taxonomy":"category","embeddable":true,"href":"https:\/\/www.gaveanews.com\/index.php\/wp-json\/wp\/v2\/categories?post=172790"},{"taxonomy":"post_tag","embeddable":true,"href":"https:\/\/www.gaveanews.com\/index.php\/wp-json\/wp\/v2\/tags?post=172790"}],"curies":[{"name":"wp","href":"https:\/\/api.w.org\/{rel}","templated":true}]}}