{"id":172797,"date":"2024-10-08T19:25:24","date_gmt":"2024-10-08T22:25:24","guid":{"rendered":"https:\/\/www.gaveanews.com\/?p=172797"},"modified":"2024-10-08T19:25:27","modified_gmt":"2024-10-08T22:25:27","slug":"gerson-vai-ser-titular-do-brasil-com-dorival-jr","status":"publish","type":"post","link":"https:\/\/www.gaveanews.com\/index.php\/2024\/10\/08\/gerson-vai-ser-titular-do-brasil-com-dorival-jr\/","title":{"rendered":"Gerson vai ser titular do Brasil com Dorival Jr?"},"content":{"rendered":"\n<p>O calend\u00e1rio do futebol brasileiro teve uma r\u00e1pida paralisa\u00e7\u00e3o para a disputa de mais uma Data-Fifa, e a Sele\u00e7\u00e3o Brasileira se prepara para ir a campo no dia 10 de outubro. Entre os convocados por Dorival J\u00fanior est\u00e1 Gerson, do Flamengo, mas ser\u00e1 que o meio-campista \u00e9 projetado para ser titular?<\/p>\n\n\n\n<ul class=\"wp-block-list\">\n<li><a href=\"https:\/\/www.gaveanews.com\/index.php\/2024\/10\/07\/atitude-de-gerson-rouba-a-cena-declaracao-de-alcaraz-e-gabigol-manda-recado-para-filipe-luis-as-ultimas-noticias-do-flamengo\/\">Atitude de Gerson rouba a cena, declara\u00e7\u00e3o de Alcaraz e Gabigol manda recado para Filipe Luis: as \u00faltimas not\u00edcias do Flamengo<\/a><\/li>\n\n\n\n<li><a href=\"https:\/\/www.gaveanews.com\/index.php\/2024\/10\/07\/video-rogerio-ceni-manda-recado-para-gerson-do-flamengo\/\">V\u00eddeo: Rog\u00e9rio Ceni manda recado para Gerson, do Flamengo<\/a><\/li>\n<\/ul>\n\n\n\n<p>No treino desta ter\u00e7a-feira (8), realizado no CT do Palmeiras, Dorival J\u00fanior mudou o esquema t\u00e1tico e projetou um Brasil com mudan\u00e7as no meio-campo, sem Bruno Guimar\u00e3es. No entanto, Gerson n\u00e3o foi utilizado pelo t\u00e9cnico como prov\u00e1vel titular, e deve iniciar no banco de reservas.<\/p>\n\n\n\n<p>Sem Gerson entre os titulares, Dorival projetou a Sele\u00e7\u00e3o com estreantes: Igor Jesus, do Botafogo, e Abner, do Lyon. Cabe ressaltar que o treinador promoveu diversas altera\u00e7\u00f5es durante as atividades para observar os demais atletas.<\/p>\n\n\n\n<p>Dessa forma, o Brasil deve enfrentar o Chile com<strong>: Ederson, Danilo, Marquinhos, Gabriel Magalh\u00e3es e Abner (Alex Telles); Andr\u00e9 e Lucas Paquet\u00e1; Savinho, Raphinha, Rodrygo e Igor Jesus.<\/strong><\/p>\n\n\n\n<p>Na pr\u00f3xima quarta-feira (9), a Sele\u00e7\u00e3o Brasileira far\u00e1 o \u00faltimo treino antes de embarcar rumo a Santiago. Na atividade em quest\u00e3o, a escala\u00e7\u00e3o ser\u00e1 definida.<\/p>\n\n\n\n<p>Vale lembrar que, para a \u00faltima Data-Fifa, disputada em setembro, Gerson tamb\u00e9m estava na lista de Dorival J\u00fanior. O meia do Flamengo iniciou os dois jogos no banco de reservas, mas foi acionado nas duas partidas: a vit\u00f3ria por 1 a 0 sobre o Equador e a derrota por 1 a 0 para o Paraguai.<\/p>\n\n\n\n<p>Al\u00e9m de Gerson, Pedro tamb\u00e9m foi convocado, mas sofreu a grave les\u00e3o no joelho e foi cortado. Como se sabe, o atacante n\u00e3o joga mais em 2024. Assim como esta Data-Fifa, Fabr\u00edcio Bruno tamb\u00e9m foi chamado por Dorival J\u00fanior de \u00faltima hora e substituiu Milit\u00e3o, na \u00e9poca com les\u00e3o muscular.<\/p>\n\n\n\n<p>O Brasil entra em campo na quinta-feira, dia 10 de outubro, para enfrentar o Chile. A partida ser\u00e1 realizada no Est\u00e1dio Nacional de Santiago, \u00e0s 21h (hor\u00e1rio de Bras\u00edlia).<\/p>\n\n\n\n<p>Depois da partida, a Canarinho retorna ao Brasil e se prepara para o pr\u00f3ximo desafio: o jogo contra o Peru. O embate ser\u00e1 disputado no dia 15, ter\u00e7a-feira, no Man\u00e9 Garrincha, \u00e0s 21h45 (hor\u00e1rio de Bras\u00edlia).<\/p>\n","protected":false},"excerpt":{"rendered":"<p>O calend\u00e1rio do futebol brasileiro teve uma r\u00e1pida paralisa\u00e7\u00e3o para a disputa de mais uma Data-Fifa, e a Sele\u00e7\u00e3o Brasileira se prepara para ir a campo no dia 10 de outubro. Entre os convocados por Dorival J\u00fanior est\u00e1 Gerson, do Flamengo, mas ser\u00e1 que o meio-campista \u00e9 projetado para ser titular? No treino desta ter\u00e7a-feira [&hellip;]<\/p>\n","protected":false},"author":18,"featured_media":112696,"comment_status":"open","ping_status":"closed","sticky":false,"template":"","format":"standard","meta":{"footnotes":""},"categories":[1],"tags":[],"class_list":["post-172797","post","type-post","status-publish","format-standard","has-post-thumbnail","hentry","category-flamengo"],"yoast_head":"<!-- This site is optimized with the Yoast SEO Premium plugin v24.2 (Yoast SEO v26.9) - https:\/\/yoast.com\/product\/yoast-seo-premium-wordpress\/ -->\n<title>Gerson vai ser titular do Brasil com Dorival Jr?<\/title>\n<meta name=\"robots\" content=\"index, follow, max-snippet:-1, max-image-preview:large, max-video-preview:-1\" \/>\n<link rel=\"canonical\" href=\"https:\/\/www.gaveanews.com\/index.php\/2024\/10\/08\/gerson-vai-ser-titular-do-brasil-com-dorival-jr\/\" \/>\n<meta property=\"og:locale\" content=\"pt_BR\" \/>\n<meta property=\"og:type\" content=\"article\" \/>\n<meta property=\"og:title\" content=\"Gerson vai ser titular do Brasil com Dorival Jr?\" \/>\n<meta property=\"og:description\" content=\"O calend\u00e1rio do futebol brasileiro teve uma r\u00e1pida paralisa\u00e7\u00e3o para a disputa de mais uma Data-Fifa, e a Sele\u00e7\u00e3o Brasileira se prepara para ir a campo no dia 10 de outubro. Entre os convocados por Dorival J\u00fanior est\u00e1 Gerson, do Flamengo, mas ser\u00e1 que o meio-campista \u00e9 projetado para ser titular? No treino desta ter\u00e7a-feira [&hellip;]\" \/>\n<meta property=\"og:url\" content=\"https:\/\/www.gaveanews.com\/index.php\/2024\/10\/08\/gerson-vai-ser-titular-do-brasil-com-dorival-jr\/\" \/>\n<meta property=\"og:site_name\" content=\"G\u00e1vea News\" \/>\n<meta property=\"article:publisher\" content=\"https:\/\/facebook.com\/gaveaNews\/\" \/>\n<meta property=\"article:published_time\" content=\"2024-10-08T22:25:24+00:00\" \/>\n<meta property=\"article:modified_time\" content=\"2024-10-08T22:25:27+00:00\" \/>\n<meta property=\"og:image\" content=\"https:\/\/www.gaveanews.com\/wp-content\/uploads\/gerson-em-acao-pela-selecao.webp\" \/>\n\t<meta property=\"og:image:width\" content=\"640\" \/>\n\t<meta property=\"og:image:height\" content=\"400\" \/>\n\t<meta property=\"og:image:type\" content=\"image\/jpeg\" \/>\n<meta name=\"author\" content=\"Paula Silva\" \/>\n<meta name=\"twitter:card\" content=\"summary_large_image\" \/>\n<meta name=\"twitter:label1\" content=\"Escrito por\" \/>\n\t<meta name=\"twitter:data1\" content=\"Paula Silva\" \/>\n\t<meta name=\"twitter:label2\" content=\"Est. tempo de leitura\" \/>\n\t<meta name=\"twitter:data2\" content=\"3 minutos\" \/>\n<script type=\"application\/ld+json\" class=\"yoast-schema-graph\">{\"@context\":\"https:\/\/schema.org\",\"@graph\":[{\"@type\":\"NewsArticle\",\"@id\":\"https:\/\/www.gaveanews.com\/index.php\/2024\/10\/08\/gerson-vai-ser-titular-do-brasil-com-dorival-jr\/#article\",\"isPartOf\":{\"@id\":\"https:\/\/www.gaveanews.com\/index.php\/2024\/10\/08\/gerson-vai-ser-titular-do-brasil-com-dorival-jr\/\"},\"author\":{\"name\":\"Paula Silva\",\"@id\":\"https:\/\/www.gaveanews.com\/#\/schema\/person\/daf63eec72e1164eb13dc35096c2b8da\"},\"headline\":\"Gerson vai ser titular do Brasil com Dorival Jr?\",\"datePublished\":\"2024-10-08T22:25:24+00:00\",\"dateModified\":\"2024-10-08T22:25:27+00:00\",\"mainEntityOfPage\":{\"@id\":\"https:\/\/www.gaveanews.com\/index.php\/2024\/10\/08\/gerson-vai-ser-titular-do-brasil-com-dorival-jr\/\"},\"wordCount\":425,\"commentCount\":0,\"image\":{\"@id\":\"https:\/\/www.gaveanews.com\/index.php\/2024\/10\/08\/gerson-vai-ser-titular-do-brasil-com-dorival-jr\/#primaryimage\"},\"thumbnailUrl\":\"https:\/\/www.gaveanews.com\/wp-content\/uploads\/gerson-em-acao-pela-selecao.webp\",\"articleSection\":[\"Flamengo\"],\"inLanguage\":\"pt-BR\",\"potentialAction\":[{\"@type\":\"CommentAction\",\"name\":\"Comment\",\"target\":[\"https:\/\/www.gaveanews.com\/index.php\/2024\/10\/08\/gerson-vai-ser-titular-do-brasil-com-dorival-jr\/#respond\"]}],\"copyrightYear\":\"2024\",\"copyrightHolder\":{\"@id\":\"https:\/\/www.gaveanews.com\/#organization\"}},{\"@type\":\"WebPage\",\"@id\":\"https:\/\/www.gaveanews.com\/index.php\/2024\/10\/08\/gerson-vai-ser-titular-do-brasil-com-dorival-jr\/\",\"url\":\"https:\/\/www.gaveanews.com\/index.php\/2024\/10\/08\/gerson-vai-ser-titular-do-brasil-com-dorival-jr\/\",\"name\":\"Gerson vai ser titular do Brasil com Dorival Jr?\",\"isPartOf\":{\"@id\":\"https:\/\/www.gaveanews.com\/#website\"},\"primaryImageOfPage\":{\"@id\":\"https:\/\/www.gaveanews.com\/index.php\/2024\/10\/08\/gerson-vai-ser-titular-do-brasil-com-dorival-jr\/#primaryimage\"},\"image\":{\"@id\":\"https:\/\/www.gaveanews.com\/index.php\/2024\/10\/08\/gerson-vai-ser-titular-do-brasil-com-dorival-jr\/#primaryimage\"},\"thumbnailUrl\":\"https:\/\/www.gaveanews.com\/wp-content\/uploads\/gerson-em-acao-pela-selecao.webp\",\"datePublished\":\"2024-10-08T22:25:24+00:00\",\"dateModified\":\"2024-10-08T22:25:27+00:00\",\"author\":{\"@id\":\"https:\/\/www.gaveanews.com\/#\/schema\/person\/daf63eec72e1164eb13dc35096c2b8da\"},\"breadcrumb\":{\"@id\":\"https:\/\/www.gaveanews.com\/index.php\/2024\/10\/08\/gerson-vai-ser-titular-do-brasil-com-dorival-jr\/#breadcrumb\"},\"inLanguage\":\"pt-BR\",\"potentialAction\":[{\"@type\":\"ReadAction\",\"target\":[\"https:\/\/www.gaveanews.com\/index.php\/2024\/10\/08\/gerson-vai-ser-titular-do-brasil-com-dorival-jr\/\"]}]},{\"@type\":\"ImageObject\",\"inLanguage\":\"pt-BR\",\"@id\":\"https:\/\/www.gaveanews.com\/index.php\/2024\/10\/08\/gerson-vai-ser-titular-do-brasil-com-dorival-jr\/#primaryimage\",\"url\":\"https:\/\/www.gaveanews.com\/wp-content\/uploads\/gerson-em-acao-pela-selecao.webp\",\"contentUrl\":\"https:\/\/www.gaveanews.com\/wp-content\/uploads\/gerson-em-acao-pela-selecao.webp\",\"width\":640,\"height\":400,\"caption\":\"Gerson em a\u00e7\u00e3o pela Sele\u00e7\u00e3o Brasileira (Foto: Lucas Figueredo\/CBF)\"},{\"@type\":\"BreadcrumbList\",\"@id\":\"https:\/\/www.gaveanews.com\/index.php\/2024\/10\/08\/gerson-vai-ser-titular-do-brasil-com-dorival-jr\/#breadcrumb\",\"itemListElement\":[{\"@type\":\"ListItem\",\"position\":1,\"name\":\"Home\",\"item\":\"https:\/\/www.gaveanews.com\/\"},{\"@type\":\"ListItem\",\"position\":2,\"name\":\"Gerson vai ser titular do Brasil com Dorival Jr?\"}]},{\"@type\":\"WebSite\",\"@id\":\"https:\/\/www.gaveanews.com\/#website\",\"url\":\"https:\/\/www.gaveanews.com\/\",\"name\":\"G\u00e1vea News\",\"description\":\"Veja todas as not\u00edcias sobre o Flamengo: Contrata\u00e7\u00f5es, categorias de base, resultados das partidas, tabela de classifica\u00e7\u00e3o, pr\u00f3ximos jogos!\",\"potentialAction\":[{\"@type\":\"SearchAction\",\"target\":{\"@type\":\"EntryPoint\",\"urlTemplate\":\"https:\/\/www.gaveanews.com\/?s={search_term_string}\"},\"query-input\":{\"@type\":\"PropertyValueSpecification\",\"valueRequired\":true,\"valueName\":\"search_term_string\"}}],\"inLanguage\":\"pt-BR\"},{\"@type\":\"Person\",\"@id\":\"https:\/\/www.gaveanews.com\/#\/schema\/person\/daf63eec72e1164eb13dc35096c2b8da\",\"name\":\"Paula Silva\",\"image\":{\"@type\":\"ImageObject\",\"inLanguage\":\"pt-BR\",\"@id\":\"https:\/\/www.gaveanews.com\/#\/schema\/person\/image\/\",\"url\":\"https:\/\/secure.gravatar.com\/avatar\/eda381c845527cc5d64c13b901833cda29d97500ba040d3e6461f76f51d163bb?s=96&d=mm&r=g\",\"contentUrl\":\"https:\/\/secure.gravatar.com\/avatar\/eda381c845527cc5d64c13b901833cda29d97500ba040d3e6461f76f51d163bb?s=96&d=mm&r=g\",\"caption\":\"Paula Silva\"}}]}<\/script>\n<!-- \/ Yoast SEO Premium plugin. -->","yoast_head_json":{"title":"Gerson vai ser titular do Brasil com Dorival Jr?","robots":{"index":"index","follow":"follow","max-snippet":"max-snippet:-1","max-image-preview":"max-image-preview:large","max-video-preview":"max-video-preview:-1"},"canonical":"https:\/\/www.gaveanews.com\/index.php\/2024\/10\/08\/gerson-vai-ser-titular-do-brasil-com-dorival-jr\/","og_locale":"pt_BR","og_type":"article","og_title":"Gerson vai ser titular do Brasil com Dorival Jr?","og_description":"O calend\u00e1rio do futebol brasileiro teve uma r\u00e1pida paralisa\u00e7\u00e3o para a disputa de mais uma Data-Fifa, e a Sele\u00e7\u00e3o Brasileira se prepara para ir a campo no dia 10 de outubro. Entre os convocados por Dorival J\u00fanior est\u00e1 Gerson, do Flamengo, mas ser\u00e1 que o meio-campista \u00e9 projetado para ser titular? No treino desta ter\u00e7a-feira [&hellip;]","og_url":"https:\/\/www.gaveanews.com\/index.php\/2024\/10\/08\/gerson-vai-ser-titular-do-brasil-com-dorival-jr\/","og_site_name":"G\u00e1vea News","article_publisher":"https:\/\/facebook.com\/gaveaNews\/","article_published_time":"2024-10-08T22:25:24+00:00","article_modified_time":"2024-10-08T22:25:27+00:00","og_image":[{"width":640,"height":400,"url":"https:\/\/www.gaveanews.com\/wp-content\/uploads\/gerson-em-acao-pela-selecao.webp","type":"image\/jpeg"}],"author":"Paula Silva","twitter_card":"summary_large_image","twitter_misc":{"Escrito por":"Paula Silva","Est. tempo de leitura":"3 minutos"},"schema":{"@context":"https:\/\/schema.org","@graph":[{"@type":"NewsArticle","@id":"https:\/\/www.gaveanews.com\/index.php\/2024\/10\/08\/gerson-vai-ser-titular-do-brasil-com-dorival-jr\/#article","isPartOf":{"@id":"https:\/\/www.gaveanews.com\/index.php\/2024\/10\/08\/gerson-vai-ser-titular-do-brasil-com-dorival-jr\/"},"author":{"name":"Paula Silva","@id":"https:\/\/www.gaveanews.com\/#\/schema\/person\/daf63eec72e1164eb13dc35096c2b8da"},"headline":"Gerson vai ser titular do Brasil com Dorival Jr?","datePublished":"2024-10-08T22:25:24+00:00","dateModified":"2024-10-08T22:25:27+00:00","mainEntityOfPage":{"@id":"https:\/\/www.gaveanews.com\/index.php\/2024\/10\/08\/gerson-vai-ser-titular-do-brasil-com-dorival-jr\/"},"wordCount":425,"commentCount":0,"image":{"@id":"https:\/\/www.gaveanews.com\/index.php\/2024\/10\/08\/gerson-vai-ser-titular-do-brasil-com-dorival-jr\/#primaryimage"},"thumbnailUrl":"https:\/\/www.gaveanews.com\/wp-content\/uploads\/gerson-em-acao-pela-selecao.webp","articleSection":["Flamengo"],"inLanguage":"pt-BR","potentialAction":[{"@type":"CommentAction","name":"Comment","target":["https:\/\/www.gaveanews.com\/index.php\/2024\/10\/08\/gerson-vai-ser-titular-do-brasil-com-dorival-jr\/#respond"]}],"copyrightYear":"2024","copyrightHolder":{"@id":"https:\/\/www.gaveanews.com\/#organization"}},{"@type":"WebPage","@id":"https:\/\/www.gaveanews.com\/index.php\/2024\/10\/08\/gerson-vai-ser-titular-do-brasil-com-dorival-jr\/","url":"https:\/\/www.gaveanews.com\/index.php\/2024\/10\/08\/gerson-vai-ser-titular-do-brasil-com-dorival-jr\/","name":"Gerson vai ser titular do Brasil com Dorival Jr?","isPartOf":{"@id":"https:\/\/www.gaveanews.com\/#website"},"primaryImageOfPage":{"@id":"https:\/\/www.gaveanews.com\/index.php\/2024\/10\/08\/gerson-vai-ser-titular-do-brasil-com-dorival-jr\/#primaryimage"},"image":{"@id":"https:\/\/www.gaveanews.com\/index.php\/2024\/10\/08\/gerson-vai-ser-titular-do-brasil-com-dorival-jr\/#primaryimage"},"thumbnailUrl":"https:\/\/www.gaveanews.com\/wp-content\/uploads\/gerson-em-acao-pela-selecao.webp","datePublished":"2024-10-08T22:25:24+00:00","dateModified":"2024-10-08T22:25:27+00:00","author":{"@id":"https:\/\/www.gaveanews.com\/#\/schema\/person\/daf63eec72e1164eb13dc35096c2b8da"},"breadcrumb":{"@id":"https:\/\/www.gaveanews.com\/index.php\/2024\/10\/08\/gerson-vai-ser-titular-do-brasil-com-dorival-jr\/#breadcrumb"},"inLanguage":"pt-BR","potentialAction":[{"@type":"ReadAction","target":["https:\/\/www.gaveanews.com\/index.php\/2024\/10\/08\/gerson-vai-ser-titular-do-brasil-com-dorival-jr\/"]}]},{"@type":"ImageObject","inLanguage":"pt-BR","@id":"https:\/\/www.gaveanews.com\/index.php\/2024\/10\/08\/gerson-vai-ser-titular-do-brasil-com-dorival-jr\/#primaryimage","url":"https:\/\/www.gaveanews.com\/wp-content\/uploads\/gerson-em-acao-pela-selecao.webp","contentUrl":"https:\/\/www.gaveanews.com\/wp-content\/uploads\/gerson-em-acao-pela-selecao.webp","width":640,"height":400,"caption":"Gerson em a\u00e7\u00e3o pela Sele\u00e7\u00e3o Brasileira (Foto: Lucas Figueredo\/CBF)"},{"@type":"BreadcrumbList","@id":"https:\/\/www.gaveanews.com\/index.php\/2024\/10\/08\/gerson-vai-ser-titular-do-brasil-com-dorival-jr\/#breadcrumb","itemListElement":[{"@type":"ListItem","position":1,"name":"Home","item":"https:\/\/www.gaveanews.com\/"},{"@type":"ListItem","position":2,"name":"Gerson vai ser titular do Brasil com Dorival Jr?"}]},{"@type":"WebSite","@id":"https:\/\/www.gaveanews.com\/#website","url":"https:\/\/www.gaveanews.com\/","name":"G\u00e1vea News","description":"Veja todas as not\u00edcias sobre o Flamengo: Contrata\u00e7\u00f5es, categorias de base, resultados das partidas, tabela de classifica\u00e7\u00e3o, pr\u00f3ximos jogos!","potentialAction":[{"@type":"SearchAction","target":{"@type":"EntryPoint","urlTemplate":"https:\/\/www.gaveanews.com\/?s={search_term_string}"},"query-input":{"@type":"PropertyValueSpecification","valueRequired":true,"valueName":"search_term_string"}}],"inLanguage":"pt-BR"},{"@type":"Person","@id":"https:\/\/www.gaveanews.com\/#\/schema\/person\/daf63eec72e1164eb13dc35096c2b8da","name":"Paula Silva","image":{"@type":"ImageObject","inLanguage":"pt-BR","@id":"https:\/\/www.gaveanews.com\/#\/schema\/person\/image\/","url":"https:\/\/secure.gravatar.com\/avatar\/eda381c845527cc5d64c13b901833cda29d97500ba040d3e6461f76f51d163bb?s=96&d=mm&r=g","contentUrl":"https:\/\/secure.gravatar.com\/avatar\/eda381c845527cc5d64c13b901833cda29d97500ba040d3e6461f76f51d163bb?s=96&d=mm&r=g","caption":"Paula Silva"}}]}},"_links":{"self":[{"href":"https:\/\/www.gaveanews.com\/index.php\/wp-json\/wp\/v2\/posts\/172797","targetHints":{"allow":["GET"]}}],"collection":[{"href":"https:\/\/www.gaveanews.com\/index.php\/wp-json\/wp\/v2\/posts"}],"about":[{"href":"https:\/\/www.gaveanews.com\/index.php\/wp-json\/wp\/v2\/types\/post"}],"author":[{"embeddable":true,"href":"https:\/\/www.gaveanews.com\/index.php\/wp-json\/wp\/v2\/users\/18"}],"replies":[{"embeddable":true,"href":"https:\/\/www.gaveanews.com\/index.php\/wp-json\/wp\/v2\/comments?post=172797"}],"version-history":[{"count":1,"href":"https:\/\/www.gaveanews.com\/index.php\/wp-json\/wp\/v2\/posts\/172797\/revisions"}],"predecessor-version":[{"id":172811,"href":"https:\/\/www.gaveanews.com\/index.php\/wp-json\/wp\/v2\/posts\/172797\/revisions\/172811"}],"wp:featuredmedia":[{"embeddable":true,"href":"https:\/\/www.gaveanews.com\/index.php\/wp-json\/wp\/v2\/media\/112696"}],"wp:attachment":[{"href":"https:\/\/www.gaveanews.com\/index.php\/wp-json\/wp\/v2\/media?parent=172797"}],"wp:term":[{"taxonomy":"category","embeddable":true,"href":"https:\/\/www.gaveanews.com\/index.php\/wp-json\/wp\/v2\/categories?post=172797"},{"taxonomy":"post_tag","embeddable":true,"href":"https:\/\/www.gaveanews.com\/index.php\/wp-json\/wp\/v2\/tags?post=172797"}],"curies":[{"name":"wp","href":"https:\/\/api.w.org\/{rel}","templated":true}]}}