{"id":172824,"date":"2024-10-09T11:10:00","date_gmt":"2024-10-09T14:10:00","guid":{"rendered":"https:\/\/www.gaveanews.com\/?p=172824"},"modified":"2024-10-09T03:51:22","modified_gmt":"2024-10-09T06:51:22","slug":"a-declaracao-de-rochet-direcionada-a-suarez","status":"publish","type":"post","link":"https:\/\/www.gaveanews.com\/index.php\/2024\/10\/09\/a-declaracao-de-rochet-direcionada-a-suarez\/","title":{"rendered":"A declara\u00e7\u00e3o de Rochet direcionada a Su\u00e1rez"},"content":{"rendered":"\n<h2 class=\"wp-block-heading\" id=\"h-goleiro-comenta-desavencas-entre-suarez-e-bielsa-mas-defende-que-o-assunto-seja-resolvido-internamente\">Goleiro comenta desaven\u00e7as entre Su\u00e1rez e Bielsa, mas defende que o assunto seja resolvido internamente<\/h2>\n\n\n\n<p>O goleiro do Internacional e da sele\u00e7\u00e3o uruguaia, S\u00e9rgio Rochet, comentou as declara\u00e7\u00f5es de Luis Su\u00e1rez sobre a dif\u00edcil rela\u00e7\u00e3o com o t\u00e9cnico Marcelo Bielsa.<\/p>\n\n\n\n<ul class=\"wp-block-list\">\n<li><a href=\"https:\/\/www.gaveanews.com\/index.php\/2024\/09\/03\/uruguai-tem-atitude-pouco-comum-com-varela\/\">Uruguai tem atitude pouco comum com Varela, do Flamengo<\/a><\/li>\n\n\n\n<li><a href=\"https:\/\/www.gaveanews.com\/index.php\/2024\/10\/03\/atitude-de-luis-suarez-deixa-a-torcida-do-gremio-irritada\/\">Atitude de Luis Su\u00e1rez deixa a torcida do Gr\u00eamio irritada<\/a><\/li>\n<\/ul>\n\n\n\n<p>Em entrevista, Su\u00e1rez revelou descontentamentos com o treinador, destacando a falta de intera\u00e7\u00e3o com os jogadores e a restri\u00e7\u00e3o de conviv\u00eancia entre o elenco e os funcion\u00e1rios da sele\u00e7\u00e3o. Rochet, no entanto, preferiu adotar um tom mais moderado, afirmando que o tema deveria ser discutido internamente.<\/p>\n\n\n\n<p>\u201cNo meu modo de pensar, essas coisas s\u00e3o resolvidas a portas fechadas, n\u00e3o posso acrescentar nada mais publicamente do que j\u00e1 foi dito. Estamos cientes de que isso repercutiu muito, obviamente eu as ouvi, eu as vi\u201d, afirmou Rochet durante a prepara\u00e7\u00e3o da Celeste para os jogos contra Peru e Equador, pelas Eliminat\u00f3rias da Copa do Mundo.<\/p>\n\n\n\n<p>Luis Su\u00e1rez, atualmente no Inter Miami, revelou pela primeira vez o desconforto que sentiu com Bielsa, especialmente durante a Copa Am\u00e9rica. Su\u00e1rez destacou que, al\u00e9m de n\u00e3o cumprimentar os jogadores, Bielsa teria orientado o elenco a evitar contatos fora do grupo.<\/p>\n\n\n\n<p>Em suas palavras, essa postura prejudicou o ambiente da sele\u00e7\u00e3o, e o atacante afirmou que uma reuni\u00e3o foi organizada para pedir ao treinador que, ao menos, dissesse \u201cbom dia\u201d aos jogadores.<\/p>\n\n\n\n<p>\u201cBielsa fala coisas maravilhosas sobre as pessoas em coletivas de imprensa. Entretanto, em Nova York teve um dia em que ele nos pediu para n\u00e3o pararmos para cumprimentar as pessoas. Levantei-me e disse que ir\u00edamos cumprimentar as pessoas de qualquer maneira. Um dia tive uma conversa de 5 minutos com ele e no final ele s\u00f3 respondeu \u2018muito obrigado\u2019\u201d, contou Su\u00e1rez em entrevista ao programa <em>De f\u00fatbol se habla as\u00ed<\/em> da emissora Direct TV.<\/p>\n\n\n\n<p>Ainda que Rochet tenha reconhecido que as falas de Su\u00e1rez trouxeram \u00e0 tona quest\u00f5es delicadas, o goleiro acredita que o foco agora deve estar na uni\u00e3o do grupo.<\/p>\n\n\n\n<p>\u201cTudo o que posso dizer \u00e9 que ele (Su\u00e1rez) falou sobre coisas que aconteceram, ele tomou essa decis\u00e3o de torn\u00e1-las p\u00fablicas. Meu papel aqui \u00e9 esclarecer os acontecimentos para tentar resolver isso, e garantir que o ambiente para trabalhar e treinar seja o melhor poss\u00edvel\u201d, concluiu Rochet.<\/p>\n","protected":false},"excerpt":{"rendered":"<p>Goleiro comenta desaven\u00e7as entre Su\u00e1rez e Bielsa, mas defende que o assunto seja resolvido internamente O goleiro do Internacional e da sele\u00e7\u00e3o uruguaia, S\u00e9rgio Rochet, comentou as declara\u00e7\u00f5es de Luis Su\u00e1rez sobre a dif\u00edcil rela\u00e7\u00e3o com o t\u00e9cnico Marcelo Bielsa. Em entrevista, Su\u00e1rez revelou descontentamentos com o treinador, destacando a falta de intera\u00e7\u00e3o com os [&hellip;]<\/p>\n","protected":false},"author":20,"featured_media":155443,"comment_status":"open","ping_status":"closed","sticky":false,"template":"","format":"standard","meta":{"footnotes":""},"categories":[473,148,489],"tags":[],"class_list":["post-172824","post","type-post","status-publish","format-standard","has-post-thumbnail","hentry","category-inter-miami","category-internacional","category-uruguai"],"yoast_head":"<!-- This site is optimized with the Yoast SEO Premium plugin v24.2 (Yoast SEO v26.9) - https:\/\/yoast.com\/product\/yoast-seo-premium-wordpress\/ -->\n<title>A declara\u00e7\u00e3o de Rochet direcionada a Su\u00e1rez<\/title>\n<meta name=\"robots\" content=\"index, follow, max-snippet:-1, max-image-preview:large, max-video-preview:-1\" \/>\n<link rel=\"canonical\" href=\"https:\/\/www.gaveanews.com\/index.php\/2024\/10\/09\/a-declaracao-de-rochet-direcionada-a-suarez\/\" \/>\n<meta property=\"og:locale\" content=\"pt_BR\" \/>\n<meta property=\"og:type\" content=\"article\" \/>\n<meta property=\"og:title\" content=\"A declara\u00e7\u00e3o de Rochet direcionada a Su\u00e1rez\" \/>\n<meta property=\"og:description\" content=\"Goleiro comenta desaven\u00e7as entre Su\u00e1rez e Bielsa, mas defende que o assunto seja resolvido internamente O goleiro do Internacional e da sele\u00e7\u00e3o uruguaia, S\u00e9rgio Rochet, comentou as declara\u00e7\u00f5es de Luis Su\u00e1rez sobre a dif\u00edcil rela\u00e7\u00e3o com o t\u00e9cnico Marcelo Bielsa. Em entrevista, Su\u00e1rez revelou descontentamentos com o treinador, destacando a falta de intera\u00e7\u00e3o com os [&hellip;]\" \/>\n<meta property=\"og:url\" content=\"https:\/\/www.gaveanews.com\/index.php\/2024\/10\/09\/a-declaracao-de-rochet-direcionada-a-suarez\/\" \/>\n<meta property=\"og:site_name\" content=\"G\u00e1vea News\" \/>\n<meta property=\"article:publisher\" content=\"https:\/\/facebook.com\/gaveaNews\/\" \/>\n<meta property=\"article:published_time\" content=\"2024-10-09T14:10:00+00:00\" \/>\n<meta property=\"og:image\" content=\"https:\/\/www.gaveanews.com\/wp-content\/uploads\/Luis-Alberto-Suarez-com-a-camisa-da-selecao-do-Uruguai-em-2024.webp\" \/>\n\t<meta property=\"og:image:width\" content=\"1422\" \/>\n\t<meta property=\"og:image:height\" content=\"1067\" \/>\n\t<meta property=\"og:image:type\" content=\"image\/webp\" \/>\n<meta name=\"author\" content=\"Lucas Barros\" \/>\n<meta name=\"twitter:card\" content=\"summary_large_image\" \/>\n<meta name=\"twitter:label1\" content=\"Escrito por\" \/>\n\t<meta name=\"twitter:data1\" content=\"Lucas Barros\" \/>\n\t<meta name=\"twitter:label2\" content=\"Est. tempo de leitura\" \/>\n\t<meta name=\"twitter:data2\" content=\"3 minutos\" \/>\n<script type=\"application\/ld+json\" class=\"yoast-schema-graph\">{\"@context\":\"https:\/\/schema.org\",\"@graph\":[{\"@type\":\"NewsArticle\",\"@id\":\"https:\/\/www.gaveanews.com\/index.php\/2024\/10\/09\/a-declaracao-de-rochet-direcionada-a-suarez\/#article\",\"isPartOf\":{\"@id\":\"https:\/\/www.gaveanews.com\/index.php\/2024\/10\/09\/a-declaracao-de-rochet-direcionada-a-suarez\/\"},\"author\":{\"name\":\"Lucas Barros\",\"@id\":\"https:\/\/www.gaveanews.com\/#\/schema\/person\/2abf0cfa878f5f899daa5f781e82264c\"},\"headline\":\"A declara\u00e7\u00e3o de Rochet direcionada a Su\u00e1rez\",\"datePublished\":\"2024-10-09T14:10:00+00:00\",\"mainEntityOfPage\":{\"@id\":\"https:\/\/www.gaveanews.com\/index.php\/2024\/10\/09\/a-declaracao-de-rochet-direcionada-a-suarez\/\"},\"wordCount\":428,\"commentCount\":0,\"image\":{\"@id\":\"https:\/\/www.gaveanews.com\/index.php\/2024\/10\/09\/a-declaracao-de-rochet-direcionada-a-suarez\/#primaryimage\"},\"thumbnailUrl\":\"https:\/\/www.gaveanews.com\/wp-content\/uploads\/Luis-Alberto-Suarez-com-a-camisa-da-selecao-do-Uruguai-em-2024.webp\",\"articleSection\":[\"Inter Miami\",\"Internacional\",\"Uruguai\"],\"inLanguage\":\"pt-BR\",\"potentialAction\":[{\"@type\":\"CommentAction\",\"name\":\"Comment\",\"target\":[\"https:\/\/www.gaveanews.com\/index.php\/2024\/10\/09\/a-declaracao-de-rochet-direcionada-a-suarez\/#respond\"]}],\"copyrightYear\":\"2024\",\"copyrightHolder\":{\"@id\":\"https:\/\/www.gaveanews.com\/#organization\"}},{\"@type\":\"WebPage\",\"@id\":\"https:\/\/www.gaveanews.com\/index.php\/2024\/10\/09\/a-declaracao-de-rochet-direcionada-a-suarez\/\",\"url\":\"https:\/\/www.gaveanews.com\/index.php\/2024\/10\/09\/a-declaracao-de-rochet-direcionada-a-suarez\/\",\"name\":\"A declara\u00e7\u00e3o de Rochet direcionada a Su\u00e1rez\",\"isPartOf\":{\"@id\":\"https:\/\/www.gaveanews.com\/#website\"},\"primaryImageOfPage\":{\"@id\":\"https:\/\/www.gaveanews.com\/index.php\/2024\/10\/09\/a-declaracao-de-rochet-direcionada-a-suarez\/#primaryimage\"},\"image\":{\"@id\":\"https:\/\/www.gaveanews.com\/index.php\/2024\/10\/09\/a-declaracao-de-rochet-direcionada-a-suarez\/#primaryimage\"},\"thumbnailUrl\":\"https:\/\/www.gaveanews.com\/wp-content\/uploads\/Luis-Alberto-Suarez-com-a-camisa-da-selecao-do-Uruguai-em-2024.webp\",\"datePublished\":\"2024-10-09T14:10:00+00:00\",\"author\":{\"@id\":\"https:\/\/www.gaveanews.com\/#\/schema\/person\/2abf0cfa878f5f899daa5f781e82264c\"},\"breadcrumb\":{\"@id\":\"https:\/\/www.gaveanews.com\/index.php\/2024\/10\/09\/a-declaracao-de-rochet-direcionada-a-suarez\/#breadcrumb\"},\"inLanguage\":\"pt-BR\",\"potentialAction\":[{\"@type\":\"ReadAction\",\"target\":[\"https:\/\/www.gaveanews.com\/index.php\/2024\/10\/09\/a-declaracao-de-rochet-direcionada-a-suarez\/\"]}]},{\"@type\":\"ImageObject\",\"inLanguage\":\"pt-BR\",\"@id\":\"https:\/\/www.gaveanews.com\/index.php\/2024\/10\/09\/a-declaracao-de-rochet-direcionada-a-suarez\/#primaryimage\",\"url\":\"https:\/\/www.gaveanews.com\/wp-content\/uploads\/Luis-Alberto-Suarez-com-a-camisa-da-selecao-do-Uruguai-em-2024.webp\",\"contentUrl\":\"https:\/\/www.gaveanews.com\/wp-content\/uploads\/Luis-Alberto-Suarez-com-a-camisa-da-selecao-do-Uruguai-em-2024.webp\",\"width\":1422,\"height\":1067,\"caption\":\"Luis Alberto Su\u00e1rez com a camisa da sele\u00e7\u00e3o do Uruguai em 2024 (Foto: Reprodu\u00e7\u00e3o\/Instagram)\"},{\"@type\":\"BreadcrumbList\",\"@id\":\"https:\/\/www.gaveanews.com\/index.php\/2024\/10\/09\/a-declaracao-de-rochet-direcionada-a-suarez\/#breadcrumb\",\"itemListElement\":[{\"@type\":\"ListItem\",\"position\":1,\"name\":\"Home\",\"item\":\"https:\/\/www.gaveanews.com\/\"},{\"@type\":\"ListItem\",\"position\":2,\"name\":\"A declara\u00e7\u00e3o de Rochet direcionada a Su\u00e1rez\"}]},{\"@type\":\"WebSite\",\"@id\":\"https:\/\/www.gaveanews.com\/#website\",\"url\":\"https:\/\/www.gaveanews.com\/\",\"name\":\"G\u00e1vea News\",\"description\":\"Veja todas as not\u00edcias sobre o Flamengo: Contrata\u00e7\u00f5es, categorias de base, resultados das partidas, tabela de classifica\u00e7\u00e3o, pr\u00f3ximos jogos!\",\"potentialAction\":[{\"@type\":\"SearchAction\",\"target\":{\"@type\":\"EntryPoint\",\"urlTemplate\":\"https:\/\/www.gaveanews.com\/?s={search_term_string}\"},\"query-input\":{\"@type\":\"PropertyValueSpecification\",\"valueRequired\":true,\"valueName\":\"search_term_string\"}}],\"inLanguage\":\"pt-BR\"},{\"@type\":\"Person\",\"@id\":\"https:\/\/www.gaveanews.com\/#\/schema\/person\/2abf0cfa878f5f899daa5f781e82264c\",\"name\":\"Lucas Barros\",\"image\":{\"@type\":\"ImageObject\",\"inLanguage\":\"pt-BR\",\"@id\":\"https:\/\/www.gaveanews.com\/#\/schema\/person\/image\/\",\"url\":\"https:\/\/secure.gravatar.com\/avatar\/67a6069eba66bf6fd7c80b70e1331baa3dbc3d6df5012d5c22eff29c7d59e0b0?s=96&d=mm&r=g\",\"contentUrl\":\"https:\/\/secure.gravatar.com\/avatar\/67a6069eba66bf6fd7c80b70e1331baa3dbc3d6df5012d5c22eff29c7d59e0b0?s=96&d=mm&r=g\",\"caption\":\"Lucas Barros\"}}]}<\/script>\n<!-- \/ Yoast SEO Premium plugin. -->","yoast_head_json":{"title":"A declara\u00e7\u00e3o de Rochet direcionada a Su\u00e1rez","robots":{"index":"index","follow":"follow","max-snippet":"max-snippet:-1","max-image-preview":"max-image-preview:large","max-video-preview":"max-video-preview:-1"},"canonical":"https:\/\/www.gaveanews.com\/index.php\/2024\/10\/09\/a-declaracao-de-rochet-direcionada-a-suarez\/","og_locale":"pt_BR","og_type":"article","og_title":"A declara\u00e7\u00e3o de Rochet direcionada a Su\u00e1rez","og_description":"Goleiro comenta desaven\u00e7as entre Su\u00e1rez e Bielsa, mas defende que o assunto seja resolvido internamente O goleiro do Internacional e da sele\u00e7\u00e3o uruguaia, S\u00e9rgio Rochet, comentou as declara\u00e7\u00f5es de Luis Su\u00e1rez sobre a dif\u00edcil rela\u00e7\u00e3o com o t\u00e9cnico Marcelo Bielsa. Em entrevista, Su\u00e1rez revelou descontentamentos com o treinador, destacando a falta de intera\u00e7\u00e3o com os [&hellip;]","og_url":"https:\/\/www.gaveanews.com\/index.php\/2024\/10\/09\/a-declaracao-de-rochet-direcionada-a-suarez\/","og_site_name":"G\u00e1vea News","article_publisher":"https:\/\/facebook.com\/gaveaNews\/","article_published_time":"2024-10-09T14:10:00+00:00","og_image":[{"width":1422,"height":1067,"url":"https:\/\/www.gaveanews.com\/wp-content\/uploads\/Luis-Alberto-Suarez-com-a-camisa-da-selecao-do-Uruguai-em-2024.webp","type":"image\/webp"}],"author":"Lucas Barros","twitter_card":"summary_large_image","twitter_misc":{"Escrito por":"Lucas Barros","Est. tempo de leitura":"3 minutos"},"schema":{"@context":"https:\/\/schema.org","@graph":[{"@type":"NewsArticle","@id":"https:\/\/www.gaveanews.com\/index.php\/2024\/10\/09\/a-declaracao-de-rochet-direcionada-a-suarez\/#article","isPartOf":{"@id":"https:\/\/www.gaveanews.com\/index.php\/2024\/10\/09\/a-declaracao-de-rochet-direcionada-a-suarez\/"},"author":{"name":"Lucas Barros","@id":"https:\/\/www.gaveanews.com\/#\/schema\/person\/2abf0cfa878f5f899daa5f781e82264c"},"headline":"A declara\u00e7\u00e3o de Rochet direcionada a Su\u00e1rez","datePublished":"2024-10-09T14:10:00+00:00","mainEntityOfPage":{"@id":"https:\/\/www.gaveanews.com\/index.php\/2024\/10\/09\/a-declaracao-de-rochet-direcionada-a-suarez\/"},"wordCount":428,"commentCount":0,"image":{"@id":"https:\/\/www.gaveanews.com\/index.php\/2024\/10\/09\/a-declaracao-de-rochet-direcionada-a-suarez\/#primaryimage"},"thumbnailUrl":"https:\/\/www.gaveanews.com\/wp-content\/uploads\/Luis-Alberto-Suarez-com-a-camisa-da-selecao-do-Uruguai-em-2024.webp","articleSection":["Inter Miami","Internacional","Uruguai"],"inLanguage":"pt-BR","potentialAction":[{"@type":"CommentAction","name":"Comment","target":["https:\/\/www.gaveanews.com\/index.php\/2024\/10\/09\/a-declaracao-de-rochet-direcionada-a-suarez\/#respond"]}],"copyrightYear":"2024","copyrightHolder":{"@id":"https:\/\/www.gaveanews.com\/#organization"}},{"@type":"WebPage","@id":"https:\/\/www.gaveanews.com\/index.php\/2024\/10\/09\/a-declaracao-de-rochet-direcionada-a-suarez\/","url":"https:\/\/www.gaveanews.com\/index.php\/2024\/10\/09\/a-declaracao-de-rochet-direcionada-a-suarez\/","name":"A declara\u00e7\u00e3o de Rochet direcionada a Su\u00e1rez","isPartOf":{"@id":"https:\/\/www.gaveanews.com\/#website"},"primaryImageOfPage":{"@id":"https:\/\/www.gaveanews.com\/index.php\/2024\/10\/09\/a-declaracao-de-rochet-direcionada-a-suarez\/#primaryimage"},"image":{"@id":"https:\/\/www.gaveanews.com\/index.php\/2024\/10\/09\/a-declaracao-de-rochet-direcionada-a-suarez\/#primaryimage"},"thumbnailUrl":"https:\/\/www.gaveanews.com\/wp-content\/uploads\/Luis-Alberto-Suarez-com-a-camisa-da-selecao-do-Uruguai-em-2024.webp","datePublished":"2024-10-09T14:10:00+00:00","author":{"@id":"https:\/\/www.gaveanews.com\/#\/schema\/person\/2abf0cfa878f5f899daa5f781e82264c"},"breadcrumb":{"@id":"https:\/\/www.gaveanews.com\/index.php\/2024\/10\/09\/a-declaracao-de-rochet-direcionada-a-suarez\/#breadcrumb"},"inLanguage":"pt-BR","potentialAction":[{"@type":"ReadAction","target":["https:\/\/www.gaveanews.com\/index.php\/2024\/10\/09\/a-declaracao-de-rochet-direcionada-a-suarez\/"]}]},{"@type":"ImageObject","inLanguage":"pt-BR","@id":"https:\/\/www.gaveanews.com\/index.php\/2024\/10\/09\/a-declaracao-de-rochet-direcionada-a-suarez\/#primaryimage","url":"https:\/\/www.gaveanews.com\/wp-content\/uploads\/Luis-Alberto-Suarez-com-a-camisa-da-selecao-do-Uruguai-em-2024.webp","contentUrl":"https:\/\/www.gaveanews.com\/wp-content\/uploads\/Luis-Alberto-Suarez-com-a-camisa-da-selecao-do-Uruguai-em-2024.webp","width":1422,"height":1067,"caption":"Luis Alberto Su\u00e1rez com a camisa da sele\u00e7\u00e3o do Uruguai em 2024 (Foto: Reprodu\u00e7\u00e3o\/Instagram)"},{"@type":"BreadcrumbList","@id":"https:\/\/www.gaveanews.com\/index.php\/2024\/10\/09\/a-declaracao-de-rochet-direcionada-a-suarez\/#breadcrumb","itemListElement":[{"@type":"ListItem","position":1,"name":"Home","item":"https:\/\/www.gaveanews.com\/"},{"@type":"ListItem","position":2,"name":"A declara\u00e7\u00e3o de Rochet direcionada a Su\u00e1rez"}]},{"@type":"WebSite","@id":"https:\/\/www.gaveanews.com\/#website","url":"https:\/\/www.gaveanews.com\/","name":"G\u00e1vea News","description":"Veja todas as not\u00edcias sobre o Flamengo: Contrata\u00e7\u00f5es, categorias de base, resultados das partidas, tabela de classifica\u00e7\u00e3o, pr\u00f3ximos jogos!","potentialAction":[{"@type":"SearchAction","target":{"@type":"EntryPoint","urlTemplate":"https:\/\/www.gaveanews.com\/?s={search_term_string}"},"query-input":{"@type":"PropertyValueSpecification","valueRequired":true,"valueName":"search_term_string"}}],"inLanguage":"pt-BR"},{"@type":"Person","@id":"https:\/\/www.gaveanews.com\/#\/schema\/person\/2abf0cfa878f5f899daa5f781e82264c","name":"Lucas Barros","image":{"@type":"ImageObject","inLanguage":"pt-BR","@id":"https:\/\/www.gaveanews.com\/#\/schema\/person\/image\/","url":"https:\/\/secure.gravatar.com\/avatar\/67a6069eba66bf6fd7c80b70e1331baa3dbc3d6df5012d5c22eff29c7d59e0b0?s=96&d=mm&r=g","contentUrl":"https:\/\/secure.gravatar.com\/avatar\/67a6069eba66bf6fd7c80b70e1331baa3dbc3d6df5012d5c22eff29c7d59e0b0?s=96&d=mm&r=g","caption":"Lucas Barros"}}]}},"_links":{"self":[{"href":"https:\/\/www.gaveanews.com\/index.php\/wp-json\/wp\/v2\/posts\/172824","targetHints":{"allow":["GET"]}}],"collection":[{"href":"https:\/\/www.gaveanews.com\/index.php\/wp-json\/wp\/v2\/posts"}],"about":[{"href":"https:\/\/www.gaveanews.com\/index.php\/wp-json\/wp\/v2\/types\/post"}],"author":[{"embeddable":true,"href":"https:\/\/www.gaveanews.com\/index.php\/wp-json\/wp\/v2\/users\/20"}],"replies":[{"embeddable":true,"href":"https:\/\/www.gaveanews.com\/index.php\/wp-json\/wp\/v2\/comments?post=172824"}],"version-history":[{"count":1,"href":"https:\/\/www.gaveanews.com\/index.php\/wp-json\/wp\/v2\/posts\/172824\/revisions"}],"predecessor-version":[{"id":172825,"href":"https:\/\/www.gaveanews.com\/index.php\/wp-json\/wp\/v2\/posts\/172824\/revisions\/172825"}],"wp:featuredmedia":[{"embeddable":true,"href":"https:\/\/www.gaveanews.com\/index.php\/wp-json\/wp\/v2\/media\/155443"}],"wp:attachment":[{"href":"https:\/\/www.gaveanews.com\/index.php\/wp-json\/wp\/v2\/media?parent=172824"}],"wp:term":[{"taxonomy":"category","embeddable":true,"href":"https:\/\/www.gaveanews.com\/index.php\/wp-json\/wp\/v2\/categories?post=172824"},{"taxonomy":"post_tag","embeddable":true,"href":"https:\/\/www.gaveanews.com\/index.php\/wp-json\/wp\/v2\/tags?post=172824"}],"curies":[{"name":"wp","href":"https:\/\/api.w.org\/{rel}","templated":true}]}}