{"id":172828,"date":"2024-10-09T09:40:00","date_gmt":"2024-10-09T12:40:00","guid":{"rendered":"https:\/\/www.gaveanews.com\/?p=172828"},"modified":"2024-10-09T03:24:29","modified_gmt":"2024-10-09T06:24:29","slug":"rubens-menin-faz-forte-promessa-para-a-torcida-do-atletico-mg","status":"publish","type":"post","link":"https:\/\/www.gaveanews.com\/index.php\/2024\/10\/09\/rubens-menin-faz-forte-promessa-para-a-torcida-do-atletico-mg\/","title":{"rendered":"Rubens Menin faz forte promessa para a torcida do Atl\u00e9tico-MG"},"content":{"rendered":"\n<h2 class=\"wp-block-heading\" id=\"h-acionista-garante-elenco-forte-para-o-atletico-em-2025-independentemente-de-classificacao-para-a-libertadores\">Acionista garante elenco forte para o Atl\u00e9tico em 2025, independentemente de classifica\u00e7\u00e3o para a Libertadores<\/h2>\n\n\n\n<p>O principal acionista da SAF do Atl\u00e9tico, Rubens Menin, assegurou que o clube ter\u00e1 um elenco altamente competitivo para a pr\u00f3xima temporada, mesmo que o time n\u00e3o conquiste a vaga para a Copa Libertadores de 2025. Em entrevista, Menin refor\u00e7ou o compromisso de manter um plantel forte e preparado, confirmando a continuidade do planejamento esportivo.<\/p>\n\n\n\n<ul class=\"wp-block-list\">\n<li><a href=\"https:\/\/www.gaveanews.com\/index.php\/2024\/10\/08\/a-declaracao-de-rodrigo-caetano-sobre-voltar-ao-atletico-mg\/\">A declara\u00e7\u00e3o de Rodrigo Caetano sobre voltar ao Atl\u00e9tico-MG<\/a><\/li>\n\n\n\n<li><a href=\"https:\/\/www.gaveanews.com\/index.php\/2024\/10\/08\/rival-do-atletico-mg-river-plate-pode-perder-ate-3-titulares\/\">Rival do Atl\u00e9tico-MG, River Plate pode perder at\u00e9 3 titulares<\/a><\/li>\n<\/ul>\n\n\n\n<p>\u201cPodem ter certeza: teremos um time forte e cada vez melhor, com um or\u00e7amento de futebol competitivo\u201d, afirmou o dirigente. <\/p>\n\n\n\n<p>Menin ainda garantiu que a classifica\u00e7\u00e3o ou n\u00e3o para a Libertadores n\u00e3o alterar\u00e1 significativamente os planos tra\u00e7ados para o futuro.<\/p>\n\n\n\n<p>\u201cO planejamento n\u00e3o muda com ou sem t\u00edtulo. A \u00fanica diferen\u00e7a \u00e9 se ficarmos fora da Libertadores e disputarmos a Sul-Americana\u201d, completou.<\/p>\n\n\n\n<p>Atualmente, o Atl\u00e9tico segue nas semifinais da Copa do Brasil, onde enfrenta o Vasco, e na Libertadores, onde mede for\u00e7as contra o River Plate. Essas duas competi\u00e7\u00f5es s\u00e3o as maiores esperan\u00e7as do clube para garantir um lugar na edi\u00e7\u00e3o de 2025 da principal competi\u00e7\u00e3o continental. Caso ven\u00e7a um desses torneios, o Galo asseguraria sua vaga, j\u00e1 que, no Campeonato Brasileiro, a situa\u00e7\u00e3o n\u00e3o \u00e9 t\u00e3o favor\u00e1vel.<\/p>\n\n\n\n<p>O time ocupa a 10\u00aa coloca\u00e7\u00e3o na tabela, com 37 pontos, e est\u00e1 nove pontos atr\u00e1s do sexto colocado, o \u00faltimo que se classifica diretamente para a Libertadores. Assim, a equipe mineira precisa melhorar seu desempenho no Brasileir\u00e3o para aumentar as chances de classifica\u00e7\u00e3o via campeonato nacional, caso n\u00e3o conquiste nenhum t\u00edtulo em 2024.<\/p>\n\n\n\n<p>Em 2024, o Atl\u00e9tico n\u00e3o poupou esfor\u00e7os para refor\u00e7ar sua equipe, realizando oito contrata\u00e7\u00f5es que, juntas, totalizam cerca de R$ 98 milh\u00f5es. Abaixo, a lista dos refor\u00e7os e seus respectivos valores:<\/p>\n\n\n\n<ul class=\"wp-block-list\">\n<li><strong>Gustavo Scarpa<\/strong> (meia): R$ 26,8 milh\u00f5es &#8211; vindo do Nottingham Forest<\/li>\n\n\n\n<li><strong>Brahian Palacios<\/strong> (atacante): R$ 15 milh\u00f5es &#8211; vindo do Atl\u00e9tico Nacional<\/li>\n\n\n\n<li><strong>Robert<\/strong> (meia): R$ 1,2 milh\u00e3o &#8211; vindo do Athletic<\/li>\n\n\n\n<li><strong>Lyanco<\/strong> (zagueiro): R$ 18 milh\u00f5es (com possibilidade de chegar a R$ 29,9 milh\u00f5es, caso metas sejam cumpridas) &#8211; vindo do Southampton, da Inglaterra<\/li>\n\n\n\n<li><strong>Fausto Vera<\/strong> (volante): R$ 24,4 milh\u00f5es &#8211; vindo do Corinthians<\/li>\n\n\n\n<li><strong>Junior Alonso<\/strong> (zagueiro): R$ 7 milh\u00f5es &#8211; vindo do Krasnodar, da R\u00fassia<\/li>\n\n\n\n<li><strong>Deyverson<\/strong> (atacante): R$ 4,5 milh\u00f5es &#8211; vindo do Cuiab\u00e1<\/li>\n\n\n\n<li><strong>Bernard<\/strong> (meia-atacante): sem custos de transfer\u00eancia &#8211; vindo do Panathinaikos, da Gr\u00e9cia<\/li>\n<\/ul>\n","protected":false},"excerpt":{"rendered":"<p>Acionista garante elenco forte para o Atl\u00e9tico em 2025, independentemente de classifica\u00e7\u00e3o para a Libertadores O principal acionista da SAF do Atl\u00e9tico, Rubens Menin, assegurou que o clube ter\u00e1 um elenco altamente competitivo para a pr\u00f3xima temporada, mesmo que o time n\u00e3o conquiste a vaga para a Copa Libertadores de 2025. Em entrevista, Menin refor\u00e7ou [&hellip;]<\/p>\n","protected":false},"author":20,"featured_media":153999,"comment_status":"open","ping_status":"closed","sticky":false,"template":"","format":"standard","meta":{"footnotes":""},"categories":[136],"tags":[],"class_list":["post-172828","post","type-post","status-publish","format-standard","has-post-thumbnail","hentry","category-atletico-mg"],"yoast_head":"<!-- This site is optimized with the Yoast SEO Premium plugin v24.2 (Yoast SEO v26.9) - https:\/\/yoast.com\/product\/yoast-seo-premium-wordpress\/ -->\n<title>Rubens Menin faz forte promessa para a torcida do Atl\u00e9tico-MG<\/title>\n<meta name=\"robots\" content=\"index, follow, max-snippet:-1, max-image-preview:large, max-video-preview:-1\" \/>\n<link rel=\"canonical\" href=\"https:\/\/www.gaveanews.com\/index.php\/2024\/10\/09\/rubens-menin-faz-forte-promessa-para-a-torcida-do-atletico-mg\/\" \/>\n<meta property=\"og:locale\" content=\"pt_BR\" \/>\n<meta property=\"og:type\" content=\"article\" \/>\n<meta property=\"og:title\" content=\"Rubens Menin faz forte promessa para a torcida do Atl\u00e9tico-MG\" \/>\n<meta property=\"og:description\" content=\"Acionista garante elenco forte para o Atl\u00e9tico em 2025, independentemente de classifica\u00e7\u00e3o para a Libertadores O principal acionista da SAF do Atl\u00e9tico, Rubens Menin, assegurou que o clube ter\u00e1 um elenco altamente competitivo para a pr\u00f3xima temporada, mesmo que o time n\u00e3o conquiste a vaga para a Copa Libertadores de 2025. Em entrevista, Menin refor\u00e7ou [&hellip;]\" \/>\n<meta property=\"og:url\" content=\"https:\/\/www.gaveanews.com\/index.php\/2024\/10\/09\/rubens-menin-faz-forte-promessa-para-a-torcida-do-atletico-mg\/\" \/>\n<meta property=\"og:site_name\" content=\"G\u00e1vea News\" \/>\n<meta property=\"article:publisher\" content=\"https:\/\/facebook.com\/gaveaNews\/\" \/>\n<meta property=\"article:published_time\" content=\"2024-10-09T12:40:00+00:00\" \/>\n<meta property=\"og:image\" content=\"https:\/\/www.gaveanews.com\/wp-content\/uploads\/Estadio-do-Atletico-MG.webp\" \/>\n\t<meta property=\"og:image:width\" content=\"900\" \/>\n\t<meta property=\"og:image:height\" content=\"600\" \/>\n\t<meta property=\"og:image:type\" content=\"image\/webp\" \/>\n<meta name=\"author\" content=\"Lucas Barros\" \/>\n<meta name=\"twitter:card\" content=\"summary_large_image\" \/>\n<meta name=\"twitter:label1\" content=\"Escrito por\" \/>\n\t<meta name=\"twitter:data1\" content=\"Lucas Barros\" \/>\n\t<meta name=\"twitter:label2\" content=\"Est. tempo de leitura\" \/>\n\t<meta name=\"twitter:data2\" content=\"3 minutos\" \/>\n<script type=\"application\/ld+json\" class=\"yoast-schema-graph\">{\"@context\":\"https:\/\/schema.org\",\"@graph\":[{\"@type\":\"NewsArticle\",\"@id\":\"https:\/\/www.gaveanews.com\/index.php\/2024\/10\/09\/rubens-menin-faz-forte-promessa-para-a-torcida-do-atletico-mg\/#article\",\"isPartOf\":{\"@id\":\"https:\/\/www.gaveanews.com\/index.php\/2024\/10\/09\/rubens-menin-faz-forte-promessa-para-a-torcida-do-atletico-mg\/\"},\"author\":{\"name\":\"Lucas Barros\",\"@id\":\"https:\/\/www.gaveanews.com\/#\/schema\/person\/2abf0cfa878f5f899daa5f781e82264c\"},\"headline\":\"Rubens Menin faz forte promessa para a torcida do Atl\u00e9tico-MG\",\"datePublished\":\"2024-10-09T12:40:00+00:00\",\"mainEntityOfPage\":{\"@id\":\"https:\/\/www.gaveanews.com\/index.php\/2024\/10\/09\/rubens-menin-faz-forte-promessa-para-a-torcida-do-atletico-mg\/\"},\"wordCount\":445,\"commentCount\":0,\"image\":{\"@id\":\"https:\/\/www.gaveanews.com\/index.php\/2024\/10\/09\/rubens-menin-faz-forte-promessa-para-a-torcida-do-atletico-mg\/#primaryimage\"},\"thumbnailUrl\":\"https:\/\/www.gaveanews.com\/wp-content\/uploads\/Estadio-do-Atletico-MG.webp\",\"articleSection\":[\"Atl\u00e9tico-MG\"],\"inLanguage\":\"pt-BR\",\"potentialAction\":[{\"@type\":\"CommentAction\",\"name\":\"Comment\",\"target\":[\"https:\/\/www.gaveanews.com\/index.php\/2024\/10\/09\/rubens-menin-faz-forte-promessa-para-a-torcida-do-atletico-mg\/#respond\"]}],\"copyrightYear\":\"2024\",\"copyrightHolder\":{\"@id\":\"https:\/\/www.gaveanews.com\/#organization\"}},{\"@type\":\"WebPage\",\"@id\":\"https:\/\/www.gaveanews.com\/index.php\/2024\/10\/09\/rubens-menin-faz-forte-promessa-para-a-torcida-do-atletico-mg\/\",\"url\":\"https:\/\/www.gaveanews.com\/index.php\/2024\/10\/09\/rubens-menin-faz-forte-promessa-para-a-torcida-do-atletico-mg\/\",\"name\":\"Rubens Menin faz forte promessa para a torcida do Atl\u00e9tico-MG\",\"isPartOf\":{\"@id\":\"https:\/\/www.gaveanews.com\/#website\"},\"primaryImageOfPage\":{\"@id\":\"https:\/\/www.gaveanews.com\/index.php\/2024\/10\/09\/rubens-menin-faz-forte-promessa-para-a-torcida-do-atletico-mg\/#primaryimage\"},\"image\":{\"@id\":\"https:\/\/www.gaveanews.com\/index.php\/2024\/10\/09\/rubens-menin-faz-forte-promessa-para-a-torcida-do-atletico-mg\/#primaryimage\"},\"thumbnailUrl\":\"https:\/\/www.gaveanews.com\/wp-content\/uploads\/Estadio-do-Atletico-MG.webp\",\"datePublished\":\"2024-10-09T12:40:00+00:00\",\"author\":{\"@id\":\"https:\/\/www.gaveanews.com\/#\/schema\/person\/2abf0cfa878f5f899daa5f781e82264c\"},\"breadcrumb\":{\"@id\":\"https:\/\/www.gaveanews.com\/index.php\/2024\/10\/09\/rubens-menin-faz-forte-promessa-para-a-torcida-do-atletico-mg\/#breadcrumb\"},\"inLanguage\":\"pt-BR\",\"potentialAction\":[{\"@type\":\"ReadAction\",\"target\":[\"https:\/\/www.gaveanews.com\/index.php\/2024\/10\/09\/rubens-menin-faz-forte-promessa-para-a-torcida-do-atletico-mg\/\"]}]},{\"@type\":\"ImageObject\",\"inLanguage\":\"pt-BR\",\"@id\":\"https:\/\/www.gaveanews.com\/index.php\/2024\/10\/09\/rubens-menin-faz-forte-promessa-para-a-torcida-do-atletico-mg\/#primaryimage\",\"url\":\"https:\/\/www.gaveanews.com\/wp-content\/uploads\/Estadio-do-Atletico-MG.webp\",\"contentUrl\":\"https:\/\/www.gaveanews.com\/wp-content\/uploads\/Estadio-do-Atletico-MG.webp\",\"width\":900,\"height\":600,\"caption\":\"Arena MRV, est\u00e1dio do Atl\u00e9tico-MG (Foto: Reprodu\u00e7\u00e3o\/Atl\u00e9tico)\"},{\"@type\":\"BreadcrumbList\",\"@id\":\"https:\/\/www.gaveanews.com\/index.php\/2024\/10\/09\/rubens-menin-faz-forte-promessa-para-a-torcida-do-atletico-mg\/#breadcrumb\",\"itemListElement\":[{\"@type\":\"ListItem\",\"position\":1,\"name\":\"Home\",\"item\":\"https:\/\/www.gaveanews.com\/\"},{\"@type\":\"ListItem\",\"position\":2,\"name\":\"Rubens Menin faz forte promessa para a torcida do Atl\u00e9tico-MG\"}]},{\"@type\":\"WebSite\",\"@id\":\"https:\/\/www.gaveanews.com\/#website\",\"url\":\"https:\/\/www.gaveanews.com\/\",\"name\":\"G\u00e1vea News\",\"description\":\"Veja todas as not\u00edcias sobre o Flamengo: Contrata\u00e7\u00f5es, categorias de base, resultados das partidas, tabela de classifica\u00e7\u00e3o, pr\u00f3ximos jogos!\",\"potentialAction\":[{\"@type\":\"SearchAction\",\"target\":{\"@type\":\"EntryPoint\",\"urlTemplate\":\"https:\/\/www.gaveanews.com\/?s={search_term_string}\"},\"query-input\":{\"@type\":\"PropertyValueSpecification\",\"valueRequired\":true,\"valueName\":\"search_term_string\"}}],\"inLanguage\":\"pt-BR\"},{\"@type\":\"Person\",\"@id\":\"https:\/\/www.gaveanews.com\/#\/schema\/person\/2abf0cfa878f5f899daa5f781e82264c\",\"name\":\"Lucas Barros\",\"image\":{\"@type\":\"ImageObject\",\"inLanguage\":\"pt-BR\",\"@id\":\"https:\/\/www.gaveanews.com\/#\/schema\/person\/image\/\",\"url\":\"https:\/\/secure.gravatar.com\/avatar\/67a6069eba66bf6fd7c80b70e1331baa3dbc3d6df5012d5c22eff29c7d59e0b0?s=96&d=mm&r=g\",\"contentUrl\":\"https:\/\/secure.gravatar.com\/avatar\/67a6069eba66bf6fd7c80b70e1331baa3dbc3d6df5012d5c22eff29c7d59e0b0?s=96&d=mm&r=g\",\"caption\":\"Lucas Barros\"}}]}<\/script>\n<!-- \/ Yoast SEO Premium plugin. -->","yoast_head_json":{"title":"Rubens Menin faz forte promessa para a torcida do Atl\u00e9tico-MG","robots":{"index":"index","follow":"follow","max-snippet":"max-snippet:-1","max-image-preview":"max-image-preview:large","max-video-preview":"max-video-preview:-1"},"canonical":"https:\/\/www.gaveanews.com\/index.php\/2024\/10\/09\/rubens-menin-faz-forte-promessa-para-a-torcida-do-atletico-mg\/","og_locale":"pt_BR","og_type":"article","og_title":"Rubens Menin faz forte promessa para a torcida do Atl\u00e9tico-MG","og_description":"Acionista garante elenco forte para o Atl\u00e9tico em 2025, independentemente de classifica\u00e7\u00e3o para a Libertadores O principal acionista da SAF do Atl\u00e9tico, Rubens Menin, assegurou que o clube ter\u00e1 um elenco altamente competitivo para a pr\u00f3xima temporada, mesmo que o time n\u00e3o conquiste a vaga para a Copa Libertadores de 2025. Em entrevista, Menin refor\u00e7ou [&hellip;]","og_url":"https:\/\/www.gaveanews.com\/index.php\/2024\/10\/09\/rubens-menin-faz-forte-promessa-para-a-torcida-do-atletico-mg\/","og_site_name":"G\u00e1vea News","article_publisher":"https:\/\/facebook.com\/gaveaNews\/","article_published_time":"2024-10-09T12:40:00+00:00","og_image":[{"width":900,"height":600,"url":"https:\/\/www.gaveanews.com\/wp-content\/uploads\/Estadio-do-Atletico-MG.webp","type":"image\/webp"}],"author":"Lucas Barros","twitter_card":"summary_large_image","twitter_misc":{"Escrito por":"Lucas Barros","Est. tempo de leitura":"3 minutos"},"schema":{"@context":"https:\/\/schema.org","@graph":[{"@type":"NewsArticle","@id":"https:\/\/www.gaveanews.com\/index.php\/2024\/10\/09\/rubens-menin-faz-forte-promessa-para-a-torcida-do-atletico-mg\/#article","isPartOf":{"@id":"https:\/\/www.gaveanews.com\/index.php\/2024\/10\/09\/rubens-menin-faz-forte-promessa-para-a-torcida-do-atletico-mg\/"},"author":{"name":"Lucas Barros","@id":"https:\/\/www.gaveanews.com\/#\/schema\/person\/2abf0cfa878f5f899daa5f781e82264c"},"headline":"Rubens Menin faz forte promessa para a torcida do Atl\u00e9tico-MG","datePublished":"2024-10-09T12:40:00+00:00","mainEntityOfPage":{"@id":"https:\/\/www.gaveanews.com\/index.php\/2024\/10\/09\/rubens-menin-faz-forte-promessa-para-a-torcida-do-atletico-mg\/"},"wordCount":445,"commentCount":0,"image":{"@id":"https:\/\/www.gaveanews.com\/index.php\/2024\/10\/09\/rubens-menin-faz-forte-promessa-para-a-torcida-do-atletico-mg\/#primaryimage"},"thumbnailUrl":"https:\/\/www.gaveanews.com\/wp-content\/uploads\/Estadio-do-Atletico-MG.webp","articleSection":["Atl\u00e9tico-MG"],"inLanguage":"pt-BR","potentialAction":[{"@type":"CommentAction","name":"Comment","target":["https:\/\/www.gaveanews.com\/index.php\/2024\/10\/09\/rubens-menin-faz-forte-promessa-para-a-torcida-do-atletico-mg\/#respond"]}],"copyrightYear":"2024","copyrightHolder":{"@id":"https:\/\/www.gaveanews.com\/#organization"}},{"@type":"WebPage","@id":"https:\/\/www.gaveanews.com\/index.php\/2024\/10\/09\/rubens-menin-faz-forte-promessa-para-a-torcida-do-atletico-mg\/","url":"https:\/\/www.gaveanews.com\/index.php\/2024\/10\/09\/rubens-menin-faz-forte-promessa-para-a-torcida-do-atletico-mg\/","name":"Rubens Menin faz forte promessa para a torcida do Atl\u00e9tico-MG","isPartOf":{"@id":"https:\/\/www.gaveanews.com\/#website"},"primaryImageOfPage":{"@id":"https:\/\/www.gaveanews.com\/index.php\/2024\/10\/09\/rubens-menin-faz-forte-promessa-para-a-torcida-do-atletico-mg\/#primaryimage"},"image":{"@id":"https:\/\/www.gaveanews.com\/index.php\/2024\/10\/09\/rubens-menin-faz-forte-promessa-para-a-torcida-do-atletico-mg\/#primaryimage"},"thumbnailUrl":"https:\/\/www.gaveanews.com\/wp-content\/uploads\/Estadio-do-Atletico-MG.webp","datePublished":"2024-10-09T12:40:00+00:00","author":{"@id":"https:\/\/www.gaveanews.com\/#\/schema\/person\/2abf0cfa878f5f899daa5f781e82264c"},"breadcrumb":{"@id":"https:\/\/www.gaveanews.com\/index.php\/2024\/10\/09\/rubens-menin-faz-forte-promessa-para-a-torcida-do-atletico-mg\/#breadcrumb"},"inLanguage":"pt-BR","potentialAction":[{"@type":"ReadAction","target":["https:\/\/www.gaveanews.com\/index.php\/2024\/10\/09\/rubens-menin-faz-forte-promessa-para-a-torcida-do-atletico-mg\/"]}]},{"@type":"ImageObject","inLanguage":"pt-BR","@id":"https:\/\/www.gaveanews.com\/index.php\/2024\/10\/09\/rubens-menin-faz-forte-promessa-para-a-torcida-do-atletico-mg\/#primaryimage","url":"https:\/\/www.gaveanews.com\/wp-content\/uploads\/Estadio-do-Atletico-MG.webp","contentUrl":"https:\/\/www.gaveanews.com\/wp-content\/uploads\/Estadio-do-Atletico-MG.webp","width":900,"height":600,"caption":"Arena MRV, est\u00e1dio do Atl\u00e9tico-MG (Foto: Reprodu\u00e7\u00e3o\/Atl\u00e9tico)"},{"@type":"BreadcrumbList","@id":"https:\/\/www.gaveanews.com\/index.php\/2024\/10\/09\/rubens-menin-faz-forte-promessa-para-a-torcida-do-atletico-mg\/#breadcrumb","itemListElement":[{"@type":"ListItem","position":1,"name":"Home","item":"https:\/\/www.gaveanews.com\/"},{"@type":"ListItem","position":2,"name":"Rubens Menin faz forte promessa para a torcida do Atl\u00e9tico-MG"}]},{"@type":"WebSite","@id":"https:\/\/www.gaveanews.com\/#website","url":"https:\/\/www.gaveanews.com\/","name":"G\u00e1vea News","description":"Veja todas as not\u00edcias sobre o Flamengo: Contrata\u00e7\u00f5es, categorias de base, resultados das partidas, tabela de classifica\u00e7\u00e3o, pr\u00f3ximos jogos!","potentialAction":[{"@type":"SearchAction","target":{"@type":"EntryPoint","urlTemplate":"https:\/\/www.gaveanews.com\/?s={search_term_string}"},"query-input":{"@type":"PropertyValueSpecification","valueRequired":true,"valueName":"search_term_string"}}],"inLanguage":"pt-BR"},{"@type":"Person","@id":"https:\/\/www.gaveanews.com\/#\/schema\/person\/2abf0cfa878f5f899daa5f781e82264c","name":"Lucas Barros","image":{"@type":"ImageObject","inLanguage":"pt-BR","@id":"https:\/\/www.gaveanews.com\/#\/schema\/person\/image\/","url":"https:\/\/secure.gravatar.com\/avatar\/67a6069eba66bf6fd7c80b70e1331baa3dbc3d6df5012d5c22eff29c7d59e0b0?s=96&d=mm&r=g","contentUrl":"https:\/\/secure.gravatar.com\/avatar\/67a6069eba66bf6fd7c80b70e1331baa3dbc3d6df5012d5c22eff29c7d59e0b0?s=96&d=mm&r=g","caption":"Lucas Barros"}}]}},"_links":{"self":[{"href":"https:\/\/www.gaveanews.com\/index.php\/wp-json\/wp\/v2\/posts\/172828","targetHints":{"allow":["GET"]}}],"collection":[{"href":"https:\/\/www.gaveanews.com\/index.php\/wp-json\/wp\/v2\/posts"}],"about":[{"href":"https:\/\/www.gaveanews.com\/index.php\/wp-json\/wp\/v2\/types\/post"}],"author":[{"embeddable":true,"href":"https:\/\/www.gaveanews.com\/index.php\/wp-json\/wp\/v2\/users\/20"}],"replies":[{"embeddable":true,"href":"https:\/\/www.gaveanews.com\/index.php\/wp-json\/wp\/v2\/comments?post=172828"}],"version-history":[{"count":1,"href":"https:\/\/www.gaveanews.com\/index.php\/wp-json\/wp\/v2\/posts\/172828\/revisions"}],"predecessor-version":[{"id":172829,"href":"https:\/\/www.gaveanews.com\/index.php\/wp-json\/wp\/v2\/posts\/172828\/revisions\/172829"}],"wp:featuredmedia":[{"embeddable":true,"href":"https:\/\/www.gaveanews.com\/index.php\/wp-json\/wp\/v2\/media\/153999"}],"wp:attachment":[{"href":"https:\/\/www.gaveanews.com\/index.php\/wp-json\/wp\/v2\/media?parent=172828"}],"wp:term":[{"taxonomy":"category","embeddable":true,"href":"https:\/\/www.gaveanews.com\/index.php\/wp-json\/wp\/v2\/categories?post=172828"},{"taxonomy":"post_tag","embeddable":true,"href":"https:\/\/www.gaveanews.com\/index.php\/wp-json\/wp\/v2\/tags?post=172828"}],"curies":[{"name":"wp","href":"https:\/\/api.w.org\/{rel}","templated":true}]}}