{"id":173001,"date":"2024-10-09T19:10:00","date_gmt":"2024-10-09T22:10:00","guid":{"rendered":"https:\/\/www.gaveanews.com\/?p=173001"},"modified":"2024-10-09T17:02:22","modified_gmt":"2024-10-09T20:02:22","slug":"atletico-mg-encaminha-acordo-com-o-river-plate-antes-do-jogo-da-libertadores","status":"publish","type":"post","link":"https:\/\/www.gaveanews.com\/index.php\/2024\/10\/09\/atletico-mg-encaminha-acordo-com-o-river-plate-antes-do-jogo-da-libertadores\/","title":{"rendered":"Atl\u00e9tico-MG encaminha acordo com o River Plate antes do jogo da Libertadores"},"content":{"rendered":"\n<p>Atl\u00e9tico-MG, do Brasil, e River Plate, da Argentina colocaram seus diretores para realizarem um acordo importante relacionado \u00e0 comercializa\u00e7\u00e3o dos ingressos para os dois duelos das semifinais da Copa Libertadores.<\/p>\n\n\n\n<ul class=\"wp-block-list\">\n<li><a href=\"https:\/\/www.gaveanews.com\/index.php\/2024\/10\/09\/atletico-mg-prepara-renovacao-de-contrato-com-titular\/\">Atl\u00e9tico-MG prepara renova\u00e7\u00e3o de contrato com titular<\/a><\/li>\n\n\n\n<li><a href=\"https:\/\/www.gaveanews.com\/index.php\/2024\/10\/09\/atitude-da-diretoria-do-atletico-mg-irrita-a-torcida\/\">Atitude da diretoria do Atl\u00e9tico-MG irrita a torcida<\/a><\/li>\n<\/ul>\n\n\n\n<h2 class=\"wp-block-heading\" id=\"h-datas-da-semifinais-da-nbsp-copa-libertadores\">Datas da semifinais da&nbsp;Copa Libertadores<\/h2>\n\n\n\n<p>Com o primeiro jogo marcado para o dia 22 de outubro, sendo uma ter\u00e7a-feira, na Arena MRV, casa do Atl\u00e9tico-MG, \u00e0s 21h30 (hor\u00e1rio de Bras\u00edlia).<\/p>\n\n\n\n<p>J\u00e1 a segunda partida est\u00e1 programada para uma semana depois dessa, que ser\u00e1 no dia 29 de outubro, pr\u00f3xima ter\u00e7a-feira, no M\u00e2s Monumental, casa do River Plate.<\/p>\n\n\n\n<h2 class=\"wp-block-heading\" id=\"h-ingressos-dos-atleticanos-para-a-argentina\">Ingressos dos atleticanos para a Argentina<\/h2>\n\n\n\n<p>Nesta ter\u00e7a-feira (8), conforme apurou o portal de not\u00edcias Itatiaia, os clubes conversam para que os ingressos que est\u00e3o destinados aos atleticanos, como visitantes em Buenos Aires, sejam vendidos pelo pr\u00f3prio site do Alvinegro.<\/p>\n\n\n\n<h2 class=\"wp-block-heading\" id=\"h-ingressos-do-el-millonario-para-o-brasil\">Ingressos do El Millonario para o Brasil<\/h2>\n\n\n\n<p>Segundo o Di\u00e1rio Ol\u00e9, portal de not\u00edcias do jornal esportivo argentino, foi dito que os Millionarios j\u00e1 iniciaram as suas vendas para a Arena MRV, casa do Atl\u00e9tico-MG, por meio de um voucher e os quase 4 mil ingressos dispon\u00edveis para o primeiro jogo j\u00e1 se esgotaram.<\/p>\n\n\n\n<h2 class=\"wp-block-heading\" id=\"h-carga-total-de-ingresso\">Carga total de ingresso<\/h2>\n\n\n\n<p>Vale ressaltar que essa est\u00e1 sendo tamb\u00e9m a mesma carga no total de&nbsp; 4 mil ingressos para que os atleticanos que ter\u00e3o na partida para a volta no M\u00e1s Monumental, casa do River Plate.<\/p>\n\n\n\n<h2 class=\"wp-block-heading\" id=\"h-valores\">Valores <\/h2>\n\n\n\n<p>Ainda segundo as informa\u00e7\u00f5es que foram apuradas pela reportagem do Di\u00e1rio Ol\u00e9, os valores totais dos ingressos ser\u00e3o os mesmos para ambos os times.<\/p>\n\n\n\n<p>Onde cada torcedor, de Atl\u00e9tico ou River, pagar\u00e1 o total de R$ 250 por ingresso na arquibancada do visitante. E a expectativa \u00e9 que a comercializa\u00e7\u00e3o j\u00e1 comece na pr\u00f3xima segunda-feira (14).<\/p>\n\n\n\n<h2 class=\"wp-block-heading\" id=\"h-proximos-jogos-do-atletico-mg\">Pr\u00f3ximos jogos do Atl\u00e9tico-MG<\/h2>\n\n\n\n<ul class=\"wp-block-list\">\n<li>Gr\u00eamio&nbsp;(em casa) &#8211; 09\/10, 19h30 (hor\u00e1rio de Bras\u00edlia) &#8211;&nbsp;Brasileir\u00e3o<\/li>\n\n\n\n<li>Fortaleza&nbsp;(fora de casa) &#8211; 16\/10, 21h45 (hor\u00e1rio de Bras\u00edlia) &#8211;&nbsp;Brasileir\u00e3o<\/li>\n\n\n\n<li>Vasco&nbsp;(fora de casa) &#8211; 19\/10, 18h30 (hor\u00e1rio de Bras\u00edlia) &#8211;&nbsp;Copa do Brasil<\/li>\n<\/ul>\n\n\n\n<h2 class=\"wp-block-heading\" id=\"h-proximos-jogos-do-river-plate\">Pr\u00f3ximos jogos do River Plate<\/h2>\n\n\n\n<ul class=\"wp-block-list\">\n<li>V\u00e9lez S\u00e1rsfield (em casa) &#8211; 18\/10, 21h (hor\u00e1rio de Bras\u00edlia) &#8211; Campeonato Argentino<\/li>\n\n\n\n<li>Atl\u00e9tico-MG (fora de casa) &#8211; 22\/10, 21h30 (hor\u00e1rio de Bras\u00edlia) &#8211; Copa Libertadores<\/li>\n\n\n\n<li>Defensa y Justicia (fora de casa) &#8211; 25\/10, 21h (hor\u00e1rio de Bras\u00edlia) &#8211; Campeonato Argentino<\/li>\n<\/ul>\n","protected":false},"excerpt":{"rendered":"<p>Atl\u00e9tico-MG, do Brasil, e River Plate, da Argentina colocaram seus diretores para realizarem um acordo importante relacionado \u00e0 comercializa\u00e7\u00e3o dos ingressos para os dois duelos das semifinais da Copa Libertadores. Datas da semifinais da&nbsp;Copa Libertadores Com o primeiro jogo marcado para o dia 22 de outubro, sendo uma ter\u00e7a-feira, na Arena MRV, casa do Atl\u00e9tico-MG, [&hellip;]<\/p>\n","protected":false},"author":22,"featured_media":150828,"comment_status":"open","ping_status":"closed","sticky":false,"template":"","format":"standard","meta":{"footnotes":""},"categories":[136],"tags":[],"class_list":["post-173001","post","type-post","status-publish","format-standard","has-post-thumbnail","hentry","category-atletico-mg"],"yoast_head":"<!-- This site is optimized with the Yoast SEO Premium plugin v24.2 (Yoast SEO v26.9) - https:\/\/yoast.com\/product\/yoast-seo-premium-wordpress\/ -->\n<title>Atl\u00e9tico-MG encaminha acordo com o River Plate antes do jogo da Libertadores<\/title>\n<meta name=\"robots\" content=\"index, follow, max-snippet:-1, max-image-preview:large, max-video-preview:-1\" \/>\n<link rel=\"canonical\" href=\"https:\/\/www.gaveanews.com\/index.php\/2024\/10\/09\/atletico-mg-encaminha-acordo-com-o-river-plate-antes-do-jogo-da-libertadores\/\" \/>\n<meta property=\"og:locale\" content=\"pt_BR\" \/>\n<meta property=\"og:type\" content=\"article\" \/>\n<meta property=\"og:title\" content=\"Atl\u00e9tico-MG encaminha acordo com o River Plate antes do jogo da Libertadores\" \/>\n<meta property=\"og:description\" content=\"Atl\u00e9tico-MG, do Brasil, e River Plate, da Argentina colocaram seus diretores para realizarem um acordo importante relacionado \u00e0 comercializa\u00e7\u00e3o dos ingressos para os dois duelos das semifinais da Copa Libertadores. Datas da semifinais da&nbsp;Copa Libertadores Com o primeiro jogo marcado para o dia 22 de outubro, sendo uma ter\u00e7a-feira, na Arena MRV, casa do Atl\u00e9tico-MG, [&hellip;]\" \/>\n<meta property=\"og:url\" content=\"https:\/\/www.gaveanews.com\/index.php\/2024\/10\/09\/atletico-mg-encaminha-acordo-com-o-river-plate-antes-do-jogo-da-libertadores\/\" \/>\n<meta property=\"og:site_name\" content=\"G\u00e1vea News\" \/>\n<meta property=\"article:publisher\" content=\"https:\/\/facebook.com\/gaveaNews\/\" \/>\n<meta property=\"article:published_time\" content=\"2024-10-09T22:10:00+00:00\" \/>\n<meta property=\"og:image\" content=\"https:\/\/www.gaveanews.com\/wp-content\/uploads\/Torcida-do-Atletico-MG.webp\" \/>\n\t<meta property=\"og:image:width\" content=\"1066\" \/>\n\t<meta property=\"og:image:height\" content=\"711\" \/>\n\t<meta property=\"og:image:type\" content=\"image\/webp\" \/>\n<meta name=\"author\" content=\"Emilly Lima\" \/>\n<meta name=\"twitter:card\" content=\"summary_large_image\" \/>\n<meta name=\"twitter:label1\" content=\"Escrito por\" \/>\n\t<meta name=\"twitter:data1\" content=\"Emilly Lima\" \/>\n\t<meta name=\"twitter:label2\" content=\"Est. tempo de leitura\" \/>\n\t<meta name=\"twitter:data2\" content=\"3 minutos\" \/>\n<script type=\"application\/ld+json\" class=\"yoast-schema-graph\">{\"@context\":\"https:\/\/schema.org\",\"@graph\":[{\"@type\":\"NewsArticle\",\"@id\":\"https:\/\/www.gaveanews.com\/index.php\/2024\/10\/09\/atletico-mg-encaminha-acordo-com-o-river-plate-antes-do-jogo-da-libertadores\/#article\",\"isPartOf\":{\"@id\":\"https:\/\/www.gaveanews.com\/index.php\/2024\/10\/09\/atletico-mg-encaminha-acordo-com-o-river-plate-antes-do-jogo-da-libertadores\/\"},\"author\":{\"name\":\"Emilly Lima\",\"@id\":\"https:\/\/www.gaveanews.com\/#\/schema\/person\/8597dbe3f4d8513dd20048ce95a1895b\"},\"headline\":\"Atl\u00e9tico-MG encaminha acordo com o River Plate antes do jogo da Libertadores\",\"datePublished\":\"2024-10-09T22:10:00+00:00\",\"mainEntityOfPage\":{\"@id\":\"https:\/\/www.gaveanews.com\/index.php\/2024\/10\/09\/atletico-mg-encaminha-acordo-com-o-river-plate-antes-do-jogo-da-libertadores\/\"},\"wordCount\":435,\"commentCount\":0,\"image\":{\"@id\":\"https:\/\/www.gaveanews.com\/index.php\/2024\/10\/09\/atletico-mg-encaminha-acordo-com-o-river-plate-antes-do-jogo-da-libertadores\/#primaryimage\"},\"thumbnailUrl\":\"https:\/\/www.gaveanews.com\/wp-content\/uploads\/Torcida-do-Atletico-MG.webp\",\"articleSection\":[\"Atl\u00e9tico-MG\"],\"inLanguage\":\"pt-BR\",\"potentialAction\":[{\"@type\":\"CommentAction\",\"name\":\"Comment\",\"target\":[\"https:\/\/www.gaveanews.com\/index.php\/2024\/10\/09\/atletico-mg-encaminha-acordo-com-o-river-plate-antes-do-jogo-da-libertadores\/#respond\"]}],\"copyrightYear\":\"2024\",\"copyrightHolder\":{\"@id\":\"https:\/\/www.gaveanews.com\/#organization\"}},{\"@type\":\"WebPage\",\"@id\":\"https:\/\/www.gaveanews.com\/index.php\/2024\/10\/09\/atletico-mg-encaminha-acordo-com-o-river-plate-antes-do-jogo-da-libertadores\/\",\"url\":\"https:\/\/www.gaveanews.com\/index.php\/2024\/10\/09\/atletico-mg-encaminha-acordo-com-o-river-plate-antes-do-jogo-da-libertadores\/\",\"name\":\"Atl\u00e9tico-MG encaminha acordo com o River Plate antes do jogo da Libertadores\",\"isPartOf\":{\"@id\":\"https:\/\/www.gaveanews.com\/#website\"},\"primaryImageOfPage\":{\"@id\":\"https:\/\/www.gaveanews.com\/index.php\/2024\/10\/09\/atletico-mg-encaminha-acordo-com-o-river-plate-antes-do-jogo-da-libertadores\/#primaryimage\"},\"image\":{\"@id\":\"https:\/\/www.gaveanews.com\/index.php\/2024\/10\/09\/atletico-mg-encaminha-acordo-com-o-river-plate-antes-do-jogo-da-libertadores\/#primaryimage\"},\"thumbnailUrl\":\"https:\/\/www.gaveanews.com\/wp-content\/uploads\/Torcida-do-Atletico-MG.webp\",\"datePublished\":\"2024-10-09T22:10:00+00:00\",\"author\":{\"@id\":\"https:\/\/www.gaveanews.com\/#\/schema\/person\/8597dbe3f4d8513dd20048ce95a1895b\"},\"breadcrumb\":{\"@id\":\"https:\/\/www.gaveanews.com\/index.php\/2024\/10\/09\/atletico-mg-encaminha-acordo-com-o-river-plate-antes-do-jogo-da-libertadores\/#breadcrumb\"},\"inLanguage\":\"pt-BR\",\"potentialAction\":[{\"@type\":\"ReadAction\",\"target\":[\"https:\/\/www.gaveanews.com\/index.php\/2024\/10\/09\/atletico-mg-encaminha-acordo-com-o-river-plate-antes-do-jogo-da-libertadores\/\"]}]},{\"@type\":\"ImageObject\",\"inLanguage\":\"pt-BR\",\"@id\":\"https:\/\/www.gaveanews.com\/index.php\/2024\/10\/09\/atletico-mg-encaminha-acordo-com-o-river-plate-antes-do-jogo-da-libertadores\/#primaryimage\",\"url\":\"https:\/\/www.gaveanews.com\/wp-content\/uploads\/Torcida-do-Atletico-MG.webp\",\"contentUrl\":\"https:\/\/www.gaveanews.com\/wp-content\/uploads\/Torcida-do-Atletico-MG.webp\",\"width\":1066,\"height\":711,\"caption\":\"Torcida do Atl\u00e9tico-MG (Foto: Reprodu\u00e7\u00e3o\/Instagram)\"},{\"@type\":\"BreadcrumbList\",\"@id\":\"https:\/\/www.gaveanews.com\/index.php\/2024\/10\/09\/atletico-mg-encaminha-acordo-com-o-river-plate-antes-do-jogo-da-libertadores\/#breadcrumb\",\"itemListElement\":[{\"@type\":\"ListItem\",\"position\":1,\"name\":\"Home\",\"item\":\"https:\/\/www.gaveanews.com\/\"},{\"@type\":\"ListItem\",\"position\":2,\"name\":\"Atl\u00e9tico-MG encaminha acordo com o River Plate antes do jogo da Libertadores\"}]},{\"@type\":\"WebSite\",\"@id\":\"https:\/\/www.gaveanews.com\/#website\",\"url\":\"https:\/\/www.gaveanews.com\/\",\"name\":\"G\u00e1vea News\",\"description\":\"Veja todas as not\u00edcias sobre o Flamengo: Contrata\u00e7\u00f5es, categorias de base, resultados das partidas, tabela de classifica\u00e7\u00e3o, pr\u00f3ximos jogos!\",\"potentialAction\":[{\"@type\":\"SearchAction\",\"target\":{\"@type\":\"EntryPoint\",\"urlTemplate\":\"https:\/\/www.gaveanews.com\/?s={search_term_string}\"},\"query-input\":{\"@type\":\"PropertyValueSpecification\",\"valueRequired\":true,\"valueName\":\"search_term_string\"}}],\"inLanguage\":\"pt-BR\"},{\"@type\":\"Person\",\"@id\":\"https:\/\/www.gaveanews.com\/#\/schema\/person\/8597dbe3f4d8513dd20048ce95a1895b\",\"name\":\"Emilly Lima\",\"image\":{\"@type\":\"ImageObject\",\"inLanguage\":\"pt-BR\",\"@id\":\"https:\/\/www.gaveanews.com\/#\/schema\/person\/image\/\",\"url\":\"https:\/\/secure.gravatar.com\/avatar\/ddb4d0548bae01de3cb52e0fe30386754e9c41797565aa0a5bf4440ab4f7c0be?s=96&d=mm&r=g\",\"contentUrl\":\"https:\/\/secure.gravatar.com\/avatar\/ddb4d0548bae01de3cb52e0fe30386754e9c41797565aa0a5bf4440ab4f7c0be?s=96&d=mm&r=g\",\"caption\":\"Emilly Lima\"}}]}<\/script>\n<!-- \/ Yoast SEO Premium plugin. -->","yoast_head_json":{"title":"Atl\u00e9tico-MG encaminha acordo com o River Plate antes do jogo da Libertadores","robots":{"index":"index","follow":"follow","max-snippet":"max-snippet:-1","max-image-preview":"max-image-preview:large","max-video-preview":"max-video-preview:-1"},"canonical":"https:\/\/www.gaveanews.com\/index.php\/2024\/10\/09\/atletico-mg-encaminha-acordo-com-o-river-plate-antes-do-jogo-da-libertadores\/","og_locale":"pt_BR","og_type":"article","og_title":"Atl\u00e9tico-MG encaminha acordo com o River Plate antes do jogo da Libertadores","og_description":"Atl\u00e9tico-MG, do Brasil, e River Plate, da Argentina colocaram seus diretores para realizarem um acordo importante relacionado \u00e0 comercializa\u00e7\u00e3o dos ingressos para os dois duelos das semifinais da Copa Libertadores. Datas da semifinais da&nbsp;Copa Libertadores Com o primeiro jogo marcado para o dia 22 de outubro, sendo uma ter\u00e7a-feira, na Arena MRV, casa do Atl\u00e9tico-MG, [&hellip;]","og_url":"https:\/\/www.gaveanews.com\/index.php\/2024\/10\/09\/atletico-mg-encaminha-acordo-com-o-river-plate-antes-do-jogo-da-libertadores\/","og_site_name":"G\u00e1vea News","article_publisher":"https:\/\/facebook.com\/gaveaNews\/","article_published_time":"2024-10-09T22:10:00+00:00","og_image":[{"width":1066,"height":711,"url":"https:\/\/www.gaveanews.com\/wp-content\/uploads\/Torcida-do-Atletico-MG.webp","type":"image\/webp"}],"author":"Emilly Lima","twitter_card":"summary_large_image","twitter_misc":{"Escrito por":"Emilly Lima","Est. tempo de leitura":"3 minutos"},"schema":{"@context":"https:\/\/schema.org","@graph":[{"@type":"NewsArticle","@id":"https:\/\/www.gaveanews.com\/index.php\/2024\/10\/09\/atletico-mg-encaminha-acordo-com-o-river-plate-antes-do-jogo-da-libertadores\/#article","isPartOf":{"@id":"https:\/\/www.gaveanews.com\/index.php\/2024\/10\/09\/atletico-mg-encaminha-acordo-com-o-river-plate-antes-do-jogo-da-libertadores\/"},"author":{"name":"Emilly Lima","@id":"https:\/\/www.gaveanews.com\/#\/schema\/person\/8597dbe3f4d8513dd20048ce95a1895b"},"headline":"Atl\u00e9tico-MG encaminha acordo com o River Plate antes do jogo da Libertadores","datePublished":"2024-10-09T22:10:00+00:00","mainEntityOfPage":{"@id":"https:\/\/www.gaveanews.com\/index.php\/2024\/10\/09\/atletico-mg-encaminha-acordo-com-o-river-plate-antes-do-jogo-da-libertadores\/"},"wordCount":435,"commentCount":0,"image":{"@id":"https:\/\/www.gaveanews.com\/index.php\/2024\/10\/09\/atletico-mg-encaminha-acordo-com-o-river-plate-antes-do-jogo-da-libertadores\/#primaryimage"},"thumbnailUrl":"https:\/\/www.gaveanews.com\/wp-content\/uploads\/Torcida-do-Atletico-MG.webp","articleSection":["Atl\u00e9tico-MG"],"inLanguage":"pt-BR","potentialAction":[{"@type":"CommentAction","name":"Comment","target":["https:\/\/www.gaveanews.com\/index.php\/2024\/10\/09\/atletico-mg-encaminha-acordo-com-o-river-plate-antes-do-jogo-da-libertadores\/#respond"]}],"copyrightYear":"2024","copyrightHolder":{"@id":"https:\/\/www.gaveanews.com\/#organization"}},{"@type":"WebPage","@id":"https:\/\/www.gaveanews.com\/index.php\/2024\/10\/09\/atletico-mg-encaminha-acordo-com-o-river-plate-antes-do-jogo-da-libertadores\/","url":"https:\/\/www.gaveanews.com\/index.php\/2024\/10\/09\/atletico-mg-encaminha-acordo-com-o-river-plate-antes-do-jogo-da-libertadores\/","name":"Atl\u00e9tico-MG encaminha acordo com o River Plate antes do jogo da Libertadores","isPartOf":{"@id":"https:\/\/www.gaveanews.com\/#website"},"primaryImageOfPage":{"@id":"https:\/\/www.gaveanews.com\/index.php\/2024\/10\/09\/atletico-mg-encaminha-acordo-com-o-river-plate-antes-do-jogo-da-libertadores\/#primaryimage"},"image":{"@id":"https:\/\/www.gaveanews.com\/index.php\/2024\/10\/09\/atletico-mg-encaminha-acordo-com-o-river-plate-antes-do-jogo-da-libertadores\/#primaryimage"},"thumbnailUrl":"https:\/\/www.gaveanews.com\/wp-content\/uploads\/Torcida-do-Atletico-MG.webp","datePublished":"2024-10-09T22:10:00+00:00","author":{"@id":"https:\/\/www.gaveanews.com\/#\/schema\/person\/8597dbe3f4d8513dd20048ce95a1895b"},"breadcrumb":{"@id":"https:\/\/www.gaveanews.com\/index.php\/2024\/10\/09\/atletico-mg-encaminha-acordo-com-o-river-plate-antes-do-jogo-da-libertadores\/#breadcrumb"},"inLanguage":"pt-BR","potentialAction":[{"@type":"ReadAction","target":["https:\/\/www.gaveanews.com\/index.php\/2024\/10\/09\/atletico-mg-encaminha-acordo-com-o-river-plate-antes-do-jogo-da-libertadores\/"]}]},{"@type":"ImageObject","inLanguage":"pt-BR","@id":"https:\/\/www.gaveanews.com\/index.php\/2024\/10\/09\/atletico-mg-encaminha-acordo-com-o-river-plate-antes-do-jogo-da-libertadores\/#primaryimage","url":"https:\/\/www.gaveanews.com\/wp-content\/uploads\/Torcida-do-Atletico-MG.webp","contentUrl":"https:\/\/www.gaveanews.com\/wp-content\/uploads\/Torcida-do-Atletico-MG.webp","width":1066,"height":711,"caption":"Torcida do Atl\u00e9tico-MG (Foto: Reprodu\u00e7\u00e3o\/Instagram)"},{"@type":"BreadcrumbList","@id":"https:\/\/www.gaveanews.com\/index.php\/2024\/10\/09\/atletico-mg-encaminha-acordo-com-o-river-plate-antes-do-jogo-da-libertadores\/#breadcrumb","itemListElement":[{"@type":"ListItem","position":1,"name":"Home","item":"https:\/\/www.gaveanews.com\/"},{"@type":"ListItem","position":2,"name":"Atl\u00e9tico-MG encaminha acordo com o River Plate antes do jogo da Libertadores"}]},{"@type":"WebSite","@id":"https:\/\/www.gaveanews.com\/#website","url":"https:\/\/www.gaveanews.com\/","name":"G\u00e1vea News","description":"Veja todas as not\u00edcias sobre o Flamengo: Contrata\u00e7\u00f5es, categorias de base, resultados das partidas, tabela de classifica\u00e7\u00e3o, pr\u00f3ximos jogos!","potentialAction":[{"@type":"SearchAction","target":{"@type":"EntryPoint","urlTemplate":"https:\/\/www.gaveanews.com\/?s={search_term_string}"},"query-input":{"@type":"PropertyValueSpecification","valueRequired":true,"valueName":"search_term_string"}}],"inLanguage":"pt-BR"},{"@type":"Person","@id":"https:\/\/www.gaveanews.com\/#\/schema\/person\/8597dbe3f4d8513dd20048ce95a1895b","name":"Emilly Lima","image":{"@type":"ImageObject","inLanguage":"pt-BR","@id":"https:\/\/www.gaveanews.com\/#\/schema\/person\/image\/","url":"https:\/\/secure.gravatar.com\/avatar\/ddb4d0548bae01de3cb52e0fe30386754e9c41797565aa0a5bf4440ab4f7c0be?s=96&d=mm&r=g","contentUrl":"https:\/\/secure.gravatar.com\/avatar\/ddb4d0548bae01de3cb52e0fe30386754e9c41797565aa0a5bf4440ab4f7c0be?s=96&d=mm&r=g","caption":"Emilly Lima"}}]}},"_links":{"self":[{"href":"https:\/\/www.gaveanews.com\/index.php\/wp-json\/wp\/v2\/posts\/173001","targetHints":{"allow":["GET"]}}],"collection":[{"href":"https:\/\/www.gaveanews.com\/index.php\/wp-json\/wp\/v2\/posts"}],"about":[{"href":"https:\/\/www.gaveanews.com\/index.php\/wp-json\/wp\/v2\/types\/post"}],"author":[{"embeddable":true,"href":"https:\/\/www.gaveanews.com\/index.php\/wp-json\/wp\/v2\/users\/22"}],"replies":[{"embeddable":true,"href":"https:\/\/www.gaveanews.com\/index.php\/wp-json\/wp\/v2\/comments?post=173001"}],"version-history":[{"count":3,"href":"https:\/\/www.gaveanews.com\/index.php\/wp-json\/wp\/v2\/posts\/173001\/revisions"}],"predecessor-version":[{"id":173073,"href":"https:\/\/www.gaveanews.com\/index.php\/wp-json\/wp\/v2\/posts\/173001\/revisions\/173073"}],"wp:featuredmedia":[{"embeddable":true,"href":"https:\/\/www.gaveanews.com\/index.php\/wp-json\/wp\/v2\/media\/150828"}],"wp:attachment":[{"href":"https:\/\/www.gaveanews.com\/index.php\/wp-json\/wp\/v2\/media?parent=173001"}],"wp:term":[{"taxonomy":"category","embeddable":true,"href":"https:\/\/www.gaveanews.com\/index.php\/wp-json\/wp\/v2\/categories?post=173001"},{"taxonomy":"post_tag","embeddable":true,"href":"https:\/\/www.gaveanews.com\/index.php\/wp-json\/wp\/v2\/tags?post=173001"}],"curies":[{"name":"wp","href":"https:\/\/api.w.org\/{rel}","templated":true}]}}