{"id":173014,"date":"2024-10-09T19:00:00","date_gmt":"2024-10-09T22:00:00","guid":{"rendered":"https:\/\/www.gaveanews.com\/?p=173014"},"modified":"2024-10-09T17:34:18","modified_gmt":"2024-10-09T20:34:18","slug":"igor-jesus-vai-ser-titular-do-brasil-com-dorival-jr","status":"publish","type":"post","link":"https:\/\/www.gaveanews.com\/index.php\/2024\/10\/09\/igor-jesus-vai-ser-titular-do-brasil-com-dorival-jr\/","title":{"rendered":"Igor Jesus vai ser titular do Brasil com Dorival Jr?"},"content":{"rendered":"\n<h2 class=\"wp-block-heading\" id=\"h-jogador-tem-grandes-chances-de-iniciar-entre-os-11-titulares\">Jogador tem grandes chances de iniciar entre os 11 titulares<\/h2>\n\n\n\n<p>A Sele\u00e7\u00e3o Brasileira segue treinando no CT do Palmeiras, na Barra Funda, para os pr\u00f3ximos compromissos nas Eliminat\u00f3rias da Am\u00e9rica do Sul. O t\u00e9cnico Dorival Jr vem fazendo alguns testes e a equipe poder\u00e1 ter novidades na escala\u00e7\u00e3o inicial.<\/p>\n\n\n\n<ul class=\"wp-block-list\">\n<li><a href=\"https:\/\/www.gaveanews.com\/index.php\/2024\/10\/08\/gerson-vai-ser-titular-do-brasil-com-dorival-jr\/\">Gerson vai ser titular do Brasil com Dorival Jr?<\/a><\/li>\n\n\n\n<li><a href=\"https:\/\/www.gaveanews.com\/index.php\/2024\/10\/08\/a-declaracao-de-ederson-ser-titular-do-brasil-com-dorival-jr\/\">A declara\u00e7\u00e3o de Ederson sobre ser titular do Brasil com Dorival Jr<\/a><\/li>\n<\/ul>\n\n\n\n<p>No treino desta quarta-feira (9), Dorival novamente escalou o atacante Igor Jesus, do Botafogo, como titular. O centroavante formou o quarteto com Rodrygo, do Real Madrid, Raphinha, do Barcelona e Savinho, do Manchester City. <\/p>\n\n\n\n<p>O lateral-esquerdo Alex Telles, que est\u00e1 de volta a sele\u00e7\u00e3o, disputa vaga com Abner, que dever\u00e1 ser o titular na posi\u00e7\u00e3o. Luiz Henrique, tamb\u00e9m do Botafogo, treinou entre os reservas e a tend\u00eancia \u00e9 de que o atacante inicie o jogo no banco. <\/p>\n\n\n\n<p>A prov\u00e1vel escala\u00e7\u00e3o do Brasil \u00e9: Ederson; Danilo, Marquinhos, Gabriel Magalh\u00e3es e Abner (Alex Telles); Andr\u00e9 e Lucas Paquet\u00e1; Savinho,<strong> <\/strong>Raphinha, Rodrygo e Igor Jesus.<\/p>\n\n\n\n<p>O Brasil encara o Chile, no&nbsp;Est\u00e1dio Nacional de Chile, em Santiago, \u00e0s 21h desta quinta-feira (10) e o Peru, no Man\u00e9 Garrincha, em Bras\u00edlia, \u00e0s 21h45, no dia 15. As partidas s\u00e3o v\u00e1lidas pela nona e d\u00e9cima rodada das Eliminat\u00f3rias da Am\u00e9rica do Sul para a Copa do Mundo de 2026.<\/p>\n\n\n\n<p>Nas Eliminat\u00f3rias, o Brasil ocupa a quinta coloca\u00e7\u00e3o com 10 pontos e em oito jogos disputados at\u00e9 aqui, soma tr\u00eas vit\u00f3rias, um empate e quatro derrotas. O Brasil iniciou a campanha na competi\u00e7\u00e3o com Fernando Diniz como comandante, mas no meio do caminho Dorival Jr assumiu o comando da sele\u00e7\u00e3o. <\/p>\n","protected":false},"excerpt":{"rendered":"<p>Jogador tem grandes chances de iniciar entre os 11 titulares A Sele\u00e7\u00e3o Brasileira segue treinando no CT do Palmeiras, na Barra Funda, para os pr\u00f3ximos compromissos nas Eliminat\u00f3rias da Am\u00e9rica do Sul. O t\u00e9cnico Dorival Jr vem fazendo alguns testes e a equipe poder\u00e1 ter novidades na escala\u00e7\u00e3o inicial. No treino desta quarta-feira (9), Dorival [&hellip;]<\/p>\n","protected":false},"author":21,"featured_media":172206,"comment_status":"open","ping_status":"closed","sticky":false,"template":"","format":"standard","meta":{"footnotes":""},"categories":[138,478],"tags":[],"class_list":["post-173014","post","type-post","status-publish","format-standard","has-post-thumbnail","hentry","category-botafogo","category-brasil"],"yoast_head":"<!-- This site is optimized with the Yoast SEO Premium plugin v24.2 (Yoast SEO v26.9) - https:\/\/yoast.com\/product\/yoast-seo-premium-wordpress\/ -->\n<title>Igor Jesus vai ser titular do Brasil com Dorival Jr?<\/title>\n<meta name=\"robots\" content=\"index, follow, max-snippet:-1, max-image-preview:large, max-video-preview:-1\" \/>\n<link rel=\"canonical\" href=\"https:\/\/www.gaveanews.com\/index.php\/2024\/10\/09\/igor-jesus-vai-ser-titular-do-brasil-com-dorival-jr\/\" \/>\n<meta property=\"og:locale\" content=\"pt_BR\" \/>\n<meta property=\"og:type\" content=\"article\" \/>\n<meta property=\"og:title\" content=\"Igor Jesus vai ser titular do Brasil com Dorival Jr?\" \/>\n<meta property=\"og:description\" content=\"Jogador tem grandes chances de iniciar entre os 11 titulares A Sele\u00e7\u00e3o Brasileira segue treinando no CT do Palmeiras, na Barra Funda, para os pr\u00f3ximos compromissos nas Eliminat\u00f3rias da Am\u00e9rica do Sul. O t\u00e9cnico Dorival Jr vem fazendo alguns testes e a equipe poder\u00e1 ter novidades na escala\u00e7\u00e3o inicial. No treino desta quarta-feira (9), Dorival [&hellip;]\" \/>\n<meta property=\"og:url\" content=\"https:\/\/www.gaveanews.com\/index.php\/2024\/10\/09\/igor-jesus-vai-ser-titular-do-brasil-com-dorival-jr\/\" \/>\n<meta property=\"og:site_name\" content=\"G\u00e1vea News\" \/>\n<meta property=\"article:publisher\" content=\"https:\/\/facebook.com\/gaveaNews\/\" \/>\n<meta property=\"article:published_time\" content=\"2024-10-09T22:00:00+00:00\" \/>\n<meta property=\"og:image\" content=\"https:\/\/www.gaveanews.com\/wp-content\/uploads\/image-2024-10-07T101937.797.webp\" \/>\n\t<meta property=\"og:image:width\" content=\"740\" \/>\n\t<meta property=\"og:image:height\" content=\"416\" \/>\n\t<meta property=\"og:image:type\" content=\"image\/webp\" \/>\n<meta name=\"author\" content=\"Andr\u00e9 Serra\" \/>\n<meta name=\"twitter:card\" content=\"summary_large_image\" \/>\n<meta name=\"twitter:label1\" content=\"Escrito por\" \/>\n\t<meta name=\"twitter:data1\" content=\"Andr\u00e9 Serra\" \/>\n\t<meta name=\"twitter:label2\" content=\"Est. tempo de leitura\" \/>\n\t<meta name=\"twitter:data2\" content=\"2 minutos\" \/>\n<script type=\"application\/ld+json\" class=\"yoast-schema-graph\">{\"@context\":\"https:\/\/schema.org\",\"@graph\":[{\"@type\":\"NewsArticle\",\"@id\":\"https:\/\/www.gaveanews.com\/index.php\/2024\/10\/09\/igor-jesus-vai-ser-titular-do-brasil-com-dorival-jr\/#article\",\"isPartOf\":{\"@id\":\"https:\/\/www.gaveanews.com\/index.php\/2024\/10\/09\/igor-jesus-vai-ser-titular-do-brasil-com-dorival-jr\/\"},\"author\":{\"name\":\"Andr\u00e9 Serra\",\"@id\":\"https:\/\/www.gaveanews.com\/#\/schema\/person\/0277a79a1289c451c281ec0411d84f0c\"},\"headline\":\"Igor Jesus vai ser titular do Brasil com Dorival Jr?\",\"datePublished\":\"2024-10-09T22:00:00+00:00\",\"mainEntityOfPage\":{\"@id\":\"https:\/\/www.gaveanews.com\/index.php\/2024\/10\/09\/igor-jesus-vai-ser-titular-do-brasil-com-dorival-jr\/\"},\"wordCount\":304,\"commentCount\":0,\"image\":{\"@id\":\"https:\/\/www.gaveanews.com\/index.php\/2024\/10\/09\/igor-jesus-vai-ser-titular-do-brasil-com-dorival-jr\/#primaryimage\"},\"thumbnailUrl\":\"https:\/\/www.gaveanews.com\/wp-content\/uploads\/image-2024-10-07T101937.797.webp\",\"articleSection\":[\"Botafogo\",\"Brasil\"],\"inLanguage\":\"pt-BR\",\"potentialAction\":[{\"@type\":\"CommentAction\",\"name\":\"Comment\",\"target\":[\"https:\/\/www.gaveanews.com\/index.php\/2024\/10\/09\/igor-jesus-vai-ser-titular-do-brasil-com-dorival-jr\/#respond\"]}],\"copyrightYear\":\"2024\",\"copyrightHolder\":{\"@id\":\"https:\/\/www.gaveanews.com\/#organization\"}},{\"@type\":\"WebPage\",\"@id\":\"https:\/\/www.gaveanews.com\/index.php\/2024\/10\/09\/igor-jesus-vai-ser-titular-do-brasil-com-dorival-jr\/\",\"url\":\"https:\/\/www.gaveanews.com\/index.php\/2024\/10\/09\/igor-jesus-vai-ser-titular-do-brasil-com-dorival-jr\/\",\"name\":\"Igor Jesus vai ser titular do Brasil com Dorival Jr?\",\"isPartOf\":{\"@id\":\"https:\/\/www.gaveanews.com\/#website\"},\"primaryImageOfPage\":{\"@id\":\"https:\/\/www.gaveanews.com\/index.php\/2024\/10\/09\/igor-jesus-vai-ser-titular-do-brasil-com-dorival-jr\/#primaryimage\"},\"image\":{\"@id\":\"https:\/\/www.gaveanews.com\/index.php\/2024\/10\/09\/igor-jesus-vai-ser-titular-do-brasil-com-dorival-jr\/#primaryimage\"},\"thumbnailUrl\":\"https:\/\/www.gaveanews.com\/wp-content\/uploads\/image-2024-10-07T101937.797.webp\",\"datePublished\":\"2024-10-09T22:00:00+00:00\",\"author\":{\"@id\":\"https:\/\/www.gaveanews.com\/#\/schema\/person\/0277a79a1289c451c281ec0411d84f0c\"},\"breadcrumb\":{\"@id\":\"https:\/\/www.gaveanews.com\/index.php\/2024\/10\/09\/igor-jesus-vai-ser-titular-do-brasil-com-dorival-jr\/#breadcrumb\"},\"inLanguage\":\"pt-BR\",\"potentialAction\":[{\"@type\":\"ReadAction\",\"target\":[\"https:\/\/www.gaveanews.com\/index.php\/2024\/10\/09\/igor-jesus-vai-ser-titular-do-brasil-com-dorival-jr\/\"]}]},{\"@type\":\"ImageObject\",\"inLanguage\":\"pt-BR\",\"@id\":\"https:\/\/www.gaveanews.com\/index.php\/2024\/10\/09\/igor-jesus-vai-ser-titular-do-brasil-com-dorival-jr\/#primaryimage\",\"url\":\"https:\/\/www.gaveanews.com\/wp-content\/uploads\/image-2024-10-07T101937.797.webp\",\"contentUrl\":\"https:\/\/www.gaveanews.com\/wp-content\/uploads\/image-2024-10-07T101937.797.webp\",\"width\":740,\"height\":416,\"caption\":\"Igor Jesus \u00e9 elogiado por Artur Jorge (Foto: Robson Mafra\/AGIF)\"},{\"@type\":\"BreadcrumbList\",\"@id\":\"https:\/\/www.gaveanews.com\/index.php\/2024\/10\/09\/igor-jesus-vai-ser-titular-do-brasil-com-dorival-jr\/#breadcrumb\",\"itemListElement\":[{\"@type\":\"ListItem\",\"position\":1,\"name\":\"Home\",\"item\":\"https:\/\/www.gaveanews.com\/\"},{\"@type\":\"ListItem\",\"position\":2,\"name\":\"Igor Jesus vai ser titular do Brasil com Dorival Jr?\"}]},{\"@type\":\"WebSite\",\"@id\":\"https:\/\/www.gaveanews.com\/#website\",\"url\":\"https:\/\/www.gaveanews.com\/\",\"name\":\"G\u00e1vea News\",\"description\":\"Veja todas as not\u00edcias sobre o Flamengo: Contrata\u00e7\u00f5es, categorias de base, resultados das partidas, tabela de classifica\u00e7\u00e3o, pr\u00f3ximos jogos!\",\"potentialAction\":[{\"@type\":\"SearchAction\",\"target\":{\"@type\":\"EntryPoint\",\"urlTemplate\":\"https:\/\/www.gaveanews.com\/?s={search_term_string}\"},\"query-input\":{\"@type\":\"PropertyValueSpecification\",\"valueRequired\":true,\"valueName\":\"search_term_string\"}}],\"inLanguage\":\"pt-BR\"},{\"@type\":\"Person\",\"@id\":\"https:\/\/www.gaveanews.com\/#\/schema\/person\/0277a79a1289c451c281ec0411d84f0c\",\"name\":\"Andr\u00e9 Serra\",\"image\":{\"@type\":\"ImageObject\",\"inLanguage\":\"pt-BR\",\"@id\":\"https:\/\/www.gaveanews.com\/#\/schema\/person\/image\/\",\"url\":\"https:\/\/secure.gravatar.com\/avatar\/d7231369fe48db93292b3e88eb2162dbd9a34a47a8437d9ef3bcaca2a86a83d7?s=96&d=mm&r=g\",\"contentUrl\":\"https:\/\/secure.gravatar.com\/avatar\/d7231369fe48db93292b3e88eb2162dbd9a34a47a8437d9ef3bcaca2a86a83d7?s=96&d=mm&r=g\",\"caption\":\"Andr\u00e9 Serra\"}}]}<\/script>\n<!-- \/ Yoast SEO Premium plugin. -->","yoast_head_json":{"title":"Igor Jesus vai ser titular do Brasil com Dorival Jr?","robots":{"index":"index","follow":"follow","max-snippet":"max-snippet:-1","max-image-preview":"max-image-preview:large","max-video-preview":"max-video-preview:-1"},"canonical":"https:\/\/www.gaveanews.com\/index.php\/2024\/10\/09\/igor-jesus-vai-ser-titular-do-brasil-com-dorival-jr\/","og_locale":"pt_BR","og_type":"article","og_title":"Igor Jesus vai ser titular do Brasil com Dorival Jr?","og_description":"Jogador tem grandes chances de iniciar entre os 11 titulares A Sele\u00e7\u00e3o Brasileira segue treinando no CT do Palmeiras, na Barra Funda, para os pr\u00f3ximos compromissos nas Eliminat\u00f3rias da Am\u00e9rica do Sul. O t\u00e9cnico Dorival Jr vem fazendo alguns testes e a equipe poder\u00e1 ter novidades na escala\u00e7\u00e3o inicial. No treino desta quarta-feira (9), Dorival [&hellip;]","og_url":"https:\/\/www.gaveanews.com\/index.php\/2024\/10\/09\/igor-jesus-vai-ser-titular-do-brasil-com-dorival-jr\/","og_site_name":"G\u00e1vea News","article_publisher":"https:\/\/facebook.com\/gaveaNews\/","article_published_time":"2024-10-09T22:00:00+00:00","og_image":[{"width":740,"height":416,"url":"https:\/\/www.gaveanews.com\/wp-content\/uploads\/image-2024-10-07T101937.797.webp","type":"image\/webp"}],"author":"Andr\u00e9 Serra","twitter_card":"summary_large_image","twitter_misc":{"Escrito por":"Andr\u00e9 Serra","Est. tempo de leitura":"2 minutos"},"schema":{"@context":"https:\/\/schema.org","@graph":[{"@type":"NewsArticle","@id":"https:\/\/www.gaveanews.com\/index.php\/2024\/10\/09\/igor-jesus-vai-ser-titular-do-brasil-com-dorival-jr\/#article","isPartOf":{"@id":"https:\/\/www.gaveanews.com\/index.php\/2024\/10\/09\/igor-jesus-vai-ser-titular-do-brasil-com-dorival-jr\/"},"author":{"name":"Andr\u00e9 Serra","@id":"https:\/\/www.gaveanews.com\/#\/schema\/person\/0277a79a1289c451c281ec0411d84f0c"},"headline":"Igor Jesus vai ser titular do Brasil com Dorival Jr?","datePublished":"2024-10-09T22:00:00+00:00","mainEntityOfPage":{"@id":"https:\/\/www.gaveanews.com\/index.php\/2024\/10\/09\/igor-jesus-vai-ser-titular-do-brasil-com-dorival-jr\/"},"wordCount":304,"commentCount":0,"image":{"@id":"https:\/\/www.gaveanews.com\/index.php\/2024\/10\/09\/igor-jesus-vai-ser-titular-do-brasil-com-dorival-jr\/#primaryimage"},"thumbnailUrl":"https:\/\/www.gaveanews.com\/wp-content\/uploads\/image-2024-10-07T101937.797.webp","articleSection":["Botafogo","Brasil"],"inLanguage":"pt-BR","potentialAction":[{"@type":"CommentAction","name":"Comment","target":["https:\/\/www.gaveanews.com\/index.php\/2024\/10\/09\/igor-jesus-vai-ser-titular-do-brasil-com-dorival-jr\/#respond"]}],"copyrightYear":"2024","copyrightHolder":{"@id":"https:\/\/www.gaveanews.com\/#organization"}},{"@type":"WebPage","@id":"https:\/\/www.gaveanews.com\/index.php\/2024\/10\/09\/igor-jesus-vai-ser-titular-do-brasil-com-dorival-jr\/","url":"https:\/\/www.gaveanews.com\/index.php\/2024\/10\/09\/igor-jesus-vai-ser-titular-do-brasil-com-dorival-jr\/","name":"Igor Jesus vai ser titular do Brasil com Dorival Jr?","isPartOf":{"@id":"https:\/\/www.gaveanews.com\/#website"},"primaryImageOfPage":{"@id":"https:\/\/www.gaveanews.com\/index.php\/2024\/10\/09\/igor-jesus-vai-ser-titular-do-brasil-com-dorival-jr\/#primaryimage"},"image":{"@id":"https:\/\/www.gaveanews.com\/index.php\/2024\/10\/09\/igor-jesus-vai-ser-titular-do-brasil-com-dorival-jr\/#primaryimage"},"thumbnailUrl":"https:\/\/www.gaveanews.com\/wp-content\/uploads\/image-2024-10-07T101937.797.webp","datePublished":"2024-10-09T22:00:00+00:00","author":{"@id":"https:\/\/www.gaveanews.com\/#\/schema\/person\/0277a79a1289c451c281ec0411d84f0c"},"breadcrumb":{"@id":"https:\/\/www.gaveanews.com\/index.php\/2024\/10\/09\/igor-jesus-vai-ser-titular-do-brasil-com-dorival-jr\/#breadcrumb"},"inLanguage":"pt-BR","potentialAction":[{"@type":"ReadAction","target":["https:\/\/www.gaveanews.com\/index.php\/2024\/10\/09\/igor-jesus-vai-ser-titular-do-brasil-com-dorival-jr\/"]}]},{"@type":"ImageObject","inLanguage":"pt-BR","@id":"https:\/\/www.gaveanews.com\/index.php\/2024\/10\/09\/igor-jesus-vai-ser-titular-do-brasil-com-dorival-jr\/#primaryimage","url":"https:\/\/www.gaveanews.com\/wp-content\/uploads\/image-2024-10-07T101937.797.webp","contentUrl":"https:\/\/www.gaveanews.com\/wp-content\/uploads\/image-2024-10-07T101937.797.webp","width":740,"height":416,"caption":"Igor Jesus \u00e9 elogiado por Artur Jorge (Foto: Robson Mafra\/AGIF)"},{"@type":"BreadcrumbList","@id":"https:\/\/www.gaveanews.com\/index.php\/2024\/10\/09\/igor-jesus-vai-ser-titular-do-brasil-com-dorival-jr\/#breadcrumb","itemListElement":[{"@type":"ListItem","position":1,"name":"Home","item":"https:\/\/www.gaveanews.com\/"},{"@type":"ListItem","position":2,"name":"Igor Jesus vai ser titular do Brasil com Dorival Jr?"}]},{"@type":"WebSite","@id":"https:\/\/www.gaveanews.com\/#website","url":"https:\/\/www.gaveanews.com\/","name":"G\u00e1vea News","description":"Veja todas as not\u00edcias sobre o Flamengo: Contrata\u00e7\u00f5es, categorias de base, resultados das partidas, tabela de classifica\u00e7\u00e3o, pr\u00f3ximos jogos!","potentialAction":[{"@type":"SearchAction","target":{"@type":"EntryPoint","urlTemplate":"https:\/\/www.gaveanews.com\/?s={search_term_string}"},"query-input":{"@type":"PropertyValueSpecification","valueRequired":true,"valueName":"search_term_string"}}],"inLanguage":"pt-BR"},{"@type":"Person","@id":"https:\/\/www.gaveanews.com\/#\/schema\/person\/0277a79a1289c451c281ec0411d84f0c","name":"Andr\u00e9 Serra","image":{"@type":"ImageObject","inLanguage":"pt-BR","@id":"https:\/\/www.gaveanews.com\/#\/schema\/person\/image\/","url":"https:\/\/secure.gravatar.com\/avatar\/d7231369fe48db93292b3e88eb2162dbd9a34a47a8437d9ef3bcaca2a86a83d7?s=96&d=mm&r=g","contentUrl":"https:\/\/secure.gravatar.com\/avatar\/d7231369fe48db93292b3e88eb2162dbd9a34a47a8437d9ef3bcaca2a86a83d7?s=96&d=mm&r=g","caption":"Andr\u00e9 Serra"}}]}},"_links":{"self":[{"href":"https:\/\/www.gaveanews.com\/index.php\/wp-json\/wp\/v2\/posts\/173014","targetHints":{"allow":["GET"]}}],"collection":[{"href":"https:\/\/www.gaveanews.com\/index.php\/wp-json\/wp\/v2\/posts"}],"about":[{"href":"https:\/\/www.gaveanews.com\/index.php\/wp-json\/wp\/v2\/types\/post"}],"author":[{"embeddable":true,"href":"https:\/\/www.gaveanews.com\/index.php\/wp-json\/wp\/v2\/users\/21"}],"replies":[{"embeddable":true,"href":"https:\/\/www.gaveanews.com\/index.php\/wp-json\/wp\/v2\/comments?post=173014"}],"version-history":[{"count":2,"href":"https:\/\/www.gaveanews.com\/index.php\/wp-json\/wp\/v2\/posts\/173014\/revisions"}],"predecessor-version":[{"id":173099,"href":"https:\/\/www.gaveanews.com\/index.php\/wp-json\/wp\/v2\/posts\/173014\/revisions\/173099"}],"wp:featuredmedia":[{"embeddable":true,"href":"https:\/\/www.gaveanews.com\/index.php\/wp-json\/wp\/v2\/media\/172206"}],"wp:attachment":[{"href":"https:\/\/www.gaveanews.com\/index.php\/wp-json\/wp\/v2\/media?parent=173014"}],"wp:term":[{"taxonomy":"category","embeddable":true,"href":"https:\/\/www.gaveanews.com\/index.php\/wp-json\/wp\/v2\/categories?post=173014"},{"taxonomy":"post_tag","embeddable":true,"href":"https:\/\/www.gaveanews.com\/index.php\/wp-json\/wp\/v2\/tags?post=173014"}],"curies":[{"name":"wp","href":"https:\/\/api.w.org\/{rel}","templated":true}]}}