{"id":173027,"date":"2024-10-09T22:20:00","date_gmt":"2024-10-10T01:20:00","guid":{"rendered":"https:\/\/www.gaveanews.com\/?p=173027"},"modified":"2024-10-09T17:21:42","modified_gmt":"2024-10-09T20:21:42","slug":"depay-vai-deixar-o-corinthians-imprensa-da-europa-repercute","status":"publish","type":"post","link":"https:\/\/www.gaveanews.com\/index.php\/2024\/10\/09\/depay-vai-deixar-o-corinthians-imprensa-da-europa-repercute\/","title":{"rendered":"Depay vai deixar o Corinthians? Imprensa da Europa repercute"},"content":{"rendered":"\n<p>O Corinthians vive um momento complicado, tanto dentro quanto fora de campo. Al\u00e9m de lutar para sair da zona de rebaixamento no Brasileir\u00e3o, a equipe enfrenta quest\u00f5es financeiras e contratuais que podem impactar diretamente seu elenco. Um dos nomes que est\u00e1 no centro dessa turbul\u00eancia \u00e9 o craque holand\u00eas Memphis Depay.<\/p>\n\n\n\n<ul class=\"wp-block-list\">\n<li><a href=\"https:\/\/www.gaveanews.com\/index.php\/2024\/10\/09\/stjd-podera-interferir-em-jogo-do-corinthians\/\">STJD poder\u00e1 interferir em jogo do Corinthians<\/a><\/li>\n\n\n\n<li><a href=\"https:\/\/www.gaveanews.com\/index.php\/2024\/10\/09\/corinthians-define-plano-b-em-caso-de-calote-da-esporte-da-sorte\/\">Corinthians define \u2018plano B\u2019 em caso de calote da Esporte da Sorte<\/a><\/li>\n<\/ul>\n\n\n\n<h2 class=\"wp-block-heading\" id=\"h-futuro-incerto-de-memphis-depay\">Futuro Incerto de Memphis Depay<\/h2>\n\n\n\n<p>Anunciado com grande expectativa no dia 9 de setembro, Memphis Depay assinou contrato com o Corinthians at\u00e9 o final de 2026. No entanto, segundo informa\u00e7\u00f5es do jornal ingl\u00eas The Sun, o atacante pode n\u00e3o permanecer no clube paulista por muito tempo. Isso porque a situa\u00e7\u00e3o envolvendo o patrocinador m\u00e1ster, a casa de apostas Esportes da Sorte, influencia diretamente no pagamento do sal\u00e1rio do jogador.<\/p>\n\n\n\n<p>Vale destacar que a Esportes da Sorte n\u00e3o est\u00e1 devidamente licenciada para atuar no Brasil, o que tem gerado apreens\u00e3o nos bastidores. Por isso, h\u00e1 o risco de Memphis deixar o Corinthians j\u00e1 em outubro, tornando-se agente livre. Sendo assim, se o impasse n\u00e3o for resolvido, o clube poder\u00e1 rescindir o contrato do atacante para evitar maiores complica\u00e7\u00f5es financeiras.<\/p>\n\n\n\n<h2 class=\"wp-block-heading\" id=\"h-influencia-da-esportes-da-sorte\">Influ\u00eancia da Esportes da Sorte<\/h2>\n\n\n\n<p>A parceria entre o Corinthians e a Esportes da Sorte, al\u00e9m de pol\u00eamica, est\u00e1 sob an\u00e1lise constante. Isso porque a empresa tem enfrentado dificuldades para se regularizar no pa\u00eds. Na \u00faltima segunda-feira (7), a casa de apostas declarou ter recebido autoriza\u00e7\u00e3o da Loteria do Estado do Rio de Janeiro para operar, mas isso ainda n\u00e3o dissipou as d\u00favidas sobre o futuro dessa rela\u00e7\u00e3o.<\/p>\n\n\n\n<p>O clube, por sua vez, segue confiante de que a situa\u00e7\u00e3o ser\u00e1 resolvida. No entanto, cabe ressaltar que, caso o cen\u00e1rio n\u00e3o se resolva rapidamente, o Corinthians poder\u00e1 perder um dos seus maiores refor\u00e7os nesta temporada.<\/p>\n\n\n\n<h2 class=\"wp-block-heading\" id=\"h-impacto-no-time\">Impacto no Time<\/h2>\n\n\n\n<p>Com isso, a sa\u00edda de Memphis representaria uma grande perda t\u00e9cnica para o Corinthians, especialmente em um momento de alta press\u00e3o. Al\u00e9m disso, o t\u00e9cnico Ram\u00f3n D\u00edaz, j\u00e1 bastante pressionado pelos resultados, teria que buscar novas solu\u00e7\u00f5es em campo para tentar melhorar a situa\u00e7\u00e3o do clube.<\/p>\n\n\n\n<p>Dessa maneira, resta saber se a diretoria conseguir\u00e1 resolver essa quest\u00e3o a tempo e manter o craque holand\u00eas em sua equipe.<\/p>\n","protected":false},"excerpt":{"rendered":"<p>O Corinthians vive um momento complicado, tanto dentro quanto fora de campo. Al\u00e9m de lutar para sair da zona de rebaixamento no Brasileir\u00e3o, a equipe enfrenta quest\u00f5es financeiras e contratuais que podem impactar diretamente seu elenco. Um dos nomes que est\u00e1 no centro dessa turbul\u00eancia \u00e9 o craque holand\u00eas Memphis Depay. Futuro Incerto de Memphis [&hellip;]<\/p>\n","protected":false},"author":24,"featured_media":167548,"comment_status":"open","ping_status":"closed","sticky":false,"template":"","format":"standard","meta":{"footnotes":""},"categories":[141],"tags":[],"class_list":["post-173027","post","type-post","status-publish","format-standard","has-post-thumbnail","hentry","category-corinthians"],"yoast_head":"<!-- This site is optimized with the Yoast SEO Premium plugin v24.2 (Yoast SEO v26.9) - https:\/\/yoast.com\/product\/yoast-seo-premium-wordpress\/ -->\n<title>Depay vai deixar o Corinthians? Imprensa da Europa repercute<\/title>\n<meta name=\"robots\" content=\"index, follow, max-snippet:-1, max-image-preview:large, max-video-preview:-1\" \/>\n<link rel=\"canonical\" href=\"https:\/\/www.gaveanews.com\/index.php\/2024\/10\/09\/depay-vai-deixar-o-corinthians-imprensa-da-europa-repercute\/\" \/>\n<meta property=\"og:locale\" content=\"pt_BR\" \/>\n<meta property=\"og:type\" content=\"article\" \/>\n<meta property=\"og:title\" content=\"Depay vai deixar o Corinthians? Imprensa da Europa repercute\" \/>\n<meta property=\"og:description\" content=\"O Corinthians vive um momento complicado, tanto dentro quanto fora de campo. Al\u00e9m de lutar para sair da zona de rebaixamento no Brasileir\u00e3o, a equipe enfrenta quest\u00f5es financeiras e contratuais que podem impactar diretamente seu elenco. Um dos nomes que est\u00e1 no centro dessa turbul\u00eancia \u00e9 o craque holand\u00eas Memphis Depay. Futuro Incerto de Memphis [&hellip;]\" \/>\n<meta property=\"og:url\" content=\"https:\/\/www.gaveanews.com\/index.php\/2024\/10\/09\/depay-vai-deixar-o-corinthians-imprensa-da-europa-repercute\/\" \/>\n<meta property=\"og:site_name\" content=\"G\u00e1vea News\" \/>\n<meta property=\"article:publisher\" content=\"https:\/\/facebook.com\/gaveaNews\/\" \/>\n<meta property=\"article:published_time\" content=\"2024-10-10T01:20:00+00:00\" \/>\n<meta property=\"og:image\" content=\"https:\/\/www.gaveanews.com\/wp-content\/uploads\/Memphis-Depay-com-a-camisa-do-Corinthians-em-2024-1.webp\" \/>\n\t<meta property=\"og:image:width\" content=\"1182\" \/>\n\t<meta property=\"og:image:height\" content=\"788\" \/>\n\t<meta property=\"og:image:type\" content=\"image\/webp\" \/>\n<meta name=\"author\" content=\"Leandro Cardoso\" \/>\n<meta name=\"twitter:card\" content=\"summary_large_image\" \/>\n<meta name=\"twitter:label1\" content=\"Escrito por\" \/>\n\t<meta name=\"twitter:data1\" content=\"Leandro Cardoso\" \/>\n\t<meta name=\"twitter:label2\" content=\"Est. tempo de leitura\" \/>\n\t<meta name=\"twitter:data2\" content=\"3 minutos\" \/>\n<script type=\"application\/ld+json\" class=\"yoast-schema-graph\">{\"@context\":\"https:\/\/schema.org\",\"@graph\":[{\"@type\":\"NewsArticle\",\"@id\":\"https:\/\/www.gaveanews.com\/index.php\/2024\/10\/09\/depay-vai-deixar-o-corinthians-imprensa-da-europa-repercute\/#article\",\"isPartOf\":{\"@id\":\"https:\/\/www.gaveanews.com\/index.php\/2024\/10\/09\/depay-vai-deixar-o-corinthians-imprensa-da-europa-repercute\/\"},\"author\":{\"name\":\"Leandro Cardoso\",\"@id\":\"https:\/\/www.gaveanews.com\/#\/schema\/person\/2424ec6409bc3f068411fc5e4e9b6168\"},\"headline\":\"Depay vai deixar o Corinthians? Imprensa da Europa repercute\",\"datePublished\":\"2024-10-10T01:20:00+00:00\",\"mainEntityOfPage\":{\"@id\":\"https:\/\/www.gaveanews.com\/index.php\/2024\/10\/09\/depay-vai-deixar-o-corinthians-imprensa-da-europa-repercute\/\"},\"wordCount\":416,\"commentCount\":0,\"image\":{\"@id\":\"https:\/\/www.gaveanews.com\/index.php\/2024\/10\/09\/depay-vai-deixar-o-corinthians-imprensa-da-europa-repercute\/#primaryimage\"},\"thumbnailUrl\":\"https:\/\/www.gaveanews.com\/wp-content\/uploads\/Memphis-Depay-com-a-camisa-do-Corinthians-em-2024-1.webp\",\"articleSection\":[\"Corinthians\"],\"inLanguage\":\"pt-BR\",\"potentialAction\":[{\"@type\":\"CommentAction\",\"name\":\"Comment\",\"target\":[\"https:\/\/www.gaveanews.com\/index.php\/2024\/10\/09\/depay-vai-deixar-o-corinthians-imprensa-da-europa-repercute\/#respond\"]}],\"copyrightYear\":\"2024\",\"copyrightHolder\":{\"@id\":\"https:\/\/www.gaveanews.com\/#organization\"}},{\"@type\":\"WebPage\",\"@id\":\"https:\/\/www.gaveanews.com\/index.php\/2024\/10\/09\/depay-vai-deixar-o-corinthians-imprensa-da-europa-repercute\/\",\"url\":\"https:\/\/www.gaveanews.com\/index.php\/2024\/10\/09\/depay-vai-deixar-o-corinthians-imprensa-da-europa-repercute\/\",\"name\":\"Depay vai deixar o Corinthians? Imprensa da Europa repercute\",\"isPartOf\":{\"@id\":\"https:\/\/www.gaveanews.com\/#website\"},\"primaryImageOfPage\":{\"@id\":\"https:\/\/www.gaveanews.com\/index.php\/2024\/10\/09\/depay-vai-deixar-o-corinthians-imprensa-da-europa-repercute\/#primaryimage\"},\"image\":{\"@id\":\"https:\/\/www.gaveanews.com\/index.php\/2024\/10\/09\/depay-vai-deixar-o-corinthians-imprensa-da-europa-repercute\/#primaryimage\"},\"thumbnailUrl\":\"https:\/\/www.gaveanews.com\/wp-content\/uploads\/Memphis-Depay-com-a-camisa-do-Corinthians-em-2024-1.webp\",\"datePublished\":\"2024-10-10T01:20:00+00:00\",\"author\":{\"@id\":\"https:\/\/www.gaveanews.com\/#\/schema\/person\/2424ec6409bc3f068411fc5e4e9b6168\"},\"breadcrumb\":{\"@id\":\"https:\/\/www.gaveanews.com\/index.php\/2024\/10\/09\/depay-vai-deixar-o-corinthians-imprensa-da-europa-repercute\/#breadcrumb\"},\"inLanguage\":\"pt-BR\",\"potentialAction\":[{\"@type\":\"ReadAction\",\"target\":[\"https:\/\/www.gaveanews.com\/index.php\/2024\/10\/09\/depay-vai-deixar-o-corinthians-imprensa-da-europa-repercute\/\"]}]},{\"@type\":\"ImageObject\",\"inLanguage\":\"pt-BR\",\"@id\":\"https:\/\/www.gaveanews.com\/index.php\/2024\/10\/09\/depay-vai-deixar-o-corinthians-imprensa-da-europa-repercute\/#primaryimage\",\"url\":\"https:\/\/www.gaveanews.com\/wp-content\/uploads\/Memphis-Depay-com-a-camisa-do-Corinthians-em-2024-1.webp\",\"contentUrl\":\"https:\/\/www.gaveanews.com\/wp-content\/uploads\/Memphis-Depay-com-a-camisa-do-Corinthians-em-2024-1.webp\",\"width\":1182,\"height\":788,\"caption\":\"Memphis Depay com a camisa do Corinthians em 2024 (Foto: Reprodu\u00e7\u00e3o\/Instagram)\"},{\"@type\":\"BreadcrumbList\",\"@id\":\"https:\/\/www.gaveanews.com\/index.php\/2024\/10\/09\/depay-vai-deixar-o-corinthians-imprensa-da-europa-repercute\/#breadcrumb\",\"itemListElement\":[{\"@type\":\"ListItem\",\"position\":1,\"name\":\"Home\",\"item\":\"https:\/\/www.gaveanews.com\/\"},{\"@type\":\"ListItem\",\"position\":2,\"name\":\"Depay vai deixar o Corinthians? Imprensa da Europa repercute\"}]},{\"@type\":\"WebSite\",\"@id\":\"https:\/\/www.gaveanews.com\/#website\",\"url\":\"https:\/\/www.gaveanews.com\/\",\"name\":\"G\u00e1vea News\",\"description\":\"Veja todas as not\u00edcias sobre o Flamengo: Contrata\u00e7\u00f5es, categorias de base, resultados das partidas, tabela de classifica\u00e7\u00e3o, pr\u00f3ximos jogos!\",\"potentialAction\":[{\"@type\":\"SearchAction\",\"target\":{\"@type\":\"EntryPoint\",\"urlTemplate\":\"https:\/\/www.gaveanews.com\/?s={search_term_string}\"},\"query-input\":{\"@type\":\"PropertyValueSpecification\",\"valueRequired\":true,\"valueName\":\"search_term_string\"}}],\"inLanguage\":\"pt-BR\"},{\"@type\":\"Person\",\"@id\":\"https:\/\/www.gaveanews.com\/#\/schema\/person\/2424ec6409bc3f068411fc5e4e9b6168\",\"name\":\"Leandro Cardoso\",\"image\":{\"@type\":\"ImageObject\",\"inLanguage\":\"pt-BR\",\"@id\":\"https:\/\/www.gaveanews.com\/#\/schema\/person\/image\/\",\"url\":\"https:\/\/secure.gravatar.com\/avatar\/8ca179f9b55eefe9f376f5493ef25475bfa59fbc28ce937f6076ce20e523098f?s=96&d=mm&r=g\",\"contentUrl\":\"https:\/\/secure.gravatar.com\/avatar\/8ca179f9b55eefe9f376f5493ef25475bfa59fbc28ce937f6076ce20e523098f?s=96&d=mm&r=g\",\"caption\":\"Leandro Cardoso\"}}]}<\/script>\n<!-- \/ Yoast SEO Premium plugin. -->","yoast_head_json":{"title":"Depay vai deixar o Corinthians? Imprensa da Europa repercute","robots":{"index":"index","follow":"follow","max-snippet":"max-snippet:-1","max-image-preview":"max-image-preview:large","max-video-preview":"max-video-preview:-1"},"canonical":"https:\/\/www.gaveanews.com\/index.php\/2024\/10\/09\/depay-vai-deixar-o-corinthians-imprensa-da-europa-repercute\/","og_locale":"pt_BR","og_type":"article","og_title":"Depay vai deixar o Corinthians? Imprensa da Europa repercute","og_description":"O Corinthians vive um momento complicado, tanto dentro quanto fora de campo. Al\u00e9m de lutar para sair da zona de rebaixamento no Brasileir\u00e3o, a equipe enfrenta quest\u00f5es financeiras e contratuais que podem impactar diretamente seu elenco. Um dos nomes que est\u00e1 no centro dessa turbul\u00eancia \u00e9 o craque holand\u00eas Memphis Depay. Futuro Incerto de Memphis [&hellip;]","og_url":"https:\/\/www.gaveanews.com\/index.php\/2024\/10\/09\/depay-vai-deixar-o-corinthians-imprensa-da-europa-repercute\/","og_site_name":"G\u00e1vea News","article_publisher":"https:\/\/facebook.com\/gaveaNews\/","article_published_time":"2024-10-10T01:20:00+00:00","og_image":[{"width":1182,"height":788,"url":"https:\/\/www.gaveanews.com\/wp-content\/uploads\/Memphis-Depay-com-a-camisa-do-Corinthians-em-2024-1.webp","type":"image\/webp"}],"author":"Leandro Cardoso","twitter_card":"summary_large_image","twitter_misc":{"Escrito por":"Leandro Cardoso","Est. tempo de leitura":"3 minutos"},"schema":{"@context":"https:\/\/schema.org","@graph":[{"@type":"NewsArticle","@id":"https:\/\/www.gaveanews.com\/index.php\/2024\/10\/09\/depay-vai-deixar-o-corinthians-imprensa-da-europa-repercute\/#article","isPartOf":{"@id":"https:\/\/www.gaveanews.com\/index.php\/2024\/10\/09\/depay-vai-deixar-o-corinthians-imprensa-da-europa-repercute\/"},"author":{"name":"Leandro Cardoso","@id":"https:\/\/www.gaveanews.com\/#\/schema\/person\/2424ec6409bc3f068411fc5e4e9b6168"},"headline":"Depay vai deixar o Corinthians? Imprensa da Europa repercute","datePublished":"2024-10-10T01:20:00+00:00","mainEntityOfPage":{"@id":"https:\/\/www.gaveanews.com\/index.php\/2024\/10\/09\/depay-vai-deixar-o-corinthians-imprensa-da-europa-repercute\/"},"wordCount":416,"commentCount":0,"image":{"@id":"https:\/\/www.gaveanews.com\/index.php\/2024\/10\/09\/depay-vai-deixar-o-corinthians-imprensa-da-europa-repercute\/#primaryimage"},"thumbnailUrl":"https:\/\/www.gaveanews.com\/wp-content\/uploads\/Memphis-Depay-com-a-camisa-do-Corinthians-em-2024-1.webp","articleSection":["Corinthians"],"inLanguage":"pt-BR","potentialAction":[{"@type":"CommentAction","name":"Comment","target":["https:\/\/www.gaveanews.com\/index.php\/2024\/10\/09\/depay-vai-deixar-o-corinthians-imprensa-da-europa-repercute\/#respond"]}],"copyrightYear":"2024","copyrightHolder":{"@id":"https:\/\/www.gaveanews.com\/#organization"}},{"@type":"WebPage","@id":"https:\/\/www.gaveanews.com\/index.php\/2024\/10\/09\/depay-vai-deixar-o-corinthians-imprensa-da-europa-repercute\/","url":"https:\/\/www.gaveanews.com\/index.php\/2024\/10\/09\/depay-vai-deixar-o-corinthians-imprensa-da-europa-repercute\/","name":"Depay vai deixar o Corinthians? Imprensa da Europa repercute","isPartOf":{"@id":"https:\/\/www.gaveanews.com\/#website"},"primaryImageOfPage":{"@id":"https:\/\/www.gaveanews.com\/index.php\/2024\/10\/09\/depay-vai-deixar-o-corinthians-imprensa-da-europa-repercute\/#primaryimage"},"image":{"@id":"https:\/\/www.gaveanews.com\/index.php\/2024\/10\/09\/depay-vai-deixar-o-corinthians-imprensa-da-europa-repercute\/#primaryimage"},"thumbnailUrl":"https:\/\/www.gaveanews.com\/wp-content\/uploads\/Memphis-Depay-com-a-camisa-do-Corinthians-em-2024-1.webp","datePublished":"2024-10-10T01:20:00+00:00","author":{"@id":"https:\/\/www.gaveanews.com\/#\/schema\/person\/2424ec6409bc3f068411fc5e4e9b6168"},"breadcrumb":{"@id":"https:\/\/www.gaveanews.com\/index.php\/2024\/10\/09\/depay-vai-deixar-o-corinthians-imprensa-da-europa-repercute\/#breadcrumb"},"inLanguage":"pt-BR","potentialAction":[{"@type":"ReadAction","target":["https:\/\/www.gaveanews.com\/index.php\/2024\/10\/09\/depay-vai-deixar-o-corinthians-imprensa-da-europa-repercute\/"]}]},{"@type":"ImageObject","inLanguage":"pt-BR","@id":"https:\/\/www.gaveanews.com\/index.php\/2024\/10\/09\/depay-vai-deixar-o-corinthians-imprensa-da-europa-repercute\/#primaryimage","url":"https:\/\/www.gaveanews.com\/wp-content\/uploads\/Memphis-Depay-com-a-camisa-do-Corinthians-em-2024-1.webp","contentUrl":"https:\/\/www.gaveanews.com\/wp-content\/uploads\/Memphis-Depay-com-a-camisa-do-Corinthians-em-2024-1.webp","width":1182,"height":788,"caption":"Memphis Depay com a camisa do Corinthians em 2024 (Foto: Reprodu\u00e7\u00e3o\/Instagram)"},{"@type":"BreadcrumbList","@id":"https:\/\/www.gaveanews.com\/index.php\/2024\/10\/09\/depay-vai-deixar-o-corinthians-imprensa-da-europa-repercute\/#breadcrumb","itemListElement":[{"@type":"ListItem","position":1,"name":"Home","item":"https:\/\/www.gaveanews.com\/"},{"@type":"ListItem","position":2,"name":"Depay vai deixar o Corinthians? Imprensa da Europa repercute"}]},{"@type":"WebSite","@id":"https:\/\/www.gaveanews.com\/#website","url":"https:\/\/www.gaveanews.com\/","name":"G\u00e1vea News","description":"Veja todas as not\u00edcias sobre o Flamengo: Contrata\u00e7\u00f5es, categorias de base, resultados das partidas, tabela de classifica\u00e7\u00e3o, pr\u00f3ximos jogos!","potentialAction":[{"@type":"SearchAction","target":{"@type":"EntryPoint","urlTemplate":"https:\/\/www.gaveanews.com\/?s={search_term_string}"},"query-input":{"@type":"PropertyValueSpecification","valueRequired":true,"valueName":"search_term_string"}}],"inLanguage":"pt-BR"},{"@type":"Person","@id":"https:\/\/www.gaveanews.com\/#\/schema\/person\/2424ec6409bc3f068411fc5e4e9b6168","name":"Leandro Cardoso","image":{"@type":"ImageObject","inLanguage":"pt-BR","@id":"https:\/\/www.gaveanews.com\/#\/schema\/person\/image\/","url":"https:\/\/secure.gravatar.com\/avatar\/8ca179f9b55eefe9f376f5493ef25475bfa59fbc28ce937f6076ce20e523098f?s=96&d=mm&r=g","contentUrl":"https:\/\/secure.gravatar.com\/avatar\/8ca179f9b55eefe9f376f5493ef25475bfa59fbc28ce937f6076ce20e523098f?s=96&d=mm&r=g","caption":"Leandro Cardoso"}}]}},"_links":{"self":[{"href":"https:\/\/www.gaveanews.com\/index.php\/wp-json\/wp\/v2\/posts\/173027","targetHints":{"allow":["GET"]}}],"collection":[{"href":"https:\/\/www.gaveanews.com\/index.php\/wp-json\/wp\/v2\/posts"}],"about":[{"href":"https:\/\/www.gaveanews.com\/index.php\/wp-json\/wp\/v2\/types\/post"}],"author":[{"embeddable":true,"href":"https:\/\/www.gaveanews.com\/index.php\/wp-json\/wp\/v2\/users\/24"}],"replies":[{"embeddable":true,"href":"https:\/\/www.gaveanews.com\/index.php\/wp-json\/wp\/v2\/comments?post=173027"}],"version-history":[{"count":1,"href":"https:\/\/www.gaveanews.com\/index.php\/wp-json\/wp\/v2\/posts\/173027\/revisions"}],"predecessor-version":[{"id":173029,"href":"https:\/\/www.gaveanews.com\/index.php\/wp-json\/wp\/v2\/posts\/173027\/revisions\/173029"}],"wp:featuredmedia":[{"embeddable":true,"href":"https:\/\/www.gaveanews.com\/index.php\/wp-json\/wp\/v2\/media\/167548"}],"wp:attachment":[{"href":"https:\/\/www.gaveanews.com\/index.php\/wp-json\/wp\/v2\/media?parent=173027"}],"wp:term":[{"taxonomy":"category","embeddable":true,"href":"https:\/\/www.gaveanews.com\/index.php\/wp-json\/wp\/v2\/categories?post=173027"},{"taxonomy":"post_tag","embeddable":true,"href":"https:\/\/www.gaveanews.com\/index.php\/wp-json\/wp\/v2\/tags?post=173027"}],"curies":[{"name":"wp","href":"https:\/\/api.w.org\/{rel}","templated":true}]}}