{"id":173044,"date":"2024-10-09T19:30:00","date_gmt":"2024-10-09T22:30:00","guid":{"rendered":"https:\/\/www.gaveanews.com\/?p=173044"},"modified":"2024-10-09T17:24:33","modified_gmt":"2024-10-09T20:24:33","slug":"felipe-melo-e-marcelo-vao-renovar-com-o-fluminense","status":"publish","type":"post","link":"https:\/\/www.gaveanews.com\/index.php\/2024\/10\/09\/felipe-melo-e-marcelo-vao-renovar-com-o-fluminense\/","title":{"rendered":"Felipe Melo e Marcelo v\u00e3o renovar com o Fluminense?"},"content":{"rendered":"\n<p>Com o final da temporada se aproximando, o Fluminense enfrenta decis\u00f5es importantes sobre o futuro de alguns de seus veteranos. Entre eles, Felipe Melo e Marcelo vivem momentos de incerteza, cada um com realidades bem distintas dentro do clube.<\/p>\n\n\n\n<ul class=\"wp-block-list\">\n<li><a href=\"https:\/\/www.gaveanews.com\/index.php\/2024\/10\/09\/revelacao-do-fluminense-agora-vai-jogar-no-time-de-john-textor\/\">Revela\u00e7\u00e3o do Fluminense agora vai jogar no time de John Textor<\/a><\/li>\n\n\n\n<li><a href=\"https:\/\/www.gaveanews.com\/index.php\/2024\/10\/09\/fluminense-monta-mega-operacao-para-ter-dois-reforcos-contra-o-flamengo\/\">Fluminense monta \u2018mega opera\u00e7\u00e3o\u2019 para ter dois refor\u00e7os contra o Flamengo<\/a><\/li>\n<\/ul>\n\n\n\n<p>Aos 41 anos, Felipe Melo parece estar com seus dias contados nas Laranjeiras. Al\u00e9m disso, o zagueiro vem sendo pouco aproveitado e n\u00e3o correspondeu \u00e0s expectativas quando entrou em campo. Um exemplo recente foi o duelo contra o Botafogo, onde acabou falhando no lance que resultou no gol da vit\u00f3ria do rival. \u201cPor isso, a rela\u00e7\u00e3o com a torcida ficou desgastada\u201d, e as vaias no Maracan\u00e3 n\u00e3o deixaram d\u00favidas sobre o descontentamento.<\/p>\n\n\n\n<p>Oficialmente, o Fluminense ainda n\u00e3o se pronunciou sobre a situa\u00e7\u00e3o, mas a tend\u00eancia \u00e9 que o contrato de Felipe Melo n\u00e3o seja renovado. Embora o jogador tenha manifestado interesse em ficar at\u00e9 a disputa do Super Mundial de Clubes de 2025 no pr\u00f3ximo ano, o clube parece j\u00e1 estar pensando em alternativas mais jovens para o setor defensivo.<\/p>\n\n\n\n<h2 class=\"wp-block-heading\" id=\"h-marcelo-renovacao-a-vista\">Marcelo: renova\u00e7\u00e3o \u00e0 vista<\/h2>\n\n\n\n<p>Marcelo, por outro lado, vive uma realidade diferente. Aos 36 anos, o lateral j\u00e1 deixou claro que deseja encerrar sua carreira no Fluminense. \u201cSendo assim, as conversas para uma renova\u00e7\u00e3o parecem caminhar bem\u201d, mesmo que as tratativas s\u00f3 sejam finalizadas ap\u00f3s o t\u00e9rmino da S\u00e9rie A do Campeonato Brasileiro. A expectativa \u00e9 de um novo contrato, possivelmente at\u00e9 o final de 2025, garantindo mais uma temporada ao \u00eddolo tricolor.<\/p>\n\n\n\n<h2 class=\"wp-block-heading\" id=\"h-situacao-de-outros-jogadores\">Situa\u00e7\u00e3o de outros jogadores<\/h2>\n\n\n\n<p>Vale destacar que outros nomes tamb\u00e9m est\u00e3o em avalia\u00e7\u00e3o. Manoel, por exemplo, tem seu desempenho sendo analisado antes de qualquer decis\u00e3o sobre uma renova\u00e7\u00e3o. J\u00e1 Diogo Barbosa, outro veterano do elenco, dever\u00e1 ter seu contrato renovado. Por outro lado, os atacantes Marquinhos e Jan Lucum\u00ed, emprestados ao clube, dificilmente permanecer\u00e3o. <\/p>\n\n\n\n<p>A diretoria do Fluminense n\u00e3o tem planos de compr\u00e1-los, e ambos devem deixar o time ao fim do Campeonato Brasileiro. Com isso, as decis\u00f5es sobre esses veteranos s\u00e3o fundamentais para o planejamento do clube para a pr\u00f3xima temporada.<\/p>\n","protected":false},"excerpt":{"rendered":"<p>Com o final da temporada se aproximando, o Fluminense enfrenta decis\u00f5es importantes sobre o futuro de alguns de seus veteranos. Entre eles, Felipe Melo e Marcelo vivem momentos de incerteza, cada um com realidades bem distintas dentro do clube. Aos 41 anos, Felipe Melo parece estar com seus dias contados nas Laranjeiras. Al\u00e9m disso, o [&hellip;]<\/p>\n","protected":false},"author":25,"featured_media":105430,"comment_status":"open","ping_status":"closed","sticky":false,"template":"","format":"standard","meta":{"footnotes":""},"categories":[145],"tags":[],"class_list":["post-173044","post","type-post","status-publish","format-standard","has-post-thumbnail","hentry","category-fluminense"],"yoast_head":"<!-- This site is optimized with the Yoast SEO Premium plugin v24.2 (Yoast SEO v26.9) - https:\/\/yoast.com\/product\/yoast-seo-premium-wordpress\/ -->\n<title>Felipe Melo e Marcelo v\u00e3o renovar com o Fluminense?<\/title>\n<meta name=\"robots\" content=\"index, follow, max-snippet:-1, max-image-preview:large, max-video-preview:-1\" \/>\n<link rel=\"canonical\" href=\"https:\/\/www.gaveanews.com\/index.php\/2024\/10\/09\/felipe-melo-e-marcelo-vao-renovar-com-o-fluminense\/\" \/>\n<meta property=\"og:locale\" content=\"pt_BR\" \/>\n<meta property=\"og:type\" content=\"article\" \/>\n<meta property=\"og:title\" content=\"Felipe Melo e Marcelo v\u00e3o renovar com o Fluminense?\" \/>\n<meta property=\"og:description\" content=\"Com o final da temporada se aproximando, o Fluminense enfrenta decis\u00f5es importantes sobre o futuro de alguns de seus veteranos. Entre eles, Felipe Melo e Marcelo vivem momentos de incerteza, cada um com realidades bem distintas dentro do clube. Aos 41 anos, Felipe Melo parece estar com seus dias contados nas Laranjeiras. Al\u00e9m disso, o [&hellip;]\" \/>\n<meta property=\"og:url\" content=\"https:\/\/www.gaveanews.com\/index.php\/2024\/10\/09\/felipe-melo-e-marcelo-vao-renovar-com-o-fluminense\/\" \/>\n<meta property=\"og:site_name\" content=\"G\u00e1vea News\" \/>\n<meta property=\"article:publisher\" content=\"https:\/\/facebook.com\/gaveaNews\/\" \/>\n<meta property=\"article:published_time\" content=\"2024-10-09T22:30:00+00:00\" \/>\n<meta property=\"og:image\" content=\"https:\/\/www.gaveanews.com\/wp-content\/uploads\/felipe-melo-fluminense.webp\" \/>\n\t<meta property=\"og:image:width\" content=\"640\" \/>\n\t<meta property=\"og:image:height\" content=\"400\" \/>\n\t<meta property=\"og:image:type\" content=\"image\/webp\" \/>\n<meta name=\"author\" content=\"Rafaela Ladeira\" \/>\n<meta name=\"twitter:card\" content=\"summary_large_image\" \/>\n<meta name=\"twitter:label1\" content=\"Escrito por\" \/>\n\t<meta name=\"twitter:data1\" content=\"Rafaela Ladeira\" \/>\n\t<meta name=\"twitter:label2\" content=\"Est. tempo de leitura\" \/>\n\t<meta name=\"twitter:data2\" content=\"3 minutos\" \/>\n<script type=\"application\/ld+json\" class=\"yoast-schema-graph\">{\"@context\":\"https:\/\/schema.org\",\"@graph\":[{\"@type\":\"NewsArticle\",\"@id\":\"https:\/\/www.gaveanews.com\/index.php\/2024\/10\/09\/felipe-melo-e-marcelo-vao-renovar-com-o-fluminense\/#article\",\"isPartOf\":{\"@id\":\"https:\/\/www.gaveanews.com\/index.php\/2024\/10\/09\/felipe-melo-e-marcelo-vao-renovar-com-o-fluminense\/\"},\"author\":{\"name\":\"Rafaela Ladeira\",\"@id\":\"https:\/\/www.gaveanews.com\/#\/schema\/person\/0eb3e3fe1754f0205218538adbe8f5ed\"},\"headline\":\"Felipe Melo e Marcelo v\u00e3o renovar com o Fluminense?\",\"datePublished\":\"2024-10-09T22:30:00+00:00\",\"mainEntityOfPage\":{\"@id\":\"https:\/\/www.gaveanews.com\/index.php\/2024\/10\/09\/felipe-melo-e-marcelo-vao-renovar-com-o-fluminense\/\"},\"wordCount\":391,\"commentCount\":0,\"image\":{\"@id\":\"https:\/\/www.gaveanews.com\/index.php\/2024\/10\/09\/felipe-melo-e-marcelo-vao-renovar-com-o-fluminense\/#primaryimage\"},\"thumbnailUrl\":\"https:\/\/www.gaveanews.com\/wp-content\/uploads\/felipe-melo-fluminense.webp\",\"articleSection\":[\"Fluminense\"],\"inLanguage\":\"pt-BR\",\"potentialAction\":[{\"@type\":\"CommentAction\",\"name\":\"Comment\",\"target\":[\"https:\/\/www.gaveanews.com\/index.php\/2024\/10\/09\/felipe-melo-e-marcelo-vao-renovar-com-o-fluminense\/#respond\"]}],\"copyrightYear\":\"2024\",\"copyrightHolder\":{\"@id\":\"https:\/\/www.gaveanews.com\/#organization\"}},{\"@type\":\"WebPage\",\"@id\":\"https:\/\/www.gaveanews.com\/index.php\/2024\/10\/09\/felipe-melo-e-marcelo-vao-renovar-com-o-fluminense\/\",\"url\":\"https:\/\/www.gaveanews.com\/index.php\/2024\/10\/09\/felipe-melo-e-marcelo-vao-renovar-com-o-fluminense\/\",\"name\":\"Felipe Melo e Marcelo v\u00e3o renovar com o Fluminense?\",\"isPartOf\":{\"@id\":\"https:\/\/www.gaveanews.com\/#website\"},\"primaryImageOfPage\":{\"@id\":\"https:\/\/www.gaveanews.com\/index.php\/2024\/10\/09\/felipe-melo-e-marcelo-vao-renovar-com-o-fluminense\/#primaryimage\"},\"image\":{\"@id\":\"https:\/\/www.gaveanews.com\/index.php\/2024\/10\/09\/felipe-melo-e-marcelo-vao-renovar-com-o-fluminense\/#primaryimage\"},\"thumbnailUrl\":\"https:\/\/www.gaveanews.com\/wp-content\/uploads\/felipe-melo-fluminense.webp\",\"datePublished\":\"2024-10-09T22:30:00+00:00\",\"author\":{\"@id\":\"https:\/\/www.gaveanews.com\/#\/schema\/person\/0eb3e3fe1754f0205218538adbe8f5ed\"},\"breadcrumb\":{\"@id\":\"https:\/\/www.gaveanews.com\/index.php\/2024\/10\/09\/felipe-melo-e-marcelo-vao-renovar-com-o-fluminense\/#breadcrumb\"},\"inLanguage\":\"pt-BR\",\"potentialAction\":[{\"@type\":\"ReadAction\",\"target\":[\"https:\/\/www.gaveanews.com\/index.php\/2024\/10\/09\/felipe-melo-e-marcelo-vao-renovar-com-o-fluminense\/\"]}]},{\"@type\":\"ImageObject\",\"inLanguage\":\"pt-BR\",\"@id\":\"https:\/\/www.gaveanews.com\/index.php\/2024\/10\/09\/felipe-melo-e-marcelo-vao-renovar-com-o-fluminense\/#primaryimage\",\"url\":\"https:\/\/www.gaveanews.com\/wp-content\/uploads\/felipe-melo-fluminense.webp\",\"contentUrl\":\"https:\/\/www.gaveanews.com\/wp-content\/uploads\/felipe-melo-fluminense.webp\",\"width\":640,\"height\":400,\"caption\":\"Felipe Melo em a\u00e7\u00e3o pelo Fluminense (Foto: Marcelo Gon\u00e7alves\/Fluminense)\"},{\"@type\":\"BreadcrumbList\",\"@id\":\"https:\/\/www.gaveanews.com\/index.php\/2024\/10\/09\/felipe-melo-e-marcelo-vao-renovar-com-o-fluminense\/#breadcrumb\",\"itemListElement\":[{\"@type\":\"ListItem\",\"position\":1,\"name\":\"Home\",\"item\":\"https:\/\/www.gaveanews.com\/\"},{\"@type\":\"ListItem\",\"position\":2,\"name\":\"Felipe Melo e Marcelo v\u00e3o renovar com o Fluminense?\"}]},{\"@type\":\"WebSite\",\"@id\":\"https:\/\/www.gaveanews.com\/#website\",\"url\":\"https:\/\/www.gaveanews.com\/\",\"name\":\"G\u00e1vea News\",\"description\":\"Veja todas as not\u00edcias sobre o Flamengo: Contrata\u00e7\u00f5es, categorias de base, resultados das partidas, tabela de classifica\u00e7\u00e3o, pr\u00f3ximos jogos!\",\"potentialAction\":[{\"@type\":\"SearchAction\",\"target\":{\"@type\":\"EntryPoint\",\"urlTemplate\":\"https:\/\/www.gaveanews.com\/?s={search_term_string}\"},\"query-input\":{\"@type\":\"PropertyValueSpecification\",\"valueRequired\":true,\"valueName\":\"search_term_string\"}}],\"inLanguage\":\"pt-BR\"},{\"@type\":\"Person\",\"@id\":\"https:\/\/www.gaveanews.com\/#\/schema\/person\/0eb3e3fe1754f0205218538adbe8f5ed\",\"name\":\"Rafaela Ladeira\",\"image\":{\"@type\":\"ImageObject\",\"inLanguage\":\"pt-BR\",\"@id\":\"https:\/\/www.gaveanews.com\/#\/schema\/person\/image\/\",\"url\":\"https:\/\/secure.gravatar.com\/avatar\/c31f513acffd85eacab5730cbdfdbbf59f21ba5aeada8cd890acea879fbb2455?s=96&d=mm&r=g\",\"contentUrl\":\"https:\/\/secure.gravatar.com\/avatar\/c31f513acffd85eacab5730cbdfdbbf59f21ba5aeada8cd890acea879fbb2455?s=96&d=mm&r=g\",\"caption\":\"Rafaela Ladeira\"}}]}<\/script>\n<!-- \/ Yoast SEO Premium plugin. -->","yoast_head_json":{"title":"Felipe Melo e Marcelo v\u00e3o renovar com o Fluminense?","robots":{"index":"index","follow":"follow","max-snippet":"max-snippet:-1","max-image-preview":"max-image-preview:large","max-video-preview":"max-video-preview:-1"},"canonical":"https:\/\/www.gaveanews.com\/index.php\/2024\/10\/09\/felipe-melo-e-marcelo-vao-renovar-com-o-fluminense\/","og_locale":"pt_BR","og_type":"article","og_title":"Felipe Melo e Marcelo v\u00e3o renovar com o Fluminense?","og_description":"Com o final da temporada se aproximando, o Fluminense enfrenta decis\u00f5es importantes sobre o futuro de alguns de seus veteranos. Entre eles, Felipe Melo e Marcelo vivem momentos de incerteza, cada um com realidades bem distintas dentro do clube. Aos 41 anos, Felipe Melo parece estar com seus dias contados nas Laranjeiras. Al\u00e9m disso, o [&hellip;]","og_url":"https:\/\/www.gaveanews.com\/index.php\/2024\/10\/09\/felipe-melo-e-marcelo-vao-renovar-com-o-fluminense\/","og_site_name":"G\u00e1vea News","article_publisher":"https:\/\/facebook.com\/gaveaNews\/","article_published_time":"2024-10-09T22:30:00+00:00","og_image":[{"width":640,"height":400,"url":"https:\/\/www.gaveanews.com\/wp-content\/uploads\/felipe-melo-fluminense.webp","type":"image\/webp"}],"author":"Rafaela Ladeira","twitter_card":"summary_large_image","twitter_misc":{"Escrito por":"Rafaela Ladeira","Est. tempo de leitura":"3 minutos"},"schema":{"@context":"https:\/\/schema.org","@graph":[{"@type":"NewsArticle","@id":"https:\/\/www.gaveanews.com\/index.php\/2024\/10\/09\/felipe-melo-e-marcelo-vao-renovar-com-o-fluminense\/#article","isPartOf":{"@id":"https:\/\/www.gaveanews.com\/index.php\/2024\/10\/09\/felipe-melo-e-marcelo-vao-renovar-com-o-fluminense\/"},"author":{"name":"Rafaela Ladeira","@id":"https:\/\/www.gaveanews.com\/#\/schema\/person\/0eb3e3fe1754f0205218538adbe8f5ed"},"headline":"Felipe Melo e Marcelo v\u00e3o renovar com o Fluminense?","datePublished":"2024-10-09T22:30:00+00:00","mainEntityOfPage":{"@id":"https:\/\/www.gaveanews.com\/index.php\/2024\/10\/09\/felipe-melo-e-marcelo-vao-renovar-com-o-fluminense\/"},"wordCount":391,"commentCount":0,"image":{"@id":"https:\/\/www.gaveanews.com\/index.php\/2024\/10\/09\/felipe-melo-e-marcelo-vao-renovar-com-o-fluminense\/#primaryimage"},"thumbnailUrl":"https:\/\/www.gaveanews.com\/wp-content\/uploads\/felipe-melo-fluminense.webp","articleSection":["Fluminense"],"inLanguage":"pt-BR","potentialAction":[{"@type":"CommentAction","name":"Comment","target":["https:\/\/www.gaveanews.com\/index.php\/2024\/10\/09\/felipe-melo-e-marcelo-vao-renovar-com-o-fluminense\/#respond"]}],"copyrightYear":"2024","copyrightHolder":{"@id":"https:\/\/www.gaveanews.com\/#organization"}},{"@type":"WebPage","@id":"https:\/\/www.gaveanews.com\/index.php\/2024\/10\/09\/felipe-melo-e-marcelo-vao-renovar-com-o-fluminense\/","url":"https:\/\/www.gaveanews.com\/index.php\/2024\/10\/09\/felipe-melo-e-marcelo-vao-renovar-com-o-fluminense\/","name":"Felipe Melo e Marcelo v\u00e3o renovar com o Fluminense?","isPartOf":{"@id":"https:\/\/www.gaveanews.com\/#website"},"primaryImageOfPage":{"@id":"https:\/\/www.gaveanews.com\/index.php\/2024\/10\/09\/felipe-melo-e-marcelo-vao-renovar-com-o-fluminense\/#primaryimage"},"image":{"@id":"https:\/\/www.gaveanews.com\/index.php\/2024\/10\/09\/felipe-melo-e-marcelo-vao-renovar-com-o-fluminense\/#primaryimage"},"thumbnailUrl":"https:\/\/www.gaveanews.com\/wp-content\/uploads\/felipe-melo-fluminense.webp","datePublished":"2024-10-09T22:30:00+00:00","author":{"@id":"https:\/\/www.gaveanews.com\/#\/schema\/person\/0eb3e3fe1754f0205218538adbe8f5ed"},"breadcrumb":{"@id":"https:\/\/www.gaveanews.com\/index.php\/2024\/10\/09\/felipe-melo-e-marcelo-vao-renovar-com-o-fluminense\/#breadcrumb"},"inLanguage":"pt-BR","potentialAction":[{"@type":"ReadAction","target":["https:\/\/www.gaveanews.com\/index.php\/2024\/10\/09\/felipe-melo-e-marcelo-vao-renovar-com-o-fluminense\/"]}]},{"@type":"ImageObject","inLanguage":"pt-BR","@id":"https:\/\/www.gaveanews.com\/index.php\/2024\/10\/09\/felipe-melo-e-marcelo-vao-renovar-com-o-fluminense\/#primaryimage","url":"https:\/\/www.gaveanews.com\/wp-content\/uploads\/felipe-melo-fluminense.webp","contentUrl":"https:\/\/www.gaveanews.com\/wp-content\/uploads\/felipe-melo-fluminense.webp","width":640,"height":400,"caption":"Felipe Melo em a\u00e7\u00e3o pelo Fluminense (Foto: Marcelo Gon\u00e7alves\/Fluminense)"},{"@type":"BreadcrumbList","@id":"https:\/\/www.gaveanews.com\/index.php\/2024\/10\/09\/felipe-melo-e-marcelo-vao-renovar-com-o-fluminense\/#breadcrumb","itemListElement":[{"@type":"ListItem","position":1,"name":"Home","item":"https:\/\/www.gaveanews.com\/"},{"@type":"ListItem","position":2,"name":"Felipe Melo e Marcelo v\u00e3o renovar com o Fluminense?"}]},{"@type":"WebSite","@id":"https:\/\/www.gaveanews.com\/#website","url":"https:\/\/www.gaveanews.com\/","name":"G\u00e1vea News","description":"Veja todas as not\u00edcias sobre o Flamengo: Contrata\u00e7\u00f5es, categorias de base, resultados das partidas, tabela de classifica\u00e7\u00e3o, pr\u00f3ximos jogos!","potentialAction":[{"@type":"SearchAction","target":{"@type":"EntryPoint","urlTemplate":"https:\/\/www.gaveanews.com\/?s={search_term_string}"},"query-input":{"@type":"PropertyValueSpecification","valueRequired":true,"valueName":"search_term_string"}}],"inLanguage":"pt-BR"},{"@type":"Person","@id":"https:\/\/www.gaveanews.com\/#\/schema\/person\/0eb3e3fe1754f0205218538adbe8f5ed","name":"Rafaela Ladeira","image":{"@type":"ImageObject","inLanguage":"pt-BR","@id":"https:\/\/www.gaveanews.com\/#\/schema\/person\/image\/","url":"https:\/\/secure.gravatar.com\/avatar\/c31f513acffd85eacab5730cbdfdbbf59f21ba5aeada8cd890acea879fbb2455?s=96&d=mm&r=g","contentUrl":"https:\/\/secure.gravatar.com\/avatar\/c31f513acffd85eacab5730cbdfdbbf59f21ba5aeada8cd890acea879fbb2455?s=96&d=mm&r=g","caption":"Rafaela Ladeira"}}]}},"_links":{"self":[{"href":"https:\/\/www.gaveanews.com\/index.php\/wp-json\/wp\/v2\/posts\/173044","targetHints":{"allow":["GET"]}}],"collection":[{"href":"https:\/\/www.gaveanews.com\/index.php\/wp-json\/wp\/v2\/posts"}],"about":[{"href":"https:\/\/www.gaveanews.com\/index.php\/wp-json\/wp\/v2\/types\/post"}],"author":[{"embeddable":true,"href":"https:\/\/www.gaveanews.com\/index.php\/wp-json\/wp\/v2\/users\/25"}],"replies":[{"embeddable":true,"href":"https:\/\/www.gaveanews.com\/index.php\/wp-json\/wp\/v2\/comments?post=173044"}],"version-history":[{"count":1,"href":"https:\/\/www.gaveanews.com\/index.php\/wp-json\/wp\/v2\/posts\/173044\/revisions"}],"predecessor-version":[{"id":173045,"href":"https:\/\/www.gaveanews.com\/index.php\/wp-json\/wp\/v2\/posts\/173044\/revisions\/173045"}],"wp:featuredmedia":[{"embeddable":true,"href":"https:\/\/www.gaveanews.com\/index.php\/wp-json\/wp\/v2\/media\/105430"}],"wp:attachment":[{"href":"https:\/\/www.gaveanews.com\/index.php\/wp-json\/wp\/v2\/media?parent=173044"}],"wp:term":[{"taxonomy":"category","embeddable":true,"href":"https:\/\/www.gaveanews.com\/index.php\/wp-json\/wp\/v2\/categories?post=173044"},{"taxonomy":"post_tag","embeddable":true,"href":"https:\/\/www.gaveanews.com\/index.php\/wp-json\/wp\/v2\/tags?post=173044"}],"curies":[{"name":"wp","href":"https:\/\/api.w.org\/{rel}","templated":true}]}}