{"id":173071,"date":"2024-10-09T20:00:00","date_gmt":"2024-10-09T23:00:00","guid":{"rendered":"https:\/\/www.gaveanews.com\/?p=173071"},"modified":"2024-10-09T18:02:05","modified_gmt":"2024-10-09T21:02:05","slug":"cria-do-flamengo-renova-ate-2030","status":"publish","type":"post","link":"https:\/\/www.gaveanews.com\/index.php\/2024\/10\/09\/cria-do-flamengo-renova-ate-2030\/","title":{"rendered":"Cria do Flamengo renova at\u00e9 2030"},"content":{"rendered":"\n<p>O Flamengo tem sido um verdadeiro celeiro de talentos, e Kau\u00e3 Santtos \u00e9 mais uma prova disso. O goleiro, que sequer chegou a estrear pelo time profissional rubro-negro, est\u00e1 fazendo sucesso na Europa. Atualmente no Eintracht Frankfurt, da Alemanha, o jovem de 21 anos acaba de renovar seu contrato at\u00e9 2030, consolidando-se como uma grande promessa do futebol internacional.<\/p>\n\n\n\n<ul class=\"wp-block-list\">\n<li><a href=\"https:\/\/www.gaveanews.com\/index.php\/2024\/10\/09\/stjd-podera-interferir-em-jogo-do-flamengo\/\">STJD poder\u00e1 interferir em jogo do Flamengo<\/a><\/li>\n\n\n\n<li><a href=\"https:\/\/www.gaveanews.com\/index.php\/2024\/10\/09\/retorno-de-luiz-araujo-mauro-cezar-critica-diretoria-e-jogadores-com-mais-assistencias-as-ultimas-noticias-do-flamengo\/\">Retorno de Luiz Ara\u00fajo, Mauro Cezar critica diretoria e jogadores com mais assist\u00eancias: as \u00faltimas not\u00edcias do Flamengo<\/a><\/li>\n<\/ul>\n\n\n\n<h2 class=\"wp-block-heading\" id=\"h-de-promessa-no-flamengo-a-destaque-na-bundesliga\">De promessa no Flamengo a destaque na Bundesliga<\/h2>\n\n\n\n<p>Kau\u00e3 Santtos, que deixou o Flamengo em 2022 sem oportunidades no time principal, finalmente encontrou seu espa\u00e7o no Eintracht Frankfurt. Ele ganhou destaque ao substituir Kevin Trapp, goleiro titular da equipe, que se recupera de uma les\u00e3o. Vale destacar que o jovem goleiro n\u00e3o decepcionou: em poucas partidas, Santtos j\u00e1 acumulou elogios, compara\u00e7\u00f5es com Dida e \u00f3timas atua\u00e7\u00f5es.<\/p>\n\n\n\n<p>Sendo assim, a renova\u00e7\u00e3o do contrato at\u00e9 2030 \u00e9 uma prova da confian\u00e7a que o clube alem\u00e3o deposita em seu talento. O diretor de futebol do Eintracht, Markus Kr\u00f6sche, deixou claro o entusiasmo com o desenvolvimento do brasileiro. Por isso, Santtos segue como pe\u00e7a importante para o futuro da equipe.<\/p>\n\n\n\n<h2 class=\"wp-block-heading\" id=\"h-comparacoes-com-dida-e-grandes-atuacoes\">Compara\u00e7\u00f5es com Dida e grandes atua\u00e7\u00f5es<\/h2>\n\n\n\n<p>As atua\u00e7\u00f5es de Kau\u00e3 Santtos s\u00e3o t\u00e3o impressionantes que ele foi comparado a Dida, \u00edcone do futebol brasileiro. O jornal espanhol Di\u00e1rio As chegou a publicar que o Brasil encontrou \u201cum novo Dida\u201d, o que refor\u00e7a ainda mais a confian\u00e7a em seu potencial. Isso porque o goleiro vem se destacando em jogos importantes, como o empate em 3 a 3 contra o Bayern de Munique, onde teve nota 8,6 no Sofascore.<\/p>\n\n\n\n<p>Al\u00e9m disso, sua performance contra o Besiktas, pela Europa League, foi ainda melhor, com nota 9,3. Cabe ressaltar que, com isso, Santtos est\u00e1 ajudando o Eintracht a manter uma campanha s\u00f3lida em competi\u00e7\u00f5es europeias e nacionais.<\/p>\n\n\n\n<p>Dessa maneira, o ex-Flamengo parece estar em uma trajet\u00f3ria ascendente na Europa. Com contrato at\u00e9 2030 e compara\u00e7\u00f5es a um dos maiores goleiros da hist\u00f3ria, Kau\u00e3 Santtos est\u00e1 pavimentando seu caminho entre os grandes do futebol mundial.<\/p>\n","protected":false},"excerpt":{"rendered":"<p>O Flamengo tem sido um verdadeiro celeiro de talentos, e Kau\u00e3 Santtos \u00e9 mais uma prova disso. O goleiro, que sequer chegou a estrear pelo time profissional rubro-negro, est\u00e1 fazendo sucesso na Europa. Atualmente no Eintracht Frankfurt, da Alemanha, o jovem de 21 anos acaba de renovar seu contrato at\u00e9 2030, consolidando-se como uma grande [&hellip;]<\/p>\n","protected":false},"author":25,"featured_media":129425,"comment_status":"open","ping_status":"closed","sticky":false,"template":"","format":"standard","meta":{"footnotes":""},"categories":[1],"tags":[],"class_list":["post-173071","post","type-post","status-publish","format-standard","has-post-thumbnail","hentry","category-flamengo"],"yoast_head":"<!-- This site is optimized with the Yoast SEO Premium plugin v24.2 (Yoast SEO v26.9) - https:\/\/yoast.com\/product\/yoast-seo-premium-wordpress\/ -->\n<title>Cria do Flamengo renova at\u00e9 2030<\/title>\n<meta name=\"robots\" content=\"index, follow, max-snippet:-1, max-image-preview:large, max-video-preview:-1\" \/>\n<link rel=\"canonical\" href=\"https:\/\/www.gaveanews.com\/index.php\/2024\/10\/09\/cria-do-flamengo-renova-ate-2030\/\" \/>\n<meta property=\"og:locale\" content=\"pt_BR\" \/>\n<meta property=\"og:type\" content=\"article\" \/>\n<meta property=\"og:title\" content=\"Cria do Flamengo renova at\u00e9 2030\" \/>\n<meta property=\"og:description\" content=\"O Flamengo tem sido um verdadeiro celeiro de talentos, e Kau\u00e3 Santtos \u00e9 mais uma prova disso. O goleiro, que sequer chegou a estrear pelo time profissional rubro-negro, est\u00e1 fazendo sucesso na Europa. Atualmente no Eintracht Frankfurt, da Alemanha, o jovem de 21 anos acaba de renovar seu contrato at\u00e9 2030, consolidando-se como uma grande [&hellip;]\" \/>\n<meta property=\"og:url\" content=\"https:\/\/www.gaveanews.com\/index.php\/2024\/10\/09\/cria-do-flamengo-renova-ate-2030\/\" \/>\n<meta property=\"og:site_name\" content=\"G\u00e1vea News\" \/>\n<meta property=\"article:publisher\" content=\"https:\/\/facebook.com\/gaveaNews\/\" \/>\n<meta property=\"article:published_time\" content=\"2024-10-09T23:00:00+00:00\" \/>\n<meta property=\"og:image\" content=\"https:\/\/www.gaveanews.com\/wp-content\/uploads\/CT-Ninho-do-Urubu.webp\" \/>\n\t<meta property=\"og:image:width\" content=\"640\" \/>\n\t<meta property=\"og:image:height\" content=\"400\" \/>\n\t<meta property=\"og:image:type\" content=\"image\/jpeg\" \/>\n<meta name=\"author\" content=\"Rafaela Ladeira\" \/>\n<meta name=\"twitter:card\" content=\"summary_large_image\" \/>\n<meta name=\"twitter:label1\" content=\"Escrito por\" \/>\n\t<meta name=\"twitter:data1\" content=\"Rafaela Ladeira\" \/>\n\t<meta name=\"twitter:label2\" content=\"Est. tempo de leitura\" \/>\n\t<meta name=\"twitter:data2\" content=\"3 minutos\" \/>\n<script type=\"application\/ld+json\" class=\"yoast-schema-graph\">{\"@context\":\"https:\/\/schema.org\",\"@graph\":[{\"@type\":\"NewsArticle\",\"@id\":\"https:\/\/www.gaveanews.com\/index.php\/2024\/10\/09\/cria-do-flamengo-renova-ate-2030\/#article\",\"isPartOf\":{\"@id\":\"https:\/\/www.gaveanews.com\/index.php\/2024\/10\/09\/cria-do-flamengo-renova-ate-2030\/\"},\"author\":{\"name\":\"Rafaela Ladeira\",\"@id\":\"https:\/\/www.gaveanews.com\/#\/schema\/person\/0eb3e3fe1754f0205218538adbe8f5ed\"},\"headline\":\"Cria do Flamengo renova at\u00e9 2030\",\"datePublished\":\"2024-10-09T23:00:00+00:00\",\"mainEntityOfPage\":{\"@id\":\"https:\/\/www.gaveanews.com\/index.php\/2024\/10\/09\/cria-do-flamengo-renova-ate-2030\/\"},\"wordCount\":371,\"commentCount\":0,\"image\":{\"@id\":\"https:\/\/www.gaveanews.com\/index.php\/2024\/10\/09\/cria-do-flamengo-renova-ate-2030\/#primaryimage\"},\"thumbnailUrl\":\"https:\/\/www.gaveanews.com\/wp-content\/uploads\/CT-Ninho-do-Urubu.webp\",\"articleSection\":[\"Flamengo\"],\"inLanguage\":\"pt-BR\",\"potentialAction\":[{\"@type\":\"CommentAction\",\"name\":\"Comment\",\"target\":[\"https:\/\/www.gaveanews.com\/index.php\/2024\/10\/09\/cria-do-flamengo-renova-ate-2030\/#respond\"]}],\"copyrightYear\":\"2024\",\"copyrightHolder\":{\"@id\":\"https:\/\/www.gaveanews.com\/#organization\"}},{\"@type\":\"WebPage\",\"@id\":\"https:\/\/www.gaveanews.com\/index.php\/2024\/10\/09\/cria-do-flamengo-renova-ate-2030\/\",\"url\":\"https:\/\/www.gaveanews.com\/index.php\/2024\/10\/09\/cria-do-flamengo-renova-ate-2030\/\",\"name\":\"Cria do Flamengo renova at\u00e9 2030\",\"isPartOf\":{\"@id\":\"https:\/\/www.gaveanews.com\/#website\"},\"primaryImageOfPage\":{\"@id\":\"https:\/\/www.gaveanews.com\/index.php\/2024\/10\/09\/cria-do-flamengo-renova-ate-2030\/#primaryimage\"},\"image\":{\"@id\":\"https:\/\/www.gaveanews.com\/index.php\/2024\/10\/09\/cria-do-flamengo-renova-ate-2030\/#primaryimage\"},\"thumbnailUrl\":\"https:\/\/www.gaveanews.com\/wp-content\/uploads\/CT-Ninho-do-Urubu.webp\",\"datePublished\":\"2024-10-09T23:00:00+00:00\",\"author\":{\"@id\":\"https:\/\/www.gaveanews.com\/#\/schema\/person\/0eb3e3fe1754f0205218538adbe8f5ed\"},\"breadcrumb\":{\"@id\":\"https:\/\/www.gaveanews.com\/index.php\/2024\/10\/09\/cria-do-flamengo-renova-ate-2030\/#breadcrumb\"},\"inLanguage\":\"pt-BR\",\"potentialAction\":[{\"@type\":\"ReadAction\",\"target\":[\"https:\/\/www.gaveanews.com\/index.php\/2024\/10\/09\/cria-do-flamengo-renova-ate-2030\/\"]}]},{\"@type\":\"ImageObject\",\"inLanguage\":\"pt-BR\",\"@id\":\"https:\/\/www.gaveanews.com\/index.php\/2024\/10\/09\/cria-do-flamengo-renova-ate-2030\/#primaryimage\",\"url\":\"https:\/\/www.gaveanews.com\/wp-content\/uploads\/CT-Ninho-do-Urubu.webp\",\"contentUrl\":\"https:\/\/www.gaveanews.com\/wp-content\/uploads\/CT-Ninho-do-Urubu.webp\",\"width\":640,\"height\":400,\"caption\":\"CT Ninho do Urubu - Foto: Paula Reis\"},{\"@type\":\"BreadcrumbList\",\"@id\":\"https:\/\/www.gaveanews.com\/index.php\/2024\/10\/09\/cria-do-flamengo-renova-ate-2030\/#breadcrumb\",\"itemListElement\":[{\"@type\":\"ListItem\",\"position\":1,\"name\":\"Home\",\"item\":\"https:\/\/www.gaveanews.com\/\"},{\"@type\":\"ListItem\",\"position\":2,\"name\":\"Cria do Flamengo renova at\u00e9 2030\"}]},{\"@type\":\"WebSite\",\"@id\":\"https:\/\/www.gaveanews.com\/#website\",\"url\":\"https:\/\/www.gaveanews.com\/\",\"name\":\"G\u00e1vea News\",\"description\":\"Veja todas as not\u00edcias sobre o Flamengo: Contrata\u00e7\u00f5es, categorias de base, resultados das partidas, tabela de classifica\u00e7\u00e3o, pr\u00f3ximos jogos!\",\"potentialAction\":[{\"@type\":\"SearchAction\",\"target\":{\"@type\":\"EntryPoint\",\"urlTemplate\":\"https:\/\/www.gaveanews.com\/?s={search_term_string}\"},\"query-input\":{\"@type\":\"PropertyValueSpecification\",\"valueRequired\":true,\"valueName\":\"search_term_string\"}}],\"inLanguage\":\"pt-BR\"},{\"@type\":\"Person\",\"@id\":\"https:\/\/www.gaveanews.com\/#\/schema\/person\/0eb3e3fe1754f0205218538adbe8f5ed\",\"name\":\"Rafaela Ladeira\",\"image\":{\"@type\":\"ImageObject\",\"inLanguage\":\"pt-BR\",\"@id\":\"https:\/\/www.gaveanews.com\/#\/schema\/person\/image\/\",\"url\":\"https:\/\/secure.gravatar.com\/avatar\/c31f513acffd85eacab5730cbdfdbbf59f21ba5aeada8cd890acea879fbb2455?s=96&d=mm&r=g\",\"contentUrl\":\"https:\/\/secure.gravatar.com\/avatar\/c31f513acffd85eacab5730cbdfdbbf59f21ba5aeada8cd890acea879fbb2455?s=96&d=mm&r=g\",\"caption\":\"Rafaela Ladeira\"}}]}<\/script>\n<!-- \/ Yoast SEO Premium plugin. -->","yoast_head_json":{"title":"Cria do Flamengo renova at\u00e9 2030","robots":{"index":"index","follow":"follow","max-snippet":"max-snippet:-1","max-image-preview":"max-image-preview:large","max-video-preview":"max-video-preview:-1"},"canonical":"https:\/\/www.gaveanews.com\/index.php\/2024\/10\/09\/cria-do-flamengo-renova-ate-2030\/","og_locale":"pt_BR","og_type":"article","og_title":"Cria do Flamengo renova at\u00e9 2030","og_description":"O Flamengo tem sido um verdadeiro celeiro de talentos, e Kau\u00e3 Santtos \u00e9 mais uma prova disso. O goleiro, que sequer chegou a estrear pelo time profissional rubro-negro, est\u00e1 fazendo sucesso na Europa. Atualmente no Eintracht Frankfurt, da Alemanha, o jovem de 21 anos acaba de renovar seu contrato at\u00e9 2030, consolidando-se como uma grande [&hellip;]","og_url":"https:\/\/www.gaveanews.com\/index.php\/2024\/10\/09\/cria-do-flamengo-renova-ate-2030\/","og_site_name":"G\u00e1vea News","article_publisher":"https:\/\/facebook.com\/gaveaNews\/","article_published_time":"2024-10-09T23:00:00+00:00","og_image":[{"width":640,"height":400,"url":"https:\/\/www.gaveanews.com\/wp-content\/uploads\/CT-Ninho-do-Urubu.webp","type":"image\/jpeg"}],"author":"Rafaela Ladeira","twitter_card":"summary_large_image","twitter_misc":{"Escrito por":"Rafaela Ladeira","Est. tempo de leitura":"3 minutos"},"schema":{"@context":"https:\/\/schema.org","@graph":[{"@type":"NewsArticle","@id":"https:\/\/www.gaveanews.com\/index.php\/2024\/10\/09\/cria-do-flamengo-renova-ate-2030\/#article","isPartOf":{"@id":"https:\/\/www.gaveanews.com\/index.php\/2024\/10\/09\/cria-do-flamengo-renova-ate-2030\/"},"author":{"name":"Rafaela Ladeira","@id":"https:\/\/www.gaveanews.com\/#\/schema\/person\/0eb3e3fe1754f0205218538adbe8f5ed"},"headline":"Cria do Flamengo renova at\u00e9 2030","datePublished":"2024-10-09T23:00:00+00:00","mainEntityOfPage":{"@id":"https:\/\/www.gaveanews.com\/index.php\/2024\/10\/09\/cria-do-flamengo-renova-ate-2030\/"},"wordCount":371,"commentCount":0,"image":{"@id":"https:\/\/www.gaveanews.com\/index.php\/2024\/10\/09\/cria-do-flamengo-renova-ate-2030\/#primaryimage"},"thumbnailUrl":"https:\/\/www.gaveanews.com\/wp-content\/uploads\/CT-Ninho-do-Urubu.webp","articleSection":["Flamengo"],"inLanguage":"pt-BR","potentialAction":[{"@type":"CommentAction","name":"Comment","target":["https:\/\/www.gaveanews.com\/index.php\/2024\/10\/09\/cria-do-flamengo-renova-ate-2030\/#respond"]}],"copyrightYear":"2024","copyrightHolder":{"@id":"https:\/\/www.gaveanews.com\/#organization"}},{"@type":"WebPage","@id":"https:\/\/www.gaveanews.com\/index.php\/2024\/10\/09\/cria-do-flamengo-renova-ate-2030\/","url":"https:\/\/www.gaveanews.com\/index.php\/2024\/10\/09\/cria-do-flamengo-renova-ate-2030\/","name":"Cria do Flamengo renova at\u00e9 2030","isPartOf":{"@id":"https:\/\/www.gaveanews.com\/#website"},"primaryImageOfPage":{"@id":"https:\/\/www.gaveanews.com\/index.php\/2024\/10\/09\/cria-do-flamengo-renova-ate-2030\/#primaryimage"},"image":{"@id":"https:\/\/www.gaveanews.com\/index.php\/2024\/10\/09\/cria-do-flamengo-renova-ate-2030\/#primaryimage"},"thumbnailUrl":"https:\/\/www.gaveanews.com\/wp-content\/uploads\/CT-Ninho-do-Urubu.webp","datePublished":"2024-10-09T23:00:00+00:00","author":{"@id":"https:\/\/www.gaveanews.com\/#\/schema\/person\/0eb3e3fe1754f0205218538adbe8f5ed"},"breadcrumb":{"@id":"https:\/\/www.gaveanews.com\/index.php\/2024\/10\/09\/cria-do-flamengo-renova-ate-2030\/#breadcrumb"},"inLanguage":"pt-BR","potentialAction":[{"@type":"ReadAction","target":["https:\/\/www.gaveanews.com\/index.php\/2024\/10\/09\/cria-do-flamengo-renova-ate-2030\/"]}]},{"@type":"ImageObject","inLanguage":"pt-BR","@id":"https:\/\/www.gaveanews.com\/index.php\/2024\/10\/09\/cria-do-flamengo-renova-ate-2030\/#primaryimage","url":"https:\/\/www.gaveanews.com\/wp-content\/uploads\/CT-Ninho-do-Urubu.webp","contentUrl":"https:\/\/www.gaveanews.com\/wp-content\/uploads\/CT-Ninho-do-Urubu.webp","width":640,"height":400,"caption":"CT Ninho do Urubu - Foto: Paula Reis"},{"@type":"BreadcrumbList","@id":"https:\/\/www.gaveanews.com\/index.php\/2024\/10\/09\/cria-do-flamengo-renova-ate-2030\/#breadcrumb","itemListElement":[{"@type":"ListItem","position":1,"name":"Home","item":"https:\/\/www.gaveanews.com\/"},{"@type":"ListItem","position":2,"name":"Cria do Flamengo renova at\u00e9 2030"}]},{"@type":"WebSite","@id":"https:\/\/www.gaveanews.com\/#website","url":"https:\/\/www.gaveanews.com\/","name":"G\u00e1vea News","description":"Veja todas as not\u00edcias sobre o Flamengo: Contrata\u00e7\u00f5es, categorias de base, resultados das partidas, tabela de classifica\u00e7\u00e3o, pr\u00f3ximos jogos!","potentialAction":[{"@type":"SearchAction","target":{"@type":"EntryPoint","urlTemplate":"https:\/\/www.gaveanews.com\/?s={search_term_string}"},"query-input":{"@type":"PropertyValueSpecification","valueRequired":true,"valueName":"search_term_string"}}],"inLanguage":"pt-BR"},{"@type":"Person","@id":"https:\/\/www.gaveanews.com\/#\/schema\/person\/0eb3e3fe1754f0205218538adbe8f5ed","name":"Rafaela Ladeira","image":{"@type":"ImageObject","inLanguage":"pt-BR","@id":"https:\/\/www.gaveanews.com\/#\/schema\/person\/image\/","url":"https:\/\/secure.gravatar.com\/avatar\/c31f513acffd85eacab5730cbdfdbbf59f21ba5aeada8cd890acea879fbb2455?s=96&d=mm&r=g","contentUrl":"https:\/\/secure.gravatar.com\/avatar\/c31f513acffd85eacab5730cbdfdbbf59f21ba5aeada8cd890acea879fbb2455?s=96&d=mm&r=g","caption":"Rafaela Ladeira"}}]}},"_links":{"self":[{"href":"https:\/\/www.gaveanews.com\/index.php\/wp-json\/wp\/v2\/posts\/173071","targetHints":{"allow":["GET"]}}],"collection":[{"href":"https:\/\/www.gaveanews.com\/index.php\/wp-json\/wp\/v2\/posts"}],"about":[{"href":"https:\/\/www.gaveanews.com\/index.php\/wp-json\/wp\/v2\/types\/post"}],"author":[{"embeddable":true,"href":"https:\/\/www.gaveanews.com\/index.php\/wp-json\/wp\/v2\/users\/25"}],"replies":[{"embeddable":true,"href":"https:\/\/www.gaveanews.com\/index.php\/wp-json\/wp\/v2\/comments?post=173071"}],"version-history":[{"count":1,"href":"https:\/\/www.gaveanews.com\/index.php\/wp-json\/wp\/v2\/posts\/173071\/revisions"}],"predecessor-version":[{"id":173074,"href":"https:\/\/www.gaveanews.com\/index.php\/wp-json\/wp\/v2\/posts\/173071\/revisions\/173074"}],"wp:featuredmedia":[{"embeddable":true,"href":"https:\/\/www.gaveanews.com\/index.php\/wp-json\/wp\/v2\/media\/129425"}],"wp:attachment":[{"href":"https:\/\/www.gaveanews.com\/index.php\/wp-json\/wp\/v2\/media?parent=173071"}],"wp:term":[{"taxonomy":"category","embeddable":true,"href":"https:\/\/www.gaveanews.com\/index.php\/wp-json\/wp\/v2\/categories?post=173071"},{"taxonomy":"post_tag","embeddable":true,"href":"https:\/\/www.gaveanews.com\/index.php\/wp-json\/wp\/v2\/tags?post=173071"}],"curies":[{"name":"wp","href":"https:\/\/api.w.org\/{rel}","templated":true}]}}