{"id":17322,"date":"2019-04-07T17:08:33","date_gmt":"2019-04-07T20:08:33","guid":{"rendered":"https:\/\/www.gaveanews.com\/?p=17322"},"modified":"2019-04-07T17:08:56","modified_gmt":"2019-04-07T20:08:56","slug":"sem-chances-com-abel-braga-dois-atacantes-revelados-pelo-flamengo-irao-ser-dispensados","status":"publish","type":"post","link":"https:\/\/www.gaveanews.com\/index.php\/2019\/04\/07\/sem-chances-com-abel-braga-dois-atacantes-revelados-pelo-flamengo-irao-ser-dispensados\/","title":{"rendered":"Sem chances com Abel Braga, dois atacantes revelados pelo Flamengo ir\u00e3o ser dispensados"},"content":{"rendered":"\n<p>Mesmo com os refor\u00e7os de peso contratados para a temporada, o Flamengo tem dado uma aten\u00e7\u00e3o especial aos jogadores oriundos da base. C\u00e9sar, Vitor Gabriel e Lucas Silva s\u00e3o exemplos, entrando constantemente nos jogos do Campeonato Carioca. <\/p>\n\n\n\n<p>Entretanto, dois atletas n\u00e3o seguem na mesma condi\u00e7\u00e3o: Nixon e Jaj\u00e1. Ambos retornaram de empr\u00e9stimo no in\u00edcio do ano e desde ent\u00e3o n\u00e3o foram utilizados pelo t\u00e9cnico Abel Braga.<\/p>\n\n\n\n<p>A reportagem do site <em>Coluna do Flamengo<\/em> apurou que os dois jogadores n\u00e3o est\u00e3o com problemas f\u00edsicos. Sendo assim, a n\u00e3o utiliza\u00e7\u00e3o se d\u00e1 por op\u00e7\u00e3o da comiss\u00e3o t\u00e9cnica. Nos treinamentos no Ninho do Urubu, Nixon e Jaj\u00e1 t\u00eam realizado com frequ\u00eancia trabalhos separados juntos do zagueiro Rafael Santos e do atacante Orlando Berr\u00edo, ambos em fase de transi\u00e7\u00e3o p\u00f3s les\u00f5es na coxa esquerda.<\/p>\n\n\n\n<p>Os jogadores voltaram ao Rubro-Negro ap\u00f3s serem emprestados ao Kalmar FF, clube tradicional da Su\u00e9cia. Sem oportunidades, ambos se encontram em fim de contrato na equipe carioca: o meia Jaj\u00e1 tem v\u00ednculo at\u00e9 30 de maio de 2019, enquanto o atacante Nixon tem contrato encerrado um dia depois.<\/p>\n\n\n\n<h3 class=\"wp-block-heading\"><strong>Atletas n\u00e3o tiveram sequ\u00eancia em outros clubes:<\/strong><\/h3>\n\n\n\n<p>Emprestados para que tivessem sequ\u00eancia de jogos e adquirissem experi\u00eancia, Nixon e Jaj\u00e1 pouco atuaram em suas passagens fora da G\u00e1vea. No caso do meio campista, foram apenas tr\u00eas partidas realizadas com a camisa do Kalmar FF, come\u00e7ando como titular apenas uma vez. Antes do time da Su\u00e9cia, o jogador de 24 anos foi cedido ao Vila Nova, Tombense e Ava\u00ed, mas tamb\u00e9m n\u00e3o teve oportunidades para apresentar o seu futebol.<\/p>\n\n\n\n<p>O caso de Nixon \u00e9 ainda mais curioso, uma vez que o atacante teve chances no elenco principal do Flamengo, principalmente entre 2013 e 2014. Nos dois anos, contabilizou 59 jogos com a camisa rubro-negra e 13 gols marcados. O futebol do centroavante, de 26 anos, foi interrompido ap\u00f3s uma s\u00e9ria les\u00e3o ocorrida em 2015, deixando-o fora de a\u00e7\u00e3o por um longo tempo, at\u00e9 ser emprestado. No Kalmar FF, foram apenas sete partidas disputadas. O atleta tamb\u00e9m acumula passagem sem brilho por ABC, Red Bull Brasil e Am\u00e9rica-MG.<\/p>\n\n\n\n\n\n<p>Retirado de: Coluna do Flamengo<\/p>\n","protected":false},"excerpt":{"rendered":"<p>Mesmo com os refor\u00e7os de peso contratados para a temporada, o Flamengo tem dado uma aten\u00e7\u00e3o especial aos jogadores oriundos da base. C\u00e9sar, Vitor Gabriel e Lucas Silva s\u00e3o exemplos, entrando constantemente nos jogos do Campeonato Carioca. Entretanto, dois atletas n\u00e3o seguem na mesma condi\u00e7\u00e3o: Nixon e Jaj\u00e1. Ambos retornaram de empr\u00e9stimo no in\u00edcio do [&hellip;]<\/p>\n","protected":false},"author":1,"featured_media":15014,"comment_status":"open","ping_status":"open","sticky":false,"template":"","format":"standard","meta":{"footnotes":""},"categories":[48],"tags":[],"class_list":["post-17322","post","type-post","status-publish","format-standard","has-post-thumbnail","hentry","category-negociacoes"],"yoast_head":"<!-- This site is optimized with the Yoast SEO Premium plugin v24.2 (Yoast SEO v26.9) - https:\/\/yoast.com\/product\/yoast-seo-premium-wordpress\/ -->\n<title>Sem chances com Abel Braga, dois atacantes revelados pelo Flamengo ir\u00e3o ser dispensados<\/title>\n<meta name=\"robots\" content=\"index, follow, max-snippet:-1, max-image-preview:large, max-video-preview:-1\" \/>\n<link rel=\"canonical\" href=\"https:\/\/www.gaveanews.com\/index.php\/2019\/04\/07\/sem-chances-com-abel-braga-dois-atacantes-revelados-pelo-flamengo-irao-ser-dispensados\/\" \/>\n<meta property=\"og:locale\" content=\"pt_BR\" \/>\n<meta property=\"og:type\" content=\"article\" \/>\n<meta property=\"og:title\" content=\"Sem chances com Abel Braga, dois atacantes revelados pelo Flamengo ir\u00e3o ser dispensados\" \/>\n<meta property=\"og:description\" content=\"Mesmo com os refor\u00e7os de peso contratados para a temporada, o Flamengo tem dado uma aten\u00e7\u00e3o especial aos jogadores oriundos da base. C\u00e9sar, Vitor Gabriel e Lucas Silva s\u00e3o exemplos, entrando constantemente nos jogos do Campeonato Carioca. Entretanto, dois atletas n\u00e3o seguem na mesma condi\u00e7\u00e3o: Nixon e Jaj\u00e1. Ambos retornaram de empr\u00e9stimo no in\u00edcio do [&hellip;]\" \/>\n<meta property=\"og:url\" content=\"https:\/\/www.gaveanews.com\/index.php\/2019\/04\/07\/sem-chances-com-abel-braga-dois-atacantes-revelados-pelo-flamengo-irao-ser-dispensados\/\" \/>\n<meta property=\"og:site_name\" content=\"G\u00e1vea News\" \/>\n<meta property=\"article:publisher\" content=\"https:\/\/facebook.com\/gaveaNews\/\" \/>\n<meta property=\"article:published_time\" content=\"2019-04-07T20:08:33+00:00\" \/>\n<meta property=\"article:modified_time\" content=\"2019-04-07T20:08:56+00:00\" \/>\n<meta property=\"og:image\" content=\"https:\/\/www.gaveanews.com\/wp-content\/uploads\/2019\/03\/Nixon-durante-treinamento-do-Flamengo.webp\" \/>\n\t<meta property=\"og:image:width\" content=\"1200\" \/>\n\t<meta property=\"og:image:height\" content=\"1200\" \/>\n\t<meta property=\"og:image:type\" content=\"image\/jpeg\" \/>\n<meta name=\"author\" content=\"Equipe G\u00e1vea News\" \/>\n<meta name=\"twitter:card\" content=\"summary_large_image\" \/>\n<meta name=\"twitter:label1\" content=\"Escrito por\" \/>\n\t<meta name=\"twitter:data1\" content=\"Equipe G\u00e1vea News\" \/>\n\t<meta name=\"twitter:label2\" content=\"Est. tempo de leitura\" \/>\n\t<meta name=\"twitter:data2\" content=\"2 minutos\" \/>\n<script type=\"application\/ld+json\" class=\"yoast-schema-graph\">{\"@context\":\"https:\/\/schema.org\",\"@graph\":[{\"@type\":\"NewsArticle\",\"@id\":\"https:\/\/www.gaveanews.com\/index.php\/2019\/04\/07\/sem-chances-com-abel-braga-dois-atacantes-revelados-pelo-flamengo-irao-ser-dispensados\/#article\",\"isPartOf\":{\"@id\":\"https:\/\/www.gaveanews.com\/index.php\/2019\/04\/07\/sem-chances-com-abel-braga-dois-atacantes-revelados-pelo-flamengo-irao-ser-dispensados\/\"},\"author\":{\"name\":\"Equipe G\u00e1vea News\",\"@id\":\"https:\/\/www.gaveanews.com\/#\/schema\/person\/2ec14f73fb96be2caf28f91afb14749d\"},\"headline\":\"Sem chances com Abel Braga, dois atacantes revelados pelo Flamengo ir\u00e3o ser dispensados\",\"datePublished\":\"2019-04-07T20:08:33+00:00\",\"dateModified\":\"2019-04-07T20:08:56+00:00\",\"mainEntityOfPage\":{\"@id\":\"https:\/\/www.gaveanews.com\/index.php\/2019\/04\/07\/sem-chances-com-abel-braga-dois-atacantes-revelados-pelo-flamengo-irao-ser-dispensados\/\"},\"wordCount\":397,\"commentCount\":0,\"image\":{\"@id\":\"https:\/\/www.gaveanews.com\/index.php\/2019\/04\/07\/sem-chances-com-abel-braga-dois-atacantes-revelados-pelo-flamengo-irao-ser-dispensados\/#primaryimage\"},\"thumbnailUrl\":\"https:\/\/www.gaveanews.com\/wp-content\/uploads\/2019\/03\/Nixon-durante-treinamento-do-Flamengo.webp\",\"articleSection\":[\"Negocia\u00e7\u00f5es\"],\"inLanguage\":\"pt-BR\",\"potentialAction\":[{\"@type\":\"CommentAction\",\"name\":\"Comment\",\"target\":[\"https:\/\/www.gaveanews.com\/index.php\/2019\/04\/07\/sem-chances-com-abel-braga-dois-atacantes-revelados-pelo-flamengo-irao-ser-dispensados\/#respond\"]}],\"copyrightYear\":\"2019\",\"copyrightHolder\":{\"@id\":\"https:\/\/www.gaveanews.com\/#organization\"}},{\"@type\":\"WebPage\",\"@id\":\"https:\/\/www.gaveanews.com\/index.php\/2019\/04\/07\/sem-chances-com-abel-braga-dois-atacantes-revelados-pelo-flamengo-irao-ser-dispensados\/\",\"url\":\"https:\/\/www.gaveanews.com\/index.php\/2019\/04\/07\/sem-chances-com-abel-braga-dois-atacantes-revelados-pelo-flamengo-irao-ser-dispensados\/\",\"name\":\"Sem chances com Abel Braga, dois atacantes revelados pelo Flamengo ir\u00e3o ser dispensados\",\"isPartOf\":{\"@id\":\"https:\/\/www.gaveanews.com\/#website\"},\"primaryImageOfPage\":{\"@id\":\"https:\/\/www.gaveanews.com\/index.php\/2019\/04\/07\/sem-chances-com-abel-braga-dois-atacantes-revelados-pelo-flamengo-irao-ser-dispensados\/#primaryimage\"},\"image\":{\"@id\":\"https:\/\/www.gaveanews.com\/index.php\/2019\/04\/07\/sem-chances-com-abel-braga-dois-atacantes-revelados-pelo-flamengo-irao-ser-dispensados\/#primaryimage\"},\"thumbnailUrl\":\"https:\/\/www.gaveanews.com\/wp-content\/uploads\/2019\/03\/Nixon-durante-treinamento-do-Flamengo.webp\",\"datePublished\":\"2019-04-07T20:08:33+00:00\",\"dateModified\":\"2019-04-07T20:08:56+00:00\",\"author\":{\"@id\":\"https:\/\/www.gaveanews.com\/#\/schema\/person\/2ec14f73fb96be2caf28f91afb14749d\"},\"breadcrumb\":{\"@id\":\"https:\/\/www.gaveanews.com\/index.php\/2019\/04\/07\/sem-chances-com-abel-braga-dois-atacantes-revelados-pelo-flamengo-irao-ser-dispensados\/#breadcrumb\"},\"inLanguage\":\"pt-BR\",\"potentialAction\":[{\"@type\":\"ReadAction\",\"target\":[\"https:\/\/www.gaveanews.com\/index.php\/2019\/04\/07\/sem-chances-com-abel-braga-dois-atacantes-revelados-pelo-flamengo-irao-ser-dispensados\/\"]}]},{\"@type\":\"ImageObject\",\"inLanguage\":\"pt-BR\",\"@id\":\"https:\/\/www.gaveanews.com\/index.php\/2019\/04\/07\/sem-chances-com-abel-braga-dois-atacantes-revelados-pelo-flamengo-irao-ser-dispensados\/#primaryimage\",\"url\":\"https:\/\/www.gaveanews.com\/wp-content\/uploads\/2019\/03\/Nixon-durante-treinamento-do-Flamengo.webp\",\"contentUrl\":\"https:\/\/www.gaveanews.com\/wp-content\/uploads\/2019\/03\/Nixon-durante-treinamento-do-Flamengo.webp\",\"width\":1200,\"height\":1200,\"caption\":\"Nixon durante treinamento do Flamengo (Foto: Wagner Meier\/Lancepress!)\"},{\"@type\":\"BreadcrumbList\",\"@id\":\"https:\/\/www.gaveanews.com\/index.php\/2019\/04\/07\/sem-chances-com-abel-braga-dois-atacantes-revelados-pelo-flamengo-irao-ser-dispensados\/#breadcrumb\",\"itemListElement\":[{\"@type\":\"ListItem\",\"position\":1,\"name\":\"Home\",\"item\":\"https:\/\/www.gaveanews.com\/\"},{\"@type\":\"ListItem\",\"position\":2,\"name\":\"Sem chances com Abel Braga, dois atacantes revelados pelo Flamengo ir\u00e3o ser dispensados\"}]},{\"@type\":\"WebSite\",\"@id\":\"https:\/\/www.gaveanews.com\/#website\",\"url\":\"https:\/\/www.gaveanews.com\/\",\"name\":\"G\u00e1vea News\",\"description\":\"Veja todas as not\u00edcias sobre o Flamengo: Contrata\u00e7\u00f5es, categorias de base, resultados das partidas, tabela de classifica\u00e7\u00e3o, pr\u00f3ximos jogos!\",\"potentialAction\":[{\"@type\":\"SearchAction\",\"target\":{\"@type\":\"EntryPoint\",\"urlTemplate\":\"https:\/\/www.gaveanews.com\/?s={search_term_string}\"},\"query-input\":{\"@type\":\"PropertyValueSpecification\",\"valueRequired\":true,\"valueName\":\"search_term_string\"}}],\"inLanguage\":\"pt-BR\"},{\"@type\":\"Person\",\"@id\":\"https:\/\/www.gaveanews.com\/#\/schema\/person\/2ec14f73fb96be2caf28f91afb14749d\",\"name\":\"Equipe G\u00e1vea News\",\"image\":{\"@type\":\"ImageObject\",\"inLanguage\":\"pt-BR\",\"@id\":\"https:\/\/www.gaveanews.com\/#\/schema\/person\/image\/\",\"url\":\"https:\/\/secure.gravatar.com\/avatar\/1e1956f1facbffd3f8fa53a326721950116b3b9dc9bd44939c01180fd4a745a9?s=96&d=mm&r=g\",\"contentUrl\":\"https:\/\/secure.gravatar.com\/avatar\/1e1956f1facbffd3f8fa53a326721950116b3b9dc9bd44939c01180fd4a745a9?s=96&d=mm&r=g\",\"caption\":\"Equipe G\u00e1vea News\"}}]}<\/script>\n<!-- \/ Yoast SEO Premium plugin. -->","yoast_head_json":{"title":"Sem chances com Abel Braga, dois atacantes revelados pelo Flamengo ir\u00e3o ser dispensados","robots":{"index":"index","follow":"follow","max-snippet":"max-snippet:-1","max-image-preview":"max-image-preview:large","max-video-preview":"max-video-preview:-1"},"canonical":"https:\/\/www.gaveanews.com\/index.php\/2019\/04\/07\/sem-chances-com-abel-braga-dois-atacantes-revelados-pelo-flamengo-irao-ser-dispensados\/","og_locale":"pt_BR","og_type":"article","og_title":"Sem chances com Abel Braga, dois atacantes revelados pelo Flamengo ir\u00e3o ser dispensados","og_description":"Mesmo com os refor\u00e7os de peso contratados para a temporada, o Flamengo tem dado uma aten\u00e7\u00e3o especial aos jogadores oriundos da base. C\u00e9sar, Vitor Gabriel e Lucas Silva s\u00e3o exemplos, entrando constantemente nos jogos do Campeonato Carioca. Entretanto, dois atletas n\u00e3o seguem na mesma condi\u00e7\u00e3o: Nixon e Jaj\u00e1. Ambos retornaram de empr\u00e9stimo no in\u00edcio do [&hellip;]","og_url":"https:\/\/www.gaveanews.com\/index.php\/2019\/04\/07\/sem-chances-com-abel-braga-dois-atacantes-revelados-pelo-flamengo-irao-ser-dispensados\/","og_site_name":"G\u00e1vea News","article_publisher":"https:\/\/facebook.com\/gaveaNews\/","article_published_time":"2019-04-07T20:08:33+00:00","article_modified_time":"2019-04-07T20:08:56+00:00","og_image":[{"width":1200,"height":1200,"url":"https:\/\/www.gaveanews.com\/wp-content\/uploads\/2019\/03\/Nixon-durante-treinamento-do-Flamengo.webp","type":"image\/jpeg"}],"author":"Equipe G\u00e1vea News","twitter_card":"summary_large_image","twitter_misc":{"Escrito por":"Equipe G\u00e1vea News","Est. tempo de leitura":"2 minutos"},"schema":{"@context":"https:\/\/schema.org","@graph":[{"@type":"NewsArticle","@id":"https:\/\/www.gaveanews.com\/index.php\/2019\/04\/07\/sem-chances-com-abel-braga-dois-atacantes-revelados-pelo-flamengo-irao-ser-dispensados\/#article","isPartOf":{"@id":"https:\/\/www.gaveanews.com\/index.php\/2019\/04\/07\/sem-chances-com-abel-braga-dois-atacantes-revelados-pelo-flamengo-irao-ser-dispensados\/"},"author":{"name":"Equipe G\u00e1vea News","@id":"https:\/\/www.gaveanews.com\/#\/schema\/person\/2ec14f73fb96be2caf28f91afb14749d"},"headline":"Sem chances com Abel Braga, dois atacantes revelados pelo Flamengo ir\u00e3o ser dispensados","datePublished":"2019-04-07T20:08:33+00:00","dateModified":"2019-04-07T20:08:56+00:00","mainEntityOfPage":{"@id":"https:\/\/www.gaveanews.com\/index.php\/2019\/04\/07\/sem-chances-com-abel-braga-dois-atacantes-revelados-pelo-flamengo-irao-ser-dispensados\/"},"wordCount":397,"commentCount":0,"image":{"@id":"https:\/\/www.gaveanews.com\/index.php\/2019\/04\/07\/sem-chances-com-abel-braga-dois-atacantes-revelados-pelo-flamengo-irao-ser-dispensados\/#primaryimage"},"thumbnailUrl":"https:\/\/www.gaveanews.com\/wp-content\/uploads\/2019\/03\/Nixon-durante-treinamento-do-Flamengo.webp","articleSection":["Negocia\u00e7\u00f5es"],"inLanguage":"pt-BR","potentialAction":[{"@type":"CommentAction","name":"Comment","target":["https:\/\/www.gaveanews.com\/index.php\/2019\/04\/07\/sem-chances-com-abel-braga-dois-atacantes-revelados-pelo-flamengo-irao-ser-dispensados\/#respond"]}],"copyrightYear":"2019","copyrightHolder":{"@id":"https:\/\/www.gaveanews.com\/#organization"}},{"@type":"WebPage","@id":"https:\/\/www.gaveanews.com\/index.php\/2019\/04\/07\/sem-chances-com-abel-braga-dois-atacantes-revelados-pelo-flamengo-irao-ser-dispensados\/","url":"https:\/\/www.gaveanews.com\/index.php\/2019\/04\/07\/sem-chances-com-abel-braga-dois-atacantes-revelados-pelo-flamengo-irao-ser-dispensados\/","name":"Sem chances com Abel Braga, dois atacantes revelados pelo Flamengo ir\u00e3o ser dispensados","isPartOf":{"@id":"https:\/\/www.gaveanews.com\/#website"},"primaryImageOfPage":{"@id":"https:\/\/www.gaveanews.com\/index.php\/2019\/04\/07\/sem-chances-com-abel-braga-dois-atacantes-revelados-pelo-flamengo-irao-ser-dispensados\/#primaryimage"},"image":{"@id":"https:\/\/www.gaveanews.com\/index.php\/2019\/04\/07\/sem-chances-com-abel-braga-dois-atacantes-revelados-pelo-flamengo-irao-ser-dispensados\/#primaryimage"},"thumbnailUrl":"https:\/\/www.gaveanews.com\/wp-content\/uploads\/2019\/03\/Nixon-durante-treinamento-do-Flamengo.webp","datePublished":"2019-04-07T20:08:33+00:00","dateModified":"2019-04-07T20:08:56+00:00","author":{"@id":"https:\/\/www.gaveanews.com\/#\/schema\/person\/2ec14f73fb96be2caf28f91afb14749d"},"breadcrumb":{"@id":"https:\/\/www.gaveanews.com\/index.php\/2019\/04\/07\/sem-chances-com-abel-braga-dois-atacantes-revelados-pelo-flamengo-irao-ser-dispensados\/#breadcrumb"},"inLanguage":"pt-BR","potentialAction":[{"@type":"ReadAction","target":["https:\/\/www.gaveanews.com\/index.php\/2019\/04\/07\/sem-chances-com-abel-braga-dois-atacantes-revelados-pelo-flamengo-irao-ser-dispensados\/"]}]},{"@type":"ImageObject","inLanguage":"pt-BR","@id":"https:\/\/www.gaveanews.com\/index.php\/2019\/04\/07\/sem-chances-com-abel-braga-dois-atacantes-revelados-pelo-flamengo-irao-ser-dispensados\/#primaryimage","url":"https:\/\/www.gaveanews.com\/wp-content\/uploads\/2019\/03\/Nixon-durante-treinamento-do-Flamengo.webp","contentUrl":"https:\/\/www.gaveanews.com\/wp-content\/uploads\/2019\/03\/Nixon-durante-treinamento-do-Flamengo.webp","width":1200,"height":1200,"caption":"Nixon durante treinamento do Flamengo (Foto: Wagner Meier\/Lancepress!)"},{"@type":"BreadcrumbList","@id":"https:\/\/www.gaveanews.com\/index.php\/2019\/04\/07\/sem-chances-com-abel-braga-dois-atacantes-revelados-pelo-flamengo-irao-ser-dispensados\/#breadcrumb","itemListElement":[{"@type":"ListItem","position":1,"name":"Home","item":"https:\/\/www.gaveanews.com\/"},{"@type":"ListItem","position":2,"name":"Sem chances com Abel Braga, dois atacantes revelados pelo Flamengo ir\u00e3o ser dispensados"}]},{"@type":"WebSite","@id":"https:\/\/www.gaveanews.com\/#website","url":"https:\/\/www.gaveanews.com\/","name":"G\u00e1vea News","description":"Veja todas as not\u00edcias sobre o Flamengo: Contrata\u00e7\u00f5es, categorias de base, resultados das partidas, tabela de classifica\u00e7\u00e3o, pr\u00f3ximos jogos!","potentialAction":[{"@type":"SearchAction","target":{"@type":"EntryPoint","urlTemplate":"https:\/\/www.gaveanews.com\/?s={search_term_string}"},"query-input":{"@type":"PropertyValueSpecification","valueRequired":true,"valueName":"search_term_string"}}],"inLanguage":"pt-BR"},{"@type":"Person","@id":"https:\/\/www.gaveanews.com\/#\/schema\/person\/2ec14f73fb96be2caf28f91afb14749d","name":"Equipe G\u00e1vea News","image":{"@type":"ImageObject","inLanguage":"pt-BR","@id":"https:\/\/www.gaveanews.com\/#\/schema\/person\/image\/","url":"https:\/\/secure.gravatar.com\/avatar\/1e1956f1facbffd3f8fa53a326721950116b3b9dc9bd44939c01180fd4a745a9?s=96&d=mm&r=g","contentUrl":"https:\/\/secure.gravatar.com\/avatar\/1e1956f1facbffd3f8fa53a326721950116b3b9dc9bd44939c01180fd4a745a9?s=96&d=mm&r=g","caption":"Equipe G\u00e1vea News"}}]}},"_links":{"self":[{"href":"https:\/\/www.gaveanews.com\/index.php\/wp-json\/wp\/v2\/posts\/17322","targetHints":{"allow":["GET"]}}],"collection":[{"href":"https:\/\/www.gaveanews.com\/index.php\/wp-json\/wp\/v2\/posts"}],"about":[{"href":"https:\/\/www.gaveanews.com\/index.php\/wp-json\/wp\/v2\/types\/post"}],"author":[{"embeddable":true,"href":"https:\/\/www.gaveanews.com\/index.php\/wp-json\/wp\/v2\/users\/1"}],"replies":[{"embeddable":true,"href":"https:\/\/www.gaveanews.com\/index.php\/wp-json\/wp\/v2\/comments?post=17322"}],"version-history":[{"count":0,"href":"https:\/\/www.gaveanews.com\/index.php\/wp-json\/wp\/v2\/posts\/17322\/revisions"}],"wp:featuredmedia":[{"embeddable":true,"href":"https:\/\/www.gaveanews.com\/index.php\/wp-json\/wp\/v2\/media\/15014"}],"wp:attachment":[{"href":"https:\/\/www.gaveanews.com\/index.php\/wp-json\/wp\/v2\/media?parent=17322"}],"wp:term":[{"taxonomy":"category","embeddable":true,"href":"https:\/\/www.gaveanews.com\/index.php\/wp-json\/wp\/v2\/categories?post=17322"},{"taxonomy":"post_tag","embeddable":true,"href":"https:\/\/www.gaveanews.com\/index.php\/wp-json\/wp\/v2\/tags?post=17322"}],"curies":[{"name":"wp","href":"https:\/\/api.w.org\/{rel}","templated":true}]}}