{"id":173348,"date":"2024-10-10T17:40:00","date_gmt":"2024-10-10T20:40:00","guid":{"rendered":"https:\/\/www.gaveanews.com\/?p=173348"},"modified":"2024-10-10T16:00:59","modified_gmt":"2024-10-10T19:00:59","slug":"a-declaracao-de-renato-gaucho-apos-a-derrota-do-gremio","status":"publish","type":"post","link":"https:\/\/www.gaveanews.com\/index.php\/2024\/10\/10\/a-declaracao-de-renato-gaucho-apos-a-derrota-do-gremio\/","title":{"rendered":"A declara\u00e7\u00e3o de Renato Ga\u00facho ap\u00f3s a derrota do Gr\u00eamio"},"content":{"rendered":"\n<h2 class=\"wp-block-heading\" id=\"h-treinador-ficou-na-bronca-com-a-arbitragem\">Treinador ficou na bronca com a arbitragem <\/h2>\n\n\n\n<p>Na \u00faltima quarta-feira (9), o Gr\u00eamio visitou o Atl\u00e9tico-MG na Arena MRV e foi derrotado por 2 a 1. Hulk e Deyverson marcaram para os mineiros, enquanto Aravena foi as redes para os ga\u00fachos. O t\u00e9cnico Renato Ga\u00facho ficou na bronca com a arbitragem da partida e entendeu que houve dois erros no jogo. <\/p>\n\n\n\n<ul class=\"wp-block-list\">\n<li><a href=\"https:\/\/www.gaveanews.com\/index.php\/2024\/10\/09\/gremio-quer-contratar-ex-atacante-do-corinthians\/\">Gr\u00eamio quer contratar ex-atacante do Corinthians<\/a><\/li>\n\n\n\n<li><a href=\"https:\/\/www.gaveanews.com\/index.php\/2024\/10\/10\/alexander-aravena-braithwaite-cristaldo-cuiabano-diego-costa-igor-schlemper-joao-pedro-kannemann-pavon-e-soteldo-os-maiores-garcons-do-gremio-no-brasileirao\/\">Alexander Aravena, Braithwaite, Cristaldo, Cuiabano, Diego Costa, Igor Schlemper, Jo\u00e3o Pedro, Kannemann, Pav\u00f3n e Soteldo: os maiores gar\u00e7ons do Gr\u00eamio no Brasileir\u00e3o<\/a><\/li>\n<\/ul>\n\n\n\n<p>Em diversos momentos na entrevista coletiva, Renato usava o termo &#8220;bagun\u00e7a&#8221; para definir a arbitragem. Para o treinador, n\u00e3o existiu p\u00eanalti de Jemerson em Hulk e disse que n\u00e3o viu toque de bra\u00e7o de Braithwaite para que a arbitragem anulasse o gol de empate da equipe gremista. <\/p>\n\n\n\n<p>\u201cFoi um grande jogo. As equipes buscaram a vit\u00f3ria e criaram situa\u00e7\u00f5es de gols. Por outro lado, \u00e9 o que eu falo h\u00e1 dez anos. O VAR \u00e9 que apita o jogo. Cada pessoa que vai ao VAR, tem uma regra. Estava com o presidente no vesti\u00e1rio tentando ver se a bola pegou no bra\u00e7o do Martin. Eu vi o lance por v\u00e1rios \u00e2ngulos e n\u00e3o vi a bola pegando no bra\u00e7o do Martin\u201d, iniciou Renato, que continuou:<\/p>\n\n\n\n<p>\u201cMesmo que tivesse pegado, ele n\u00e3o dominou a bola com o bra\u00e7o e fez o gol. Ele correu, chutou, o goleiro defendeu, a bola sobrou pra ele. Foram alguns segundos depois, e eu n\u00e3o vejo a bola no bra\u00e7o dele\u201d, complementou o treinador. <\/p>\n\n\n\n<p>Renato disse que viu Jemerson chutando o ch\u00e3o e n\u00e3o Hulk, que teria valorizado no lance para conseguir a penalidade m\u00e1xima e novamente disse que a arbitragem do futebol brasileiro \u00e9 uma bagun\u00e7a.<\/p>\n\n\n\n<p><strong>\u201c<\/strong>No p\u00eanalti, vi v\u00e1rias vezes o lance. O Jemerson chuta o ch\u00e3o, o Hulk valorizou, e o VAR n\u00e3o chamou ele. Quer dizer, onde vamos parar com o futebol brasileiro? Toda rodada algu\u00e9m grita. Ser\u00e1 que s\u00f3 eu estou errado e vou ficar dando murro em ponta de faca? As imagens est\u00e3o a\u00ed. Se algu\u00e9m discordar, tem todo o direito. As imagens est\u00e3o a\u00ed. Esse \u00e9 o nosso futebol brasileiro. Pra variar, uma bagun\u00e7a&#8221;, disse Renato.<\/p>\n\n\n\n<p>O treinador do Gr\u00eamio ainda comentou sobre o jogo entre Vasco e Fluminense, que o \u00e1rbitro Anderson Daronco foi ao VAR e validou o gol vasca\u00edno mesmo com toque de m\u00e3o de Pablo Vegetti. A partida aconteceu 10 de agosto, no Est\u00e1dio Nilton Santos, pela 22\u00aa rodada.<\/p>\n\n\n\n<p>\u201cOutro dia, vendo um jogo do Vasco, o Vegetti s\u00f3 faltou dominar a bola com a m\u00e3o e fazer o gol com a m\u00e3o. Deram o gol. A\u00ed eu pergunto: qual \u00e9 a regra do futebol? Sabe qual \u00e9 a regra do futebol? A bagun\u00e7a! Essa que \u00e9 a bagun\u00e7a\u201d, desabafou o t\u00e9cnico do Gr\u00eamio, que ainda disse:<\/p>\n\n\n\n<p>\u201cN\u00e3o vejo quem vai para o VAR fazer curso. O curso est\u00e1 na cabe\u00e7a de cada um. Esse gol que foi anulado hoje realmente mostra o quanto o futebol brasileiro \u00e9 bagun\u00e7ado\u201d, concluiu Renato Ga\u00facho. <\/p>\n\n\n\n<p>Com a derrota, o Gr\u00eamio permanece na 11\u00b0 posi\u00e7\u00e3o com 35 pontos somados, seis a mais que o Vit\u00f3ria, em 17\u00b0 lugar. Com os jogos da Data Fifa, o tricolor ga\u00facho volta a campo apenas no s\u00e1bado (19) no cl\u00e1ssico Gre-Nal, pela 30\u00b0 rodada do Brasileir\u00e3o. A partida acontece no Beira-Rio, \u00e0s 16h (de Bras\u00edlia). <\/p>\n","protected":false},"excerpt":{"rendered":"<p>Treinador ficou na bronca com a arbitragem Na \u00faltima quarta-feira (9), o Gr\u00eamio visitou o Atl\u00e9tico-MG na Arena MRV e foi derrotado por 2 a 1. Hulk e Deyverson marcaram para os mineiros, enquanto Aravena foi as redes para os ga\u00fachos. O t\u00e9cnico Renato Ga\u00facho ficou na bronca com a arbitragem da partida e entendeu [&hellip;]<\/p>\n","protected":false},"author":21,"featured_media":144188,"comment_status":"open","ping_status":"closed","sticky":false,"template":"","format":"standard","meta":{"footnotes":""},"categories":[147],"tags":[],"class_list":["post-173348","post","type-post","status-publish","format-standard","has-post-thumbnail","hentry","category-gremio"],"yoast_head":"<!-- This site is optimized with the Yoast SEO Premium plugin v24.2 (Yoast SEO v26.9) - https:\/\/yoast.com\/product\/yoast-seo-premium-wordpress\/ -->\n<title>A declara\u00e7\u00e3o de Renato Ga\u00facho ap\u00f3s a derrota do Gr\u00eamio<\/title>\n<meta name=\"robots\" content=\"index, follow, max-snippet:-1, max-image-preview:large, max-video-preview:-1\" \/>\n<link rel=\"canonical\" href=\"https:\/\/www.gaveanews.com\/index.php\/2024\/10\/10\/a-declaracao-de-renato-gaucho-apos-a-derrota-do-gremio\/\" \/>\n<meta property=\"og:locale\" content=\"pt_BR\" \/>\n<meta property=\"og:type\" content=\"article\" \/>\n<meta property=\"og:title\" content=\"A declara\u00e7\u00e3o de Renato Ga\u00facho ap\u00f3s a derrota do Gr\u00eamio\" \/>\n<meta property=\"og:description\" content=\"Treinador ficou na bronca com a arbitragem Na \u00faltima quarta-feira (9), o Gr\u00eamio visitou o Atl\u00e9tico-MG na Arena MRV e foi derrotado por 2 a 1. Hulk e Deyverson marcaram para os mineiros, enquanto Aravena foi as redes para os ga\u00fachos. O t\u00e9cnico Renato Ga\u00facho ficou na bronca com a arbitragem da partida e entendeu [&hellip;]\" \/>\n<meta property=\"og:url\" content=\"https:\/\/www.gaveanews.com\/index.php\/2024\/10\/10\/a-declaracao-de-renato-gaucho-apos-a-derrota-do-gremio\/\" \/>\n<meta property=\"og:site_name\" content=\"G\u00e1vea News\" \/>\n<meta property=\"article:publisher\" content=\"https:\/\/facebook.com\/gaveaNews\/\" \/>\n<meta property=\"article:published_time\" content=\"2024-10-10T20:40:00+00:00\" \/>\n<meta property=\"og:image\" content=\"https:\/\/www.gaveanews.com\/wp-content\/uploads\/renato-gaucho-gremio.webp\" \/>\n\t<meta property=\"og:image:width\" content=\"1000\" \/>\n\t<meta property=\"og:image:height\" content=\"563\" \/>\n\t<meta property=\"og:image:type\" content=\"image\/webp\" \/>\n<meta name=\"author\" content=\"Andr\u00e9 Serra\" \/>\n<meta name=\"twitter:card\" content=\"summary_large_image\" \/>\n<meta name=\"twitter:label1\" content=\"Escrito por\" \/>\n\t<meta name=\"twitter:data1\" content=\"Andr\u00e9 Serra\" \/>\n\t<meta name=\"twitter:label2\" content=\"Est. tempo de leitura\" \/>\n\t<meta name=\"twitter:data2\" content=\"4 minutos\" \/>\n<script type=\"application\/ld+json\" class=\"yoast-schema-graph\">{\"@context\":\"https:\/\/schema.org\",\"@graph\":[{\"@type\":\"NewsArticle\",\"@id\":\"https:\/\/www.gaveanews.com\/index.php\/2024\/10\/10\/a-declaracao-de-renato-gaucho-apos-a-derrota-do-gremio\/#article\",\"isPartOf\":{\"@id\":\"https:\/\/www.gaveanews.com\/index.php\/2024\/10\/10\/a-declaracao-de-renato-gaucho-apos-a-derrota-do-gremio\/\"},\"author\":{\"name\":\"Andr\u00e9 Serra\",\"@id\":\"https:\/\/www.gaveanews.com\/#\/schema\/person\/0277a79a1289c451c281ec0411d84f0c\"},\"headline\":\"A declara\u00e7\u00e3o de Renato Ga\u00facho ap\u00f3s a derrota do Gr\u00eamio\",\"datePublished\":\"2024-10-10T20:40:00+00:00\",\"mainEntityOfPage\":{\"@id\":\"https:\/\/www.gaveanews.com\/index.php\/2024\/10\/10\/a-declaracao-de-renato-gaucho-apos-a-derrota-do-gremio\/\"},\"wordCount\":619,\"commentCount\":0,\"image\":{\"@id\":\"https:\/\/www.gaveanews.com\/index.php\/2024\/10\/10\/a-declaracao-de-renato-gaucho-apos-a-derrota-do-gremio\/#primaryimage\"},\"thumbnailUrl\":\"https:\/\/www.gaveanews.com\/wp-content\/uploads\/renato-gaucho-gremio.webp\",\"articleSection\":[\"Gr\u00eamio\"],\"inLanguage\":\"pt-BR\",\"potentialAction\":[{\"@type\":\"CommentAction\",\"name\":\"Comment\",\"target\":[\"https:\/\/www.gaveanews.com\/index.php\/2024\/10\/10\/a-declaracao-de-renato-gaucho-apos-a-derrota-do-gremio\/#respond\"]}],\"copyrightYear\":\"2024\",\"copyrightHolder\":{\"@id\":\"https:\/\/www.gaveanews.com\/#organization\"}},{\"@type\":\"WebPage\",\"@id\":\"https:\/\/www.gaveanews.com\/index.php\/2024\/10\/10\/a-declaracao-de-renato-gaucho-apos-a-derrota-do-gremio\/\",\"url\":\"https:\/\/www.gaveanews.com\/index.php\/2024\/10\/10\/a-declaracao-de-renato-gaucho-apos-a-derrota-do-gremio\/\",\"name\":\"A declara\u00e7\u00e3o de Renato Ga\u00facho ap\u00f3s a derrota do Gr\u00eamio\",\"isPartOf\":{\"@id\":\"https:\/\/www.gaveanews.com\/#website\"},\"primaryImageOfPage\":{\"@id\":\"https:\/\/www.gaveanews.com\/index.php\/2024\/10\/10\/a-declaracao-de-renato-gaucho-apos-a-derrota-do-gremio\/#primaryimage\"},\"image\":{\"@id\":\"https:\/\/www.gaveanews.com\/index.php\/2024\/10\/10\/a-declaracao-de-renato-gaucho-apos-a-derrota-do-gremio\/#primaryimage\"},\"thumbnailUrl\":\"https:\/\/www.gaveanews.com\/wp-content\/uploads\/renato-gaucho-gremio.webp\",\"datePublished\":\"2024-10-10T20:40:00+00:00\",\"author\":{\"@id\":\"https:\/\/www.gaveanews.com\/#\/schema\/person\/0277a79a1289c451c281ec0411d84f0c\"},\"breadcrumb\":{\"@id\":\"https:\/\/www.gaveanews.com\/index.php\/2024\/10\/10\/a-declaracao-de-renato-gaucho-apos-a-derrota-do-gremio\/#breadcrumb\"},\"inLanguage\":\"pt-BR\",\"potentialAction\":[{\"@type\":\"ReadAction\",\"target\":[\"https:\/\/www.gaveanews.com\/index.php\/2024\/10\/10\/a-declaracao-de-renato-gaucho-apos-a-derrota-do-gremio\/\"]}]},{\"@type\":\"ImageObject\",\"inLanguage\":\"pt-BR\",\"@id\":\"https:\/\/www.gaveanews.com\/index.php\/2024\/10\/10\/a-declaracao-de-renato-gaucho-apos-a-derrota-do-gremio\/#primaryimage\",\"url\":\"https:\/\/www.gaveanews.com\/wp-content\/uploads\/renato-gaucho-gremio.webp\",\"contentUrl\":\"https:\/\/www.gaveanews.com\/wp-content\/uploads\/renato-gaucho-gremio.webp\",\"width\":1000,\"height\":563,\"caption\":\"Renato Ga\u00facho em treino do Gr\u00eamio (Foto: Lucas Uebel\/Gr\u00eamio FBPA)\"},{\"@type\":\"BreadcrumbList\",\"@id\":\"https:\/\/www.gaveanews.com\/index.php\/2024\/10\/10\/a-declaracao-de-renato-gaucho-apos-a-derrota-do-gremio\/#breadcrumb\",\"itemListElement\":[{\"@type\":\"ListItem\",\"position\":1,\"name\":\"Home\",\"item\":\"https:\/\/www.gaveanews.com\/\"},{\"@type\":\"ListItem\",\"position\":2,\"name\":\"A declara\u00e7\u00e3o de Renato Ga\u00facho ap\u00f3s a derrota do Gr\u00eamio\"}]},{\"@type\":\"WebSite\",\"@id\":\"https:\/\/www.gaveanews.com\/#website\",\"url\":\"https:\/\/www.gaveanews.com\/\",\"name\":\"G\u00e1vea News\",\"description\":\"Veja todas as not\u00edcias sobre o Flamengo: Contrata\u00e7\u00f5es, categorias de base, resultados das partidas, tabela de classifica\u00e7\u00e3o, pr\u00f3ximos jogos!\",\"potentialAction\":[{\"@type\":\"SearchAction\",\"target\":{\"@type\":\"EntryPoint\",\"urlTemplate\":\"https:\/\/www.gaveanews.com\/?s={search_term_string}\"},\"query-input\":{\"@type\":\"PropertyValueSpecification\",\"valueRequired\":true,\"valueName\":\"search_term_string\"}}],\"inLanguage\":\"pt-BR\"},{\"@type\":\"Person\",\"@id\":\"https:\/\/www.gaveanews.com\/#\/schema\/person\/0277a79a1289c451c281ec0411d84f0c\",\"name\":\"Andr\u00e9 Serra\",\"image\":{\"@type\":\"ImageObject\",\"inLanguage\":\"pt-BR\",\"@id\":\"https:\/\/www.gaveanews.com\/#\/schema\/person\/image\/\",\"url\":\"https:\/\/secure.gravatar.com\/avatar\/d7231369fe48db93292b3e88eb2162dbd9a34a47a8437d9ef3bcaca2a86a83d7?s=96&d=mm&r=g\",\"contentUrl\":\"https:\/\/secure.gravatar.com\/avatar\/d7231369fe48db93292b3e88eb2162dbd9a34a47a8437d9ef3bcaca2a86a83d7?s=96&d=mm&r=g\",\"caption\":\"Andr\u00e9 Serra\"}}]}<\/script>\n<!-- \/ Yoast SEO Premium plugin. -->","yoast_head_json":{"title":"A declara\u00e7\u00e3o de Renato Ga\u00facho ap\u00f3s a derrota do Gr\u00eamio","robots":{"index":"index","follow":"follow","max-snippet":"max-snippet:-1","max-image-preview":"max-image-preview:large","max-video-preview":"max-video-preview:-1"},"canonical":"https:\/\/www.gaveanews.com\/index.php\/2024\/10\/10\/a-declaracao-de-renato-gaucho-apos-a-derrota-do-gremio\/","og_locale":"pt_BR","og_type":"article","og_title":"A declara\u00e7\u00e3o de Renato Ga\u00facho ap\u00f3s a derrota do Gr\u00eamio","og_description":"Treinador ficou na bronca com a arbitragem Na \u00faltima quarta-feira (9), o Gr\u00eamio visitou o Atl\u00e9tico-MG na Arena MRV e foi derrotado por 2 a 1. Hulk e Deyverson marcaram para os mineiros, enquanto Aravena foi as redes para os ga\u00fachos. O t\u00e9cnico Renato Ga\u00facho ficou na bronca com a arbitragem da partida e entendeu [&hellip;]","og_url":"https:\/\/www.gaveanews.com\/index.php\/2024\/10\/10\/a-declaracao-de-renato-gaucho-apos-a-derrota-do-gremio\/","og_site_name":"G\u00e1vea News","article_publisher":"https:\/\/facebook.com\/gaveaNews\/","article_published_time":"2024-10-10T20:40:00+00:00","og_image":[{"width":1000,"height":563,"url":"https:\/\/www.gaveanews.com\/wp-content\/uploads\/renato-gaucho-gremio.webp","type":"image\/webp"}],"author":"Andr\u00e9 Serra","twitter_card":"summary_large_image","twitter_misc":{"Escrito por":"Andr\u00e9 Serra","Est. tempo de leitura":"4 minutos"},"schema":{"@context":"https:\/\/schema.org","@graph":[{"@type":"NewsArticle","@id":"https:\/\/www.gaveanews.com\/index.php\/2024\/10\/10\/a-declaracao-de-renato-gaucho-apos-a-derrota-do-gremio\/#article","isPartOf":{"@id":"https:\/\/www.gaveanews.com\/index.php\/2024\/10\/10\/a-declaracao-de-renato-gaucho-apos-a-derrota-do-gremio\/"},"author":{"name":"Andr\u00e9 Serra","@id":"https:\/\/www.gaveanews.com\/#\/schema\/person\/0277a79a1289c451c281ec0411d84f0c"},"headline":"A declara\u00e7\u00e3o de Renato Ga\u00facho ap\u00f3s a derrota do Gr\u00eamio","datePublished":"2024-10-10T20:40:00+00:00","mainEntityOfPage":{"@id":"https:\/\/www.gaveanews.com\/index.php\/2024\/10\/10\/a-declaracao-de-renato-gaucho-apos-a-derrota-do-gremio\/"},"wordCount":619,"commentCount":0,"image":{"@id":"https:\/\/www.gaveanews.com\/index.php\/2024\/10\/10\/a-declaracao-de-renato-gaucho-apos-a-derrota-do-gremio\/#primaryimage"},"thumbnailUrl":"https:\/\/www.gaveanews.com\/wp-content\/uploads\/renato-gaucho-gremio.webp","articleSection":["Gr\u00eamio"],"inLanguage":"pt-BR","potentialAction":[{"@type":"CommentAction","name":"Comment","target":["https:\/\/www.gaveanews.com\/index.php\/2024\/10\/10\/a-declaracao-de-renato-gaucho-apos-a-derrota-do-gremio\/#respond"]}],"copyrightYear":"2024","copyrightHolder":{"@id":"https:\/\/www.gaveanews.com\/#organization"}},{"@type":"WebPage","@id":"https:\/\/www.gaveanews.com\/index.php\/2024\/10\/10\/a-declaracao-de-renato-gaucho-apos-a-derrota-do-gremio\/","url":"https:\/\/www.gaveanews.com\/index.php\/2024\/10\/10\/a-declaracao-de-renato-gaucho-apos-a-derrota-do-gremio\/","name":"A declara\u00e7\u00e3o de Renato Ga\u00facho ap\u00f3s a derrota do Gr\u00eamio","isPartOf":{"@id":"https:\/\/www.gaveanews.com\/#website"},"primaryImageOfPage":{"@id":"https:\/\/www.gaveanews.com\/index.php\/2024\/10\/10\/a-declaracao-de-renato-gaucho-apos-a-derrota-do-gremio\/#primaryimage"},"image":{"@id":"https:\/\/www.gaveanews.com\/index.php\/2024\/10\/10\/a-declaracao-de-renato-gaucho-apos-a-derrota-do-gremio\/#primaryimage"},"thumbnailUrl":"https:\/\/www.gaveanews.com\/wp-content\/uploads\/renato-gaucho-gremio.webp","datePublished":"2024-10-10T20:40:00+00:00","author":{"@id":"https:\/\/www.gaveanews.com\/#\/schema\/person\/0277a79a1289c451c281ec0411d84f0c"},"breadcrumb":{"@id":"https:\/\/www.gaveanews.com\/index.php\/2024\/10\/10\/a-declaracao-de-renato-gaucho-apos-a-derrota-do-gremio\/#breadcrumb"},"inLanguage":"pt-BR","potentialAction":[{"@type":"ReadAction","target":["https:\/\/www.gaveanews.com\/index.php\/2024\/10\/10\/a-declaracao-de-renato-gaucho-apos-a-derrota-do-gremio\/"]}]},{"@type":"ImageObject","inLanguage":"pt-BR","@id":"https:\/\/www.gaveanews.com\/index.php\/2024\/10\/10\/a-declaracao-de-renato-gaucho-apos-a-derrota-do-gremio\/#primaryimage","url":"https:\/\/www.gaveanews.com\/wp-content\/uploads\/renato-gaucho-gremio.webp","contentUrl":"https:\/\/www.gaveanews.com\/wp-content\/uploads\/renato-gaucho-gremio.webp","width":1000,"height":563,"caption":"Renato Ga\u00facho em treino do Gr\u00eamio (Foto: Lucas Uebel\/Gr\u00eamio FBPA)"},{"@type":"BreadcrumbList","@id":"https:\/\/www.gaveanews.com\/index.php\/2024\/10\/10\/a-declaracao-de-renato-gaucho-apos-a-derrota-do-gremio\/#breadcrumb","itemListElement":[{"@type":"ListItem","position":1,"name":"Home","item":"https:\/\/www.gaveanews.com\/"},{"@type":"ListItem","position":2,"name":"A declara\u00e7\u00e3o de Renato Ga\u00facho ap\u00f3s a derrota do Gr\u00eamio"}]},{"@type":"WebSite","@id":"https:\/\/www.gaveanews.com\/#website","url":"https:\/\/www.gaveanews.com\/","name":"G\u00e1vea News","description":"Veja todas as not\u00edcias sobre o Flamengo: Contrata\u00e7\u00f5es, categorias de base, resultados das partidas, tabela de classifica\u00e7\u00e3o, pr\u00f3ximos jogos!","potentialAction":[{"@type":"SearchAction","target":{"@type":"EntryPoint","urlTemplate":"https:\/\/www.gaveanews.com\/?s={search_term_string}"},"query-input":{"@type":"PropertyValueSpecification","valueRequired":true,"valueName":"search_term_string"}}],"inLanguage":"pt-BR"},{"@type":"Person","@id":"https:\/\/www.gaveanews.com\/#\/schema\/person\/0277a79a1289c451c281ec0411d84f0c","name":"Andr\u00e9 Serra","image":{"@type":"ImageObject","inLanguage":"pt-BR","@id":"https:\/\/www.gaveanews.com\/#\/schema\/person\/image\/","url":"https:\/\/secure.gravatar.com\/avatar\/d7231369fe48db93292b3e88eb2162dbd9a34a47a8437d9ef3bcaca2a86a83d7?s=96&d=mm&r=g","contentUrl":"https:\/\/secure.gravatar.com\/avatar\/d7231369fe48db93292b3e88eb2162dbd9a34a47a8437d9ef3bcaca2a86a83d7?s=96&d=mm&r=g","caption":"Andr\u00e9 Serra"}}]}},"_links":{"self":[{"href":"https:\/\/www.gaveanews.com\/index.php\/wp-json\/wp\/v2\/posts\/173348","targetHints":{"allow":["GET"]}}],"collection":[{"href":"https:\/\/www.gaveanews.com\/index.php\/wp-json\/wp\/v2\/posts"}],"about":[{"href":"https:\/\/www.gaveanews.com\/index.php\/wp-json\/wp\/v2\/types\/post"}],"author":[{"embeddable":true,"href":"https:\/\/www.gaveanews.com\/index.php\/wp-json\/wp\/v2\/users\/21"}],"replies":[{"embeddable":true,"href":"https:\/\/www.gaveanews.com\/index.php\/wp-json\/wp\/v2\/comments?post=173348"}],"version-history":[{"count":1,"href":"https:\/\/www.gaveanews.com\/index.php\/wp-json\/wp\/v2\/posts\/173348\/revisions"}],"predecessor-version":[{"id":173360,"href":"https:\/\/www.gaveanews.com\/index.php\/wp-json\/wp\/v2\/posts\/173348\/revisions\/173360"}],"wp:featuredmedia":[{"embeddable":true,"href":"https:\/\/www.gaveanews.com\/index.php\/wp-json\/wp\/v2\/media\/144188"}],"wp:attachment":[{"href":"https:\/\/www.gaveanews.com\/index.php\/wp-json\/wp\/v2\/media?parent=173348"}],"wp:term":[{"taxonomy":"category","embeddable":true,"href":"https:\/\/www.gaveanews.com\/index.php\/wp-json\/wp\/v2\/categories?post=173348"},{"taxonomy":"post_tag","embeddable":true,"href":"https:\/\/www.gaveanews.com\/index.php\/wp-json\/wp\/v2\/tags?post=173348"}],"curies":[{"name":"wp","href":"https:\/\/api.w.org\/{rel}","templated":true}]}}