{"id":173460,"date":"2024-10-11T13:00:48","date_gmt":"2024-10-11T16:00:48","guid":{"rendered":"https:\/\/www.gaveanews.com\/?p=173460"},"modified":"2024-10-11T03:01:22","modified_gmt":"2024-10-11T06:01:22","slug":"esse-e-o-novo-time-de-jurgen-klopp-na-europa","status":"publish","type":"post","link":"https:\/\/www.gaveanews.com\/index.php\/2024\/10\/11\/esse-e-o-novo-time-de-jurgen-klopp-na-europa\/","title":{"rendered":"Esse \u00e9 o novo time de J\u00fcrgen Klopp na Europa"},"content":{"rendered":"\n<p>Logo ap\u00f3s J\u00fcrgen Klop, de 57 anos, deixar o Liverpool, da Inglaterra e passar por um per\u00edodo sab\u00e1tico, o ex-jogador felizmente voltar\u00e1 ao futebol no ano de 2025, por\u00e9m n\u00e3o ser\u00e1 mais treinador de uma equipe de futebol.<\/p>\n\n\n\n<ul class=\"wp-block-list\">\n<li><a href=\"https:\/\/www.gaveanews.com\/index.php\/2024\/10\/10\/atitude-de-jurgen-klopp-repercute-negativamente-na-europa\/\">Atitude de J\u00fcrgen Klopp repercute negativamente na Europa<\/a><\/li>\n\n\n\n<li><a href=\"https:\/\/www.gaveanews.com\/index.php\/2024\/05\/20\/liverpool-oficializa-substituto-de-jurgen-klopp\/\">Liverpool oficializa substituto de J\u00fcrgen Klopp<\/a><\/li>\n<\/ul>\n\n\n\n<p>Afinal, o profissional atualmente ser\u00e1 o novo diretor global de futebol da Red Bull, onde ter\u00e1 como o principal objetivo gerenciar os cinco clubes que est\u00e3o ligados, incluindo a equipe do Bragantino, no Brasil.<\/p>\n\n\n\n<h2 class=\"wp-block-heading\" id=\"h-empresa-de-energeticos\">Empresa de energ\u00e9ticos<\/h2>\n\n\n\n<p>Segundo informa\u00e7\u00f5es da empresa de energ\u00e9ticos, o alem\u00e3o Klop iniciar\u00e1 sua nova fun\u00e7\u00e3o somente no m\u00eas de janeiro no ano de 2025, onde dar\u00e1 todo o apoio aos diretores esportivos de cada equipe que atualmente est\u00e1 na empresa.<\/p>\n\n\n\n<p>At\u00e9 porque o foco n\u00e3o \u00e9 participar do dia a dia dos cinco clubes, mas sim de desenvolver novos t\u00e9cnicos. Entre as institui\u00e7\u00f5es da empresa, est\u00e3o: RB Leipzig (Alemanha), Red Bull Bragantino (Brasil), RB Salzburg (\u00c1ustria), New York RB (Estados Unidos) e FC Liefering (\u00c1ustria).<\/p>\n\n\n\n<h2 class=\"wp-block-heading\" id=\"h-comunicado-da-empresa-red-bull\">Comunicado da empresa Red Bull<\/h2>\n\n\n\n<p>&#8220;Ele tamb\u00e9m aproveitar\u00e1 sua ampla rede de contatos para ajudar a buscar talentos destacados e contribuir com a forma\u00e7\u00e3o e o desenvolvimento dos treinadores&#8221;, diz o comunicado da Red Bull.<\/p>\n\n\n\n<p>&#8220;Estamos muito orgulhosos dessa contrata\u00e7\u00e3o excepcional&#8221;, disse o CEO de Projetos e Investimentos Corporativos da Red Bull, que classificou a chegada de Klopp como um divisor de \u00e1guas da organiza\u00e7\u00e3o no futebol internacional.<\/p>\n\n\n\n<p>&#8220;J\u00fcrgen Klopp \u00e9 uma das maiores e mais influentes figuras do futebol mundial, com habilidades e carisma extraordin\u00e1rios&#8221;, finalizou o CEO.<\/p>\n\n\n\n<h2 class=\"wp-block-heading\" id=\"h-comunicado-de-klopp\">Comunicado de Klopp<\/h2>\n\n\n\n<p>&#8220;Quero desenvolver, melhorar e apoiar o incr\u00edvel talento futebol\u00edstico que temos \u00e0 nossa disposi\u00e7\u00e3o. Vejo meu papel principalmente como um mentor para os treinadores e a ger\u00eancia dos clubes. Sou parte de uma organiza\u00e7\u00e3o que \u00e9 \u00fanica, inovadora e com vis\u00e3o de futuro&#8221;, afirmou Klopp.<\/p>\n\n\n\n<p>&#8220;A fun\u00e7\u00e3o pode ter mudado, mas minha paix\u00e3o pelo futebol n\u00e3o mudou&#8221;, continuou.<\/p>\n\n\n\n<p>&#8220;Sou parte de uma organiza\u00e7\u00e3o que \u00e9 \u00fanica, inovadora e voltada para o futuro&#8221;, finalizou Klopp.<\/p>\n","protected":false},"excerpt":{"rendered":"<p>Logo ap\u00f3s J\u00fcrgen Klop, de 57 anos, deixar o Liverpool, da Inglaterra e passar por um per\u00edodo sab\u00e1tico, o ex-jogador felizmente voltar\u00e1 ao futebol no ano de 2025, por\u00e9m n\u00e3o ser\u00e1 mais treinador de uma equipe de futebol. Afinal, o profissional atualmente ser\u00e1 o novo diretor global de futebol da Red Bull, onde ter\u00e1 como [&hellip;]<\/p>\n","protected":false},"author":22,"featured_media":110568,"comment_status":"open","ping_status":"closed","sticky":false,"template":"","format":"standard","meta":{"footnotes":""},"categories":[140],"tags":[],"class_list":["post-173460","post","type-post","status-publish","format-standard","has-post-thumbnail","hentry","category-bragantino"],"yoast_head":"<!-- This site is optimized with the Yoast SEO Premium plugin v24.2 (Yoast SEO v26.9) - https:\/\/yoast.com\/product\/yoast-seo-premium-wordpress\/ -->\n<title>Esse \u00e9 o novo time de J\u00fcrgen Klopp na Europa<\/title>\n<meta name=\"robots\" content=\"index, follow, max-snippet:-1, max-image-preview:large, max-video-preview:-1\" \/>\n<link rel=\"canonical\" href=\"https:\/\/www.gaveanews.com\/index.php\/2024\/10\/11\/esse-e-o-novo-time-de-jurgen-klopp-na-europa\/\" \/>\n<meta property=\"og:locale\" content=\"pt_BR\" \/>\n<meta property=\"og:type\" content=\"article\" \/>\n<meta property=\"og:title\" content=\"Esse \u00e9 o novo time de J\u00fcrgen Klopp na Europa\" \/>\n<meta property=\"og:description\" content=\"Logo ap\u00f3s J\u00fcrgen Klop, de 57 anos, deixar o Liverpool, da Inglaterra e passar por um per\u00edodo sab\u00e1tico, o ex-jogador felizmente voltar\u00e1 ao futebol no ano de 2025, por\u00e9m n\u00e3o ser\u00e1 mais treinador de uma equipe de futebol. Afinal, o profissional atualmente ser\u00e1 o novo diretor global de futebol da Red Bull, onde ter\u00e1 como [&hellip;]\" \/>\n<meta property=\"og:url\" content=\"https:\/\/www.gaveanews.com\/index.php\/2024\/10\/11\/esse-e-o-novo-time-de-jurgen-klopp-na-europa\/\" \/>\n<meta property=\"og:site_name\" content=\"G\u00e1vea News\" \/>\n<meta property=\"article:publisher\" content=\"https:\/\/facebook.com\/gaveaNews\/\" \/>\n<meta property=\"article:published_time\" content=\"2024-10-11T16:00:48+00:00\" \/>\n<meta property=\"og:image\" content=\"https:\/\/www.gaveanews.com\/wp-content\/uploads\/Jurgen-Klopp-durante-um-jogo-do-Liverpool.webp\" \/>\n\t<meta property=\"og:image:width\" content=\"1080\" \/>\n\t<meta property=\"og:image:height\" content=\"1350\" \/>\n\t<meta property=\"og:image:type\" content=\"image\/jpeg\" \/>\n<meta name=\"author\" content=\"Emilly Lima\" \/>\n<meta name=\"twitter:card\" content=\"summary_large_image\" \/>\n<meta name=\"twitter:label1\" content=\"Escrito por\" \/>\n\t<meta name=\"twitter:data1\" content=\"Emilly Lima\" \/>\n\t<meta name=\"twitter:label2\" content=\"Est. tempo de leitura\" \/>\n\t<meta name=\"twitter:data2\" content=\"3 minutos\" \/>\n<script type=\"application\/ld+json\" class=\"yoast-schema-graph\">{\"@context\":\"https:\/\/schema.org\",\"@graph\":[{\"@type\":\"NewsArticle\",\"@id\":\"https:\/\/www.gaveanews.com\/index.php\/2024\/10\/11\/esse-e-o-novo-time-de-jurgen-klopp-na-europa\/#article\",\"isPartOf\":{\"@id\":\"https:\/\/www.gaveanews.com\/index.php\/2024\/10\/11\/esse-e-o-novo-time-de-jurgen-klopp-na-europa\/\"},\"author\":{\"name\":\"Emilly Lima\",\"@id\":\"https:\/\/www.gaveanews.com\/#\/schema\/person\/8597dbe3f4d8513dd20048ce95a1895b\"},\"headline\":\"Esse \u00e9 o novo time de J\u00fcrgen Klopp na Europa\",\"datePublished\":\"2024-10-11T16:00:48+00:00\",\"mainEntityOfPage\":{\"@id\":\"https:\/\/www.gaveanews.com\/index.php\/2024\/10\/11\/esse-e-o-novo-time-de-jurgen-klopp-na-europa\/\"},\"wordCount\":375,\"commentCount\":0,\"image\":{\"@id\":\"https:\/\/www.gaveanews.com\/index.php\/2024\/10\/11\/esse-e-o-novo-time-de-jurgen-klopp-na-europa\/#primaryimage\"},\"thumbnailUrl\":\"https:\/\/www.gaveanews.com\/wp-content\/uploads\/Jurgen-Klopp-durante-um-jogo-do-Liverpool.webp\",\"articleSection\":[\"Bragantino\"],\"inLanguage\":\"pt-BR\",\"potentialAction\":[{\"@type\":\"CommentAction\",\"name\":\"Comment\",\"target\":[\"https:\/\/www.gaveanews.com\/index.php\/2024\/10\/11\/esse-e-o-novo-time-de-jurgen-klopp-na-europa\/#respond\"]}],\"copyrightYear\":\"2024\",\"copyrightHolder\":{\"@id\":\"https:\/\/www.gaveanews.com\/#organization\"}},{\"@type\":\"WebPage\",\"@id\":\"https:\/\/www.gaveanews.com\/index.php\/2024\/10\/11\/esse-e-o-novo-time-de-jurgen-klopp-na-europa\/\",\"url\":\"https:\/\/www.gaveanews.com\/index.php\/2024\/10\/11\/esse-e-o-novo-time-de-jurgen-klopp-na-europa\/\",\"name\":\"Esse \u00e9 o novo time de J\u00fcrgen Klopp na Europa\",\"isPartOf\":{\"@id\":\"https:\/\/www.gaveanews.com\/#website\"},\"primaryImageOfPage\":{\"@id\":\"https:\/\/www.gaveanews.com\/index.php\/2024\/10\/11\/esse-e-o-novo-time-de-jurgen-klopp-na-europa\/#primaryimage\"},\"image\":{\"@id\":\"https:\/\/www.gaveanews.com\/index.php\/2024\/10\/11\/esse-e-o-novo-time-de-jurgen-klopp-na-europa\/#primaryimage\"},\"thumbnailUrl\":\"https:\/\/www.gaveanews.com\/wp-content\/uploads\/Jurgen-Klopp-durante-um-jogo-do-Liverpool.webp\",\"datePublished\":\"2024-10-11T16:00:48+00:00\",\"author\":{\"@id\":\"https:\/\/www.gaveanews.com\/#\/schema\/person\/8597dbe3f4d8513dd20048ce95a1895b\"},\"breadcrumb\":{\"@id\":\"https:\/\/www.gaveanews.com\/index.php\/2024\/10\/11\/esse-e-o-novo-time-de-jurgen-klopp-na-europa\/#breadcrumb\"},\"inLanguage\":\"pt-BR\",\"potentialAction\":[{\"@type\":\"ReadAction\",\"target\":[\"https:\/\/www.gaveanews.com\/index.php\/2024\/10\/11\/esse-e-o-novo-time-de-jurgen-klopp-na-europa\/\"]}]},{\"@type\":\"ImageObject\",\"inLanguage\":\"pt-BR\",\"@id\":\"https:\/\/www.gaveanews.com\/index.php\/2024\/10\/11\/esse-e-o-novo-time-de-jurgen-klopp-na-europa\/#primaryimage\",\"url\":\"https:\/\/www.gaveanews.com\/wp-content\/uploads\/Jurgen-Klopp-durante-um-jogo-do-Liverpool.webp\",\"contentUrl\":\"https:\/\/www.gaveanews.com\/wp-content\/uploads\/Jurgen-Klopp-durante-um-jogo-do-Liverpool.webp\",\"width\":1080,\"height\":1350,\"caption\":\"Jurgen Klopp durante um jogo do Liverpool (Foto: Reprodu\u00e7\u00e3o\/Instagram)\"},{\"@type\":\"BreadcrumbList\",\"@id\":\"https:\/\/www.gaveanews.com\/index.php\/2024\/10\/11\/esse-e-o-novo-time-de-jurgen-klopp-na-europa\/#breadcrumb\",\"itemListElement\":[{\"@type\":\"ListItem\",\"position\":1,\"name\":\"Home\",\"item\":\"https:\/\/www.gaveanews.com\/\"},{\"@type\":\"ListItem\",\"position\":2,\"name\":\"Esse \u00e9 o novo time de J\u00fcrgen Klopp na Europa\"}]},{\"@type\":\"WebSite\",\"@id\":\"https:\/\/www.gaveanews.com\/#website\",\"url\":\"https:\/\/www.gaveanews.com\/\",\"name\":\"G\u00e1vea News\",\"description\":\"Veja todas as not\u00edcias sobre o Flamengo: Contrata\u00e7\u00f5es, categorias de base, resultados das partidas, tabela de classifica\u00e7\u00e3o, pr\u00f3ximos jogos!\",\"potentialAction\":[{\"@type\":\"SearchAction\",\"target\":{\"@type\":\"EntryPoint\",\"urlTemplate\":\"https:\/\/www.gaveanews.com\/?s={search_term_string}\"},\"query-input\":{\"@type\":\"PropertyValueSpecification\",\"valueRequired\":true,\"valueName\":\"search_term_string\"}}],\"inLanguage\":\"pt-BR\"},{\"@type\":\"Person\",\"@id\":\"https:\/\/www.gaveanews.com\/#\/schema\/person\/8597dbe3f4d8513dd20048ce95a1895b\",\"name\":\"Emilly Lima\",\"image\":{\"@type\":\"ImageObject\",\"inLanguage\":\"pt-BR\",\"@id\":\"https:\/\/www.gaveanews.com\/#\/schema\/person\/image\/\",\"url\":\"https:\/\/secure.gravatar.com\/avatar\/ddb4d0548bae01de3cb52e0fe30386754e9c41797565aa0a5bf4440ab4f7c0be?s=96&d=mm&r=g\",\"contentUrl\":\"https:\/\/secure.gravatar.com\/avatar\/ddb4d0548bae01de3cb52e0fe30386754e9c41797565aa0a5bf4440ab4f7c0be?s=96&d=mm&r=g\",\"caption\":\"Emilly Lima\"}}]}<\/script>\n<!-- \/ Yoast SEO Premium plugin. -->","yoast_head_json":{"title":"Esse \u00e9 o novo time de J\u00fcrgen Klopp na Europa","robots":{"index":"index","follow":"follow","max-snippet":"max-snippet:-1","max-image-preview":"max-image-preview:large","max-video-preview":"max-video-preview:-1"},"canonical":"https:\/\/www.gaveanews.com\/index.php\/2024\/10\/11\/esse-e-o-novo-time-de-jurgen-klopp-na-europa\/","og_locale":"pt_BR","og_type":"article","og_title":"Esse \u00e9 o novo time de J\u00fcrgen Klopp na Europa","og_description":"Logo ap\u00f3s J\u00fcrgen Klop, de 57 anos, deixar o Liverpool, da Inglaterra e passar por um per\u00edodo sab\u00e1tico, o ex-jogador felizmente voltar\u00e1 ao futebol no ano de 2025, por\u00e9m n\u00e3o ser\u00e1 mais treinador de uma equipe de futebol. Afinal, o profissional atualmente ser\u00e1 o novo diretor global de futebol da Red Bull, onde ter\u00e1 como [&hellip;]","og_url":"https:\/\/www.gaveanews.com\/index.php\/2024\/10\/11\/esse-e-o-novo-time-de-jurgen-klopp-na-europa\/","og_site_name":"G\u00e1vea News","article_publisher":"https:\/\/facebook.com\/gaveaNews\/","article_published_time":"2024-10-11T16:00:48+00:00","og_image":[{"width":1080,"height":1350,"url":"https:\/\/www.gaveanews.com\/wp-content\/uploads\/Jurgen-Klopp-durante-um-jogo-do-Liverpool.webp","type":"image\/jpeg"}],"author":"Emilly Lima","twitter_card":"summary_large_image","twitter_misc":{"Escrito por":"Emilly Lima","Est. tempo de leitura":"3 minutos"},"schema":{"@context":"https:\/\/schema.org","@graph":[{"@type":"NewsArticle","@id":"https:\/\/www.gaveanews.com\/index.php\/2024\/10\/11\/esse-e-o-novo-time-de-jurgen-klopp-na-europa\/#article","isPartOf":{"@id":"https:\/\/www.gaveanews.com\/index.php\/2024\/10\/11\/esse-e-o-novo-time-de-jurgen-klopp-na-europa\/"},"author":{"name":"Emilly Lima","@id":"https:\/\/www.gaveanews.com\/#\/schema\/person\/8597dbe3f4d8513dd20048ce95a1895b"},"headline":"Esse \u00e9 o novo time de J\u00fcrgen Klopp na Europa","datePublished":"2024-10-11T16:00:48+00:00","mainEntityOfPage":{"@id":"https:\/\/www.gaveanews.com\/index.php\/2024\/10\/11\/esse-e-o-novo-time-de-jurgen-klopp-na-europa\/"},"wordCount":375,"commentCount":0,"image":{"@id":"https:\/\/www.gaveanews.com\/index.php\/2024\/10\/11\/esse-e-o-novo-time-de-jurgen-klopp-na-europa\/#primaryimage"},"thumbnailUrl":"https:\/\/www.gaveanews.com\/wp-content\/uploads\/Jurgen-Klopp-durante-um-jogo-do-Liverpool.webp","articleSection":["Bragantino"],"inLanguage":"pt-BR","potentialAction":[{"@type":"CommentAction","name":"Comment","target":["https:\/\/www.gaveanews.com\/index.php\/2024\/10\/11\/esse-e-o-novo-time-de-jurgen-klopp-na-europa\/#respond"]}],"copyrightYear":"2024","copyrightHolder":{"@id":"https:\/\/www.gaveanews.com\/#organization"}},{"@type":"WebPage","@id":"https:\/\/www.gaveanews.com\/index.php\/2024\/10\/11\/esse-e-o-novo-time-de-jurgen-klopp-na-europa\/","url":"https:\/\/www.gaveanews.com\/index.php\/2024\/10\/11\/esse-e-o-novo-time-de-jurgen-klopp-na-europa\/","name":"Esse \u00e9 o novo time de J\u00fcrgen Klopp na Europa","isPartOf":{"@id":"https:\/\/www.gaveanews.com\/#website"},"primaryImageOfPage":{"@id":"https:\/\/www.gaveanews.com\/index.php\/2024\/10\/11\/esse-e-o-novo-time-de-jurgen-klopp-na-europa\/#primaryimage"},"image":{"@id":"https:\/\/www.gaveanews.com\/index.php\/2024\/10\/11\/esse-e-o-novo-time-de-jurgen-klopp-na-europa\/#primaryimage"},"thumbnailUrl":"https:\/\/www.gaveanews.com\/wp-content\/uploads\/Jurgen-Klopp-durante-um-jogo-do-Liverpool.webp","datePublished":"2024-10-11T16:00:48+00:00","author":{"@id":"https:\/\/www.gaveanews.com\/#\/schema\/person\/8597dbe3f4d8513dd20048ce95a1895b"},"breadcrumb":{"@id":"https:\/\/www.gaveanews.com\/index.php\/2024\/10\/11\/esse-e-o-novo-time-de-jurgen-klopp-na-europa\/#breadcrumb"},"inLanguage":"pt-BR","potentialAction":[{"@type":"ReadAction","target":["https:\/\/www.gaveanews.com\/index.php\/2024\/10\/11\/esse-e-o-novo-time-de-jurgen-klopp-na-europa\/"]}]},{"@type":"ImageObject","inLanguage":"pt-BR","@id":"https:\/\/www.gaveanews.com\/index.php\/2024\/10\/11\/esse-e-o-novo-time-de-jurgen-klopp-na-europa\/#primaryimage","url":"https:\/\/www.gaveanews.com\/wp-content\/uploads\/Jurgen-Klopp-durante-um-jogo-do-Liverpool.webp","contentUrl":"https:\/\/www.gaveanews.com\/wp-content\/uploads\/Jurgen-Klopp-durante-um-jogo-do-Liverpool.webp","width":1080,"height":1350,"caption":"Jurgen Klopp durante um jogo do Liverpool (Foto: Reprodu\u00e7\u00e3o\/Instagram)"},{"@type":"BreadcrumbList","@id":"https:\/\/www.gaveanews.com\/index.php\/2024\/10\/11\/esse-e-o-novo-time-de-jurgen-klopp-na-europa\/#breadcrumb","itemListElement":[{"@type":"ListItem","position":1,"name":"Home","item":"https:\/\/www.gaveanews.com\/"},{"@type":"ListItem","position":2,"name":"Esse \u00e9 o novo time de J\u00fcrgen Klopp na Europa"}]},{"@type":"WebSite","@id":"https:\/\/www.gaveanews.com\/#website","url":"https:\/\/www.gaveanews.com\/","name":"G\u00e1vea News","description":"Veja todas as not\u00edcias sobre o Flamengo: Contrata\u00e7\u00f5es, categorias de base, resultados das partidas, tabela de classifica\u00e7\u00e3o, pr\u00f3ximos jogos!","potentialAction":[{"@type":"SearchAction","target":{"@type":"EntryPoint","urlTemplate":"https:\/\/www.gaveanews.com\/?s={search_term_string}"},"query-input":{"@type":"PropertyValueSpecification","valueRequired":true,"valueName":"search_term_string"}}],"inLanguage":"pt-BR"},{"@type":"Person","@id":"https:\/\/www.gaveanews.com\/#\/schema\/person\/8597dbe3f4d8513dd20048ce95a1895b","name":"Emilly Lima","image":{"@type":"ImageObject","inLanguage":"pt-BR","@id":"https:\/\/www.gaveanews.com\/#\/schema\/person\/image\/","url":"https:\/\/secure.gravatar.com\/avatar\/ddb4d0548bae01de3cb52e0fe30386754e9c41797565aa0a5bf4440ab4f7c0be?s=96&d=mm&r=g","contentUrl":"https:\/\/secure.gravatar.com\/avatar\/ddb4d0548bae01de3cb52e0fe30386754e9c41797565aa0a5bf4440ab4f7c0be?s=96&d=mm&r=g","caption":"Emilly Lima"}}]}},"_links":{"self":[{"href":"https:\/\/www.gaveanews.com\/index.php\/wp-json\/wp\/v2\/posts\/173460","targetHints":{"allow":["GET"]}}],"collection":[{"href":"https:\/\/www.gaveanews.com\/index.php\/wp-json\/wp\/v2\/posts"}],"about":[{"href":"https:\/\/www.gaveanews.com\/index.php\/wp-json\/wp\/v2\/types\/post"}],"author":[{"embeddable":true,"href":"https:\/\/www.gaveanews.com\/index.php\/wp-json\/wp\/v2\/users\/22"}],"replies":[{"embeddable":true,"href":"https:\/\/www.gaveanews.com\/index.php\/wp-json\/wp\/v2\/comments?post=173460"}],"version-history":[{"count":1,"href":"https:\/\/www.gaveanews.com\/index.php\/wp-json\/wp\/v2\/posts\/173460\/revisions"}],"predecessor-version":[{"id":173478,"href":"https:\/\/www.gaveanews.com\/index.php\/wp-json\/wp\/v2\/posts\/173460\/revisions\/173478"}],"wp:featuredmedia":[{"embeddable":true,"href":"https:\/\/www.gaveanews.com\/index.php\/wp-json\/wp\/v2\/media\/110568"}],"wp:attachment":[{"href":"https:\/\/www.gaveanews.com\/index.php\/wp-json\/wp\/v2\/media?parent=173460"}],"wp:term":[{"taxonomy":"category","embeddable":true,"href":"https:\/\/www.gaveanews.com\/index.php\/wp-json\/wp\/v2\/categories?post=173460"},{"taxonomy":"post_tag","embeddable":true,"href":"https:\/\/www.gaveanews.com\/index.php\/wp-json\/wp\/v2\/tags?post=173460"}],"curies":[{"name":"wp","href":"https:\/\/api.w.org\/{rel}","templated":true}]}}