{"id":173498,"date":"2024-10-11T11:20:00","date_gmt":"2024-10-11T14:20:00","guid":{"rendered":"https:\/\/www.gaveanews.com\/?p=173498"},"modified":"2024-10-11T02:54:20","modified_gmt":"2024-10-11T05:54:20","slug":"deyverson-do-atletico-mg-provoca-o-gremio","status":"publish","type":"post","link":"https:\/\/www.gaveanews.com\/index.php\/2024\/10\/11\/deyverson-do-atletico-mg-provoca-o-gremio\/","title":{"rendered":"Deyverson, do Atl\u00e9tico-MG, provoca o Gr\u00eamio"},"content":{"rendered":"\n<p>A vit\u00f3ria do Atl\u00e9tico por 2 a 1 sobre o Gr\u00eamio, nessa quarta-feira (9), ficou marcada n\u00e3o apenas pelo resultado, mas tamb\u00e9m pela confus\u00e3o envolvendo Deyverson, atacante do Galo, e jogadores do Gr\u00eamio. Conhecido por seu estilo provocador, o camisa 9 n\u00e3o deixou barato e, um dia ap\u00f3s o ocorrido, voltou a debochar da situa\u00e7\u00e3o nas redes sociais.<\/p>\n\n\n\n<ul class=\"wp-block-list\">\n<li><a href=\"https:\/\/www.gaveanews.com\/index.php\/2024\/10\/10\/ator-detona-atitude-da-diretoria-do-atletico-mg\/\">Ator detona atitude da diretoria do Atl\u00e9tico-MG<\/a><\/li>\n\n\n\n<li><a href=\"https:\/\/www.gaveanews.com\/index.php\/2024\/10\/10\/a-declaracao-de-gabriel-milito-apos-a-vitoria-do-atletico-mg-2\/\">A declara\u00e7\u00e3o de Gabriel Milito ap\u00f3s a vit\u00f3ria do Atl\u00e9tico-MG<\/a><\/li>\n<\/ul>\n\n\n\n<h2 class=\"wp-block-heading\" id=\"h-provocacoes-e-respostas-nas-redes-sociais\">Provoca\u00e7\u00f5es e respostas nas redes sociais<\/h2>\n\n\n\n<figure class=\"wp-block-embed is-type-photo is-provider-flickr wp-block-embed-flickr\"><div class=\"wp-block-embed__wrapper\">\n<a href=\"https:\/\/www.flickr.com\/photos\/201155970@N03\/54058779694\/in\/dateposted-public\/\"><img loading=\"lazy\" decoding=\"async\" src=\"https:\/\/live.staticflickr.com\/65535\/54058779694_abab408cc1_z.webp\" alt=\"download\" width=\"640\" height=\"360\" \/><\/a>\n<\/div><\/figure>\n\n\n\n<p>Deyverson utilizou o Instagram para ironizar a confus\u00e3o que protagonizou contra o Gr\u00eamio. Al\u00e9m disso, ele publicou emojis e a express\u00e3o &#8220;plinnnnnn&#8221;, em alus\u00e3o \u00e0 piscada de olho que fez durante o jogo.&nbsp;<\/p>\n\n\n\n<p>O atacante foi criticado por sua atitude durante o intervalo, quando foi confrontado por Reinaldo, capit\u00e3o do Gr\u00eamio, que alegou desrespeito por parte do jogador atleticano.<\/p>\n\n\n\n<h2 class=\"wp-block-heading\" id=\"h-deyverson-defende-seu-estilo-de-jogo\">Deyverson defende seu estilo de jogo<\/h2>\n\n\n\n<p>Em entrevista ap\u00f3s a partida, Deyverson reafirmou que n\u00e3o mudar\u00e1 seu estilo de jogo. Isso porque ele acredita que provoca\u00e7\u00f5es fazem parte do futebol e que, se estivesse do lado de Reinaldo, o pr\u00f3prio jogador gremista n\u00e3o reclamaria. &#8220;Eu respeito, claro, mas meu jeito \u00e9 provocador. N\u00e3o posso mudar meu jeito&#8221;, declarou o atacante. Por isso, ele fez quest\u00e3o de dizer que respeita os advers\u00e1rios, mas que as provoca\u00e7\u00f5es s\u00e3o comuns no esporte.<\/p>\n\n\n\n<h2 class=\"wp-block-heading\" id=\"h-hulk-faz-alerta\">Hulk faz alerta<\/h2>\n\n\n\n<p>Companheiro de equipe, Hulk tamb\u00e9m comentou sobre a situa\u00e7\u00e3o e revelou que, embora Deyverson seja importante para o grupo, \u00e0s vezes \u00e9 necess\u00e1rio segur\u00e1-lo. &#8220;Ele \u00e9 um pouco do que estava faltando para o nosso grupo. <\/p>\n\n\n\n<p>Sendo assim, eu disse para ele n\u00e3o fazer isso, porque tem potencial de chamar aten\u00e7\u00e3o de maneira positiva, com gols e grandes jogadas&#8221;, comentou o capit\u00e3o do Galo. Dessa maneira, Hulk deixou claro que, em certas situa\u00e7\u00f5es, o comportamento de Deyverson pode ser mal interpretado.<\/p>\n\n\n\n<h2 class=\"wp-block-heading\" id=\"h-proximo-jogo-do-galo\">Pr\u00f3ximo jogo do Galo<\/h2>\n\n\n\n<p>Vale destacar que o pr\u00f3ximo compromisso do Atl\u00e9tico ser\u00e1 contra o Fortaleza, na pr\u00f3xima quarta-feira (16), \u00e0s 21h45, na Arena Castel\u00e3o. Com isso, o Galo segue focado no Brasileir\u00e3o, buscando consolidar sua posi\u00e7\u00e3o no topo da tabela.<\/p>\n","protected":false},"excerpt":{"rendered":"<p>A vit\u00f3ria do Atl\u00e9tico por 2 a 1 sobre o Gr\u00eamio, nessa quarta-feira (9), ficou marcada n\u00e3o apenas pelo resultado, mas tamb\u00e9m pela confus\u00e3o envolvendo Deyverson, atacante do Galo, e jogadores do Gr\u00eamio. Conhecido por seu estilo provocador, o camisa 9 n\u00e3o deixou barato e, um dia ap\u00f3s o ocorrido, voltou a debochar da situa\u00e7\u00e3o [&hellip;]<\/p>\n","protected":false},"author":25,"featured_media":158213,"comment_status":"open","ping_status":"closed","sticky":false,"template":"","format":"standard","meta":{"footnotes":""},"categories":[136,147],"tags":[],"class_list":["post-173498","post","type-post","status-publish","format-standard","has-post-thumbnail","hentry","category-atletico-mg","category-gremio"],"yoast_head":"<!-- This site is optimized with the Yoast SEO Premium plugin v24.2 (Yoast SEO v26.9) - https:\/\/yoast.com\/product\/yoast-seo-premium-wordpress\/ -->\n<title>Deyverson, do Atl\u00e9tico-MG, provoca o Gr\u00eamio<\/title>\n<meta name=\"robots\" content=\"index, follow, max-snippet:-1, max-image-preview:large, max-video-preview:-1\" \/>\n<link rel=\"canonical\" href=\"https:\/\/www.gaveanews.com\/index.php\/2024\/10\/11\/deyverson-do-atletico-mg-provoca-o-gremio\/\" \/>\n<meta property=\"og:locale\" content=\"pt_BR\" \/>\n<meta property=\"og:type\" content=\"article\" \/>\n<meta property=\"og:title\" content=\"Deyverson, do Atl\u00e9tico-MG, provoca o Gr\u00eamio\" \/>\n<meta property=\"og:description\" content=\"A vit\u00f3ria do Atl\u00e9tico por 2 a 1 sobre o Gr\u00eamio, nessa quarta-feira (9), ficou marcada n\u00e3o apenas pelo resultado, mas tamb\u00e9m pela confus\u00e3o envolvendo Deyverson, atacante do Galo, e jogadores do Gr\u00eamio. Conhecido por seu estilo provocador, o camisa 9 n\u00e3o deixou barato e, um dia ap\u00f3s o ocorrido, voltou a debochar da situa\u00e7\u00e3o [&hellip;]\" \/>\n<meta property=\"og:url\" content=\"https:\/\/www.gaveanews.com\/index.php\/2024\/10\/11\/deyverson-do-atletico-mg-provoca-o-gremio\/\" \/>\n<meta property=\"og:site_name\" content=\"G\u00e1vea News\" \/>\n<meta property=\"article:publisher\" content=\"https:\/\/facebook.com\/gaveaNews\/\" \/>\n<meta property=\"article:published_time\" content=\"2024-10-11T14:20:00+00:00\" \/>\n<meta property=\"og:image\" content=\"https:\/\/www.gaveanews.com\/wp-content\/uploads\/Deyverson-com-a-camisa-do-Atletico-Mineiro-em-2024.webp\" \/>\n\t<meta property=\"og:image:width\" content=\"1350\" \/>\n\t<meta property=\"og:image:height\" content=\"1013\" \/>\n\t<meta property=\"og:image:type\" content=\"image\/webp\" \/>\n<meta name=\"author\" content=\"Rafaela Ladeira\" \/>\n<meta name=\"twitter:card\" content=\"summary_large_image\" \/>\n<meta name=\"twitter:label1\" content=\"Escrito por\" \/>\n\t<meta name=\"twitter:data1\" content=\"Rafaela Ladeira\" \/>\n\t<meta name=\"twitter:label2\" content=\"Est. tempo de leitura\" \/>\n\t<meta name=\"twitter:data2\" content=\"3 minutos\" \/>\n<script type=\"application\/ld+json\" class=\"yoast-schema-graph\">{\"@context\":\"https:\/\/schema.org\",\"@graph\":[{\"@type\":\"NewsArticle\",\"@id\":\"https:\/\/www.gaveanews.com\/index.php\/2024\/10\/11\/deyverson-do-atletico-mg-provoca-o-gremio\/#article\",\"isPartOf\":{\"@id\":\"https:\/\/www.gaveanews.com\/index.php\/2024\/10\/11\/deyverson-do-atletico-mg-provoca-o-gremio\/\"},\"author\":{\"name\":\"Rafaela Ladeira\",\"@id\":\"https:\/\/www.gaveanews.com\/#\/schema\/person\/0eb3e3fe1754f0205218538adbe8f5ed\"},\"headline\":\"Deyverson, do Atl\u00e9tico-MG, provoca o Gr\u00eamio\",\"datePublished\":\"2024-10-11T14:20:00+00:00\",\"mainEntityOfPage\":{\"@id\":\"https:\/\/www.gaveanews.com\/index.php\/2024\/10\/11\/deyverson-do-atletico-mg-provoca-o-gremio\/\"},\"wordCount\":400,\"commentCount\":0,\"image\":{\"@id\":\"https:\/\/www.gaveanews.com\/index.php\/2024\/10\/11\/deyverson-do-atletico-mg-provoca-o-gremio\/#primaryimage\"},\"thumbnailUrl\":\"https:\/\/www.gaveanews.com\/wp-content\/uploads\/Deyverson-com-a-camisa-do-Atletico-Mineiro-em-2024.webp\",\"articleSection\":[\"Atl\u00e9tico-MG\",\"Gr\u00eamio\"],\"inLanguage\":\"pt-BR\",\"potentialAction\":[{\"@type\":\"CommentAction\",\"name\":\"Comment\",\"target\":[\"https:\/\/www.gaveanews.com\/index.php\/2024\/10\/11\/deyverson-do-atletico-mg-provoca-o-gremio\/#respond\"]}],\"copyrightYear\":\"2024\",\"copyrightHolder\":{\"@id\":\"https:\/\/www.gaveanews.com\/#organization\"}},{\"@type\":\"WebPage\",\"@id\":\"https:\/\/www.gaveanews.com\/index.php\/2024\/10\/11\/deyverson-do-atletico-mg-provoca-o-gremio\/\",\"url\":\"https:\/\/www.gaveanews.com\/index.php\/2024\/10\/11\/deyverson-do-atletico-mg-provoca-o-gremio\/\",\"name\":\"Deyverson, do Atl\u00e9tico-MG, provoca o Gr\u00eamio\",\"isPartOf\":{\"@id\":\"https:\/\/www.gaveanews.com\/#website\"},\"primaryImageOfPage\":{\"@id\":\"https:\/\/www.gaveanews.com\/index.php\/2024\/10\/11\/deyverson-do-atletico-mg-provoca-o-gremio\/#primaryimage\"},\"image\":{\"@id\":\"https:\/\/www.gaveanews.com\/index.php\/2024\/10\/11\/deyverson-do-atletico-mg-provoca-o-gremio\/#primaryimage\"},\"thumbnailUrl\":\"https:\/\/www.gaveanews.com\/wp-content\/uploads\/Deyverson-com-a-camisa-do-Atletico-Mineiro-em-2024.webp\",\"datePublished\":\"2024-10-11T14:20:00+00:00\",\"author\":{\"@id\":\"https:\/\/www.gaveanews.com\/#\/schema\/person\/0eb3e3fe1754f0205218538adbe8f5ed\"},\"breadcrumb\":{\"@id\":\"https:\/\/www.gaveanews.com\/index.php\/2024\/10\/11\/deyverson-do-atletico-mg-provoca-o-gremio\/#breadcrumb\"},\"inLanguage\":\"pt-BR\",\"potentialAction\":[{\"@type\":\"ReadAction\",\"target\":[\"https:\/\/www.gaveanews.com\/index.php\/2024\/10\/11\/deyverson-do-atletico-mg-provoca-o-gremio\/\"]}]},{\"@type\":\"ImageObject\",\"inLanguage\":\"pt-BR\",\"@id\":\"https:\/\/www.gaveanews.com\/index.php\/2024\/10\/11\/deyverson-do-atletico-mg-provoca-o-gremio\/#primaryimage\",\"url\":\"https:\/\/www.gaveanews.com\/wp-content\/uploads\/Deyverson-com-a-camisa-do-Atletico-Mineiro-em-2024.webp\",\"contentUrl\":\"https:\/\/www.gaveanews.com\/wp-content\/uploads\/Deyverson-com-a-camisa-do-Atletico-Mineiro-em-2024.webp\",\"width\":1350,\"height\":1013,\"caption\":\"Deyverson com a camisa do Atl\u00e9tico Mineiro em 2024 (Foto: Divulga\u00e7\u00e3o\/Atl\u00e9tico Mineiro)\"},{\"@type\":\"BreadcrumbList\",\"@id\":\"https:\/\/www.gaveanews.com\/index.php\/2024\/10\/11\/deyverson-do-atletico-mg-provoca-o-gremio\/#breadcrumb\",\"itemListElement\":[{\"@type\":\"ListItem\",\"position\":1,\"name\":\"Home\",\"item\":\"https:\/\/www.gaveanews.com\/\"},{\"@type\":\"ListItem\",\"position\":2,\"name\":\"Deyverson, do Atl\u00e9tico-MG, provoca o Gr\u00eamio\"}]},{\"@type\":\"WebSite\",\"@id\":\"https:\/\/www.gaveanews.com\/#website\",\"url\":\"https:\/\/www.gaveanews.com\/\",\"name\":\"G\u00e1vea News\",\"description\":\"Veja todas as not\u00edcias sobre o Flamengo: Contrata\u00e7\u00f5es, categorias de base, resultados das partidas, tabela de classifica\u00e7\u00e3o, pr\u00f3ximos jogos!\",\"potentialAction\":[{\"@type\":\"SearchAction\",\"target\":{\"@type\":\"EntryPoint\",\"urlTemplate\":\"https:\/\/www.gaveanews.com\/?s={search_term_string}\"},\"query-input\":{\"@type\":\"PropertyValueSpecification\",\"valueRequired\":true,\"valueName\":\"search_term_string\"}}],\"inLanguage\":\"pt-BR\"},{\"@type\":\"Person\",\"@id\":\"https:\/\/www.gaveanews.com\/#\/schema\/person\/0eb3e3fe1754f0205218538adbe8f5ed\",\"name\":\"Rafaela Ladeira\",\"image\":{\"@type\":\"ImageObject\",\"inLanguage\":\"pt-BR\",\"@id\":\"https:\/\/www.gaveanews.com\/#\/schema\/person\/image\/\",\"url\":\"https:\/\/secure.gravatar.com\/avatar\/c31f513acffd85eacab5730cbdfdbbf59f21ba5aeada8cd890acea879fbb2455?s=96&d=mm&r=g\",\"contentUrl\":\"https:\/\/secure.gravatar.com\/avatar\/c31f513acffd85eacab5730cbdfdbbf59f21ba5aeada8cd890acea879fbb2455?s=96&d=mm&r=g\",\"caption\":\"Rafaela Ladeira\"}}]}<\/script>\n<!-- \/ Yoast SEO Premium plugin. -->","yoast_head_json":{"title":"Deyverson, do Atl\u00e9tico-MG, provoca o Gr\u00eamio","robots":{"index":"index","follow":"follow","max-snippet":"max-snippet:-1","max-image-preview":"max-image-preview:large","max-video-preview":"max-video-preview:-1"},"canonical":"https:\/\/www.gaveanews.com\/index.php\/2024\/10\/11\/deyverson-do-atletico-mg-provoca-o-gremio\/","og_locale":"pt_BR","og_type":"article","og_title":"Deyverson, do Atl\u00e9tico-MG, provoca o Gr\u00eamio","og_description":"A vit\u00f3ria do Atl\u00e9tico por 2 a 1 sobre o Gr\u00eamio, nessa quarta-feira (9), ficou marcada n\u00e3o apenas pelo resultado, mas tamb\u00e9m pela confus\u00e3o envolvendo Deyverson, atacante do Galo, e jogadores do Gr\u00eamio. Conhecido por seu estilo provocador, o camisa 9 n\u00e3o deixou barato e, um dia ap\u00f3s o ocorrido, voltou a debochar da situa\u00e7\u00e3o [&hellip;]","og_url":"https:\/\/www.gaveanews.com\/index.php\/2024\/10\/11\/deyverson-do-atletico-mg-provoca-o-gremio\/","og_site_name":"G\u00e1vea News","article_publisher":"https:\/\/facebook.com\/gaveaNews\/","article_published_time":"2024-10-11T14:20:00+00:00","og_image":[{"width":1350,"height":1013,"url":"https:\/\/www.gaveanews.com\/wp-content\/uploads\/Deyverson-com-a-camisa-do-Atletico-Mineiro-em-2024.webp","type":"image\/webp"}],"author":"Rafaela Ladeira","twitter_card":"summary_large_image","twitter_misc":{"Escrito por":"Rafaela Ladeira","Est. tempo de leitura":"3 minutos"},"schema":{"@context":"https:\/\/schema.org","@graph":[{"@type":"NewsArticle","@id":"https:\/\/www.gaveanews.com\/index.php\/2024\/10\/11\/deyverson-do-atletico-mg-provoca-o-gremio\/#article","isPartOf":{"@id":"https:\/\/www.gaveanews.com\/index.php\/2024\/10\/11\/deyverson-do-atletico-mg-provoca-o-gremio\/"},"author":{"name":"Rafaela Ladeira","@id":"https:\/\/www.gaveanews.com\/#\/schema\/person\/0eb3e3fe1754f0205218538adbe8f5ed"},"headline":"Deyverson, do Atl\u00e9tico-MG, provoca o Gr\u00eamio","datePublished":"2024-10-11T14:20:00+00:00","mainEntityOfPage":{"@id":"https:\/\/www.gaveanews.com\/index.php\/2024\/10\/11\/deyverson-do-atletico-mg-provoca-o-gremio\/"},"wordCount":400,"commentCount":0,"image":{"@id":"https:\/\/www.gaveanews.com\/index.php\/2024\/10\/11\/deyverson-do-atletico-mg-provoca-o-gremio\/#primaryimage"},"thumbnailUrl":"https:\/\/www.gaveanews.com\/wp-content\/uploads\/Deyverson-com-a-camisa-do-Atletico-Mineiro-em-2024.webp","articleSection":["Atl\u00e9tico-MG","Gr\u00eamio"],"inLanguage":"pt-BR","potentialAction":[{"@type":"CommentAction","name":"Comment","target":["https:\/\/www.gaveanews.com\/index.php\/2024\/10\/11\/deyverson-do-atletico-mg-provoca-o-gremio\/#respond"]}],"copyrightYear":"2024","copyrightHolder":{"@id":"https:\/\/www.gaveanews.com\/#organization"}},{"@type":"WebPage","@id":"https:\/\/www.gaveanews.com\/index.php\/2024\/10\/11\/deyverson-do-atletico-mg-provoca-o-gremio\/","url":"https:\/\/www.gaveanews.com\/index.php\/2024\/10\/11\/deyverson-do-atletico-mg-provoca-o-gremio\/","name":"Deyverson, do Atl\u00e9tico-MG, provoca o Gr\u00eamio","isPartOf":{"@id":"https:\/\/www.gaveanews.com\/#website"},"primaryImageOfPage":{"@id":"https:\/\/www.gaveanews.com\/index.php\/2024\/10\/11\/deyverson-do-atletico-mg-provoca-o-gremio\/#primaryimage"},"image":{"@id":"https:\/\/www.gaveanews.com\/index.php\/2024\/10\/11\/deyverson-do-atletico-mg-provoca-o-gremio\/#primaryimage"},"thumbnailUrl":"https:\/\/www.gaveanews.com\/wp-content\/uploads\/Deyverson-com-a-camisa-do-Atletico-Mineiro-em-2024.webp","datePublished":"2024-10-11T14:20:00+00:00","author":{"@id":"https:\/\/www.gaveanews.com\/#\/schema\/person\/0eb3e3fe1754f0205218538adbe8f5ed"},"breadcrumb":{"@id":"https:\/\/www.gaveanews.com\/index.php\/2024\/10\/11\/deyverson-do-atletico-mg-provoca-o-gremio\/#breadcrumb"},"inLanguage":"pt-BR","potentialAction":[{"@type":"ReadAction","target":["https:\/\/www.gaveanews.com\/index.php\/2024\/10\/11\/deyverson-do-atletico-mg-provoca-o-gremio\/"]}]},{"@type":"ImageObject","inLanguage":"pt-BR","@id":"https:\/\/www.gaveanews.com\/index.php\/2024\/10\/11\/deyverson-do-atletico-mg-provoca-o-gremio\/#primaryimage","url":"https:\/\/www.gaveanews.com\/wp-content\/uploads\/Deyverson-com-a-camisa-do-Atletico-Mineiro-em-2024.webp","contentUrl":"https:\/\/www.gaveanews.com\/wp-content\/uploads\/Deyverson-com-a-camisa-do-Atletico-Mineiro-em-2024.webp","width":1350,"height":1013,"caption":"Deyverson com a camisa do Atl\u00e9tico Mineiro em 2024 (Foto: Divulga\u00e7\u00e3o\/Atl\u00e9tico Mineiro)"},{"@type":"BreadcrumbList","@id":"https:\/\/www.gaveanews.com\/index.php\/2024\/10\/11\/deyverson-do-atletico-mg-provoca-o-gremio\/#breadcrumb","itemListElement":[{"@type":"ListItem","position":1,"name":"Home","item":"https:\/\/www.gaveanews.com\/"},{"@type":"ListItem","position":2,"name":"Deyverson, do Atl\u00e9tico-MG, provoca o Gr\u00eamio"}]},{"@type":"WebSite","@id":"https:\/\/www.gaveanews.com\/#website","url":"https:\/\/www.gaveanews.com\/","name":"G\u00e1vea News","description":"Veja todas as not\u00edcias sobre o Flamengo: Contrata\u00e7\u00f5es, categorias de base, resultados das partidas, tabela de classifica\u00e7\u00e3o, pr\u00f3ximos jogos!","potentialAction":[{"@type":"SearchAction","target":{"@type":"EntryPoint","urlTemplate":"https:\/\/www.gaveanews.com\/?s={search_term_string}"},"query-input":{"@type":"PropertyValueSpecification","valueRequired":true,"valueName":"search_term_string"}}],"inLanguage":"pt-BR"},{"@type":"Person","@id":"https:\/\/www.gaveanews.com\/#\/schema\/person\/0eb3e3fe1754f0205218538adbe8f5ed","name":"Rafaela Ladeira","image":{"@type":"ImageObject","inLanguage":"pt-BR","@id":"https:\/\/www.gaveanews.com\/#\/schema\/person\/image\/","url":"https:\/\/secure.gravatar.com\/avatar\/c31f513acffd85eacab5730cbdfdbbf59f21ba5aeada8cd890acea879fbb2455?s=96&d=mm&r=g","contentUrl":"https:\/\/secure.gravatar.com\/avatar\/c31f513acffd85eacab5730cbdfdbbf59f21ba5aeada8cd890acea879fbb2455?s=96&d=mm&r=g","caption":"Rafaela Ladeira"}}]}},"_links":{"self":[{"href":"https:\/\/www.gaveanews.com\/index.php\/wp-json\/wp\/v2\/posts\/173498","targetHints":{"allow":["GET"]}}],"collection":[{"href":"https:\/\/www.gaveanews.com\/index.php\/wp-json\/wp\/v2\/posts"}],"about":[{"href":"https:\/\/www.gaveanews.com\/index.php\/wp-json\/wp\/v2\/types\/post"}],"author":[{"embeddable":true,"href":"https:\/\/www.gaveanews.com\/index.php\/wp-json\/wp\/v2\/users\/25"}],"replies":[{"embeddable":true,"href":"https:\/\/www.gaveanews.com\/index.php\/wp-json\/wp\/v2\/comments?post=173498"}],"version-history":[{"count":2,"href":"https:\/\/www.gaveanews.com\/index.php\/wp-json\/wp\/v2\/posts\/173498\/revisions"}],"predecessor-version":[{"id":173599,"href":"https:\/\/www.gaveanews.com\/index.php\/wp-json\/wp\/v2\/posts\/173498\/revisions\/173599"}],"wp:featuredmedia":[{"embeddable":true,"href":"https:\/\/www.gaveanews.com\/index.php\/wp-json\/wp\/v2\/media\/158213"}],"wp:attachment":[{"href":"https:\/\/www.gaveanews.com\/index.php\/wp-json\/wp\/v2\/media?parent=173498"}],"wp:term":[{"taxonomy":"category","embeddable":true,"href":"https:\/\/www.gaveanews.com\/index.php\/wp-json\/wp\/v2\/categories?post=173498"},{"taxonomy":"post_tag","embeddable":true,"href":"https:\/\/www.gaveanews.com\/index.php\/wp-json\/wp\/v2\/tags?post=173498"}],"curies":[{"name":"wp","href":"https:\/\/api.w.org\/{rel}","templated":true}]}}