{"id":173728,"date":"2024-10-11T18:40:00","date_gmt":"2024-10-11T21:40:00","guid":{"rendered":"https:\/\/www.gaveanews.com\/?p=173728"},"modified":"2024-10-11T14:32:33","modified_gmt":"2024-10-11T17:32:33","slug":"gremio-e-punido-pelo-stjd","status":"publish","type":"post","link":"https:\/\/www.gaveanews.com\/index.php\/2024\/10\/11\/gremio-e-punido-pelo-stjd\/","title":{"rendered":"Gr\u00eamio \u00e9 punido pelo STJD"},"content":{"rendered":"\n<h2 class=\"wp-block-heading\" id=\"h-zagueiro-gustavo-martins-sofrem-punicao-do-stjd\">Zagueiro Gustavo Martins sofrem puni\u00e7\u00e3o do STJD<\/h2>\n\n\n\n<p>O jogo inicial contra o Atl\u00e9tico-MG, realizado em 1\u00ba de setembro, continua a causar discuss\u00f5es nos bastidores do Gr\u00eamio. Ap\u00f3s uma den\u00fancia, tanto o clube quanto o jogador Gustavo Martins foram avaliados pelo Superior Tribunal de Justi\u00e7a Desportiva na manh\u00e3 desta quinta-feira (10).<\/p>\n\n\n\n<p>O departamento m\u00e9dico do Gr\u00eamio n\u00e3o forneceu uma previs\u00e3o de tempo para a recupera\u00e7\u00e3o do jogador. No entanto, nos bastidores, o clube estima que Gustavo Martins ficar\u00e1 afastado dos campos por um per\u00edodo de tr\u00eas a quatro semanas. Assim, o defensor retornar\u00e1 apenas em novembro.<\/p>\n\n\n\n<ul class=\"wp-block-list\">\n<li><a href=\"https:\/\/www.gaveanews.com\/index.php\/2024\/10\/11\/deyverson-do-atletico-mg-provoca-o-gremio\/\">Deyverson, do Atl\u00e9tico-MG, provoca o Gr\u00eamio<\/a><\/li>\n\n\n\n<li><a href=\"https:\/\/www.gaveanews.com\/index.php\/2024\/10\/10\/a-declaracao-de-renato-gaucho-apos-a-derrota-do-gremio\/\">A declara\u00e7\u00e3o de Renato Ga\u00facho ap\u00f3s a derrota do Gr\u00eamio<br><\/a><\/li>\n<\/ul>\n\n\n\n<p>O Gr\u00eamio foi penalizado com uma multa de R$ 2 mil por violar o artigo 206 do C\u00f3digo Brasileiro de Justi\u00e7a Desportiva (CBJD), que trata sobre atrasos no in\u00edcio ou rein\u00edcio das partidas e a n\u00e3o apresenta\u00e7\u00e3o da equipe no hor\u00e1rio estabelecido.<\/p>\n\n\n\n<p>Al\u00e9m do clube, Gustavo Martins tamb\u00e9m enfrentou julgamento nesta quinta-feira (10) pelo STJD devido \u00e0 sua expuls\u00e3o durante o confronto contra o Atl\u00e9tico-MG. Ao contr\u00e1rio do Gr\u00eamio, o zagueiro recebeu apenas uma advert\u00eancia. Essa decis\u00e3o foi tomada de forma un\u00e2nime pelos membros presentes e \u00e9 pass\u00edvel de recurso ao Pleno.<\/p>\n\n\n\n<figure class=\"wp-block-image size-full\"><img loading=\"lazy\" decoding=\"async\" width=\"635\" height=\"435\" src=\"https:\/\/www.gaveanews.com\/wp-content\/uploads\/Gustavo-Martins-pelo-Gremio.webp\" alt=\"\" class=\"wp-image-171688\" srcset=\"https:\/\/www.gaveanews.com\/wp-content\/uploads\/Gustavo-Martins-pelo-Gremio.webp 635w, https:\/\/www.gaveanews.com\/wp-content\/uploads\/Gustavo-Martins-pelo-Gremio-300x206.webp 300w, https:\/\/www.gaveanews.com\/wp-content\/uploads\/Gustavo-Martins-pelo-Gremio-613x420.webp 613w, https:\/\/www.gaveanews.com\/wp-content\/uploads\/Gustavo-Martins-pelo-Gremio-100x69.webp 100w\" sizes=\"auto, (max-width: 635px) 100vw, 635px\" \/><figcaption class=\"wp-element-caption\">Gustavo Martins pelo Gr\u00eamio (Foto: Renan Jardim \/ Gr\u00eamio FBPA)<\/figcaption><\/figure>\n\n\n\n<p>Embora n\u00e3o tenha sofrido puni\u00e7\u00e3o pelo STJD, Gustavo Martins n\u00e3o estar\u00e1 dispon\u00edvel para os pr\u00f3ximos jogos da equipe na temporada, pois foi diagnosticado com uma les\u00e3o grau 2-B no m\u00fasculo b\u00edceps femoral da coxa esquerda.<\/p>\n\n\n\n<p>O departamento m\u00e9dico do Gr\u00eamio n\u00e3o forneceu uma previs\u00e3o de tempo para a recupera\u00e7\u00e3o do jogador. No entanto, nos bastidores, o clube estima que Gustavo Martins ficar\u00e1 afastado dos campos por um per\u00edodo de tr\u00eas a quatro semanas. Assim, o defensor retornar\u00e1 apenas em novembro.<\/p>\n\n\n\n<p>A equipe concentra seus esfor\u00e7os no pr\u00f3ximo jogo na tabela do Campeonato Brasileiro. No pr\u00f3ximo s\u00e1bado, 19 de outubro, \u00e0s 16h (hor\u00e1rio de Bras\u00edlia), o Gr\u00eamio jogar\u00e1 contra o Internacional no est\u00e1dio Beira-Rio, em Porto Alegre, em um jogo referente \u00e0 30 rodada.<\/p>\n","protected":false},"excerpt":{"rendered":"<p>Zagueiro Gustavo Martins sofrem puni\u00e7\u00e3o do STJD O jogo inicial contra o Atl\u00e9tico-MG, realizado em 1\u00ba de setembro, continua a causar discuss\u00f5es nos bastidores do Gr\u00eamio. Ap\u00f3s uma den\u00fancia, tanto o clube quanto o jogador Gustavo Martins foram avaliados pelo Superior Tribunal de Justi\u00e7a Desportiva na manh\u00e3 desta quinta-feira (10). O departamento m\u00e9dico do Gr\u00eamio [&hellip;]<\/p>\n","protected":false},"author":16,"featured_media":141924,"comment_status":"open","ping_status":"closed","sticky":false,"template":"","format":"standard","meta":{"footnotes":""},"categories":[147],"tags":[],"class_list":["post-173728","post","type-post","status-publish","format-standard","has-post-thumbnail","hentry","category-gremio"],"yoast_head":"<!-- This site is optimized with the Yoast SEO Premium plugin v24.2 (Yoast SEO v26.9) - https:\/\/yoast.com\/product\/yoast-seo-premium-wordpress\/ -->\n<title>Gr\u00eamio \u00e9 punido pelo STJD<\/title>\n<meta name=\"description\" content=\"Gr\u00eamio \u00e9 punido pelo STJD\" \/>\n<meta name=\"robots\" content=\"index, follow, max-snippet:-1, max-image-preview:large, max-video-preview:-1\" \/>\n<link rel=\"canonical\" href=\"https:\/\/www.gaveanews.com\/index.php\/2024\/10\/11\/gremio-e-punido-pelo-stjd\/\" \/>\n<meta property=\"og:locale\" content=\"pt_BR\" \/>\n<meta property=\"og:type\" content=\"article\" \/>\n<meta property=\"og:title\" content=\"Gr\u00eamio \u00e9 punido pelo STJD\" \/>\n<meta property=\"og:description\" content=\"Gr\u00eamio \u00e9 punido pelo STJD\" \/>\n<meta property=\"og:url\" content=\"https:\/\/www.gaveanews.com\/index.php\/2024\/10\/11\/gremio-e-punido-pelo-stjd\/\" \/>\n<meta property=\"og:site_name\" content=\"G\u00e1vea News\" \/>\n<meta property=\"article:publisher\" content=\"https:\/\/facebook.com\/gaveaNews\/\" \/>\n<meta property=\"article:published_time\" content=\"2024-10-11T21:40:00+00:00\" \/>\n<meta property=\"og:image\" content=\"https:\/\/www.gaveanews.com\/wp-content\/uploads\/presidente-gremio-alberto-guerra.webp\" \/>\n\t<meta property=\"og:image:width\" content=\"640\" \/>\n\t<meta property=\"og:image:height\" content=\"401\" \/>\n\t<meta property=\"og:image:type\" content=\"image\/jpeg\" \/>\n<meta name=\"author\" content=\"D\u00e9bora Figueiredo\" \/>\n<meta name=\"twitter:card\" content=\"summary_large_image\" \/>\n<meta name=\"twitter:label1\" content=\"Escrito por\" \/>\n\t<meta name=\"twitter:data1\" content=\"D\u00e9bora Figueiredo\" \/>\n\t<meta name=\"twitter:label2\" content=\"Est. tempo de leitura\" \/>\n\t<meta name=\"twitter:data2\" content=\"3 minutos\" \/>\n<script type=\"application\/ld+json\" class=\"yoast-schema-graph\">{\"@context\":\"https:\/\/schema.org\",\"@graph\":[{\"@type\":\"NewsArticle\",\"@id\":\"https:\/\/www.gaveanews.com\/index.php\/2024\/10\/11\/gremio-e-punido-pelo-stjd\/#article\",\"isPartOf\":{\"@id\":\"https:\/\/www.gaveanews.com\/index.php\/2024\/10\/11\/gremio-e-punido-pelo-stjd\/\"},\"author\":{\"name\":\"D\u00e9bora Figueiredo\",\"@id\":\"https:\/\/www.gaveanews.com\/#\/schema\/person\/37122681a8575a5c8db05a56f099a5e4\"},\"headline\":\"Gr\u00eamio \u00e9 punido pelo STJD\",\"datePublished\":\"2024-10-11T21:40:00+00:00\",\"mainEntityOfPage\":{\"@id\":\"https:\/\/www.gaveanews.com\/index.php\/2024\/10\/11\/gremio-e-punido-pelo-stjd\/\"},\"wordCount\":393,\"commentCount\":0,\"image\":{\"@id\":\"https:\/\/www.gaveanews.com\/index.php\/2024\/10\/11\/gremio-e-punido-pelo-stjd\/#primaryimage\"},\"thumbnailUrl\":\"https:\/\/www.gaveanews.com\/wp-content\/uploads\/presidente-gremio-alberto-guerra.webp\",\"articleSection\":[\"Gr\u00eamio\"],\"inLanguage\":\"pt-BR\",\"potentialAction\":[{\"@type\":\"CommentAction\",\"name\":\"Comment\",\"target\":[\"https:\/\/www.gaveanews.com\/index.php\/2024\/10\/11\/gremio-e-punido-pelo-stjd\/#respond\"]}],\"copyrightYear\":\"2024\",\"copyrightHolder\":{\"@id\":\"https:\/\/www.gaveanews.com\/#organization\"}},{\"@type\":\"WebPage\",\"@id\":\"https:\/\/www.gaveanews.com\/index.php\/2024\/10\/11\/gremio-e-punido-pelo-stjd\/\",\"url\":\"https:\/\/www.gaveanews.com\/index.php\/2024\/10\/11\/gremio-e-punido-pelo-stjd\/\",\"name\":\"Gr\u00eamio \u00e9 punido pelo STJD\",\"isPartOf\":{\"@id\":\"https:\/\/www.gaveanews.com\/#website\"},\"primaryImageOfPage\":{\"@id\":\"https:\/\/www.gaveanews.com\/index.php\/2024\/10\/11\/gremio-e-punido-pelo-stjd\/#primaryimage\"},\"image\":{\"@id\":\"https:\/\/www.gaveanews.com\/index.php\/2024\/10\/11\/gremio-e-punido-pelo-stjd\/#primaryimage\"},\"thumbnailUrl\":\"https:\/\/www.gaveanews.com\/wp-content\/uploads\/presidente-gremio-alberto-guerra.webp\",\"datePublished\":\"2024-10-11T21:40:00+00:00\",\"author\":{\"@id\":\"https:\/\/www.gaveanews.com\/#\/schema\/person\/37122681a8575a5c8db05a56f099a5e4\"},\"description\":\"Gr\u00eamio \u00e9 punido pelo STJD\",\"breadcrumb\":{\"@id\":\"https:\/\/www.gaveanews.com\/index.php\/2024\/10\/11\/gremio-e-punido-pelo-stjd\/#breadcrumb\"},\"inLanguage\":\"pt-BR\",\"potentialAction\":[{\"@type\":\"ReadAction\",\"target\":[\"https:\/\/www.gaveanews.com\/index.php\/2024\/10\/11\/gremio-e-punido-pelo-stjd\/\"]}]},{\"@type\":\"ImageObject\",\"inLanguage\":\"pt-BR\",\"@id\":\"https:\/\/www.gaveanews.com\/index.php\/2024\/10\/11\/gremio-e-punido-pelo-stjd\/#primaryimage\",\"url\":\"https:\/\/www.gaveanews.com\/wp-content\/uploads\/presidente-gremio-alberto-guerra.webp\",\"contentUrl\":\"https:\/\/www.gaveanews.com\/wp-content\/uploads\/presidente-gremio-alberto-guerra.webp\",\"width\":640,\"height\":401,\"caption\":\"Alberto Guerra, presidente do Gr\u00eamio - Foto: Lucas Uebel\/ Gr\u00eamio\"},{\"@type\":\"BreadcrumbList\",\"@id\":\"https:\/\/www.gaveanews.com\/index.php\/2024\/10\/11\/gremio-e-punido-pelo-stjd\/#breadcrumb\",\"itemListElement\":[{\"@type\":\"ListItem\",\"position\":1,\"name\":\"Home\",\"item\":\"https:\/\/www.gaveanews.com\/\"},{\"@type\":\"ListItem\",\"position\":2,\"name\":\"Gr\u00eamio \u00e9 punido pelo STJD\"}]},{\"@type\":\"WebSite\",\"@id\":\"https:\/\/www.gaveanews.com\/#website\",\"url\":\"https:\/\/www.gaveanews.com\/\",\"name\":\"G\u00e1vea News\",\"description\":\"Veja todas as not\u00edcias sobre o Flamengo: Contrata\u00e7\u00f5es, categorias de base, resultados das partidas, tabela de classifica\u00e7\u00e3o, pr\u00f3ximos jogos!\",\"potentialAction\":[{\"@type\":\"SearchAction\",\"target\":{\"@type\":\"EntryPoint\",\"urlTemplate\":\"https:\/\/www.gaveanews.com\/?s={search_term_string}\"},\"query-input\":{\"@type\":\"PropertyValueSpecification\",\"valueRequired\":true,\"valueName\":\"search_term_string\"}}],\"inLanguage\":\"pt-BR\"},{\"@type\":\"Person\",\"@id\":\"https:\/\/www.gaveanews.com\/#\/schema\/person\/37122681a8575a5c8db05a56f099a5e4\",\"name\":\"D\u00e9bora Figueiredo\",\"image\":{\"@type\":\"ImageObject\",\"inLanguage\":\"pt-BR\",\"@id\":\"https:\/\/www.gaveanews.com\/#\/schema\/person\/image\/\",\"url\":\"https:\/\/secure.gravatar.com\/avatar\/1f44802859351588499d26f52aed1d15796ce17e67602895b72837c08018868d?s=96&d=mm&r=g\",\"contentUrl\":\"https:\/\/secure.gravatar.com\/avatar\/1f44802859351588499d26f52aed1d15796ce17e67602895b72837c08018868d?s=96&d=mm&r=g\",\"caption\":\"D\u00e9bora Figueiredo\"}}]}<\/script>\n<!-- \/ Yoast SEO Premium plugin. -->","yoast_head_json":{"title":"Gr\u00eamio \u00e9 punido pelo STJD","description":"Gr\u00eamio \u00e9 punido pelo STJD","robots":{"index":"index","follow":"follow","max-snippet":"max-snippet:-1","max-image-preview":"max-image-preview:large","max-video-preview":"max-video-preview:-1"},"canonical":"https:\/\/www.gaveanews.com\/index.php\/2024\/10\/11\/gremio-e-punido-pelo-stjd\/","og_locale":"pt_BR","og_type":"article","og_title":"Gr\u00eamio \u00e9 punido pelo STJD","og_description":"Gr\u00eamio \u00e9 punido pelo STJD","og_url":"https:\/\/www.gaveanews.com\/index.php\/2024\/10\/11\/gremio-e-punido-pelo-stjd\/","og_site_name":"G\u00e1vea News","article_publisher":"https:\/\/facebook.com\/gaveaNews\/","article_published_time":"2024-10-11T21:40:00+00:00","og_image":[{"width":640,"height":401,"url":"https:\/\/www.gaveanews.com\/wp-content\/uploads\/presidente-gremio-alberto-guerra.webp","type":"image\/jpeg"}],"author":"D\u00e9bora Figueiredo","twitter_card":"summary_large_image","twitter_misc":{"Escrito por":"D\u00e9bora Figueiredo","Est. tempo de leitura":"3 minutos"},"schema":{"@context":"https:\/\/schema.org","@graph":[{"@type":"NewsArticle","@id":"https:\/\/www.gaveanews.com\/index.php\/2024\/10\/11\/gremio-e-punido-pelo-stjd\/#article","isPartOf":{"@id":"https:\/\/www.gaveanews.com\/index.php\/2024\/10\/11\/gremio-e-punido-pelo-stjd\/"},"author":{"name":"D\u00e9bora Figueiredo","@id":"https:\/\/www.gaveanews.com\/#\/schema\/person\/37122681a8575a5c8db05a56f099a5e4"},"headline":"Gr\u00eamio \u00e9 punido pelo STJD","datePublished":"2024-10-11T21:40:00+00:00","mainEntityOfPage":{"@id":"https:\/\/www.gaveanews.com\/index.php\/2024\/10\/11\/gremio-e-punido-pelo-stjd\/"},"wordCount":393,"commentCount":0,"image":{"@id":"https:\/\/www.gaveanews.com\/index.php\/2024\/10\/11\/gremio-e-punido-pelo-stjd\/#primaryimage"},"thumbnailUrl":"https:\/\/www.gaveanews.com\/wp-content\/uploads\/presidente-gremio-alberto-guerra.webp","articleSection":["Gr\u00eamio"],"inLanguage":"pt-BR","potentialAction":[{"@type":"CommentAction","name":"Comment","target":["https:\/\/www.gaveanews.com\/index.php\/2024\/10\/11\/gremio-e-punido-pelo-stjd\/#respond"]}],"copyrightYear":"2024","copyrightHolder":{"@id":"https:\/\/www.gaveanews.com\/#organization"}},{"@type":"WebPage","@id":"https:\/\/www.gaveanews.com\/index.php\/2024\/10\/11\/gremio-e-punido-pelo-stjd\/","url":"https:\/\/www.gaveanews.com\/index.php\/2024\/10\/11\/gremio-e-punido-pelo-stjd\/","name":"Gr\u00eamio \u00e9 punido pelo STJD","isPartOf":{"@id":"https:\/\/www.gaveanews.com\/#website"},"primaryImageOfPage":{"@id":"https:\/\/www.gaveanews.com\/index.php\/2024\/10\/11\/gremio-e-punido-pelo-stjd\/#primaryimage"},"image":{"@id":"https:\/\/www.gaveanews.com\/index.php\/2024\/10\/11\/gremio-e-punido-pelo-stjd\/#primaryimage"},"thumbnailUrl":"https:\/\/www.gaveanews.com\/wp-content\/uploads\/presidente-gremio-alberto-guerra.webp","datePublished":"2024-10-11T21:40:00+00:00","author":{"@id":"https:\/\/www.gaveanews.com\/#\/schema\/person\/37122681a8575a5c8db05a56f099a5e4"},"description":"Gr\u00eamio \u00e9 punido pelo STJD","breadcrumb":{"@id":"https:\/\/www.gaveanews.com\/index.php\/2024\/10\/11\/gremio-e-punido-pelo-stjd\/#breadcrumb"},"inLanguage":"pt-BR","potentialAction":[{"@type":"ReadAction","target":["https:\/\/www.gaveanews.com\/index.php\/2024\/10\/11\/gremio-e-punido-pelo-stjd\/"]}]},{"@type":"ImageObject","inLanguage":"pt-BR","@id":"https:\/\/www.gaveanews.com\/index.php\/2024\/10\/11\/gremio-e-punido-pelo-stjd\/#primaryimage","url":"https:\/\/www.gaveanews.com\/wp-content\/uploads\/presidente-gremio-alberto-guerra.webp","contentUrl":"https:\/\/www.gaveanews.com\/wp-content\/uploads\/presidente-gremio-alberto-guerra.webp","width":640,"height":401,"caption":"Alberto Guerra, presidente do Gr\u00eamio - Foto: Lucas Uebel\/ Gr\u00eamio"},{"@type":"BreadcrumbList","@id":"https:\/\/www.gaveanews.com\/index.php\/2024\/10\/11\/gremio-e-punido-pelo-stjd\/#breadcrumb","itemListElement":[{"@type":"ListItem","position":1,"name":"Home","item":"https:\/\/www.gaveanews.com\/"},{"@type":"ListItem","position":2,"name":"Gr\u00eamio \u00e9 punido pelo STJD"}]},{"@type":"WebSite","@id":"https:\/\/www.gaveanews.com\/#website","url":"https:\/\/www.gaveanews.com\/","name":"G\u00e1vea News","description":"Veja todas as not\u00edcias sobre o Flamengo: Contrata\u00e7\u00f5es, categorias de base, resultados das partidas, tabela de classifica\u00e7\u00e3o, pr\u00f3ximos jogos!","potentialAction":[{"@type":"SearchAction","target":{"@type":"EntryPoint","urlTemplate":"https:\/\/www.gaveanews.com\/?s={search_term_string}"},"query-input":{"@type":"PropertyValueSpecification","valueRequired":true,"valueName":"search_term_string"}}],"inLanguage":"pt-BR"},{"@type":"Person","@id":"https:\/\/www.gaveanews.com\/#\/schema\/person\/37122681a8575a5c8db05a56f099a5e4","name":"D\u00e9bora Figueiredo","image":{"@type":"ImageObject","inLanguage":"pt-BR","@id":"https:\/\/www.gaveanews.com\/#\/schema\/person\/image\/","url":"https:\/\/secure.gravatar.com\/avatar\/1f44802859351588499d26f52aed1d15796ce17e67602895b72837c08018868d?s=96&d=mm&r=g","contentUrl":"https:\/\/secure.gravatar.com\/avatar\/1f44802859351588499d26f52aed1d15796ce17e67602895b72837c08018868d?s=96&d=mm&r=g","caption":"D\u00e9bora Figueiredo"}}]}},"_links":{"self":[{"href":"https:\/\/www.gaveanews.com\/index.php\/wp-json\/wp\/v2\/posts\/173728","targetHints":{"allow":["GET"]}}],"collection":[{"href":"https:\/\/www.gaveanews.com\/index.php\/wp-json\/wp\/v2\/posts"}],"about":[{"href":"https:\/\/www.gaveanews.com\/index.php\/wp-json\/wp\/v2\/types\/post"}],"author":[{"embeddable":true,"href":"https:\/\/www.gaveanews.com\/index.php\/wp-json\/wp\/v2\/users\/16"}],"replies":[{"embeddable":true,"href":"https:\/\/www.gaveanews.com\/index.php\/wp-json\/wp\/v2\/comments?post=173728"}],"version-history":[{"count":1,"href":"https:\/\/www.gaveanews.com\/index.php\/wp-json\/wp\/v2\/posts\/173728\/revisions"}],"predecessor-version":[{"id":173736,"href":"https:\/\/www.gaveanews.com\/index.php\/wp-json\/wp\/v2\/posts\/173728\/revisions\/173736"}],"wp:featuredmedia":[{"embeddable":true,"href":"https:\/\/www.gaveanews.com\/index.php\/wp-json\/wp\/v2\/media\/141924"}],"wp:attachment":[{"href":"https:\/\/www.gaveanews.com\/index.php\/wp-json\/wp\/v2\/media?parent=173728"}],"wp:term":[{"taxonomy":"category","embeddable":true,"href":"https:\/\/www.gaveanews.com\/index.php\/wp-json\/wp\/v2\/categories?post=173728"},{"taxonomy":"post_tag","embeddable":true,"href":"https:\/\/www.gaveanews.com\/index.php\/wp-json\/wp\/v2\/tags?post=173728"}],"curies":[{"name":"wp","href":"https:\/\/api.w.org\/{rel}","templated":true}]}}