{"id":17442,"date":"2019-04-11T06:45:10","date_gmt":"2019-04-11T09:45:10","guid":{"rendered":"https:\/\/www.gaveanews.com\/?p=17442"},"modified":"2019-04-11T01:06:18","modified_gmt":"2019-04-11T04:06:18","slug":"confira-a-provavel-escalacao-do-flamengo-para-a-partida-contra-o-san-jose","status":"publish","type":"post","link":"https:\/\/www.gaveanews.com\/index.php\/2019\/04\/11\/confira-a-provavel-escalacao-do-flamengo-para-a-partida-contra-o-san-jose\/","title":{"rendered":"Confira a prov\u00e1vel escala\u00e7\u00e3o do Flamengo para a partida contra o San Jos\u00e9"},"content":{"rendered":"\n<p>Depois de se classificar \u00e0 final do Campeonato Carioca, o Flamengo volta sua aten\u00e7\u00e3o para Libertadores. Derrotado em casa na \u00faltima rodada pelo Pe\u00f1arol, o rubro-negro recebe o San Jos\u00e9 Oruro, da Bol\u00edvia, nesta quinta-feira, precisando dos tr\u00eas pontos. <\/p>\n\n\n\n<p>Para a partida, Abel Braga n\u00e3o ter\u00e1 \u00e0 disposi\u00e7\u00e3o os atacantes Gabigol e Uribe, expulso e machucado, respectivamente. Al\u00e9m disso, provavelmente tamb\u00e9m n\u00e3o contar\u00e1 com Bruno Henrique, que sentiu uma les\u00e3o contra o Fluminense, no s\u00e1bado. <\/p>\n\n\n\n<p>Assim, Arrascaeta e o jovem Vitor Gabriel devem ganhar a vaga na equipe titular. Caso repita a escala\u00e7\u00e3o do treinamento desta ter\u00e7a-feira, o Flamengo ir\u00e1 a campo com: Diego Alves; Par\u00e1, L\u00e9o Duarte, Rodrigo Caio e Ren\u00ea; Cu\u00e9llar, Willian Ar\u00e3o, Everton Ribeiro, Diego e Arrascaeta; Vitor Gabriel.<\/p>\n\n\n\n<p>O Flamengo \u00e9 vice-l\u00edder do grupo D com seis pontos, enquanto o Pe\u00f1arol lidera com nove. Caso ven\u00e7a o San Jos\u00e9 por tr\u00eas ou mais gols de diferen\u00e7a, assume a ponta novamente devido ao saldo de gols. Vale ressaltar tamb\u00e9m que, vencendo nesta quinta, o Fla enfrentar\u00e1 a LDU, em Quito, precisando apenas de um empate para se classificar \u00e0s oitavas de final.<\/p>\n\n\n\n\n\n\n\n<p>Retirado de: Torcedores<\/p>\n","protected":false},"excerpt":{"rendered":"<p>Depois de se classificar \u00e0 final do Campeonato Carioca, o Flamengo volta sua aten\u00e7\u00e3o para Libertadores. Derrotado em casa na \u00faltima rodada pelo Pe\u00f1arol, o rubro-negro recebe o San Jos\u00e9 Oruro, da Bol\u00edvia, nesta quinta-feira, precisando dos tr\u00eas pontos. Para a partida, Abel Braga n\u00e3o ter\u00e1 \u00e0 disposi\u00e7\u00e3o os atacantes Gabigol e Uribe, expulso e [&hellip;]<\/p>\n","protected":false},"author":1,"featured_media":16362,"comment_status":"open","ping_status":"open","sticky":false,"template":"","format":"standard","meta":{"footnotes":""},"categories":[1],"tags":[],"class_list":["post-17442","post","type-post","status-publish","format-standard","has-post-thumbnail","hentry","category-flamengo"],"yoast_head":"<!-- This site is optimized with the Yoast SEO Premium plugin v24.2 (Yoast SEO v26.9) - https:\/\/yoast.com\/product\/yoast-seo-premium-wordpress\/ -->\n<title>Confira a prov\u00e1vel escala\u00e7\u00e3o do Flamengo para a partida contra o San Jos\u00e9<\/title>\n<meta name=\"robots\" content=\"index, follow, max-snippet:-1, max-image-preview:large, max-video-preview:-1\" \/>\n<link rel=\"canonical\" href=\"https:\/\/www.gaveanews.com\/index.php\/2019\/04\/11\/confira-a-provavel-escalacao-do-flamengo-para-a-partida-contra-o-san-jose\/\" \/>\n<meta property=\"og:locale\" content=\"pt_BR\" \/>\n<meta property=\"og:type\" content=\"article\" \/>\n<meta property=\"og:title\" content=\"Confira a prov\u00e1vel escala\u00e7\u00e3o do Flamengo para a partida contra o San Jos\u00e9\" \/>\n<meta property=\"og:description\" content=\"Depois de se classificar \u00e0 final do Campeonato Carioca, o Flamengo volta sua aten\u00e7\u00e3o para Libertadores. Derrotado em casa na \u00faltima rodada pelo Pe\u00f1arol, o rubro-negro recebe o San Jos\u00e9 Oruro, da Bol\u00edvia, nesta quinta-feira, precisando dos tr\u00eas pontos. Para a partida, Abel Braga n\u00e3o ter\u00e1 \u00e0 disposi\u00e7\u00e3o os atacantes Gabigol e Uribe, expulso e [&hellip;]\" \/>\n<meta property=\"og:url\" content=\"https:\/\/www.gaveanews.com\/index.php\/2019\/04\/11\/confira-a-provavel-escalacao-do-flamengo-para-a-partida-contra-o-san-jose\/\" \/>\n<meta property=\"og:site_name\" content=\"G\u00e1vea News\" \/>\n<meta property=\"article:publisher\" content=\"https:\/\/facebook.com\/gaveaNews\/\" \/>\n<meta property=\"article:published_time\" content=\"2019-04-11T09:45:10+00:00\" \/>\n<meta property=\"og:image\" content=\"https:\/\/www.gaveanews.com\/wp-content\/uploads\/2019\/03\/Para-receber-orientacoes-jogadores-do-Flamengo-fazem-uma-rodinha-em-um-campo-do-Ninho-do-Urubu.webp\" \/>\n\t<meta property=\"og:image:width\" content=\"1\" \/>\n\t<meta property=\"og:image:height\" content=\"1\" \/>\n\t<meta property=\"og:image:type\" content=\"image\/jpeg\" \/>\n<meta name=\"author\" content=\"Equipe G\u00e1vea News\" \/>\n<meta name=\"twitter:card\" content=\"summary_large_image\" \/>\n<meta name=\"twitter:label1\" content=\"Escrito por\" \/>\n\t<meta name=\"twitter:data1\" content=\"Equipe G\u00e1vea News\" \/>\n\t<meta name=\"twitter:label2\" content=\"Est. tempo de leitura\" \/>\n\t<meta name=\"twitter:data2\" content=\"1 minuto\" \/>\n<script type=\"application\/ld+json\" class=\"yoast-schema-graph\">{\"@context\":\"https:\/\/schema.org\",\"@graph\":[{\"@type\":\"NewsArticle\",\"@id\":\"https:\/\/www.gaveanews.com\/index.php\/2019\/04\/11\/confira-a-provavel-escalacao-do-flamengo-para-a-partida-contra-o-san-jose\/#article\",\"isPartOf\":{\"@id\":\"https:\/\/www.gaveanews.com\/index.php\/2019\/04\/11\/confira-a-provavel-escalacao-do-flamengo-para-a-partida-contra-o-san-jose\/\"},\"author\":{\"name\":\"Equipe G\u00e1vea News\",\"@id\":\"https:\/\/www.gaveanews.com\/#\/schema\/person\/2ec14f73fb96be2caf28f91afb14749d\"},\"headline\":\"Confira a prov\u00e1vel escala\u00e7\u00e3o do Flamengo para a partida contra o San Jos\u00e9\",\"datePublished\":\"2019-04-11T09:45:10+00:00\",\"mainEntityOfPage\":{\"@id\":\"https:\/\/www.gaveanews.com\/index.php\/2019\/04\/11\/confira-a-provavel-escalacao-do-flamengo-para-a-partida-contra-o-san-jose\/\"},\"wordCount\":222,\"commentCount\":0,\"image\":{\"@id\":\"https:\/\/www.gaveanews.com\/index.php\/2019\/04\/11\/confira-a-provavel-escalacao-do-flamengo-para-a-partida-contra-o-san-jose\/#primaryimage\"},\"thumbnailUrl\":\"https:\/\/www.gaveanews.com\/wp-content\/uploads\/2019\/03\/Para-receber-orientacoes-jogadores-do-Flamengo-fazem-uma-rodinha-em-um-campo-do-Ninho-do-Urubu.webp\",\"articleSection\":[\"Flamengo\"],\"inLanguage\":\"pt-BR\",\"potentialAction\":[{\"@type\":\"CommentAction\",\"name\":\"Comment\",\"target\":[\"https:\/\/www.gaveanews.com\/index.php\/2019\/04\/11\/confira-a-provavel-escalacao-do-flamengo-para-a-partida-contra-o-san-jose\/#respond\"]}],\"copyrightYear\":\"2019\",\"copyrightHolder\":{\"@id\":\"https:\/\/www.gaveanews.com\/#organization\"}},{\"@type\":\"WebPage\",\"@id\":\"https:\/\/www.gaveanews.com\/index.php\/2019\/04\/11\/confira-a-provavel-escalacao-do-flamengo-para-a-partida-contra-o-san-jose\/\",\"url\":\"https:\/\/www.gaveanews.com\/index.php\/2019\/04\/11\/confira-a-provavel-escalacao-do-flamengo-para-a-partida-contra-o-san-jose\/\",\"name\":\"Confira a prov\u00e1vel escala\u00e7\u00e3o do Flamengo para a partida contra o San Jos\u00e9\",\"isPartOf\":{\"@id\":\"https:\/\/www.gaveanews.com\/#website\"},\"primaryImageOfPage\":{\"@id\":\"https:\/\/www.gaveanews.com\/index.php\/2019\/04\/11\/confira-a-provavel-escalacao-do-flamengo-para-a-partida-contra-o-san-jose\/#primaryimage\"},\"image\":{\"@id\":\"https:\/\/www.gaveanews.com\/index.php\/2019\/04\/11\/confira-a-provavel-escalacao-do-flamengo-para-a-partida-contra-o-san-jose\/#primaryimage\"},\"thumbnailUrl\":\"https:\/\/www.gaveanews.com\/wp-content\/uploads\/2019\/03\/Para-receber-orientacoes-jogadores-do-Flamengo-fazem-uma-rodinha-em-um-campo-do-Ninho-do-Urubu.webp\",\"datePublished\":\"2019-04-11T09:45:10+00:00\",\"author\":{\"@id\":\"https:\/\/www.gaveanews.com\/#\/schema\/person\/2ec14f73fb96be2caf28f91afb14749d\"},\"breadcrumb\":{\"@id\":\"https:\/\/www.gaveanews.com\/index.php\/2019\/04\/11\/confira-a-provavel-escalacao-do-flamengo-para-a-partida-contra-o-san-jose\/#breadcrumb\"},\"inLanguage\":\"pt-BR\",\"potentialAction\":[{\"@type\":\"ReadAction\",\"target\":[\"https:\/\/www.gaveanews.com\/index.php\/2019\/04\/11\/confira-a-provavel-escalacao-do-flamengo-para-a-partida-contra-o-san-jose\/\"]}]},{\"@type\":\"ImageObject\",\"inLanguage\":\"pt-BR\",\"@id\":\"https:\/\/www.gaveanews.com\/index.php\/2019\/04\/11\/confira-a-provavel-escalacao-do-flamengo-para-a-partida-contra-o-san-jose\/#primaryimage\",\"url\":\"https:\/\/www.gaveanews.com\/wp-content\/uploads\/2019\/03\/Para-receber-orientacoes-jogadores-do-Flamengo-fazem-uma-rodinha-em-um-campo-do-Ninho-do-Urubu.webp\",\"contentUrl\":\"https:\/\/www.gaveanews.com\/wp-content\/uploads\/2019\/03\/Para-receber-orientacoes-jogadores-do-Flamengo-fazem-uma-rodinha-em-um-campo-do-Ninho-do-Urubu.webp\",\"caption\":\"Para receber orienta\u00e7\u00f5es, jogadores do Flamengo fazem uma rodinha em um campo do Ninho do Urubu (Foto: Alexandre Vidal\/Flamengo)\"},{\"@type\":\"BreadcrumbList\",\"@id\":\"https:\/\/www.gaveanews.com\/index.php\/2019\/04\/11\/confira-a-provavel-escalacao-do-flamengo-para-a-partida-contra-o-san-jose\/#breadcrumb\",\"itemListElement\":[{\"@type\":\"ListItem\",\"position\":1,\"name\":\"Home\",\"item\":\"https:\/\/www.gaveanews.com\/\"},{\"@type\":\"ListItem\",\"position\":2,\"name\":\"Confira a prov\u00e1vel escala\u00e7\u00e3o do Flamengo para a partida contra o San Jos\u00e9\"}]},{\"@type\":\"WebSite\",\"@id\":\"https:\/\/www.gaveanews.com\/#website\",\"url\":\"https:\/\/www.gaveanews.com\/\",\"name\":\"G\u00e1vea News\",\"description\":\"Veja todas as not\u00edcias sobre o Flamengo: Contrata\u00e7\u00f5es, categorias de base, resultados das partidas, tabela de classifica\u00e7\u00e3o, pr\u00f3ximos jogos!\",\"potentialAction\":[{\"@type\":\"SearchAction\",\"target\":{\"@type\":\"EntryPoint\",\"urlTemplate\":\"https:\/\/www.gaveanews.com\/?s={search_term_string}\"},\"query-input\":{\"@type\":\"PropertyValueSpecification\",\"valueRequired\":true,\"valueName\":\"search_term_string\"}}],\"inLanguage\":\"pt-BR\"},{\"@type\":\"Person\",\"@id\":\"https:\/\/www.gaveanews.com\/#\/schema\/person\/2ec14f73fb96be2caf28f91afb14749d\",\"name\":\"Equipe G\u00e1vea News\",\"image\":{\"@type\":\"ImageObject\",\"inLanguage\":\"pt-BR\",\"@id\":\"https:\/\/www.gaveanews.com\/#\/schema\/person\/image\/\",\"url\":\"https:\/\/secure.gravatar.com\/avatar\/1e1956f1facbffd3f8fa53a326721950116b3b9dc9bd44939c01180fd4a745a9?s=96&d=mm&r=g\",\"contentUrl\":\"https:\/\/secure.gravatar.com\/avatar\/1e1956f1facbffd3f8fa53a326721950116b3b9dc9bd44939c01180fd4a745a9?s=96&d=mm&r=g\",\"caption\":\"Equipe G\u00e1vea News\"}}]}<\/script>\n<!-- \/ Yoast SEO Premium plugin. -->","yoast_head_json":{"title":"Confira a prov\u00e1vel escala\u00e7\u00e3o do Flamengo para a partida contra o San Jos\u00e9","robots":{"index":"index","follow":"follow","max-snippet":"max-snippet:-1","max-image-preview":"max-image-preview:large","max-video-preview":"max-video-preview:-1"},"canonical":"https:\/\/www.gaveanews.com\/index.php\/2019\/04\/11\/confira-a-provavel-escalacao-do-flamengo-para-a-partida-contra-o-san-jose\/","og_locale":"pt_BR","og_type":"article","og_title":"Confira a prov\u00e1vel escala\u00e7\u00e3o do Flamengo para a partida contra o San Jos\u00e9","og_description":"Depois de se classificar \u00e0 final do Campeonato Carioca, o Flamengo volta sua aten\u00e7\u00e3o para Libertadores. Derrotado em casa na \u00faltima rodada pelo Pe\u00f1arol, o rubro-negro recebe o San Jos\u00e9 Oruro, da Bol\u00edvia, nesta quinta-feira, precisando dos tr\u00eas pontos. Para a partida, Abel Braga n\u00e3o ter\u00e1 \u00e0 disposi\u00e7\u00e3o os atacantes Gabigol e Uribe, expulso e [&hellip;]","og_url":"https:\/\/www.gaveanews.com\/index.php\/2019\/04\/11\/confira-a-provavel-escalacao-do-flamengo-para-a-partida-contra-o-san-jose\/","og_site_name":"G\u00e1vea News","article_publisher":"https:\/\/facebook.com\/gaveaNews\/","article_published_time":"2019-04-11T09:45:10+00:00","og_image":[{"url":"https:\/\/www.gaveanews.com\/wp-content\/uploads\/2019\/03\/Para-receber-orientacoes-jogadores-do-Flamengo-fazem-uma-rodinha-em-um-campo-do-Ninho-do-Urubu.webp","width":1,"height":1,"type":"image\/jpeg"}],"author":"Equipe G\u00e1vea News","twitter_card":"summary_large_image","twitter_misc":{"Escrito por":"Equipe G\u00e1vea News","Est. tempo de leitura":"1 minuto"},"schema":{"@context":"https:\/\/schema.org","@graph":[{"@type":"NewsArticle","@id":"https:\/\/www.gaveanews.com\/index.php\/2019\/04\/11\/confira-a-provavel-escalacao-do-flamengo-para-a-partida-contra-o-san-jose\/#article","isPartOf":{"@id":"https:\/\/www.gaveanews.com\/index.php\/2019\/04\/11\/confira-a-provavel-escalacao-do-flamengo-para-a-partida-contra-o-san-jose\/"},"author":{"name":"Equipe G\u00e1vea News","@id":"https:\/\/www.gaveanews.com\/#\/schema\/person\/2ec14f73fb96be2caf28f91afb14749d"},"headline":"Confira a prov\u00e1vel escala\u00e7\u00e3o do Flamengo para a partida contra o San Jos\u00e9","datePublished":"2019-04-11T09:45:10+00:00","mainEntityOfPage":{"@id":"https:\/\/www.gaveanews.com\/index.php\/2019\/04\/11\/confira-a-provavel-escalacao-do-flamengo-para-a-partida-contra-o-san-jose\/"},"wordCount":222,"commentCount":0,"image":{"@id":"https:\/\/www.gaveanews.com\/index.php\/2019\/04\/11\/confira-a-provavel-escalacao-do-flamengo-para-a-partida-contra-o-san-jose\/#primaryimage"},"thumbnailUrl":"https:\/\/www.gaveanews.com\/wp-content\/uploads\/2019\/03\/Para-receber-orientacoes-jogadores-do-Flamengo-fazem-uma-rodinha-em-um-campo-do-Ninho-do-Urubu.webp","articleSection":["Flamengo"],"inLanguage":"pt-BR","potentialAction":[{"@type":"CommentAction","name":"Comment","target":["https:\/\/www.gaveanews.com\/index.php\/2019\/04\/11\/confira-a-provavel-escalacao-do-flamengo-para-a-partida-contra-o-san-jose\/#respond"]}],"copyrightYear":"2019","copyrightHolder":{"@id":"https:\/\/www.gaveanews.com\/#organization"}},{"@type":"WebPage","@id":"https:\/\/www.gaveanews.com\/index.php\/2019\/04\/11\/confira-a-provavel-escalacao-do-flamengo-para-a-partida-contra-o-san-jose\/","url":"https:\/\/www.gaveanews.com\/index.php\/2019\/04\/11\/confira-a-provavel-escalacao-do-flamengo-para-a-partida-contra-o-san-jose\/","name":"Confira a prov\u00e1vel escala\u00e7\u00e3o do Flamengo para a partida contra o San Jos\u00e9","isPartOf":{"@id":"https:\/\/www.gaveanews.com\/#website"},"primaryImageOfPage":{"@id":"https:\/\/www.gaveanews.com\/index.php\/2019\/04\/11\/confira-a-provavel-escalacao-do-flamengo-para-a-partida-contra-o-san-jose\/#primaryimage"},"image":{"@id":"https:\/\/www.gaveanews.com\/index.php\/2019\/04\/11\/confira-a-provavel-escalacao-do-flamengo-para-a-partida-contra-o-san-jose\/#primaryimage"},"thumbnailUrl":"https:\/\/www.gaveanews.com\/wp-content\/uploads\/2019\/03\/Para-receber-orientacoes-jogadores-do-Flamengo-fazem-uma-rodinha-em-um-campo-do-Ninho-do-Urubu.webp","datePublished":"2019-04-11T09:45:10+00:00","author":{"@id":"https:\/\/www.gaveanews.com\/#\/schema\/person\/2ec14f73fb96be2caf28f91afb14749d"},"breadcrumb":{"@id":"https:\/\/www.gaveanews.com\/index.php\/2019\/04\/11\/confira-a-provavel-escalacao-do-flamengo-para-a-partida-contra-o-san-jose\/#breadcrumb"},"inLanguage":"pt-BR","potentialAction":[{"@type":"ReadAction","target":["https:\/\/www.gaveanews.com\/index.php\/2019\/04\/11\/confira-a-provavel-escalacao-do-flamengo-para-a-partida-contra-o-san-jose\/"]}]},{"@type":"ImageObject","inLanguage":"pt-BR","@id":"https:\/\/www.gaveanews.com\/index.php\/2019\/04\/11\/confira-a-provavel-escalacao-do-flamengo-para-a-partida-contra-o-san-jose\/#primaryimage","url":"https:\/\/www.gaveanews.com\/wp-content\/uploads\/2019\/03\/Para-receber-orientacoes-jogadores-do-Flamengo-fazem-uma-rodinha-em-um-campo-do-Ninho-do-Urubu.webp","contentUrl":"https:\/\/www.gaveanews.com\/wp-content\/uploads\/2019\/03\/Para-receber-orientacoes-jogadores-do-Flamengo-fazem-uma-rodinha-em-um-campo-do-Ninho-do-Urubu.webp","caption":"Para receber orienta\u00e7\u00f5es, jogadores do Flamengo fazem uma rodinha em um campo do Ninho do Urubu (Foto: Alexandre Vidal\/Flamengo)"},{"@type":"BreadcrumbList","@id":"https:\/\/www.gaveanews.com\/index.php\/2019\/04\/11\/confira-a-provavel-escalacao-do-flamengo-para-a-partida-contra-o-san-jose\/#breadcrumb","itemListElement":[{"@type":"ListItem","position":1,"name":"Home","item":"https:\/\/www.gaveanews.com\/"},{"@type":"ListItem","position":2,"name":"Confira a prov\u00e1vel escala\u00e7\u00e3o do Flamengo para a partida contra o San Jos\u00e9"}]},{"@type":"WebSite","@id":"https:\/\/www.gaveanews.com\/#website","url":"https:\/\/www.gaveanews.com\/","name":"G\u00e1vea News","description":"Veja todas as not\u00edcias sobre o Flamengo: Contrata\u00e7\u00f5es, categorias de base, resultados das partidas, tabela de classifica\u00e7\u00e3o, pr\u00f3ximos jogos!","potentialAction":[{"@type":"SearchAction","target":{"@type":"EntryPoint","urlTemplate":"https:\/\/www.gaveanews.com\/?s={search_term_string}"},"query-input":{"@type":"PropertyValueSpecification","valueRequired":true,"valueName":"search_term_string"}}],"inLanguage":"pt-BR"},{"@type":"Person","@id":"https:\/\/www.gaveanews.com\/#\/schema\/person\/2ec14f73fb96be2caf28f91afb14749d","name":"Equipe G\u00e1vea News","image":{"@type":"ImageObject","inLanguage":"pt-BR","@id":"https:\/\/www.gaveanews.com\/#\/schema\/person\/image\/","url":"https:\/\/secure.gravatar.com\/avatar\/1e1956f1facbffd3f8fa53a326721950116b3b9dc9bd44939c01180fd4a745a9?s=96&d=mm&r=g","contentUrl":"https:\/\/secure.gravatar.com\/avatar\/1e1956f1facbffd3f8fa53a326721950116b3b9dc9bd44939c01180fd4a745a9?s=96&d=mm&r=g","caption":"Equipe G\u00e1vea News"}}]}},"_links":{"self":[{"href":"https:\/\/www.gaveanews.com\/index.php\/wp-json\/wp\/v2\/posts\/17442","targetHints":{"allow":["GET"]}}],"collection":[{"href":"https:\/\/www.gaveanews.com\/index.php\/wp-json\/wp\/v2\/posts"}],"about":[{"href":"https:\/\/www.gaveanews.com\/index.php\/wp-json\/wp\/v2\/types\/post"}],"author":[{"embeddable":true,"href":"https:\/\/www.gaveanews.com\/index.php\/wp-json\/wp\/v2\/users\/1"}],"replies":[{"embeddable":true,"href":"https:\/\/www.gaveanews.com\/index.php\/wp-json\/wp\/v2\/comments?post=17442"}],"version-history":[{"count":0,"href":"https:\/\/www.gaveanews.com\/index.php\/wp-json\/wp\/v2\/posts\/17442\/revisions"}],"wp:featuredmedia":[{"embeddable":true,"href":"https:\/\/www.gaveanews.com\/index.php\/wp-json\/wp\/v2\/media\/16362"}],"wp:attachment":[{"href":"https:\/\/www.gaveanews.com\/index.php\/wp-json\/wp\/v2\/media?parent=17442"}],"wp:term":[{"taxonomy":"category","embeddable":true,"href":"https:\/\/www.gaveanews.com\/index.php\/wp-json\/wp\/v2\/categories?post=17442"},{"taxonomy":"post_tag","embeddable":true,"href":"https:\/\/www.gaveanews.com\/index.php\/wp-json\/wp\/v2\/tags?post=17442"}],"curies":[{"name":"wp","href":"https:\/\/api.w.org\/{rel}","templated":true}]}}