{"id":174687,"date":"2024-10-15T18:50:00","date_gmt":"2024-10-15T21:50:00","guid":{"rendered":"https:\/\/www.gaveanews.com\/?p=174687"},"modified":"2024-10-15T17:26:56","modified_gmt":"2024-10-15T20:26:56","slug":"volkswagen-ouve-consumidores-e-prepara-mudanca-expressiva-em-seus-carros","status":"publish","type":"post","link":"https:\/\/www.gaveanews.com\/index.php\/2024\/10\/15\/volkswagen-ouve-consumidores-e-prepara-mudanca-expressiva-em-seus-carros\/","title":{"rendered":"Volkswagen ouve consumidores e prepara mudan\u00e7a expressiva em seus carros"},"content":{"rendered":"\n<h2 class=\"wp-block-heading\" id=\"h-volkswagen-planeja-interior-com-menos-plastico-e-mais-funcionalidade-diz-chefe-de-design\">Volkswagen planeja interior com menos pl\u00e1stico e mais funcionalidade, diz chefe de design<\/h2>\n\n\n\n<p>Em entrevista \u00e0 revista <em>Top Gear<\/em>, Andy Mindt, chefe de design da Volkswagen, e Christian Schreiber, chefe de estrat\u00e9gia de design, revelaram mudan\u00e7as na abordagem de design dos interiores dos carros da montadora. A dupla afirmou que a Volkswagen pretende reduzir o uso de pl\u00e1sticos baratos e introduzir mais tecidos de alta qualidade nos ve\u00edculos.<\/p>\n\n\n\n<ul class=\"wp-block-list\">\n<li><a href=\"https:\/\/www.gaveanews.com\/index.php\/2024\/10\/14\/novo-carro-da-volkswagen-e-flagrado\/\">Novo carro da Volkswagen \u00e9 flagrado<\/a><\/li>\n\n\n\n<li><a href=\"https:\/\/www.gaveanews.com\/index.php\/2024\/09\/25\/volkswagen-lanca-tecnologia-que-pode-revolucionar-o-mercado-automotivo\/\">Volkswagen lan\u00e7a tecnologia que pode revolucionar o mercado automotivo<\/a><\/li>\n<\/ul>\n\n\n\n<p>Mindt destacou que a ideia \u00e9 simplificar as pe\u00e7as internas, tornando o processo mais sustent\u00e1vel.<\/p>\n\n\n\n<p>\u201cVamos deixar de lado os pl\u00e1sticos baratos e investir em materiais melhores. Um painel de porta que hoje \u00e9 feito em tr\u00eas partes poder\u00e1 ser constru\u00eddo com uma \u00fanica pe\u00e7a, o que tamb\u00e9m vai ajudar a melhorar a sustentabilidade\u201d, disse.<\/p>\n\n\n\n<p>Schreiber complementou a vis\u00e3o, explicando que os ve\u00edculos devem ser funcionais e simples de usar, sem exageros decorativos. Ele tamb\u00e9m mencionou que, embora a montadora planeje manter um design mais discreto, alguns elementos \u00fanicos, como o padr\u00e3o xadrez dos modelos GTI, continuar\u00e3o exclusivos a essas vers\u00f5es.<\/p>\n\n\n\n<p>Os designers tamb\u00e9m falaram sobre a filosofia da Volkswagen em rela\u00e7\u00e3o ao design, buscando se diferenciar de rivais com estilos mais agressivos.<\/p>\n\n\n\n<p>\u201cNosso objetivo \u00e9 ser os caras legais. N\u00e3o \u00e9 necess\u00e1rio parecer agressivo para ter um bom visual. Queremos transmitir uma imagem otimista e amig\u00e1vel\u201d, concluiu Mindt.<\/p>\n\n\n\n<p>Com a nova gera\u00e7\u00e3o de carros a caminho, muitos deles el\u00e9tricos, a filosofia de design da Volkswagen tamb\u00e9m mudar\u00e1 e uma das dire\u00e7\u00f5es \u00e9 ter um desenho mais calmo, em contraste ao estilo agressivo dos concorrentes.<\/p>\n\n\n\n<p>Ao falar sobre a\u00a0filosofia de design de forma mais ampla, Mindt e Schreiber expressaram o desejo de se diferenciar do estilo agressivo de alguns concorrentes.<\/p>\n\n\n\n<p>\u201cAcredito que a maioria das pessoas n\u00e3o quer ser a mais descolada ou parecer agressiva em p\u00fablico. Elas querem ter um terno e uma boa apar\u00eancia externa, ao mesmo tempo em que s\u00e3o felizes e otimistas. Qual \u00e9 a necessidade de ser agressivo? Nosso n\u00facleo \u00e9 assim: sermos os caras legais\u201d, afirmou.<\/p>\n","protected":false},"excerpt":{"rendered":"<p>Volkswagen planeja interior com menos pl\u00e1stico e mais funcionalidade, diz chefe de design Em entrevista \u00e0 revista Top Gear, Andy Mindt, chefe de design da Volkswagen, e Christian Schreiber, chefe de estrat\u00e9gia de design, revelaram mudan\u00e7as na abordagem de design dos interiores dos carros da montadora. A dupla afirmou que a Volkswagen pretende reduzir o [&hellip;]<\/p>\n","protected":false},"author":20,"featured_media":117935,"comment_status":"open","ping_status":"closed","sticky":false,"template":"","format":"standard","meta":{"footnotes":""},"categories":[111],"tags":[],"class_list":["post-174687","post","type-post","status-publish","format-standard","has-post-thumbnail","hentry","category-volkswagen"],"yoast_head":"<!-- This site is optimized with the Yoast SEO Premium plugin v24.2 (Yoast SEO v26.9) - https:\/\/yoast.com\/product\/yoast-seo-premium-wordpress\/ -->\n<title>Volkswagen ouve consumidores e prepara mudan\u00e7a expressiva em seus carros<\/title>\n<meta name=\"robots\" content=\"index, follow, max-snippet:-1, max-image-preview:large, max-video-preview:-1\" \/>\n<link rel=\"canonical\" href=\"https:\/\/www.gaveanews.com\/index.php\/2024\/10\/15\/volkswagen-ouve-consumidores-e-prepara-mudanca-expressiva-em-seus-carros\/\" \/>\n<meta property=\"og:locale\" content=\"pt_BR\" \/>\n<meta property=\"og:type\" content=\"article\" \/>\n<meta property=\"og:title\" content=\"Volkswagen ouve consumidores e prepara mudan\u00e7a expressiva em seus carros\" \/>\n<meta property=\"og:description\" content=\"Volkswagen planeja interior com menos pl\u00e1stico e mais funcionalidade, diz chefe de design Em entrevista \u00e0 revista Top Gear, Andy Mindt, chefe de design da Volkswagen, e Christian Schreiber, chefe de estrat\u00e9gia de design, revelaram mudan\u00e7as na abordagem de design dos interiores dos carros da montadora. A dupla afirmou que a Volkswagen pretende reduzir o [&hellip;]\" \/>\n<meta property=\"og:url\" content=\"https:\/\/www.gaveanews.com\/index.php\/2024\/10\/15\/volkswagen-ouve-consumidores-e-prepara-mudanca-expressiva-em-seus-carros\/\" \/>\n<meta property=\"og:site_name\" content=\"G\u00e1vea News\" \/>\n<meta property=\"article:publisher\" content=\"https:\/\/facebook.com\/gaveaNews\/\" \/>\n<meta property=\"article:published_time\" content=\"2024-10-15T21:50:00+00:00\" \/>\n<meta property=\"og:image\" content=\"https:\/\/www.gaveanews.com\/wp-content\/uploads\/Volkswagen.webp\" \/>\n\t<meta property=\"og:image:width\" content=\"1400\" \/>\n\t<meta property=\"og:image:height\" content=\"788\" \/>\n\t<meta property=\"og:image:type\" content=\"image\/jpeg\" \/>\n<meta name=\"author\" content=\"Lucas Barros\" \/>\n<meta name=\"twitter:card\" content=\"summary_large_image\" \/>\n<meta name=\"twitter:label1\" content=\"Escrito por\" \/>\n\t<meta name=\"twitter:data1\" content=\"Lucas Barros\" \/>\n\t<meta name=\"twitter:label2\" content=\"Est. tempo de leitura\" \/>\n\t<meta name=\"twitter:data2\" content=\"3 minutos\" \/>\n<script type=\"application\/ld+json\" class=\"yoast-schema-graph\">{\"@context\":\"https:\/\/schema.org\",\"@graph\":[{\"@type\":\"NewsArticle\",\"@id\":\"https:\/\/www.gaveanews.com\/index.php\/2024\/10\/15\/volkswagen-ouve-consumidores-e-prepara-mudanca-expressiva-em-seus-carros\/#article\",\"isPartOf\":{\"@id\":\"https:\/\/www.gaveanews.com\/index.php\/2024\/10\/15\/volkswagen-ouve-consumidores-e-prepara-mudanca-expressiva-em-seus-carros\/\"},\"author\":{\"name\":\"Lucas Barros\",\"@id\":\"https:\/\/www.gaveanews.com\/#\/schema\/person\/2abf0cfa878f5f899daa5f781e82264c\"},\"headline\":\"Volkswagen ouve consumidores e prepara mudan\u00e7a expressiva em seus carros\",\"datePublished\":\"2024-10-15T21:50:00+00:00\",\"mainEntityOfPage\":{\"@id\":\"https:\/\/www.gaveanews.com\/index.php\/2024\/10\/15\/volkswagen-ouve-consumidores-e-prepara-mudanca-expressiva-em-seus-carros\/\"},\"wordCount\":381,\"commentCount\":0,\"image\":{\"@id\":\"https:\/\/www.gaveanews.com\/index.php\/2024\/10\/15\/volkswagen-ouve-consumidores-e-prepara-mudanca-expressiva-em-seus-carros\/#primaryimage\"},\"thumbnailUrl\":\"https:\/\/www.gaveanews.com\/wp-content\/uploads\/Volkswagen.webp\",\"articleSection\":[\"Volkswagen\"],\"inLanguage\":\"pt-BR\",\"potentialAction\":[{\"@type\":\"CommentAction\",\"name\":\"Comment\",\"target\":[\"https:\/\/www.gaveanews.com\/index.php\/2024\/10\/15\/volkswagen-ouve-consumidores-e-prepara-mudanca-expressiva-em-seus-carros\/#respond\"]}],\"copyrightYear\":\"2024\",\"copyrightHolder\":{\"@id\":\"https:\/\/www.gaveanews.com\/#organization\"}},{\"@type\":\"WebPage\",\"@id\":\"https:\/\/www.gaveanews.com\/index.php\/2024\/10\/15\/volkswagen-ouve-consumidores-e-prepara-mudanca-expressiva-em-seus-carros\/\",\"url\":\"https:\/\/www.gaveanews.com\/index.php\/2024\/10\/15\/volkswagen-ouve-consumidores-e-prepara-mudanca-expressiva-em-seus-carros\/\",\"name\":\"Volkswagen ouve consumidores e prepara mudan\u00e7a expressiva em seus carros\",\"isPartOf\":{\"@id\":\"https:\/\/www.gaveanews.com\/#website\"},\"primaryImageOfPage\":{\"@id\":\"https:\/\/www.gaveanews.com\/index.php\/2024\/10\/15\/volkswagen-ouve-consumidores-e-prepara-mudanca-expressiva-em-seus-carros\/#primaryimage\"},\"image\":{\"@id\":\"https:\/\/www.gaveanews.com\/index.php\/2024\/10\/15\/volkswagen-ouve-consumidores-e-prepara-mudanca-expressiva-em-seus-carros\/#primaryimage\"},\"thumbnailUrl\":\"https:\/\/www.gaveanews.com\/wp-content\/uploads\/Volkswagen.webp\",\"datePublished\":\"2024-10-15T21:50:00+00:00\",\"author\":{\"@id\":\"https:\/\/www.gaveanews.com\/#\/schema\/person\/2abf0cfa878f5f899daa5f781e82264c\"},\"breadcrumb\":{\"@id\":\"https:\/\/www.gaveanews.com\/index.php\/2024\/10\/15\/volkswagen-ouve-consumidores-e-prepara-mudanca-expressiva-em-seus-carros\/#breadcrumb\"},\"inLanguage\":\"pt-BR\",\"potentialAction\":[{\"@type\":\"ReadAction\",\"target\":[\"https:\/\/www.gaveanews.com\/index.php\/2024\/10\/15\/volkswagen-ouve-consumidores-e-prepara-mudanca-expressiva-em-seus-carros\/\"]}]},{\"@type\":\"ImageObject\",\"inLanguage\":\"pt-BR\",\"@id\":\"https:\/\/www.gaveanews.com\/index.php\/2024\/10\/15\/volkswagen-ouve-consumidores-e-prepara-mudanca-expressiva-em-seus-carros\/#primaryimage\",\"url\":\"https:\/\/www.gaveanews.com\/wp-content\/uploads\/Volkswagen.webp\",\"contentUrl\":\"https:\/\/www.gaveanews.com\/wp-content\/uploads\/Volkswagen.webp\",\"width\":1400,\"height\":788,\"caption\":\"Logomarca da Volkswagen (Foto: Reprodu\u00e7\u00e3o)\"},{\"@type\":\"BreadcrumbList\",\"@id\":\"https:\/\/www.gaveanews.com\/index.php\/2024\/10\/15\/volkswagen-ouve-consumidores-e-prepara-mudanca-expressiva-em-seus-carros\/#breadcrumb\",\"itemListElement\":[{\"@type\":\"ListItem\",\"position\":1,\"name\":\"Home\",\"item\":\"https:\/\/www.gaveanews.com\/\"},{\"@type\":\"ListItem\",\"position\":2,\"name\":\"Volkswagen ouve consumidores e prepara mudan\u00e7a expressiva em seus carros\"}]},{\"@type\":\"WebSite\",\"@id\":\"https:\/\/www.gaveanews.com\/#website\",\"url\":\"https:\/\/www.gaveanews.com\/\",\"name\":\"G\u00e1vea News\",\"description\":\"Veja todas as not\u00edcias sobre o Flamengo: Contrata\u00e7\u00f5es, categorias de base, resultados das partidas, tabela de classifica\u00e7\u00e3o, pr\u00f3ximos jogos!\",\"potentialAction\":[{\"@type\":\"SearchAction\",\"target\":{\"@type\":\"EntryPoint\",\"urlTemplate\":\"https:\/\/www.gaveanews.com\/?s={search_term_string}\"},\"query-input\":{\"@type\":\"PropertyValueSpecification\",\"valueRequired\":true,\"valueName\":\"search_term_string\"}}],\"inLanguage\":\"pt-BR\"},{\"@type\":\"Person\",\"@id\":\"https:\/\/www.gaveanews.com\/#\/schema\/person\/2abf0cfa878f5f899daa5f781e82264c\",\"name\":\"Lucas Barros\",\"image\":{\"@type\":\"ImageObject\",\"inLanguage\":\"pt-BR\",\"@id\":\"https:\/\/www.gaveanews.com\/#\/schema\/person\/image\/\",\"url\":\"https:\/\/secure.gravatar.com\/avatar\/67a6069eba66bf6fd7c80b70e1331baa3dbc3d6df5012d5c22eff29c7d59e0b0?s=96&d=mm&r=g\",\"contentUrl\":\"https:\/\/secure.gravatar.com\/avatar\/67a6069eba66bf6fd7c80b70e1331baa3dbc3d6df5012d5c22eff29c7d59e0b0?s=96&d=mm&r=g\",\"caption\":\"Lucas Barros\"}}]}<\/script>\n<!-- \/ Yoast SEO Premium plugin. -->","yoast_head_json":{"title":"Volkswagen ouve consumidores e prepara mudan\u00e7a expressiva em seus carros","robots":{"index":"index","follow":"follow","max-snippet":"max-snippet:-1","max-image-preview":"max-image-preview:large","max-video-preview":"max-video-preview:-1"},"canonical":"https:\/\/www.gaveanews.com\/index.php\/2024\/10\/15\/volkswagen-ouve-consumidores-e-prepara-mudanca-expressiva-em-seus-carros\/","og_locale":"pt_BR","og_type":"article","og_title":"Volkswagen ouve consumidores e prepara mudan\u00e7a expressiva em seus carros","og_description":"Volkswagen planeja interior com menos pl\u00e1stico e mais funcionalidade, diz chefe de design Em entrevista \u00e0 revista Top Gear, Andy Mindt, chefe de design da Volkswagen, e Christian Schreiber, chefe de estrat\u00e9gia de design, revelaram mudan\u00e7as na abordagem de design dos interiores dos carros da montadora. A dupla afirmou que a Volkswagen pretende reduzir o [&hellip;]","og_url":"https:\/\/www.gaveanews.com\/index.php\/2024\/10\/15\/volkswagen-ouve-consumidores-e-prepara-mudanca-expressiva-em-seus-carros\/","og_site_name":"G\u00e1vea News","article_publisher":"https:\/\/facebook.com\/gaveaNews\/","article_published_time":"2024-10-15T21:50:00+00:00","og_image":[{"width":1400,"height":788,"url":"https:\/\/www.gaveanews.com\/wp-content\/uploads\/Volkswagen.webp","type":"image\/jpeg"}],"author":"Lucas Barros","twitter_card":"summary_large_image","twitter_misc":{"Escrito por":"Lucas Barros","Est. tempo de leitura":"3 minutos"},"schema":{"@context":"https:\/\/schema.org","@graph":[{"@type":"NewsArticle","@id":"https:\/\/www.gaveanews.com\/index.php\/2024\/10\/15\/volkswagen-ouve-consumidores-e-prepara-mudanca-expressiva-em-seus-carros\/#article","isPartOf":{"@id":"https:\/\/www.gaveanews.com\/index.php\/2024\/10\/15\/volkswagen-ouve-consumidores-e-prepara-mudanca-expressiva-em-seus-carros\/"},"author":{"name":"Lucas Barros","@id":"https:\/\/www.gaveanews.com\/#\/schema\/person\/2abf0cfa878f5f899daa5f781e82264c"},"headline":"Volkswagen ouve consumidores e prepara mudan\u00e7a expressiva em seus carros","datePublished":"2024-10-15T21:50:00+00:00","mainEntityOfPage":{"@id":"https:\/\/www.gaveanews.com\/index.php\/2024\/10\/15\/volkswagen-ouve-consumidores-e-prepara-mudanca-expressiva-em-seus-carros\/"},"wordCount":381,"commentCount":0,"image":{"@id":"https:\/\/www.gaveanews.com\/index.php\/2024\/10\/15\/volkswagen-ouve-consumidores-e-prepara-mudanca-expressiva-em-seus-carros\/#primaryimage"},"thumbnailUrl":"https:\/\/www.gaveanews.com\/wp-content\/uploads\/Volkswagen.webp","articleSection":["Volkswagen"],"inLanguage":"pt-BR","potentialAction":[{"@type":"CommentAction","name":"Comment","target":["https:\/\/www.gaveanews.com\/index.php\/2024\/10\/15\/volkswagen-ouve-consumidores-e-prepara-mudanca-expressiva-em-seus-carros\/#respond"]}],"copyrightYear":"2024","copyrightHolder":{"@id":"https:\/\/www.gaveanews.com\/#organization"}},{"@type":"WebPage","@id":"https:\/\/www.gaveanews.com\/index.php\/2024\/10\/15\/volkswagen-ouve-consumidores-e-prepara-mudanca-expressiva-em-seus-carros\/","url":"https:\/\/www.gaveanews.com\/index.php\/2024\/10\/15\/volkswagen-ouve-consumidores-e-prepara-mudanca-expressiva-em-seus-carros\/","name":"Volkswagen ouve consumidores e prepara mudan\u00e7a expressiva em seus carros","isPartOf":{"@id":"https:\/\/www.gaveanews.com\/#website"},"primaryImageOfPage":{"@id":"https:\/\/www.gaveanews.com\/index.php\/2024\/10\/15\/volkswagen-ouve-consumidores-e-prepara-mudanca-expressiva-em-seus-carros\/#primaryimage"},"image":{"@id":"https:\/\/www.gaveanews.com\/index.php\/2024\/10\/15\/volkswagen-ouve-consumidores-e-prepara-mudanca-expressiva-em-seus-carros\/#primaryimage"},"thumbnailUrl":"https:\/\/www.gaveanews.com\/wp-content\/uploads\/Volkswagen.webp","datePublished":"2024-10-15T21:50:00+00:00","author":{"@id":"https:\/\/www.gaveanews.com\/#\/schema\/person\/2abf0cfa878f5f899daa5f781e82264c"},"breadcrumb":{"@id":"https:\/\/www.gaveanews.com\/index.php\/2024\/10\/15\/volkswagen-ouve-consumidores-e-prepara-mudanca-expressiva-em-seus-carros\/#breadcrumb"},"inLanguage":"pt-BR","potentialAction":[{"@type":"ReadAction","target":["https:\/\/www.gaveanews.com\/index.php\/2024\/10\/15\/volkswagen-ouve-consumidores-e-prepara-mudanca-expressiva-em-seus-carros\/"]}]},{"@type":"ImageObject","inLanguage":"pt-BR","@id":"https:\/\/www.gaveanews.com\/index.php\/2024\/10\/15\/volkswagen-ouve-consumidores-e-prepara-mudanca-expressiva-em-seus-carros\/#primaryimage","url":"https:\/\/www.gaveanews.com\/wp-content\/uploads\/Volkswagen.webp","contentUrl":"https:\/\/www.gaveanews.com\/wp-content\/uploads\/Volkswagen.webp","width":1400,"height":788,"caption":"Logomarca da Volkswagen (Foto: Reprodu\u00e7\u00e3o)"},{"@type":"BreadcrumbList","@id":"https:\/\/www.gaveanews.com\/index.php\/2024\/10\/15\/volkswagen-ouve-consumidores-e-prepara-mudanca-expressiva-em-seus-carros\/#breadcrumb","itemListElement":[{"@type":"ListItem","position":1,"name":"Home","item":"https:\/\/www.gaveanews.com\/"},{"@type":"ListItem","position":2,"name":"Volkswagen ouve consumidores e prepara mudan\u00e7a expressiva em seus carros"}]},{"@type":"WebSite","@id":"https:\/\/www.gaveanews.com\/#website","url":"https:\/\/www.gaveanews.com\/","name":"G\u00e1vea News","description":"Veja todas as not\u00edcias sobre o Flamengo: Contrata\u00e7\u00f5es, categorias de base, resultados das partidas, tabela de classifica\u00e7\u00e3o, pr\u00f3ximos jogos!","potentialAction":[{"@type":"SearchAction","target":{"@type":"EntryPoint","urlTemplate":"https:\/\/www.gaveanews.com\/?s={search_term_string}"},"query-input":{"@type":"PropertyValueSpecification","valueRequired":true,"valueName":"search_term_string"}}],"inLanguage":"pt-BR"},{"@type":"Person","@id":"https:\/\/www.gaveanews.com\/#\/schema\/person\/2abf0cfa878f5f899daa5f781e82264c","name":"Lucas Barros","image":{"@type":"ImageObject","inLanguage":"pt-BR","@id":"https:\/\/www.gaveanews.com\/#\/schema\/person\/image\/","url":"https:\/\/secure.gravatar.com\/avatar\/67a6069eba66bf6fd7c80b70e1331baa3dbc3d6df5012d5c22eff29c7d59e0b0?s=96&d=mm&r=g","contentUrl":"https:\/\/secure.gravatar.com\/avatar\/67a6069eba66bf6fd7c80b70e1331baa3dbc3d6df5012d5c22eff29c7d59e0b0?s=96&d=mm&r=g","caption":"Lucas Barros"}}]}},"_links":{"self":[{"href":"https:\/\/www.gaveanews.com\/index.php\/wp-json\/wp\/v2\/posts\/174687","targetHints":{"allow":["GET"]}}],"collection":[{"href":"https:\/\/www.gaveanews.com\/index.php\/wp-json\/wp\/v2\/posts"}],"about":[{"href":"https:\/\/www.gaveanews.com\/index.php\/wp-json\/wp\/v2\/types\/post"}],"author":[{"embeddable":true,"href":"https:\/\/www.gaveanews.com\/index.php\/wp-json\/wp\/v2\/users\/20"}],"replies":[{"embeddable":true,"href":"https:\/\/www.gaveanews.com\/index.php\/wp-json\/wp\/v2\/comments?post=174687"}],"version-history":[{"count":1,"href":"https:\/\/www.gaveanews.com\/index.php\/wp-json\/wp\/v2\/posts\/174687\/revisions"}],"predecessor-version":[{"id":174691,"href":"https:\/\/www.gaveanews.com\/index.php\/wp-json\/wp\/v2\/posts\/174687\/revisions\/174691"}],"wp:featuredmedia":[{"embeddable":true,"href":"https:\/\/www.gaveanews.com\/index.php\/wp-json\/wp\/v2\/media\/117935"}],"wp:attachment":[{"href":"https:\/\/www.gaveanews.com\/index.php\/wp-json\/wp\/v2\/media?parent=174687"}],"wp:term":[{"taxonomy":"category","embeddable":true,"href":"https:\/\/www.gaveanews.com\/index.php\/wp-json\/wp\/v2\/categories?post=174687"},{"taxonomy":"post_tag","embeddable":true,"href":"https:\/\/www.gaveanews.com\/index.php\/wp-json\/wp\/v2\/tags?post=174687"}],"curies":[{"name":"wp","href":"https:\/\/api.w.org\/{rel}","templated":true}]}}