{"id":174710,"date":"2024-10-16T11:00:00","date_gmt":"2024-10-16T14:00:00","guid":{"rendered":"https:\/\/www.gaveanews.com\/?p=174710"},"modified":"2024-10-16T10:25:57","modified_gmt":"2024-10-16T13:25:57","slug":"barcelona-define-s-contratacao-de-erling-haaland-atualmente-no-manchester-city","status":"publish","type":"post","link":"https:\/\/www.gaveanews.com\/index.php\/2024\/10\/16\/barcelona-define-s-contratacao-de-erling-haaland-atualmente-no-manchester-city\/","title":{"rendered":"Barcelona define contrata\u00e7\u00e3o de Erling Haaland, atualmente no Manchester City"},"content":{"rendered":"\n<h2 class=\"wp-block-heading\" id=\"h-presidente-do-clube-esta-disposto-a-tentar-de-tudo\">Presidente do clube est\u00e1 disposto a tentar de tudo <\/h2>\n\n\n\n<p>De acordo com informa\u00e7\u00f5es do jornal &#8220;Sport&#8221;, o presidente do Barcelona, Joan Laporta, quer a contrata\u00e7\u00e3o do atacante Erling Haaland, atualmente no Manchester City. O jornal diz que o noruegu\u00eas sempre foi um sonho de Laporta, que deseja trazer o jogador em 2025 ou 2026. <\/p>\n\n\n\n<ul class=\"wp-block-list\">\n<li><a href=\"https:\/\/www.gaveanews.com\/index.php\/2024\/10\/14\/ele-so-nao-assinou-com-o-barcelona-por-conta-de-seu-pai\/\">Ele s\u00f3 n\u00e3o assinou com o Barcelona por conta de seu pai<\/a><\/li>\n\n\n\n<li><a href=\"https:\/\/www.gaveanews.com\/index.php\/2024\/10\/09\/quando-o-barcelona-vai-voltar-ao-camp-nou\/\">Quando o Barcelona vai voltar ao Camp Nou?<\/a><\/li>\n<\/ul>\n\n\n\n<p>Laporta trabalha com um projeto de que a chegada de Haaland faria parte de uma estrat\u00e9gia de marketing para a reabertura do Camp Nou, a casa do Barcelona, que est\u00e1 passando por reformas desde junho de 2023 e tem previs\u00e3o para conclus\u00e3o na temporada 2026\/27. <\/p>\n\n\n\n<p>O que pode ajudar na negocia\u00e7\u00e3o \u00e9 que o presidente do Bar\u00e7a tem boa rela\u00e7\u00e3o com o agente de Haaland. Outro ponto que tamb\u00e9m pode ter grande impacto, \u00e9 a prov\u00e1vel sa\u00edda do t\u00e9cnico Pep Guardiola, do Manchester City.  <\/p>\n\n\n\n<p>O nome de Erling Haaland n\u00e3o circula na Catalunha pela primeira vez. No ano de 2021, o atacante ainda defendia as cores do Borussia Dortmund e chegou a ser disputado entre Barcelona e Real Madrid. Mas, o Manchester City foi quem levou a melhor. Segundo ve\u00edculos de imprensa da Espanha, o Bar\u00e7a estava disposto a oferecer um sal\u00e1rio de R$ 116 milh\u00f5es por ano ao jogador.<\/p>\n\n\n\n<p>Na janela de transfer\u00eancias de julho, o foco do Barcelona era o espanhol Nico Williams, do Athletic Bilbao, e n\u00e3o est\u00e1 descartado uma nova tentativa na pr\u00f3xima janela em janeiro, no entanto, Haaland passa a ser prioridade para o presidente Joan Laporta. <\/p>\n\n\n\n<p>Atualmente, o atacante polon\u00eas Robert Lewandowski \u00e9 o centroavante titular da equipe. O jogador inclusive, vem tendo um \u00f3timo in\u00edcio de temporada, com 12 gols e duas assist\u00eancias em 11 partidas disputadas, sendo na La Liga e na Champions League. Por\u00e9m, a diretoria do Bar\u00e7a come\u00e7a a se mexer no mercado pois Lewa j\u00e1 soma 36 anos de idade. <\/p>\n","protected":false},"excerpt":{"rendered":"<p>Presidente do clube est\u00e1 disposto a tentar de tudo De acordo com informa\u00e7\u00f5es do jornal &#8220;Sport&#8221;, o presidente do Barcelona, Joan Laporta, quer a contrata\u00e7\u00e3o do atacante Erling Haaland, atualmente no Manchester City. O jornal diz que o noruegu\u00eas sempre foi um sonho de Laporta, que deseja trazer o jogador em 2025 ou 2026. Laporta [&hellip;]<\/p>\n","protected":false},"author":21,"featured_media":95604,"comment_status":"open","ping_status":"closed","sticky":false,"template":"","format":"standard","meta":{"footnotes":""},"categories":[87,84],"tags":[],"class_list":["post-174710","post","type-post","status-publish","format-standard","has-post-thumbnail","hentry","category-barcelona","category-manchester-city"],"yoast_head":"<!-- This site is optimized with the Yoast SEO Premium plugin v24.2 (Yoast SEO v26.9) - https:\/\/yoast.com\/product\/yoast-seo-premium-wordpress\/ -->\n<title>Barcelona define contrata\u00e7\u00e3o de Erling Haaland, atualmente no Manchester City<\/title>\n<meta name=\"robots\" content=\"index, follow, max-snippet:-1, max-image-preview:large, max-video-preview:-1\" \/>\n<link rel=\"canonical\" href=\"https:\/\/www.gaveanews.com\/index.php\/2024\/10\/16\/barcelona-define-s-contratacao-de-erling-haaland-atualmente-no-manchester-city\/\" \/>\n<meta property=\"og:locale\" content=\"pt_BR\" \/>\n<meta property=\"og:type\" content=\"article\" \/>\n<meta property=\"og:title\" content=\"Barcelona define contrata\u00e7\u00e3o de Erling Haaland, atualmente no Manchester City\" \/>\n<meta property=\"og:description\" content=\"Presidente do clube est\u00e1 disposto a tentar de tudo De acordo com informa\u00e7\u00f5es do jornal &#8220;Sport&#8221;, o presidente do Barcelona, Joan Laporta, quer a contrata\u00e7\u00e3o do atacante Erling Haaland, atualmente no Manchester City. O jornal diz que o noruegu\u00eas sempre foi um sonho de Laporta, que deseja trazer o jogador em 2025 ou 2026. Laporta [&hellip;]\" \/>\n<meta property=\"og:url\" content=\"https:\/\/www.gaveanews.com\/index.php\/2024\/10\/16\/barcelona-define-s-contratacao-de-erling-haaland-atualmente-no-manchester-city\/\" \/>\n<meta property=\"og:site_name\" content=\"G\u00e1vea News\" \/>\n<meta property=\"article:publisher\" content=\"https:\/\/facebook.com\/gaveaNews\/\" \/>\n<meta property=\"article:published_time\" content=\"2024-10-16T14:00:00+00:00\" \/>\n<meta property=\"og:image\" content=\"https:\/\/www.gaveanews.com\/wp-content\/uploads\/Haaland-vibra-apos-marcar-um-gol-pelo-Manchester-City.webp\" \/>\n\t<meta property=\"og:image:width\" content=\"984\" \/>\n\t<meta property=\"og:image:height\" content=\"704\" \/>\n\t<meta property=\"og:image:type\" content=\"image\/webp\" \/>\n<meta name=\"author\" content=\"Andr\u00e9 Serra\" \/>\n<meta name=\"twitter:card\" content=\"summary_large_image\" \/>\n<meta name=\"twitter:label1\" content=\"Escrito por\" \/>\n\t<meta name=\"twitter:data1\" content=\"Andr\u00e9 Serra\" \/>\n\t<meta name=\"twitter:label2\" content=\"Est. tempo de leitura\" \/>\n\t<meta name=\"twitter:data2\" content=\"2 minutos\" \/>\n<script type=\"application\/ld+json\" class=\"yoast-schema-graph\">{\"@context\":\"https:\/\/schema.org\",\"@graph\":[{\"@type\":\"NewsArticle\",\"@id\":\"https:\/\/www.gaveanews.com\/index.php\/2024\/10\/16\/barcelona-define-s-contratacao-de-erling-haaland-atualmente-no-manchester-city\/#article\",\"isPartOf\":{\"@id\":\"https:\/\/www.gaveanews.com\/index.php\/2024\/10\/16\/barcelona-define-s-contratacao-de-erling-haaland-atualmente-no-manchester-city\/\"},\"author\":{\"name\":\"Andr\u00e9 Serra\",\"@id\":\"https:\/\/www.gaveanews.com\/#\/schema\/person\/0277a79a1289c451c281ec0411d84f0c\"},\"headline\":\"Barcelona define contrata\u00e7\u00e3o de Erling Haaland, atualmente no Manchester City\",\"datePublished\":\"2024-10-16T14:00:00+00:00\",\"mainEntityOfPage\":{\"@id\":\"https:\/\/www.gaveanews.com\/index.php\/2024\/10\/16\/barcelona-define-s-contratacao-de-erling-haaland-atualmente-no-manchester-city\/\"},\"wordCount\":352,\"commentCount\":0,\"image\":{\"@id\":\"https:\/\/www.gaveanews.com\/index.php\/2024\/10\/16\/barcelona-define-s-contratacao-de-erling-haaland-atualmente-no-manchester-city\/#primaryimage\"},\"thumbnailUrl\":\"https:\/\/www.gaveanews.com\/wp-content\/uploads\/Haaland-vibra-apos-marcar-um-gol-pelo-Manchester-City.webp\",\"articleSection\":[\"Barcelona\",\"Manchester City\"],\"inLanguage\":\"pt-BR\",\"potentialAction\":[{\"@type\":\"CommentAction\",\"name\":\"Comment\",\"target\":[\"https:\/\/www.gaveanews.com\/index.php\/2024\/10\/16\/barcelona-define-s-contratacao-de-erling-haaland-atualmente-no-manchester-city\/#respond\"]}],\"copyrightYear\":\"2024\",\"copyrightHolder\":{\"@id\":\"https:\/\/www.gaveanews.com\/#organization\"}},{\"@type\":\"WebPage\",\"@id\":\"https:\/\/www.gaveanews.com\/index.php\/2024\/10\/16\/barcelona-define-s-contratacao-de-erling-haaland-atualmente-no-manchester-city\/\",\"url\":\"https:\/\/www.gaveanews.com\/index.php\/2024\/10\/16\/barcelona-define-s-contratacao-de-erling-haaland-atualmente-no-manchester-city\/\",\"name\":\"Barcelona define contrata\u00e7\u00e3o de Erling Haaland, atualmente no Manchester City\",\"isPartOf\":{\"@id\":\"https:\/\/www.gaveanews.com\/#website\"},\"primaryImageOfPage\":{\"@id\":\"https:\/\/www.gaveanews.com\/index.php\/2024\/10\/16\/barcelona-define-s-contratacao-de-erling-haaland-atualmente-no-manchester-city\/#primaryimage\"},\"image\":{\"@id\":\"https:\/\/www.gaveanews.com\/index.php\/2024\/10\/16\/barcelona-define-s-contratacao-de-erling-haaland-atualmente-no-manchester-city\/#primaryimage\"},\"thumbnailUrl\":\"https:\/\/www.gaveanews.com\/wp-content\/uploads\/Haaland-vibra-apos-marcar-um-gol-pelo-Manchester-City.webp\",\"datePublished\":\"2024-10-16T14:00:00+00:00\",\"author\":{\"@id\":\"https:\/\/www.gaveanews.com\/#\/schema\/person\/0277a79a1289c451c281ec0411d84f0c\"},\"breadcrumb\":{\"@id\":\"https:\/\/www.gaveanews.com\/index.php\/2024\/10\/16\/barcelona-define-s-contratacao-de-erling-haaland-atualmente-no-manchester-city\/#breadcrumb\"},\"inLanguage\":\"pt-BR\",\"potentialAction\":[{\"@type\":\"ReadAction\",\"target\":[\"https:\/\/www.gaveanews.com\/index.php\/2024\/10\/16\/barcelona-define-s-contratacao-de-erling-haaland-atualmente-no-manchester-city\/\"]}]},{\"@type\":\"ImageObject\",\"inLanguage\":\"pt-BR\",\"@id\":\"https:\/\/www.gaveanews.com\/index.php\/2024\/10\/16\/barcelona-define-s-contratacao-de-erling-haaland-atualmente-no-manchester-city\/#primaryimage\",\"url\":\"https:\/\/www.gaveanews.com\/wp-content\/uploads\/Haaland-vibra-apos-marcar-um-gol-pelo-Manchester-City.webp\",\"contentUrl\":\"https:\/\/www.gaveanews.com\/wp-content\/uploads\/Haaland-vibra-apos-marcar-um-gol-pelo-Manchester-City.webp\",\"width\":984,\"height\":704,\"caption\":\"Haaland vibra ap\u00f3s marcar um gol pelo Manchester City (Foto: Matthew Childs\/Reuters)\"},{\"@type\":\"BreadcrumbList\",\"@id\":\"https:\/\/www.gaveanews.com\/index.php\/2024\/10\/16\/barcelona-define-s-contratacao-de-erling-haaland-atualmente-no-manchester-city\/#breadcrumb\",\"itemListElement\":[{\"@type\":\"ListItem\",\"position\":1,\"name\":\"Home\",\"item\":\"https:\/\/www.gaveanews.com\/\"},{\"@type\":\"ListItem\",\"position\":2,\"name\":\"Barcelona define contrata\u00e7\u00e3o de Erling Haaland, atualmente no Manchester City\"}]},{\"@type\":\"WebSite\",\"@id\":\"https:\/\/www.gaveanews.com\/#website\",\"url\":\"https:\/\/www.gaveanews.com\/\",\"name\":\"G\u00e1vea News\",\"description\":\"Veja todas as not\u00edcias sobre o Flamengo: Contrata\u00e7\u00f5es, categorias de base, resultados das partidas, tabela de classifica\u00e7\u00e3o, pr\u00f3ximos jogos!\",\"potentialAction\":[{\"@type\":\"SearchAction\",\"target\":{\"@type\":\"EntryPoint\",\"urlTemplate\":\"https:\/\/www.gaveanews.com\/?s={search_term_string}\"},\"query-input\":{\"@type\":\"PropertyValueSpecification\",\"valueRequired\":true,\"valueName\":\"search_term_string\"}}],\"inLanguage\":\"pt-BR\"},{\"@type\":\"Person\",\"@id\":\"https:\/\/www.gaveanews.com\/#\/schema\/person\/0277a79a1289c451c281ec0411d84f0c\",\"name\":\"Andr\u00e9 Serra\",\"image\":{\"@type\":\"ImageObject\",\"inLanguage\":\"pt-BR\",\"@id\":\"https:\/\/www.gaveanews.com\/#\/schema\/person\/image\/\",\"url\":\"https:\/\/secure.gravatar.com\/avatar\/d7231369fe48db93292b3e88eb2162dbd9a34a47a8437d9ef3bcaca2a86a83d7?s=96&d=mm&r=g\",\"contentUrl\":\"https:\/\/secure.gravatar.com\/avatar\/d7231369fe48db93292b3e88eb2162dbd9a34a47a8437d9ef3bcaca2a86a83d7?s=96&d=mm&r=g\",\"caption\":\"Andr\u00e9 Serra\"}}]}<\/script>\n<!-- \/ Yoast SEO Premium plugin. -->","yoast_head_json":{"title":"Barcelona define contrata\u00e7\u00e3o de Erling Haaland, atualmente no Manchester City","robots":{"index":"index","follow":"follow","max-snippet":"max-snippet:-1","max-image-preview":"max-image-preview:large","max-video-preview":"max-video-preview:-1"},"canonical":"https:\/\/www.gaveanews.com\/index.php\/2024\/10\/16\/barcelona-define-s-contratacao-de-erling-haaland-atualmente-no-manchester-city\/","og_locale":"pt_BR","og_type":"article","og_title":"Barcelona define contrata\u00e7\u00e3o de Erling Haaland, atualmente no Manchester City","og_description":"Presidente do clube est\u00e1 disposto a tentar de tudo De acordo com informa\u00e7\u00f5es do jornal &#8220;Sport&#8221;, o presidente do Barcelona, Joan Laporta, quer a contrata\u00e7\u00e3o do atacante Erling Haaland, atualmente no Manchester City. O jornal diz que o noruegu\u00eas sempre foi um sonho de Laporta, que deseja trazer o jogador em 2025 ou 2026. Laporta [&hellip;]","og_url":"https:\/\/www.gaveanews.com\/index.php\/2024\/10\/16\/barcelona-define-s-contratacao-de-erling-haaland-atualmente-no-manchester-city\/","og_site_name":"G\u00e1vea News","article_publisher":"https:\/\/facebook.com\/gaveaNews\/","article_published_time":"2024-10-16T14:00:00+00:00","og_image":[{"width":984,"height":704,"url":"https:\/\/www.gaveanews.com\/wp-content\/uploads\/Haaland-vibra-apos-marcar-um-gol-pelo-Manchester-City.webp","type":"image\/webp"}],"author":"Andr\u00e9 Serra","twitter_card":"summary_large_image","twitter_misc":{"Escrito por":"Andr\u00e9 Serra","Est. tempo de leitura":"2 minutos"},"schema":{"@context":"https:\/\/schema.org","@graph":[{"@type":"NewsArticle","@id":"https:\/\/www.gaveanews.com\/index.php\/2024\/10\/16\/barcelona-define-s-contratacao-de-erling-haaland-atualmente-no-manchester-city\/#article","isPartOf":{"@id":"https:\/\/www.gaveanews.com\/index.php\/2024\/10\/16\/barcelona-define-s-contratacao-de-erling-haaland-atualmente-no-manchester-city\/"},"author":{"name":"Andr\u00e9 Serra","@id":"https:\/\/www.gaveanews.com\/#\/schema\/person\/0277a79a1289c451c281ec0411d84f0c"},"headline":"Barcelona define contrata\u00e7\u00e3o de Erling Haaland, atualmente no Manchester City","datePublished":"2024-10-16T14:00:00+00:00","mainEntityOfPage":{"@id":"https:\/\/www.gaveanews.com\/index.php\/2024\/10\/16\/barcelona-define-s-contratacao-de-erling-haaland-atualmente-no-manchester-city\/"},"wordCount":352,"commentCount":0,"image":{"@id":"https:\/\/www.gaveanews.com\/index.php\/2024\/10\/16\/barcelona-define-s-contratacao-de-erling-haaland-atualmente-no-manchester-city\/#primaryimage"},"thumbnailUrl":"https:\/\/www.gaveanews.com\/wp-content\/uploads\/Haaland-vibra-apos-marcar-um-gol-pelo-Manchester-City.webp","articleSection":["Barcelona","Manchester City"],"inLanguage":"pt-BR","potentialAction":[{"@type":"CommentAction","name":"Comment","target":["https:\/\/www.gaveanews.com\/index.php\/2024\/10\/16\/barcelona-define-s-contratacao-de-erling-haaland-atualmente-no-manchester-city\/#respond"]}],"copyrightYear":"2024","copyrightHolder":{"@id":"https:\/\/www.gaveanews.com\/#organization"}},{"@type":"WebPage","@id":"https:\/\/www.gaveanews.com\/index.php\/2024\/10\/16\/barcelona-define-s-contratacao-de-erling-haaland-atualmente-no-manchester-city\/","url":"https:\/\/www.gaveanews.com\/index.php\/2024\/10\/16\/barcelona-define-s-contratacao-de-erling-haaland-atualmente-no-manchester-city\/","name":"Barcelona define contrata\u00e7\u00e3o de Erling Haaland, atualmente no Manchester City","isPartOf":{"@id":"https:\/\/www.gaveanews.com\/#website"},"primaryImageOfPage":{"@id":"https:\/\/www.gaveanews.com\/index.php\/2024\/10\/16\/barcelona-define-s-contratacao-de-erling-haaland-atualmente-no-manchester-city\/#primaryimage"},"image":{"@id":"https:\/\/www.gaveanews.com\/index.php\/2024\/10\/16\/barcelona-define-s-contratacao-de-erling-haaland-atualmente-no-manchester-city\/#primaryimage"},"thumbnailUrl":"https:\/\/www.gaveanews.com\/wp-content\/uploads\/Haaland-vibra-apos-marcar-um-gol-pelo-Manchester-City.webp","datePublished":"2024-10-16T14:00:00+00:00","author":{"@id":"https:\/\/www.gaveanews.com\/#\/schema\/person\/0277a79a1289c451c281ec0411d84f0c"},"breadcrumb":{"@id":"https:\/\/www.gaveanews.com\/index.php\/2024\/10\/16\/barcelona-define-s-contratacao-de-erling-haaland-atualmente-no-manchester-city\/#breadcrumb"},"inLanguage":"pt-BR","potentialAction":[{"@type":"ReadAction","target":["https:\/\/www.gaveanews.com\/index.php\/2024\/10\/16\/barcelona-define-s-contratacao-de-erling-haaland-atualmente-no-manchester-city\/"]}]},{"@type":"ImageObject","inLanguage":"pt-BR","@id":"https:\/\/www.gaveanews.com\/index.php\/2024\/10\/16\/barcelona-define-s-contratacao-de-erling-haaland-atualmente-no-manchester-city\/#primaryimage","url":"https:\/\/www.gaveanews.com\/wp-content\/uploads\/Haaland-vibra-apos-marcar-um-gol-pelo-Manchester-City.webp","contentUrl":"https:\/\/www.gaveanews.com\/wp-content\/uploads\/Haaland-vibra-apos-marcar-um-gol-pelo-Manchester-City.webp","width":984,"height":704,"caption":"Haaland vibra ap\u00f3s marcar um gol pelo Manchester City (Foto: Matthew Childs\/Reuters)"},{"@type":"BreadcrumbList","@id":"https:\/\/www.gaveanews.com\/index.php\/2024\/10\/16\/barcelona-define-s-contratacao-de-erling-haaland-atualmente-no-manchester-city\/#breadcrumb","itemListElement":[{"@type":"ListItem","position":1,"name":"Home","item":"https:\/\/www.gaveanews.com\/"},{"@type":"ListItem","position":2,"name":"Barcelona define contrata\u00e7\u00e3o de Erling Haaland, atualmente no Manchester City"}]},{"@type":"WebSite","@id":"https:\/\/www.gaveanews.com\/#website","url":"https:\/\/www.gaveanews.com\/","name":"G\u00e1vea News","description":"Veja todas as not\u00edcias sobre o Flamengo: Contrata\u00e7\u00f5es, categorias de base, resultados das partidas, tabela de classifica\u00e7\u00e3o, pr\u00f3ximos jogos!","potentialAction":[{"@type":"SearchAction","target":{"@type":"EntryPoint","urlTemplate":"https:\/\/www.gaveanews.com\/?s={search_term_string}"},"query-input":{"@type":"PropertyValueSpecification","valueRequired":true,"valueName":"search_term_string"}}],"inLanguage":"pt-BR"},{"@type":"Person","@id":"https:\/\/www.gaveanews.com\/#\/schema\/person\/0277a79a1289c451c281ec0411d84f0c","name":"Andr\u00e9 Serra","image":{"@type":"ImageObject","inLanguage":"pt-BR","@id":"https:\/\/www.gaveanews.com\/#\/schema\/person\/image\/","url":"https:\/\/secure.gravatar.com\/avatar\/d7231369fe48db93292b3e88eb2162dbd9a34a47a8437d9ef3bcaca2a86a83d7?s=96&d=mm&r=g","contentUrl":"https:\/\/secure.gravatar.com\/avatar\/d7231369fe48db93292b3e88eb2162dbd9a34a47a8437d9ef3bcaca2a86a83d7?s=96&d=mm&r=g","caption":"Andr\u00e9 Serra"}}]}},"_links":{"self":[{"href":"https:\/\/www.gaveanews.com\/index.php\/wp-json\/wp\/v2\/posts\/174710","targetHints":{"allow":["GET"]}}],"collection":[{"href":"https:\/\/www.gaveanews.com\/index.php\/wp-json\/wp\/v2\/posts"}],"about":[{"href":"https:\/\/www.gaveanews.com\/index.php\/wp-json\/wp\/v2\/types\/post"}],"author":[{"embeddable":true,"href":"https:\/\/www.gaveanews.com\/index.php\/wp-json\/wp\/v2\/users\/21"}],"replies":[{"embeddable":true,"href":"https:\/\/www.gaveanews.com\/index.php\/wp-json\/wp\/v2\/comments?post=174710"}],"version-history":[{"count":3,"href":"https:\/\/www.gaveanews.com\/index.php\/wp-json\/wp\/v2\/posts\/174710\/revisions"}],"predecessor-version":[{"id":174916,"href":"https:\/\/www.gaveanews.com\/index.php\/wp-json\/wp\/v2\/posts\/174710\/revisions\/174916"}],"wp:featuredmedia":[{"embeddable":true,"href":"https:\/\/www.gaveanews.com\/index.php\/wp-json\/wp\/v2\/media\/95604"}],"wp:attachment":[{"href":"https:\/\/www.gaveanews.com\/index.php\/wp-json\/wp\/v2\/media?parent=174710"}],"wp:term":[{"taxonomy":"category","embeddable":true,"href":"https:\/\/www.gaveanews.com\/index.php\/wp-json\/wp\/v2\/categories?post=174710"},{"taxonomy":"post_tag","embeddable":true,"href":"https:\/\/www.gaveanews.com\/index.php\/wp-json\/wp\/v2\/tags?post=174710"}],"curies":[{"name":"wp","href":"https:\/\/api.w.org\/{rel}","templated":true}]}}