{"id":175307,"date":"2024-10-17T16:00:00","date_gmt":"2024-10-17T19:00:00","guid":{"rendered":"https:\/\/www.gaveanews.com\/?p=175307"},"modified":"2024-10-17T15:29:09","modified_gmt":"2024-10-17T18:29:09","slug":"filipe-luis-ganha-reforco-de-ultima-hora-para-o-fla-flu","status":"publish","type":"post","link":"https:\/\/www.gaveanews.com\/index.php\/2024\/10\/17\/filipe-luis-ganha-reforco-de-ultima-hora-para-o-fla-flu\/","title":{"rendered":"Filipe Lu\u00eds ganha refor\u00e7o de \u00faltima hora para o Fla-Flu"},"content":{"rendered":"\n<p>O Flamengo conta com um baita refor\u00e7o para o cl\u00e1ssico contra o Fluminense nesta quinta-feira (17) pelo Brasileir\u00e3o. O lateral-direito Varela foi reavaliado pelo departamento m\u00e9dico e liberado para estar na lista de relacionados para a partida. O uruguaio havia se tornado uma d\u00favida devido a uma luxa\u00e7\u00e3o no ombro, ocorrida durante sua participa\u00e7\u00e3o pela sele\u00e7\u00e3o uruguaia na Data-Fifa.<\/p>\n\n\n\n<ul class=\"wp-block-list\">\n<li><a href=\"https:\/\/www.gaveanews.com\/index.php\/2024\/10\/17\/michael-do-flamengo-rouba-a-cena-e-video-viraliza-no-instagram\/\">Michael, do Flamengo, rouba a cena e v\u00eddeo viraliza no Instagram<\/a><\/li>\n\n\n\n<li><a href=\"https:\/\/www.gaveanews.com\/index.php\/2024\/10\/17\/tecnico-do-penarol-faz-comparacao-entre-flamengo-e-botafogo\/\">T\u00e9cnico do Pe\u00f1arol faz compara\u00e7\u00e3o entre Flamengo e Botafogo<\/a><\/li>\n<\/ul>\n\n\n\n<h2 class=\"wp-block-heading\" id=\"h-retorno-aguardado\">Retorno aguardado<\/h2>\n\n\n\n<p>Varela se apresentou ao Ninho do Urubu na quarta-feira \u00e0 tarde, ap\u00f3s a derrota do Uruguai para o Peru. Sua reavalia\u00e7\u00e3o realizada na manh\u00e3 desta quinta confirmou que ele est\u00e1 apto a jogar.&nbsp;<\/p>\n\n\n\n<p>Al\u00e9m dele, outros atletas como Gonzalo Plata e Arrascaeta tamb\u00e9m foram inclu\u00eddos na lista de convocados, fortalecendo o elenco para este duelo crucial.<\/p>\n\n\n\n<p>Vale destacar que, embora Varela tenha se recuperado a tempo, o Flamengo n\u00e3o poder\u00e1 contar com alguns de seus titulares. Gerson e Pulgar, que jogaram por cerca de 90 minutos em suas respectivas sele\u00e7\u00f5es, n\u00e3o foram relacionados devido ao desgaste f\u00edsico. Da mesma forma, De La Cruz tamb\u00e9m ser\u00e1 preservado, visando a semifinal da Copa do Brasil, que ocorrer\u00e1 no pr\u00f3ximo domingo, contra o Corinthians, na Neo Qu\u00edmica Arena.<\/p>\n\n\n\n<h2 class=\"wp-block-heading\" id=\"h-possiveis-mudancas-na-escalacao\">Poss\u00edveis mudan\u00e7as na escala\u00e7\u00e3o<\/h2>\n\n\n\n<p>A aus\u00eancia de jogadores-chave pode abrir oportunidades para novos nomes no time titular. Com isso, a expectativa \u00e9 que Allan, Alcaraz e Michael ganhem chances na partida. Al\u00e9m disso, a defesa pode sofrer altera\u00e7\u00f5es, com Fabr\u00edcio Bruno sendo cotado para a zaga e L\u00e9o Ortiz retornando a uma posi\u00e7\u00e3o de volante.<\/p>\n\n\n\n<p>A prov\u00e1vel escala\u00e7\u00e3o para o cl\u00e1ssico \u00e9: Rossi, Wesley (Varela), Fabr\u00edcio Bruno (Evertton Ara\u00fajo), L\u00e9o Pereira e Alex Sandro; Allan, L\u00e9o Ortiz e Alcaraz; Michael (Matheus Gon\u00e7alves), Bruno Henrique e Gabigol.<\/p>\n\n\n\n<p>Sendo assim, a expectativa \u00e9 alta para o duelo entre Flamengo e Fluminense, que promete ser emocionante e decisivo na trajet\u00f3ria do time no Campeonato Brasileiro. A volta de Varela \u00e9 um al\u00edvio para a comiss\u00e3o t\u00e9cnica, que esperam por uma boa performance do lateral na partida.<\/p>\n","protected":false},"excerpt":{"rendered":"<p>O Flamengo conta com um baita refor\u00e7o para o cl\u00e1ssico contra o Fluminense nesta quinta-feira (17) pelo Brasileir\u00e3o. O lateral-direito Varela foi reavaliado pelo departamento m\u00e9dico e liberado para estar na lista de relacionados para a partida. O uruguaio havia se tornado uma d\u00favida devido a uma luxa\u00e7\u00e3o no ombro, ocorrida durante sua participa\u00e7\u00e3o pela [&hellip;]<\/p>\n","protected":false},"author":24,"featured_media":85408,"comment_status":"open","ping_status":"closed","sticky":false,"template":"","format":"standard","meta":{"footnotes":""},"categories":[1],"tags":[],"class_list":["post-175307","post","type-post","status-publish","format-standard","has-post-thumbnail","hentry","category-flamengo"],"yoast_head":"<!-- This site is optimized with the Yoast SEO Premium plugin v24.2 (Yoast SEO v26.9) - https:\/\/yoast.com\/product\/yoast-seo-premium-wordpress\/ -->\n<title>Filipe Lu\u00eds ganha refor\u00e7o de \u00faltima hora para o Fla-Flu<\/title>\n<meta name=\"robots\" content=\"index, follow, max-snippet:-1, max-image-preview:large, max-video-preview:-1\" \/>\n<link rel=\"canonical\" href=\"https:\/\/www.gaveanews.com\/index.php\/2024\/10\/17\/filipe-luis-ganha-reforco-de-ultima-hora-para-o-fla-flu\/\" \/>\n<meta property=\"og:locale\" content=\"pt_BR\" \/>\n<meta property=\"og:type\" content=\"article\" \/>\n<meta property=\"og:title\" content=\"Filipe Lu\u00eds ganha refor\u00e7o de \u00faltima hora para o Fla-Flu\" \/>\n<meta property=\"og:description\" content=\"O Flamengo conta com um baita refor\u00e7o para o cl\u00e1ssico contra o Fluminense nesta quinta-feira (17) pelo Brasileir\u00e3o. O lateral-direito Varela foi reavaliado pelo departamento m\u00e9dico e liberado para estar na lista de relacionados para a partida. O uruguaio havia se tornado uma d\u00favida devido a uma luxa\u00e7\u00e3o no ombro, ocorrida durante sua participa\u00e7\u00e3o pela [&hellip;]\" \/>\n<meta property=\"og:url\" content=\"https:\/\/www.gaveanews.com\/index.php\/2024\/10\/17\/filipe-luis-ganha-reforco-de-ultima-hora-para-o-fla-flu\/\" \/>\n<meta property=\"og:site_name\" content=\"G\u00e1vea News\" \/>\n<meta property=\"article:publisher\" content=\"https:\/\/facebook.com\/gaveaNews\/\" \/>\n<meta property=\"article:published_time\" content=\"2024-10-17T19:00:00+00:00\" \/>\n<meta property=\"og:image\" content=\"https:\/\/www.gaveanews.com\/wp-content\/uploads\/Guillermo-Varela-e-Erick-Pulgar-durante-treino-no-Ninho-do-Urubu.webp\" \/>\n\t<meta property=\"og:image:width\" content=\"800\" \/>\n\t<meta property=\"og:image:height\" content=\"460\" \/>\n\t<meta property=\"og:image:type\" content=\"image\/jpeg\" \/>\n<meta name=\"author\" content=\"Leandro Cardoso\" \/>\n<meta name=\"twitter:card\" content=\"summary_large_image\" \/>\n<meta name=\"twitter:label1\" content=\"Escrito por\" \/>\n\t<meta name=\"twitter:data1\" content=\"Leandro Cardoso\" \/>\n\t<meta name=\"twitter:label2\" content=\"Est. tempo de leitura\" \/>\n\t<meta name=\"twitter:data2\" content=\"3 minutos\" \/>\n<script type=\"application\/ld+json\" class=\"yoast-schema-graph\">{\"@context\":\"https:\/\/schema.org\",\"@graph\":[{\"@type\":\"NewsArticle\",\"@id\":\"https:\/\/www.gaveanews.com\/index.php\/2024\/10\/17\/filipe-luis-ganha-reforco-de-ultima-hora-para-o-fla-flu\/#article\",\"isPartOf\":{\"@id\":\"https:\/\/www.gaveanews.com\/index.php\/2024\/10\/17\/filipe-luis-ganha-reforco-de-ultima-hora-para-o-fla-flu\/\"},\"author\":{\"name\":\"Leandro Cardoso\",\"@id\":\"https:\/\/www.gaveanews.com\/#\/schema\/person\/2424ec6409bc3f068411fc5e4e9b6168\"},\"headline\":\"Filipe Lu\u00eds ganha refor\u00e7o de \u00faltima hora para o Fla-Flu\",\"datePublished\":\"2024-10-17T19:00:00+00:00\",\"mainEntityOfPage\":{\"@id\":\"https:\/\/www.gaveanews.com\/index.php\/2024\/10\/17\/filipe-luis-ganha-reforco-de-ultima-hora-para-o-fla-flu\/\"},\"wordCount\":390,\"commentCount\":0,\"image\":{\"@id\":\"https:\/\/www.gaveanews.com\/index.php\/2024\/10\/17\/filipe-luis-ganha-reforco-de-ultima-hora-para-o-fla-flu\/#primaryimage\"},\"thumbnailUrl\":\"https:\/\/www.gaveanews.com\/wp-content\/uploads\/Guillermo-Varela-e-Erick-Pulgar-durante-treino-no-Ninho-do-Urubu.webp\",\"articleSection\":[\"Flamengo\"],\"inLanguage\":\"pt-BR\",\"potentialAction\":[{\"@type\":\"CommentAction\",\"name\":\"Comment\",\"target\":[\"https:\/\/www.gaveanews.com\/index.php\/2024\/10\/17\/filipe-luis-ganha-reforco-de-ultima-hora-para-o-fla-flu\/#respond\"]}],\"copyrightYear\":\"2024\",\"copyrightHolder\":{\"@id\":\"https:\/\/www.gaveanews.com\/#organization\"}},{\"@type\":\"WebPage\",\"@id\":\"https:\/\/www.gaveanews.com\/index.php\/2024\/10\/17\/filipe-luis-ganha-reforco-de-ultima-hora-para-o-fla-flu\/\",\"url\":\"https:\/\/www.gaveanews.com\/index.php\/2024\/10\/17\/filipe-luis-ganha-reforco-de-ultima-hora-para-o-fla-flu\/\",\"name\":\"Filipe Lu\u00eds ganha refor\u00e7o de \u00faltima hora para o Fla-Flu\",\"isPartOf\":{\"@id\":\"https:\/\/www.gaveanews.com\/#website\"},\"primaryImageOfPage\":{\"@id\":\"https:\/\/www.gaveanews.com\/index.php\/2024\/10\/17\/filipe-luis-ganha-reforco-de-ultima-hora-para-o-fla-flu\/#primaryimage\"},\"image\":{\"@id\":\"https:\/\/www.gaveanews.com\/index.php\/2024\/10\/17\/filipe-luis-ganha-reforco-de-ultima-hora-para-o-fla-flu\/#primaryimage\"},\"thumbnailUrl\":\"https:\/\/www.gaveanews.com\/wp-content\/uploads\/Guillermo-Varela-e-Erick-Pulgar-durante-treino-no-Ninho-do-Urubu.webp\",\"datePublished\":\"2024-10-17T19:00:00+00:00\",\"author\":{\"@id\":\"https:\/\/www.gaveanews.com\/#\/schema\/person\/2424ec6409bc3f068411fc5e4e9b6168\"},\"breadcrumb\":{\"@id\":\"https:\/\/www.gaveanews.com\/index.php\/2024\/10\/17\/filipe-luis-ganha-reforco-de-ultima-hora-para-o-fla-flu\/#breadcrumb\"},\"inLanguage\":\"pt-BR\",\"potentialAction\":[{\"@type\":\"ReadAction\",\"target\":[\"https:\/\/www.gaveanews.com\/index.php\/2024\/10\/17\/filipe-luis-ganha-reforco-de-ultima-hora-para-o-fla-flu\/\"]}]},{\"@type\":\"ImageObject\",\"inLanguage\":\"pt-BR\",\"@id\":\"https:\/\/www.gaveanews.com\/index.php\/2024\/10\/17\/filipe-luis-ganha-reforco-de-ultima-hora-para-o-fla-flu\/#primaryimage\",\"url\":\"https:\/\/www.gaveanews.com\/wp-content\/uploads\/Guillermo-Varela-e-Erick-Pulgar-durante-treino-no-Ninho-do-Urubu.webp\",\"contentUrl\":\"https:\/\/www.gaveanews.com\/wp-content\/uploads\/Guillermo-Varela-e-Erick-Pulgar-durante-treino-no-Ninho-do-Urubu.webp\",\"width\":800,\"height\":460,\"caption\":\"Guillermo Varela e Erick Pulgar durante treino no Ninho do Urubu (Foto: Marcelo Cortes\/Flamengo)\"},{\"@type\":\"BreadcrumbList\",\"@id\":\"https:\/\/www.gaveanews.com\/index.php\/2024\/10\/17\/filipe-luis-ganha-reforco-de-ultima-hora-para-o-fla-flu\/#breadcrumb\",\"itemListElement\":[{\"@type\":\"ListItem\",\"position\":1,\"name\":\"Home\",\"item\":\"https:\/\/www.gaveanews.com\/\"},{\"@type\":\"ListItem\",\"position\":2,\"name\":\"Filipe Lu\u00eds ganha refor\u00e7o de \u00faltima hora para o Fla-Flu\"}]},{\"@type\":\"WebSite\",\"@id\":\"https:\/\/www.gaveanews.com\/#website\",\"url\":\"https:\/\/www.gaveanews.com\/\",\"name\":\"G\u00e1vea News\",\"description\":\"Veja todas as not\u00edcias sobre o Flamengo: Contrata\u00e7\u00f5es, categorias de base, resultados das partidas, tabela de classifica\u00e7\u00e3o, pr\u00f3ximos jogos!\",\"potentialAction\":[{\"@type\":\"SearchAction\",\"target\":{\"@type\":\"EntryPoint\",\"urlTemplate\":\"https:\/\/www.gaveanews.com\/?s={search_term_string}\"},\"query-input\":{\"@type\":\"PropertyValueSpecification\",\"valueRequired\":true,\"valueName\":\"search_term_string\"}}],\"inLanguage\":\"pt-BR\"},{\"@type\":\"Person\",\"@id\":\"https:\/\/www.gaveanews.com\/#\/schema\/person\/2424ec6409bc3f068411fc5e4e9b6168\",\"name\":\"Leandro Cardoso\",\"image\":{\"@type\":\"ImageObject\",\"inLanguage\":\"pt-BR\",\"@id\":\"https:\/\/www.gaveanews.com\/#\/schema\/person\/image\/\",\"url\":\"https:\/\/secure.gravatar.com\/avatar\/8ca179f9b55eefe9f376f5493ef25475bfa59fbc28ce937f6076ce20e523098f?s=96&d=mm&r=g\",\"contentUrl\":\"https:\/\/secure.gravatar.com\/avatar\/8ca179f9b55eefe9f376f5493ef25475bfa59fbc28ce937f6076ce20e523098f?s=96&d=mm&r=g\",\"caption\":\"Leandro Cardoso\"}}]}<\/script>\n<!-- \/ Yoast SEO Premium plugin. -->","yoast_head_json":{"title":"Filipe Lu\u00eds ganha refor\u00e7o de \u00faltima hora para o Fla-Flu","robots":{"index":"index","follow":"follow","max-snippet":"max-snippet:-1","max-image-preview":"max-image-preview:large","max-video-preview":"max-video-preview:-1"},"canonical":"https:\/\/www.gaveanews.com\/index.php\/2024\/10\/17\/filipe-luis-ganha-reforco-de-ultima-hora-para-o-fla-flu\/","og_locale":"pt_BR","og_type":"article","og_title":"Filipe Lu\u00eds ganha refor\u00e7o de \u00faltima hora para o Fla-Flu","og_description":"O Flamengo conta com um baita refor\u00e7o para o cl\u00e1ssico contra o Fluminense nesta quinta-feira (17) pelo Brasileir\u00e3o. O lateral-direito Varela foi reavaliado pelo departamento m\u00e9dico e liberado para estar na lista de relacionados para a partida. O uruguaio havia se tornado uma d\u00favida devido a uma luxa\u00e7\u00e3o no ombro, ocorrida durante sua participa\u00e7\u00e3o pela [&hellip;]","og_url":"https:\/\/www.gaveanews.com\/index.php\/2024\/10\/17\/filipe-luis-ganha-reforco-de-ultima-hora-para-o-fla-flu\/","og_site_name":"G\u00e1vea News","article_publisher":"https:\/\/facebook.com\/gaveaNews\/","article_published_time":"2024-10-17T19:00:00+00:00","og_image":[{"width":800,"height":460,"url":"https:\/\/www.gaveanews.com\/wp-content\/uploads\/Guillermo-Varela-e-Erick-Pulgar-durante-treino-no-Ninho-do-Urubu.webp","type":"image\/jpeg"}],"author":"Leandro Cardoso","twitter_card":"summary_large_image","twitter_misc":{"Escrito por":"Leandro Cardoso","Est. tempo de leitura":"3 minutos"},"schema":{"@context":"https:\/\/schema.org","@graph":[{"@type":"NewsArticle","@id":"https:\/\/www.gaveanews.com\/index.php\/2024\/10\/17\/filipe-luis-ganha-reforco-de-ultima-hora-para-o-fla-flu\/#article","isPartOf":{"@id":"https:\/\/www.gaveanews.com\/index.php\/2024\/10\/17\/filipe-luis-ganha-reforco-de-ultima-hora-para-o-fla-flu\/"},"author":{"name":"Leandro Cardoso","@id":"https:\/\/www.gaveanews.com\/#\/schema\/person\/2424ec6409bc3f068411fc5e4e9b6168"},"headline":"Filipe Lu\u00eds ganha refor\u00e7o de \u00faltima hora para o Fla-Flu","datePublished":"2024-10-17T19:00:00+00:00","mainEntityOfPage":{"@id":"https:\/\/www.gaveanews.com\/index.php\/2024\/10\/17\/filipe-luis-ganha-reforco-de-ultima-hora-para-o-fla-flu\/"},"wordCount":390,"commentCount":0,"image":{"@id":"https:\/\/www.gaveanews.com\/index.php\/2024\/10\/17\/filipe-luis-ganha-reforco-de-ultima-hora-para-o-fla-flu\/#primaryimage"},"thumbnailUrl":"https:\/\/www.gaveanews.com\/wp-content\/uploads\/Guillermo-Varela-e-Erick-Pulgar-durante-treino-no-Ninho-do-Urubu.webp","articleSection":["Flamengo"],"inLanguage":"pt-BR","potentialAction":[{"@type":"CommentAction","name":"Comment","target":["https:\/\/www.gaveanews.com\/index.php\/2024\/10\/17\/filipe-luis-ganha-reforco-de-ultima-hora-para-o-fla-flu\/#respond"]}],"copyrightYear":"2024","copyrightHolder":{"@id":"https:\/\/www.gaveanews.com\/#organization"}},{"@type":"WebPage","@id":"https:\/\/www.gaveanews.com\/index.php\/2024\/10\/17\/filipe-luis-ganha-reforco-de-ultima-hora-para-o-fla-flu\/","url":"https:\/\/www.gaveanews.com\/index.php\/2024\/10\/17\/filipe-luis-ganha-reforco-de-ultima-hora-para-o-fla-flu\/","name":"Filipe Lu\u00eds ganha refor\u00e7o de \u00faltima hora para o Fla-Flu","isPartOf":{"@id":"https:\/\/www.gaveanews.com\/#website"},"primaryImageOfPage":{"@id":"https:\/\/www.gaveanews.com\/index.php\/2024\/10\/17\/filipe-luis-ganha-reforco-de-ultima-hora-para-o-fla-flu\/#primaryimage"},"image":{"@id":"https:\/\/www.gaveanews.com\/index.php\/2024\/10\/17\/filipe-luis-ganha-reforco-de-ultima-hora-para-o-fla-flu\/#primaryimage"},"thumbnailUrl":"https:\/\/www.gaveanews.com\/wp-content\/uploads\/Guillermo-Varela-e-Erick-Pulgar-durante-treino-no-Ninho-do-Urubu.webp","datePublished":"2024-10-17T19:00:00+00:00","author":{"@id":"https:\/\/www.gaveanews.com\/#\/schema\/person\/2424ec6409bc3f068411fc5e4e9b6168"},"breadcrumb":{"@id":"https:\/\/www.gaveanews.com\/index.php\/2024\/10\/17\/filipe-luis-ganha-reforco-de-ultima-hora-para-o-fla-flu\/#breadcrumb"},"inLanguage":"pt-BR","potentialAction":[{"@type":"ReadAction","target":["https:\/\/www.gaveanews.com\/index.php\/2024\/10\/17\/filipe-luis-ganha-reforco-de-ultima-hora-para-o-fla-flu\/"]}]},{"@type":"ImageObject","inLanguage":"pt-BR","@id":"https:\/\/www.gaveanews.com\/index.php\/2024\/10\/17\/filipe-luis-ganha-reforco-de-ultima-hora-para-o-fla-flu\/#primaryimage","url":"https:\/\/www.gaveanews.com\/wp-content\/uploads\/Guillermo-Varela-e-Erick-Pulgar-durante-treino-no-Ninho-do-Urubu.webp","contentUrl":"https:\/\/www.gaveanews.com\/wp-content\/uploads\/Guillermo-Varela-e-Erick-Pulgar-durante-treino-no-Ninho-do-Urubu.webp","width":800,"height":460,"caption":"Guillermo Varela e Erick Pulgar durante treino no Ninho do Urubu (Foto: Marcelo Cortes\/Flamengo)"},{"@type":"BreadcrumbList","@id":"https:\/\/www.gaveanews.com\/index.php\/2024\/10\/17\/filipe-luis-ganha-reforco-de-ultima-hora-para-o-fla-flu\/#breadcrumb","itemListElement":[{"@type":"ListItem","position":1,"name":"Home","item":"https:\/\/www.gaveanews.com\/"},{"@type":"ListItem","position":2,"name":"Filipe Lu\u00eds ganha refor\u00e7o de \u00faltima hora para o Fla-Flu"}]},{"@type":"WebSite","@id":"https:\/\/www.gaveanews.com\/#website","url":"https:\/\/www.gaveanews.com\/","name":"G\u00e1vea News","description":"Veja todas as not\u00edcias sobre o Flamengo: Contrata\u00e7\u00f5es, categorias de base, resultados das partidas, tabela de classifica\u00e7\u00e3o, pr\u00f3ximos jogos!","potentialAction":[{"@type":"SearchAction","target":{"@type":"EntryPoint","urlTemplate":"https:\/\/www.gaveanews.com\/?s={search_term_string}"},"query-input":{"@type":"PropertyValueSpecification","valueRequired":true,"valueName":"search_term_string"}}],"inLanguage":"pt-BR"},{"@type":"Person","@id":"https:\/\/www.gaveanews.com\/#\/schema\/person\/2424ec6409bc3f068411fc5e4e9b6168","name":"Leandro Cardoso","image":{"@type":"ImageObject","inLanguage":"pt-BR","@id":"https:\/\/www.gaveanews.com\/#\/schema\/person\/image\/","url":"https:\/\/secure.gravatar.com\/avatar\/8ca179f9b55eefe9f376f5493ef25475bfa59fbc28ce937f6076ce20e523098f?s=96&d=mm&r=g","contentUrl":"https:\/\/secure.gravatar.com\/avatar\/8ca179f9b55eefe9f376f5493ef25475bfa59fbc28ce937f6076ce20e523098f?s=96&d=mm&r=g","caption":"Leandro Cardoso"}}]}},"_links":{"self":[{"href":"https:\/\/www.gaveanews.com\/index.php\/wp-json\/wp\/v2\/posts\/175307","targetHints":{"allow":["GET"]}}],"collection":[{"href":"https:\/\/www.gaveanews.com\/index.php\/wp-json\/wp\/v2\/posts"}],"about":[{"href":"https:\/\/www.gaveanews.com\/index.php\/wp-json\/wp\/v2\/types\/post"}],"author":[{"embeddable":true,"href":"https:\/\/www.gaveanews.com\/index.php\/wp-json\/wp\/v2\/users\/24"}],"replies":[{"embeddable":true,"href":"https:\/\/www.gaveanews.com\/index.php\/wp-json\/wp\/v2\/comments?post=175307"}],"version-history":[{"count":1,"href":"https:\/\/www.gaveanews.com\/index.php\/wp-json\/wp\/v2\/posts\/175307\/revisions"}],"predecessor-version":[{"id":175308,"href":"https:\/\/www.gaveanews.com\/index.php\/wp-json\/wp\/v2\/posts\/175307\/revisions\/175308"}],"wp:featuredmedia":[{"embeddable":true,"href":"https:\/\/www.gaveanews.com\/index.php\/wp-json\/wp\/v2\/media\/85408"}],"wp:attachment":[{"href":"https:\/\/www.gaveanews.com\/index.php\/wp-json\/wp\/v2\/media?parent=175307"}],"wp:term":[{"taxonomy":"category","embeddable":true,"href":"https:\/\/www.gaveanews.com\/index.php\/wp-json\/wp\/v2\/categories?post=175307"},{"taxonomy":"post_tag","embeddable":true,"href":"https:\/\/www.gaveanews.com\/index.php\/wp-json\/wp\/v2\/tags?post=175307"}],"curies":[{"name":"wp","href":"https:\/\/api.w.org\/{rel}","templated":true}]}}