{"id":175596,"date":"2024-10-18T17:50:00","date_gmt":"2024-10-18T20:50:00","guid":{"rendered":"https:\/\/www.gaveanews.com\/?p=175596"},"modified":"2024-10-18T15:10:31","modified_gmt":"2024-10-18T18:10:31","slug":"a-declaracao-de-ancelotti-sobre-mbappe-no-real-madrid","status":"publish","type":"post","link":"https:\/\/www.gaveanews.com\/index.php\/2024\/10\/18\/a-declaracao-de-ancelotti-sobre-mbappe-no-real-madrid\/","title":{"rendered":"A declara\u00e7\u00e3o de Ancelotti sobre Mbapp\u00e9 no Real Madrid"},"content":{"rendered":"\n<h2 class=\"wp-block-heading\" id=\"h-ancelotti-minimiza-polemicas-e-destaca-preparacao-de-mbappe-para-retorno-ao-real-madrid\">Ancelotti minimiza pol\u00eamicas e destaca prepara\u00e7\u00e3o de Mbapp\u00e9 para retorno ao Real Madrid<\/h2>\n\n\n\n<p>Na coletiva de imprensa desta sexta-feira (18), v\u00e9spera do confronto entre Real Madrid e Celta de Vigo, v\u00e1lido pela 10\u00aa rodada do Campeonato Espanhol, o t\u00e9cnico Carlo Ancelotti falou sobre a prepara\u00e7\u00e3o f\u00edsica de Kylian Mbapp\u00e9 ap\u00f3s a pausa da Data Fifa. O jogador franc\u00eas, que n\u00e3o foi convocado pela sele\u00e7\u00e3o de seu pa\u00eds, aproveitou o per\u00edodo para se recuperar e aprimorar sua condi\u00e7\u00e3o f\u00edsica, o que, segundo o treinador, foi fundamental para sua evolu\u00e7\u00e3o.<\/p>\n\n\n\n<ul class=\"wp-block-list\">\n<li><a href=\"https:\/\/www.gaveanews.com\/index.php\/2024\/10\/17\/barcelona-utilizara-camisa-especial-contra-o-real-madrid\/\">Barcelona utilizar\u00e1 camisa especial contra o Real Madrid<\/a><\/li>\n\n\n\n<li><a href=\"https:\/\/www.gaveanews.com\/index.php\/2024\/10\/17\/barcelona-e-real-madrid-travam-batalha-por-contratacao\/\">Barcelona e Real Madrid travam batalha por contrata\u00e7\u00e3o<\/a><\/li>\n<\/ul>\n\n\n\n<p>&#8220;Ele aproveitou a parada para melhorar sua condi\u00e7\u00e3o. Est\u00e1 muito bem, feliz e com vontade de voltar amanh\u00e3, ser importante para o time. Estes 15 dias o ajudaram muito, porque \u00e9 um jogador diferente do que era antes da parada&#8221;, afirmou Ancelotti. O atacante deve estar em campo neste s\u00e1bado, no duelo fora de casa contra o Celta de Vigo.<\/p>\n\n\n\n<p>Durante a entrevista, Ancelotti tamb\u00e9m comentou sobre as especula\u00e7\u00f5es em torno de Mbapp\u00e9, incluindo uma poss\u00edvel sa\u00edda do clube e quest\u00f5es relacionadas \u00e0 vida pessoal do atleta. O nome do jogador apareceu recentemente em investiga\u00e7\u00f5es de estupro na Su\u00e9cia, mas o t\u00e9cnico preferiu n\u00e3o entrar em detalhes sobre esses temas, focando na prepara\u00e7\u00e3o e no desempenho do atleta.<\/p>\n\n\n\n<p>&#8220;Eu falo com os jogadores todos os dias. Posso comentar o que disse antes, que neste momento s\u00e3o especula\u00e7\u00f5es. N\u00e3o o vejo afetado em nada, mas com muita esperan\u00e7a de ajudar o time&#8221;, ressaltou o treinador, refor\u00e7ando a postura profissional de Mbapp\u00e9 diante dos rumores.<\/p>\n\n\n\n<p>Ancelotti ainda minimizou a pol\u00eamica sobre a recente viagem de Mbapp\u00e9 durante os dias de descanso programados. O atacante foi visto em um evento p\u00fablico, o que gerou debates na m\u00eddia. O treinador, no entanto, deixou claro que cada jogador \u00e9 respons\u00e1vel por suas escolhas durante o per\u00edodo livre. <\/p>\n\n\n\n<p>&#8220;Os dias de descanso estavam programados para ele, e cada um escolhe o que fazer. Eu fui a Londres por dois dias e n\u00e3o pedi permiss\u00e3o a ningu\u00e9m. Tamb\u00e9m n\u00e3o tenho uma ag\u00eancia de viagens para organizar a viagem dos jogadores&#8221;, comentou o t\u00e9cnico. <\/p>\n","protected":false},"excerpt":{"rendered":"<p>Ancelotti minimiza pol\u00eamicas e destaca prepara\u00e7\u00e3o de Mbapp\u00e9 para retorno ao Real Madrid Na coletiva de imprensa desta sexta-feira (18), v\u00e9spera do confronto entre Real Madrid e Celta de Vigo, v\u00e1lido pela 10\u00aa rodada do Campeonato Espanhol, o t\u00e9cnico Carlo Ancelotti falou sobre a prepara\u00e7\u00e3o f\u00edsica de Kylian Mbapp\u00e9 ap\u00f3s a pausa da Data Fifa. [&hellip;]<\/p>\n","protected":false},"author":17,"featured_media":158543,"comment_status":"open","ping_status":"closed","sticky":false,"template":"","format":"standard","meta":{"footnotes":""},"categories":[88],"tags":[],"class_list":["post-175596","post","type-post","status-publish","format-standard","has-post-thumbnail","hentry","category-real-madrid"],"yoast_head":"<!-- This site is optimized with the Yoast SEO Premium plugin v24.2 (Yoast SEO v26.9) - https:\/\/yoast.com\/product\/yoast-seo-premium-wordpress\/ -->\n<title>A declara\u00e7\u00e3o de Ancelotti sobre Mbapp\u00e9 no Real Madrid<\/title>\n<meta name=\"robots\" content=\"index, follow, max-snippet:-1, max-image-preview:large, max-video-preview:-1\" \/>\n<link rel=\"canonical\" href=\"https:\/\/www.gaveanews.com\/index.php\/2024\/10\/18\/a-declaracao-de-ancelotti-sobre-mbappe-no-real-madrid\/\" \/>\n<meta property=\"og:locale\" content=\"pt_BR\" \/>\n<meta property=\"og:type\" content=\"article\" \/>\n<meta property=\"og:title\" content=\"A declara\u00e7\u00e3o de Ancelotti sobre Mbapp\u00e9 no Real Madrid\" \/>\n<meta property=\"og:description\" content=\"Ancelotti minimiza pol\u00eamicas e destaca prepara\u00e7\u00e3o de Mbapp\u00e9 para retorno ao Real Madrid Na coletiva de imprensa desta sexta-feira (18), v\u00e9spera do confronto entre Real Madrid e Celta de Vigo, v\u00e1lido pela 10\u00aa rodada do Campeonato Espanhol, o t\u00e9cnico Carlo Ancelotti falou sobre a prepara\u00e7\u00e3o f\u00edsica de Kylian Mbapp\u00e9 ap\u00f3s a pausa da Data Fifa. [&hellip;]\" \/>\n<meta property=\"og:url\" content=\"https:\/\/www.gaveanews.com\/index.php\/2024\/10\/18\/a-declaracao-de-ancelotti-sobre-mbappe-no-real-madrid\/\" \/>\n<meta property=\"og:site_name\" content=\"G\u00e1vea News\" \/>\n<meta property=\"article:publisher\" content=\"https:\/\/facebook.com\/gaveaNews\/\" \/>\n<meta property=\"article:published_time\" content=\"2024-10-18T20:50:00+00:00\" \/>\n<meta property=\"og:image\" content=\"https:\/\/www.gaveanews.com\/wp-content\/uploads\/Kylian-Mbappe-com-a-camisa-do-Real-Madrid-em-2024.webp\" \/>\n\t<meta property=\"og:image:width\" content=\"1208\" \/>\n\t<meta property=\"og:image:height\" content=\"907\" \/>\n\t<meta property=\"og:image:type\" content=\"image\/webp\" \/>\n<meta name=\"author\" content=\"Geovanna Thomaz\" \/>\n<meta name=\"twitter:card\" content=\"summary_large_image\" \/>\n<meta name=\"twitter:label1\" content=\"Escrito por\" \/>\n\t<meta name=\"twitter:data1\" content=\"Geovanna Thomaz\" \/>\n\t<meta name=\"twitter:label2\" content=\"Est. tempo de leitura\" \/>\n\t<meta name=\"twitter:data2\" content=\"3 minutos\" \/>\n<script type=\"application\/ld+json\" class=\"yoast-schema-graph\">{\"@context\":\"https:\/\/schema.org\",\"@graph\":[{\"@type\":\"NewsArticle\",\"@id\":\"https:\/\/www.gaveanews.com\/index.php\/2024\/10\/18\/a-declaracao-de-ancelotti-sobre-mbappe-no-real-madrid\/#article\",\"isPartOf\":{\"@id\":\"https:\/\/www.gaveanews.com\/index.php\/2024\/10\/18\/a-declaracao-de-ancelotti-sobre-mbappe-no-real-madrid\/\"},\"author\":{\"name\":\"Geovanna Thomaz\",\"@id\":\"https:\/\/www.gaveanews.com\/#\/schema\/person\/f42654babcd2b2014a1a65af82b081f1\"},\"headline\":\"A declara\u00e7\u00e3o de Ancelotti sobre Mbapp\u00e9 no Real Madrid\",\"datePublished\":\"2024-10-18T20:50:00+00:00\",\"mainEntityOfPage\":{\"@id\":\"https:\/\/www.gaveanews.com\/index.php\/2024\/10\/18\/a-declaracao-de-ancelotti-sobre-mbappe-no-real-madrid\/\"},\"wordCount\":410,\"commentCount\":0,\"image\":{\"@id\":\"https:\/\/www.gaveanews.com\/index.php\/2024\/10\/18\/a-declaracao-de-ancelotti-sobre-mbappe-no-real-madrid\/#primaryimage\"},\"thumbnailUrl\":\"https:\/\/www.gaveanews.com\/wp-content\/uploads\/Kylian-Mbappe-com-a-camisa-do-Real-Madrid-em-2024.webp\",\"articleSection\":[\"Real Madrid\"],\"inLanguage\":\"pt-BR\",\"potentialAction\":[{\"@type\":\"CommentAction\",\"name\":\"Comment\",\"target\":[\"https:\/\/www.gaveanews.com\/index.php\/2024\/10\/18\/a-declaracao-de-ancelotti-sobre-mbappe-no-real-madrid\/#respond\"]}],\"copyrightYear\":\"2024\",\"copyrightHolder\":{\"@id\":\"https:\/\/www.gaveanews.com\/#organization\"}},{\"@type\":\"WebPage\",\"@id\":\"https:\/\/www.gaveanews.com\/index.php\/2024\/10\/18\/a-declaracao-de-ancelotti-sobre-mbappe-no-real-madrid\/\",\"url\":\"https:\/\/www.gaveanews.com\/index.php\/2024\/10\/18\/a-declaracao-de-ancelotti-sobre-mbappe-no-real-madrid\/\",\"name\":\"A declara\u00e7\u00e3o de Ancelotti sobre Mbapp\u00e9 no Real Madrid\",\"isPartOf\":{\"@id\":\"https:\/\/www.gaveanews.com\/#website\"},\"primaryImageOfPage\":{\"@id\":\"https:\/\/www.gaveanews.com\/index.php\/2024\/10\/18\/a-declaracao-de-ancelotti-sobre-mbappe-no-real-madrid\/#primaryimage\"},\"image\":{\"@id\":\"https:\/\/www.gaveanews.com\/index.php\/2024\/10\/18\/a-declaracao-de-ancelotti-sobre-mbappe-no-real-madrid\/#primaryimage\"},\"thumbnailUrl\":\"https:\/\/www.gaveanews.com\/wp-content\/uploads\/Kylian-Mbappe-com-a-camisa-do-Real-Madrid-em-2024.webp\",\"datePublished\":\"2024-10-18T20:50:00+00:00\",\"author\":{\"@id\":\"https:\/\/www.gaveanews.com\/#\/schema\/person\/f42654babcd2b2014a1a65af82b081f1\"},\"breadcrumb\":{\"@id\":\"https:\/\/www.gaveanews.com\/index.php\/2024\/10\/18\/a-declaracao-de-ancelotti-sobre-mbappe-no-real-madrid\/#breadcrumb\"},\"inLanguage\":\"pt-BR\",\"potentialAction\":[{\"@type\":\"ReadAction\",\"target\":[\"https:\/\/www.gaveanews.com\/index.php\/2024\/10\/18\/a-declaracao-de-ancelotti-sobre-mbappe-no-real-madrid\/\"]}]},{\"@type\":\"ImageObject\",\"inLanguage\":\"pt-BR\",\"@id\":\"https:\/\/www.gaveanews.com\/index.php\/2024\/10\/18\/a-declaracao-de-ancelotti-sobre-mbappe-no-real-madrid\/#primaryimage\",\"url\":\"https:\/\/www.gaveanews.com\/wp-content\/uploads\/Kylian-Mbappe-com-a-camisa-do-Real-Madrid-em-2024.webp\",\"contentUrl\":\"https:\/\/www.gaveanews.com\/wp-content\/uploads\/Kylian-Mbappe-com-a-camisa-do-Real-Madrid-em-2024.webp\",\"width\":1208,\"height\":907,\"caption\":\"Kylian Mbapp\u00e9 com a camisa do Real Madrid em 2024 (Foto: Reprodu\u00e7\u00e3o\/Real Madrid)\"},{\"@type\":\"BreadcrumbList\",\"@id\":\"https:\/\/www.gaveanews.com\/index.php\/2024\/10\/18\/a-declaracao-de-ancelotti-sobre-mbappe-no-real-madrid\/#breadcrumb\",\"itemListElement\":[{\"@type\":\"ListItem\",\"position\":1,\"name\":\"Home\",\"item\":\"https:\/\/www.gaveanews.com\/\"},{\"@type\":\"ListItem\",\"position\":2,\"name\":\"A declara\u00e7\u00e3o de Ancelotti sobre Mbapp\u00e9 no Real Madrid\"}]},{\"@type\":\"WebSite\",\"@id\":\"https:\/\/www.gaveanews.com\/#website\",\"url\":\"https:\/\/www.gaveanews.com\/\",\"name\":\"G\u00e1vea News\",\"description\":\"Veja todas as not\u00edcias sobre o Flamengo: Contrata\u00e7\u00f5es, categorias de base, resultados das partidas, tabela de classifica\u00e7\u00e3o, pr\u00f3ximos jogos!\",\"potentialAction\":[{\"@type\":\"SearchAction\",\"target\":{\"@type\":\"EntryPoint\",\"urlTemplate\":\"https:\/\/www.gaveanews.com\/?s={search_term_string}\"},\"query-input\":{\"@type\":\"PropertyValueSpecification\",\"valueRequired\":true,\"valueName\":\"search_term_string\"}}],\"inLanguage\":\"pt-BR\"},{\"@type\":\"Person\",\"@id\":\"https:\/\/www.gaveanews.com\/#\/schema\/person\/f42654babcd2b2014a1a65af82b081f1\",\"name\":\"Geovanna Thomaz\",\"image\":{\"@type\":\"ImageObject\",\"inLanguage\":\"pt-BR\",\"@id\":\"https:\/\/www.gaveanews.com\/#\/schema\/person\/image\/\",\"url\":\"https:\/\/secure.gravatar.com\/avatar\/4092073255489533afb558984b49b64268c47198af8623cc82a925ae9fb7118a?s=96&d=mm&r=g\",\"contentUrl\":\"https:\/\/secure.gravatar.com\/avatar\/4092073255489533afb558984b49b64268c47198af8623cc82a925ae9fb7118a?s=96&d=mm&r=g\",\"caption\":\"Geovanna Thomaz\"}}]}<\/script>\n<!-- \/ Yoast SEO Premium plugin. -->","yoast_head_json":{"title":"A declara\u00e7\u00e3o de Ancelotti sobre Mbapp\u00e9 no Real Madrid","robots":{"index":"index","follow":"follow","max-snippet":"max-snippet:-1","max-image-preview":"max-image-preview:large","max-video-preview":"max-video-preview:-1"},"canonical":"https:\/\/www.gaveanews.com\/index.php\/2024\/10\/18\/a-declaracao-de-ancelotti-sobre-mbappe-no-real-madrid\/","og_locale":"pt_BR","og_type":"article","og_title":"A declara\u00e7\u00e3o de Ancelotti sobre Mbapp\u00e9 no Real Madrid","og_description":"Ancelotti minimiza pol\u00eamicas e destaca prepara\u00e7\u00e3o de Mbapp\u00e9 para retorno ao Real Madrid Na coletiva de imprensa desta sexta-feira (18), v\u00e9spera do confronto entre Real Madrid e Celta de Vigo, v\u00e1lido pela 10\u00aa rodada do Campeonato Espanhol, o t\u00e9cnico Carlo Ancelotti falou sobre a prepara\u00e7\u00e3o f\u00edsica de Kylian Mbapp\u00e9 ap\u00f3s a pausa da Data Fifa. [&hellip;]","og_url":"https:\/\/www.gaveanews.com\/index.php\/2024\/10\/18\/a-declaracao-de-ancelotti-sobre-mbappe-no-real-madrid\/","og_site_name":"G\u00e1vea News","article_publisher":"https:\/\/facebook.com\/gaveaNews\/","article_published_time":"2024-10-18T20:50:00+00:00","og_image":[{"width":1208,"height":907,"url":"https:\/\/www.gaveanews.com\/wp-content\/uploads\/Kylian-Mbappe-com-a-camisa-do-Real-Madrid-em-2024.webp","type":"image\/webp"}],"author":"Geovanna Thomaz","twitter_card":"summary_large_image","twitter_misc":{"Escrito por":"Geovanna Thomaz","Est. tempo de leitura":"3 minutos"},"schema":{"@context":"https:\/\/schema.org","@graph":[{"@type":"NewsArticle","@id":"https:\/\/www.gaveanews.com\/index.php\/2024\/10\/18\/a-declaracao-de-ancelotti-sobre-mbappe-no-real-madrid\/#article","isPartOf":{"@id":"https:\/\/www.gaveanews.com\/index.php\/2024\/10\/18\/a-declaracao-de-ancelotti-sobre-mbappe-no-real-madrid\/"},"author":{"name":"Geovanna Thomaz","@id":"https:\/\/www.gaveanews.com\/#\/schema\/person\/f42654babcd2b2014a1a65af82b081f1"},"headline":"A declara\u00e7\u00e3o de Ancelotti sobre Mbapp\u00e9 no Real Madrid","datePublished":"2024-10-18T20:50:00+00:00","mainEntityOfPage":{"@id":"https:\/\/www.gaveanews.com\/index.php\/2024\/10\/18\/a-declaracao-de-ancelotti-sobre-mbappe-no-real-madrid\/"},"wordCount":410,"commentCount":0,"image":{"@id":"https:\/\/www.gaveanews.com\/index.php\/2024\/10\/18\/a-declaracao-de-ancelotti-sobre-mbappe-no-real-madrid\/#primaryimage"},"thumbnailUrl":"https:\/\/www.gaveanews.com\/wp-content\/uploads\/Kylian-Mbappe-com-a-camisa-do-Real-Madrid-em-2024.webp","articleSection":["Real Madrid"],"inLanguage":"pt-BR","potentialAction":[{"@type":"CommentAction","name":"Comment","target":["https:\/\/www.gaveanews.com\/index.php\/2024\/10\/18\/a-declaracao-de-ancelotti-sobre-mbappe-no-real-madrid\/#respond"]}],"copyrightYear":"2024","copyrightHolder":{"@id":"https:\/\/www.gaveanews.com\/#organization"}},{"@type":"WebPage","@id":"https:\/\/www.gaveanews.com\/index.php\/2024\/10\/18\/a-declaracao-de-ancelotti-sobre-mbappe-no-real-madrid\/","url":"https:\/\/www.gaveanews.com\/index.php\/2024\/10\/18\/a-declaracao-de-ancelotti-sobre-mbappe-no-real-madrid\/","name":"A declara\u00e7\u00e3o de Ancelotti sobre Mbapp\u00e9 no Real Madrid","isPartOf":{"@id":"https:\/\/www.gaveanews.com\/#website"},"primaryImageOfPage":{"@id":"https:\/\/www.gaveanews.com\/index.php\/2024\/10\/18\/a-declaracao-de-ancelotti-sobre-mbappe-no-real-madrid\/#primaryimage"},"image":{"@id":"https:\/\/www.gaveanews.com\/index.php\/2024\/10\/18\/a-declaracao-de-ancelotti-sobre-mbappe-no-real-madrid\/#primaryimage"},"thumbnailUrl":"https:\/\/www.gaveanews.com\/wp-content\/uploads\/Kylian-Mbappe-com-a-camisa-do-Real-Madrid-em-2024.webp","datePublished":"2024-10-18T20:50:00+00:00","author":{"@id":"https:\/\/www.gaveanews.com\/#\/schema\/person\/f42654babcd2b2014a1a65af82b081f1"},"breadcrumb":{"@id":"https:\/\/www.gaveanews.com\/index.php\/2024\/10\/18\/a-declaracao-de-ancelotti-sobre-mbappe-no-real-madrid\/#breadcrumb"},"inLanguage":"pt-BR","potentialAction":[{"@type":"ReadAction","target":["https:\/\/www.gaveanews.com\/index.php\/2024\/10\/18\/a-declaracao-de-ancelotti-sobre-mbappe-no-real-madrid\/"]}]},{"@type":"ImageObject","inLanguage":"pt-BR","@id":"https:\/\/www.gaveanews.com\/index.php\/2024\/10\/18\/a-declaracao-de-ancelotti-sobre-mbappe-no-real-madrid\/#primaryimage","url":"https:\/\/www.gaveanews.com\/wp-content\/uploads\/Kylian-Mbappe-com-a-camisa-do-Real-Madrid-em-2024.webp","contentUrl":"https:\/\/www.gaveanews.com\/wp-content\/uploads\/Kylian-Mbappe-com-a-camisa-do-Real-Madrid-em-2024.webp","width":1208,"height":907,"caption":"Kylian Mbapp\u00e9 com a camisa do Real Madrid em 2024 (Foto: Reprodu\u00e7\u00e3o\/Real Madrid)"},{"@type":"BreadcrumbList","@id":"https:\/\/www.gaveanews.com\/index.php\/2024\/10\/18\/a-declaracao-de-ancelotti-sobre-mbappe-no-real-madrid\/#breadcrumb","itemListElement":[{"@type":"ListItem","position":1,"name":"Home","item":"https:\/\/www.gaveanews.com\/"},{"@type":"ListItem","position":2,"name":"A declara\u00e7\u00e3o de Ancelotti sobre Mbapp\u00e9 no Real Madrid"}]},{"@type":"WebSite","@id":"https:\/\/www.gaveanews.com\/#website","url":"https:\/\/www.gaveanews.com\/","name":"G\u00e1vea News","description":"Veja todas as not\u00edcias sobre o Flamengo: Contrata\u00e7\u00f5es, categorias de base, resultados das partidas, tabela de classifica\u00e7\u00e3o, pr\u00f3ximos jogos!","potentialAction":[{"@type":"SearchAction","target":{"@type":"EntryPoint","urlTemplate":"https:\/\/www.gaveanews.com\/?s={search_term_string}"},"query-input":{"@type":"PropertyValueSpecification","valueRequired":true,"valueName":"search_term_string"}}],"inLanguage":"pt-BR"},{"@type":"Person","@id":"https:\/\/www.gaveanews.com\/#\/schema\/person\/f42654babcd2b2014a1a65af82b081f1","name":"Geovanna Thomaz","image":{"@type":"ImageObject","inLanguage":"pt-BR","@id":"https:\/\/www.gaveanews.com\/#\/schema\/person\/image\/","url":"https:\/\/secure.gravatar.com\/avatar\/4092073255489533afb558984b49b64268c47198af8623cc82a925ae9fb7118a?s=96&d=mm&r=g","contentUrl":"https:\/\/secure.gravatar.com\/avatar\/4092073255489533afb558984b49b64268c47198af8623cc82a925ae9fb7118a?s=96&d=mm&r=g","caption":"Geovanna Thomaz"}}]}},"_links":{"self":[{"href":"https:\/\/www.gaveanews.com\/index.php\/wp-json\/wp\/v2\/posts\/175596","targetHints":{"allow":["GET"]}}],"collection":[{"href":"https:\/\/www.gaveanews.com\/index.php\/wp-json\/wp\/v2\/posts"}],"about":[{"href":"https:\/\/www.gaveanews.com\/index.php\/wp-json\/wp\/v2\/types\/post"}],"author":[{"embeddable":true,"href":"https:\/\/www.gaveanews.com\/index.php\/wp-json\/wp\/v2\/users\/17"}],"replies":[{"embeddable":true,"href":"https:\/\/www.gaveanews.com\/index.php\/wp-json\/wp\/v2\/comments?post=175596"}],"version-history":[{"count":1,"href":"https:\/\/www.gaveanews.com\/index.php\/wp-json\/wp\/v2\/posts\/175596\/revisions"}],"predecessor-version":[{"id":175602,"href":"https:\/\/www.gaveanews.com\/index.php\/wp-json\/wp\/v2\/posts\/175596\/revisions\/175602"}],"wp:featuredmedia":[{"embeddable":true,"href":"https:\/\/www.gaveanews.com\/index.php\/wp-json\/wp\/v2\/media\/158543"}],"wp:attachment":[{"href":"https:\/\/www.gaveanews.com\/index.php\/wp-json\/wp\/v2\/media?parent=175596"}],"wp:term":[{"taxonomy":"category","embeddable":true,"href":"https:\/\/www.gaveanews.com\/index.php\/wp-json\/wp\/v2\/categories?post=175596"},{"taxonomy":"post_tag","embeddable":true,"href":"https:\/\/www.gaveanews.com\/index.php\/wp-json\/wp\/v2\/tags?post=175596"}],"curies":[{"name":"wp","href":"https:\/\/api.w.org\/{rel}","templated":true}]}}