{"id":175757,"date":"2024-10-20T12:40:00","date_gmt":"2024-10-20T15:40:00","guid":{"rendered":"https:\/\/www.gaveanews.com\/?p=175757"},"modified":"2024-10-20T08:21:06","modified_gmt":"2024-10-20T11:21:06","slug":"endrick-podera-ganhar-premio-importante-na-europa","status":"publish","type":"post","link":"https:\/\/www.gaveanews.com\/index.php\/2024\/10\/20\/endrick-podera-ganhar-premio-importante-na-europa\/","title":{"rendered":"Endrick poder\u00e1 ganhar pr\u00eamio importante na Europa"},"content":{"rendered":"\n<h2 class=\"wp-block-heading\" id=\"h-25-atletas-fazem-parte-da-lista-de-melhor-jogador-sub-21\">25 atletas fazem parte da lista de melhor jogador sub-21 <\/h2>\n\n\n\n<p>O pr\u00eamio &#8220;Golden Boy&#8221; reconhece o melhor jogador sub-21 do mundo e \u00e9 organizado pelo jornal italiano Tuttosport. Dos 25 nomes finalistas, dois s\u00e3o jogadores brasileiros. Os atacantes Savinho, do Manchester City e Endrick, do Real Madrid. <\/p>\n\n\n\n<ul class=\"wp-block-list\">\n<li><a href=\"https:\/\/www.gaveanews.com\/index.php\/2024\/10\/18\/a-declaracao-de-ronaldinho-gaucho-sobre-vini-jr-ser-eleito-o-melhor-jogador-do-mundo\/\">A declara\u00e7\u00e3o de Ronaldinho Ga\u00facho sobre Vini Jr ser eleito o melhor jogador do mundo<\/a><\/li>\n\n\n\n<li><a href=\"https:\/\/www.gaveanews.com\/index.php\/2024\/10\/18\/a-declaracao-de-gerard-pique-sobre-mudanca-na-europa\/\">A declara\u00e7\u00e3o de Gerard Piqu\u00e9 sobre mudan\u00e7a na Europa<\/a><\/li>\n<\/ul>\n\n\n\n<p>Os principais favoritos da lista incluem o espanhol Lamine Yamal, do Barcelona, o argentino Alejandro Garnacho, do Manchester United, e o ingl\u00eas Rico Lewis, do Manchester City. O time que conta com o maior n\u00famero de jogadores disputando a premia\u00e7\u00e3o, \u00e9 o Manchester United, que al\u00e9m de Garnacho conta com Kobie Mainoo e Leny Yoro. <\/p>\n\n\n\n<p>O vencedor ser\u00e1 anunciado no dia 4 de dezembro, em uma cerim\u00f4nia que deve atrair a aten\u00e7\u00e3o dos amantes do futebol mundial. Em junho, o Tuttosport divulgou uma lista com 100 indicados, destacando talentos de diversas ligas e nacionalidades. <\/p>\n\n\n\n<p>Nas edi\u00e7\u00f5es mais recentes, o Tuttosport estabeleceu uma parceria com a consultoria Football Benchmark, que criou um ranking de desempenho para os candidatos. O vencedor do pr\u00eamio ser\u00e1 determinado com base nessa pontua\u00e7\u00e3o, al\u00e9m da avalia\u00e7\u00e3o realizada por jornalistas especializados.<\/p>\n\n\n\n<p>A premia\u00e7\u00e3o do melhor jogador sub-21 do mundo acontece desde 2003 e conta com o meio-campista ingl\u00eas Jude Bellingham, do Real Madrid, como \u00faltimo vencedor. Os \u00fanicos brasileiros a conquistarem o pr\u00eamio foram Anderson (ex-Manchester United), em 2008, e Alexandre Pato (ex-Milan), em 2009.<\/p>\n\n\n\n<h2 class=\"wp-block-heading\" id=\"h-jogadores-indicados-ao-premio-golden-boy\">Jogadores indicados ao pr\u00eamio Golden Boy:<\/h2>\n\n\n\n<ul class=\"wp-block-list\">\n<li>Lamine Yamal (Barcelona);<\/li>\n\n\n\n<li>Jo\u00e3o Neves (PSG);<\/li>\n\n\n\n<li>Warren Zaire-Emery (PSG);<\/li>\n\n\n\n<li>Alejandro Garnacho (Manchester United);<\/li>\n\n\n\n<li>Pau Cubars\u00ed (Barcelona)<\/li>\n\n\n\n<li>Savinho (Manchester City);<\/li>\n\n\n\n<li>Aleksandar Pavlovic (Bayern de Munique e Monaco);<\/li>\n\n\n\n<li>Kobie Mainoo (Manchester United);<\/li>\n\n\n\n<li>Jorrel Hato (Ajax);<\/li>\n\n\n\n<li>Leny Yoro (Manchester United);<\/li>\n\n\n\n<li>Jamie Bynoe-Gittens (Borussia Dortmund);<\/li>\n\n\n\n<li>Kenan Yildiz (Juventus);<\/li>\n\n\n\n<li>Cristhian Mosquera (Valencia);<\/li>\n\n\n\n<li>Adam Wharton (Crystal Palace);<\/li>\n\n\n\n<li>Arda G\u00fcler (Real Madrid);<\/li>\n\n\n\n<li>Mathys Tel (Bayern de Munique e Monaco);<\/li>\n\n\n\n<li>D\u00e9sir\u00e9 Dou\u00e9 (PSG);<\/li>\n\n\n\n<li>Oscar Gloukh (RB Salzburg);<\/li>\n\n\n\n<li>Samuel Omorodion (Porto);<\/li>\n\n\n\n<li>Wilson Odobert (Tottenham);<\/li>\n\n\n\n<li>Andreas Schjelderup (Benfica);<\/li>\n\n\n\n<li>Endrick (Real Madrid);<\/li>\n\n\n\n<li>Eliesse Ben Seghir (Monaco);<\/li>\n\n\n\n<li>Samuel Mbangula (Juventus).<\/li>\n<\/ul>\n","protected":false},"excerpt":{"rendered":"<p>25 atletas fazem parte da lista de melhor jogador sub-21 O pr\u00eamio &#8220;Golden Boy&#8221; reconhece o melhor jogador sub-21 do mundo e \u00e9 organizado pelo jornal italiano Tuttosport. Dos 25 nomes finalistas, dois s\u00e3o jogadores brasileiros. Os atacantes Savinho, do Manchester City e Endrick, do Real Madrid. Os principais favoritos da lista incluem o espanhol [&hellip;]<\/p>\n","protected":false},"author":21,"featured_media":161086,"comment_status":"open","ping_status":"closed","sticky":false,"template":"","format":"standard","meta":{"footnotes":""},"categories":[84,150,88],"tags":[],"class_list":["post-175757","post","type-post","status-publish","format-standard","has-post-thumbnail","hentry","category-manchester-city","category-palmeiras","category-real-madrid"],"yoast_head":"<!-- This site is optimized with the Yoast SEO Premium plugin v24.2 (Yoast SEO v26.9) - https:\/\/yoast.com\/product\/yoast-seo-premium-wordpress\/ -->\n<title>Endrick poder\u00e1 ganhar pr\u00eamio importante na Europa<\/title>\n<meta name=\"robots\" content=\"index, follow, max-snippet:-1, max-image-preview:large, max-video-preview:-1\" \/>\n<link rel=\"canonical\" href=\"https:\/\/www.gaveanews.com\/index.php\/2024\/10\/20\/endrick-podera-ganhar-premio-importante-na-europa\/\" \/>\n<meta property=\"og:locale\" content=\"pt_BR\" \/>\n<meta property=\"og:type\" content=\"article\" \/>\n<meta property=\"og:title\" content=\"Endrick poder\u00e1 ganhar pr\u00eamio importante na Europa\" \/>\n<meta property=\"og:description\" content=\"25 atletas fazem parte da lista de melhor jogador sub-21 O pr\u00eamio &#8220;Golden Boy&#8221; reconhece o melhor jogador sub-21 do mundo e \u00e9 organizado pelo jornal italiano Tuttosport. Dos 25 nomes finalistas, dois s\u00e3o jogadores brasileiros. Os atacantes Savinho, do Manchester City e Endrick, do Real Madrid. Os principais favoritos da lista incluem o espanhol [&hellip;]\" \/>\n<meta property=\"og:url\" content=\"https:\/\/www.gaveanews.com\/index.php\/2024\/10\/20\/endrick-podera-ganhar-premio-importante-na-europa\/\" \/>\n<meta property=\"og:site_name\" content=\"G\u00e1vea News\" \/>\n<meta property=\"article:publisher\" content=\"https:\/\/facebook.com\/gaveaNews\/\" \/>\n<meta property=\"article:published_time\" content=\"2024-10-20T15:40:00+00:00\" \/>\n<meta property=\"og:image\" content=\"https:\/\/www.gaveanews.com\/wp-content\/uploads\/endrick_-_real_madrid_1.jpg_554688468.webp\" \/>\n\t<meta property=\"og:image:width\" content=\"1200\" \/>\n\t<meta property=\"og:image:height\" content=\"675\" \/>\n\t<meta property=\"og:image:type\" content=\"image\/webp\" \/>\n<meta name=\"author\" content=\"Andr\u00e9 Serra\" \/>\n<meta name=\"twitter:card\" content=\"summary_large_image\" \/>\n<meta name=\"twitter:label1\" content=\"Escrito por\" \/>\n\t<meta name=\"twitter:data1\" content=\"Andr\u00e9 Serra\" \/>\n\t<meta name=\"twitter:label2\" content=\"Est. tempo de leitura\" \/>\n\t<meta name=\"twitter:data2\" content=\"3 minutos\" \/>\n<script type=\"application\/ld+json\" class=\"yoast-schema-graph\">{\"@context\":\"https:\/\/schema.org\",\"@graph\":[{\"@type\":\"NewsArticle\",\"@id\":\"https:\/\/www.gaveanews.com\/index.php\/2024\/10\/20\/endrick-podera-ganhar-premio-importante-na-europa\/#article\",\"isPartOf\":{\"@id\":\"https:\/\/www.gaveanews.com\/index.php\/2024\/10\/20\/endrick-podera-ganhar-premio-importante-na-europa\/\"},\"author\":{\"name\":\"Andr\u00e9 Serra\",\"@id\":\"https:\/\/www.gaveanews.com\/#\/schema\/person\/0277a79a1289c451c281ec0411d84f0c\"},\"headline\":\"Endrick poder\u00e1 ganhar pr\u00eamio importante na Europa\",\"datePublished\":\"2024-10-20T15:40:00+00:00\",\"mainEntityOfPage\":{\"@id\":\"https:\/\/www.gaveanews.com\/index.php\/2024\/10\/20\/endrick-podera-ganhar-premio-importante-na-europa\/\"},\"wordCount\":366,\"commentCount\":0,\"image\":{\"@id\":\"https:\/\/www.gaveanews.com\/index.php\/2024\/10\/20\/endrick-podera-ganhar-premio-importante-na-europa\/#primaryimage\"},\"thumbnailUrl\":\"https:\/\/www.gaveanews.com\/wp-content\/uploads\/endrick_-_real_madrid_1.jpg_554688468.webp\",\"articleSection\":[\"Manchester City\",\"Palmeiras\",\"Real Madrid\"],\"inLanguage\":\"pt-BR\",\"potentialAction\":[{\"@type\":\"CommentAction\",\"name\":\"Comment\",\"target\":[\"https:\/\/www.gaveanews.com\/index.php\/2024\/10\/20\/endrick-podera-ganhar-premio-importante-na-europa\/#respond\"]}],\"copyrightYear\":\"2024\",\"copyrightHolder\":{\"@id\":\"https:\/\/www.gaveanews.com\/#organization\"}},{\"@type\":\"WebPage\",\"@id\":\"https:\/\/www.gaveanews.com\/index.php\/2024\/10\/20\/endrick-podera-ganhar-premio-importante-na-europa\/\",\"url\":\"https:\/\/www.gaveanews.com\/index.php\/2024\/10\/20\/endrick-podera-ganhar-premio-importante-na-europa\/\",\"name\":\"Endrick poder\u00e1 ganhar pr\u00eamio importante na Europa\",\"isPartOf\":{\"@id\":\"https:\/\/www.gaveanews.com\/#website\"},\"primaryImageOfPage\":{\"@id\":\"https:\/\/www.gaveanews.com\/index.php\/2024\/10\/20\/endrick-podera-ganhar-premio-importante-na-europa\/#primaryimage\"},\"image\":{\"@id\":\"https:\/\/www.gaveanews.com\/index.php\/2024\/10\/20\/endrick-podera-ganhar-premio-importante-na-europa\/#primaryimage\"},\"thumbnailUrl\":\"https:\/\/www.gaveanews.com\/wp-content\/uploads\/endrick_-_real_madrid_1.jpg_554688468.webp\",\"datePublished\":\"2024-10-20T15:40:00+00:00\",\"author\":{\"@id\":\"https:\/\/www.gaveanews.com\/#\/schema\/person\/0277a79a1289c451c281ec0411d84f0c\"},\"breadcrumb\":{\"@id\":\"https:\/\/www.gaveanews.com\/index.php\/2024\/10\/20\/endrick-podera-ganhar-premio-importante-na-europa\/#breadcrumb\"},\"inLanguage\":\"pt-BR\",\"potentialAction\":[{\"@type\":\"ReadAction\",\"target\":[\"https:\/\/www.gaveanews.com\/index.php\/2024\/10\/20\/endrick-podera-ganhar-premio-importante-na-europa\/\"]}]},{\"@type\":\"ImageObject\",\"inLanguage\":\"pt-BR\",\"@id\":\"https:\/\/www.gaveanews.com\/index.php\/2024\/10\/20\/endrick-podera-ganhar-premio-importante-na-europa\/#primaryimage\",\"url\":\"https:\/\/www.gaveanews.com\/wp-content\/uploads\/endrick_-_real_madrid_1.jpg_554688468.webp\",\"contentUrl\":\"https:\/\/www.gaveanews.com\/wp-content\/uploads\/endrick_-_real_madrid_1.jpg_554688468.webp\",\"width\":1200,\"height\":675,\"caption\":\"Endrick marcou seu primeiro gol pelo Real Madrid - Angel Martinez (2024 Getty Images, Getty Images Europe)\"},{\"@type\":\"BreadcrumbList\",\"@id\":\"https:\/\/www.gaveanews.com\/index.php\/2024\/10\/20\/endrick-podera-ganhar-premio-importante-na-europa\/#breadcrumb\",\"itemListElement\":[{\"@type\":\"ListItem\",\"position\":1,\"name\":\"Home\",\"item\":\"https:\/\/www.gaveanews.com\/\"},{\"@type\":\"ListItem\",\"position\":2,\"name\":\"Endrick poder\u00e1 ganhar pr\u00eamio importante na Europa\"}]},{\"@type\":\"WebSite\",\"@id\":\"https:\/\/www.gaveanews.com\/#website\",\"url\":\"https:\/\/www.gaveanews.com\/\",\"name\":\"G\u00e1vea News\",\"description\":\"Veja todas as not\u00edcias sobre o Flamengo: Contrata\u00e7\u00f5es, categorias de base, resultados das partidas, tabela de classifica\u00e7\u00e3o, pr\u00f3ximos jogos!\",\"potentialAction\":[{\"@type\":\"SearchAction\",\"target\":{\"@type\":\"EntryPoint\",\"urlTemplate\":\"https:\/\/www.gaveanews.com\/?s={search_term_string}\"},\"query-input\":{\"@type\":\"PropertyValueSpecification\",\"valueRequired\":true,\"valueName\":\"search_term_string\"}}],\"inLanguage\":\"pt-BR\"},{\"@type\":\"Person\",\"@id\":\"https:\/\/www.gaveanews.com\/#\/schema\/person\/0277a79a1289c451c281ec0411d84f0c\",\"name\":\"Andr\u00e9 Serra\",\"image\":{\"@type\":\"ImageObject\",\"inLanguage\":\"pt-BR\",\"@id\":\"https:\/\/www.gaveanews.com\/#\/schema\/person\/image\/\",\"url\":\"https:\/\/secure.gravatar.com\/avatar\/d7231369fe48db93292b3e88eb2162dbd9a34a47a8437d9ef3bcaca2a86a83d7?s=96&d=mm&r=g\",\"contentUrl\":\"https:\/\/secure.gravatar.com\/avatar\/d7231369fe48db93292b3e88eb2162dbd9a34a47a8437d9ef3bcaca2a86a83d7?s=96&d=mm&r=g\",\"caption\":\"Andr\u00e9 Serra\"}}]}<\/script>\n<!-- \/ Yoast SEO Premium plugin. -->","yoast_head_json":{"title":"Endrick poder\u00e1 ganhar pr\u00eamio importante na Europa","robots":{"index":"index","follow":"follow","max-snippet":"max-snippet:-1","max-image-preview":"max-image-preview:large","max-video-preview":"max-video-preview:-1"},"canonical":"https:\/\/www.gaveanews.com\/index.php\/2024\/10\/20\/endrick-podera-ganhar-premio-importante-na-europa\/","og_locale":"pt_BR","og_type":"article","og_title":"Endrick poder\u00e1 ganhar pr\u00eamio importante na Europa","og_description":"25 atletas fazem parte da lista de melhor jogador sub-21 O pr\u00eamio &#8220;Golden Boy&#8221; reconhece o melhor jogador sub-21 do mundo e \u00e9 organizado pelo jornal italiano Tuttosport. Dos 25 nomes finalistas, dois s\u00e3o jogadores brasileiros. Os atacantes Savinho, do Manchester City e Endrick, do Real Madrid. Os principais favoritos da lista incluem o espanhol [&hellip;]","og_url":"https:\/\/www.gaveanews.com\/index.php\/2024\/10\/20\/endrick-podera-ganhar-premio-importante-na-europa\/","og_site_name":"G\u00e1vea News","article_publisher":"https:\/\/facebook.com\/gaveaNews\/","article_published_time":"2024-10-20T15:40:00+00:00","og_image":[{"width":1200,"height":675,"url":"https:\/\/www.gaveanews.com\/wp-content\/uploads\/endrick_-_real_madrid_1.jpg_554688468.webp","type":"image\/webp"}],"author":"Andr\u00e9 Serra","twitter_card":"summary_large_image","twitter_misc":{"Escrito por":"Andr\u00e9 Serra","Est. tempo de leitura":"3 minutos"},"schema":{"@context":"https:\/\/schema.org","@graph":[{"@type":"NewsArticle","@id":"https:\/\/www.gaveanews.com\/index.php\/2024\/10\/20\/endrick-podera-ganhar-premio-importante-na-europa\/#article","isPartOf":{"@id":"https:\/\/www.gaveanews.com\/index.php\/2024\/10\/20\/endrick-podera-ganhar-premio-importante-na-europa\/"},"author":{"name":"Andr\u00e9 Serra","@id":"https:\/\/www.gaveanews.com\/#\/schema\/person\/0277a79a1289c451c281ec0411d84f0c"},"headline":"Endrick poder\u00e1 ganhar pr\u00eamio importante na Europa","datePublished":"2024-10-20T15:40:00+00:00","mainEntityOfPage":{"@id":"https:\/\/www.gaveanews.com\/index.php\/2024\/10\/20\/endrick-podera-ganhar-premio-importante-na-europa\/"},"wordCount":366,"commentCount":0,"image":{"@id":"https:\/\/www.gaveanews.com\/index.php\/2024\/10\/20\/endrick-podera-ganhar-premio-importante-na-europa\/#primaryimage"},"thumbnailUrl":"https:\/\/www.gaveanews.com\/wp-content\/uploads\/endrick_-_real_madrid_1.jpg_554688468.webp","articleSection":["Manchester City","Palmeiras","Real Madrid"],"inLanguage":"pt-BR","potentialAction":[{"@type":"CommentAction","name":"Comment","target":["https:\/\/www.gaveanews.com\/index.php\/2024\/10\/20\/endrick-podera-ganhar-premio-importante-na-europa\/#respond"]}],"copyrightYear":"2024","copyrightHolder":{"@id":"https:\/\/www.gaveanews.com\/#organization"}},{"@type":"WebPage","@id":"https:\/\/www.gaveanews.com\/index.php\/2024\/10\/20\/endrick-podera-ganhar-premio-importante-na-europa\/","url":"https:\/\/www.gaveanews.com\/index.php\/2024\/10\/20\/endrick-podera-ganhar-premio-importante-na-europa\/","name":"Endrick poder\u00e1 ganhar pr\u00eamio importante na Europa","isPartOf":{"@id":"https:\/\/www.gaveanews.com\/#website"},"primaryImageOfPage":{"@id":"https:\/\/www.gaveanews.com\/index.php\/2024\/10\/20\/endrick-podera-ganhar-premio-importante-na-europa\/#primaryimage"},"image":{"@id":"https:\/\/www.gaveanews.com\/index.php\/2024\/10\/20\/endrick-podera-ganhar-premio-importante-na-europa\/#primaryimage"},"thumbnailUrl":"https:\/\/www.gaveanews.com\/wp-content\/uploads\/endrick_-_real_madrid_1.jpg_554688468.webp","datePublished":"2024-10-20T15:40:00+00:00","author":{"@id":"https:\/\/www.gaveanews.com\/#\/schema\/person\/0277a79a1289c451c281ec0411d84f0c"},"breadcrumb":{"@id":"https:\/\/www.gaveanews.com\/index.php\/2024\/10\/20\/endrick-podera-ganhar-premio-importante-na-europa\/#breadcrumb"},"inLanguage":"pt-BR","potentialAction":[{"@type":"ReadAction","target":["https:\/\/www.gaveanews.com\/index.php\/2024\/10\/20\/endrick-podera-ganhar-premio-importante-na-europa\/"]}]},{"@type":"ImageObject","inLanguage":"pt-BR","@id":"https:\/\/www.gaveanews.com\/index.php\/2024\/10\/20\/endrick-podera-ganhar-premio-importante-na-europa\/#primaryimage","url":"https:\/\/www.gaveanews.com\/wp-content\/uploads\/endrick_-_real_madrid_1.jpg_554688468.webp","contentUrl":"https:\/\/www.gaveanews.com\/wp-content\/uploads\/endrick_-_real_madrid_1.jpg_554688468.webp","width":1200,"height":675,"caption":"Endrick marcou seu primeiro gol pelo Real Madrid - Angel Martinez (2024 Getty Images, Getty Images Europe)"},{"@type":"BreadcrumbList","@id":"https:\/\/www.gaveanews.com\/index.php\/2024\/10\/20\/endrick-podera-ganhar-premio-importante-na-europa\/#breadcrumb","itemListElement":[{"@type":"ListItem","position":1,"name":"Home","item":"https:\/\/www.gaveanews.com\/"},{"@type":"ListItem","position":2,"name":"Endrick poder\u00e1 ganhar pr\u00eamio importante na Europa"}]},{"@type":"WebSite","@id":"https:\/\/www.gaveanews.com\/#website","url":"https:\/\/www.gaveanews.com\/","name":"G\u00e1vea News","description":"Veja todas as not\u00edcias sobre o Flamengo: Contrata\u00e7\u00f5es, categorias de base, resultados das partidas, tabela de classifica\u00e7\u00e3o, pr\u00f3ximos jogos!","potentialAction":[{"@type":"SearchAction","target":{"@type":"EntryPoint","urlTemplate":"https:\/\/www.gaveanews.com\/?s={search_term_string}"},"query-input":{"@type":"PropertyValueSpecification","valueRequired":true,"valueName":"search_term_string"}}],"inLanguage":"pt-BR"},{"@type":"Person","@id":"https:\/\/www.gaveanews.com\/#\/schema\/person\/0277a79a1289c451c281ec0411d84f0c","name":"Andr\u00e9 Serra","image":{"@type":"ImageObject","inLanguage":"pt-BR","@id":"https:\/\/www.gaveanews.com\/#\/schema\/person\/image\/","url":"https:\/\/secure.gravatar.com\/avatar\/d7231369fe48db93292b3e88eb2162dbd9a34a47a8437d9ef3bcaca2a86a83d7?s=96&d=mm&r=g","contentUrl":"https:\/\/secure.gravatar.com\/avatar\/d7231369fe48db93292b3e88eb2162dbd9a34a47a8437d9ef3bcaca2a86a83d7?s=96&d=mm&r=g","caption":"Andr\u00e9 Serra"}}]}},"_links":{"self":[{"href":"https:\/\/www.gaveanews.com\/index.php\/wp-json\/wp\/v2\/posts\/175757","targetHints":{"allow":["GET"]}}],"collection":[{"href":"https:\/\/www.gaveanews.com\/index.php\/wp-json\/wp\/v2\/posts"}],"about":[{"href":"https:\/\/www.gaveanews.com\/index.php\/wp-json\/wp\/v2\/types\/post"}],"author":[{"embeddable":true,"href":"https:\/\/www.gaveanews.com\/index.php\/wp-json\/wp\/v2\/users\/21"}],"replies":[{"embeddable":true,"href":"https:\/\/www.gaveanews.com\/index.php\/wp-json\/wp\/v2\/comments?post=175757"}],"version-history":[{"count":2,"href":"https:\/\/www.gaveanews.com\/index.php\/wp-json\/wp\/v2\/posts\/175757\/revisions"}],"predecessor-version":[{"id":175944,"href":"https:\/\/www.gaveanews.com\/index.php\/wp-json\/wp\/v2\/posts\/175757\/revisions\/175944"}],"wp:featuredmedia":[{"embeddable":true,"href":"https:\/\/www.gaveanews.com\/index.php\/wp-json\/wp\/v2\/media\/161086"}],"wp:attachment":[{"href":"https:\/\/www.gaveanews.com\/index.php\/wp-json\/wp\/v2\/media?parent=175757"}],"wp:term":[{"taxonomy":"category","embeddable":true,"href":"https:\/\/www.gaveanews.com\/index.php\/wp-json\/wp\/v2\/categories?post=175757"},{"taxonomy":"post_tag","embeddable":true,"href":"https:\/\/www.gaveanews.com\/index.php\/wp-json\/wp\/v2\/tags?post=175757"}],"curies":[{"name":"wp","href":"https:\/\/api.w.org\/{rel}","templated":true}]}}