{"id":176318,"date":"2024-10-22T08:10:15","date_gmt":"2024-10-22T11:10:15","guid":{"rendered":"https:\/\/www.gaveanews.com\/?p=176318"},"modified":"2024-10-22T08:02:38","modified_gmt":"2024-10-22T11:02:38","slug":"a-declaracao-de-tiago-leifert-direcionada-a-vegetti-do-vasco","status":"publish","type":"post","link":"https:\/\/www.gaveanews.com\/index.php\/2024\/10\/22\/a-declaracao-de-tiago-leifert-direcionada-a-vegetti-do-vasco\/","title":{"rendered":"A declara\u00e7\u00e3o de Tiago Leifert direcionada a Vegetti, do Vasco"},"content":{"rendered":"\n<p>Tiago Leifert destacou recentemente o argentino Vegetti como o melhor centroavante do futebol brasileiro. A declara\u00e7\u00e3o surgiu ap\u00f3s o empate de 1 a 1 entre o Vasco e o Atl\u00e9tico-MG, que levou \u00e0 elimina\u00e7\u00e3o do Cruzmaltino na Copa do Brasil.&nbsp;<\/p>\n\n\n\n<ul class=\"wp-block-list\">\n<li><a href=\"https:\/\/www.gaveanews.com\/index.php\/2024\/10\/21\/eliminacao-do-vasco-na-copa-do-brasil-gera-rombo-milionario\/\">Elimina\u00e7\u00e3o do Vasco na Copa do Brasil gera rombo milion\u00e1rio<\/a><\/li>\n\n\n\n<li><a href=\"https:\/\/www.gaveanews.com\/index.php\/2024\/10\/21\/o-pedido-feito-por-milito-no-intervalo-do-jogo-entre-vasco-x-atletico-mg\/\">O pedido feito por Milito no intervalo do jogo entre Vasco x Atl\u00e9tico-MG<\/a><\/li>\n<\/ul>\n\n\n\n<p>Vegetti foi respons\u00e1vel pelo gol do Vasco, mostrando mais uma vez sua import\u00e2ncia para a equipe em um momento decisivo.<\/p>\n\n\n\n<h2 class=\"wp-block-heading\" id=\"h-a-performance-de-vegetti-contra-o-atletico-mg\">A performance de Vegetti contra o Atl\u00e9tico-MG<\/h2>\n\n\n\n<p>Durante uma live em seu canal do YouTube, Tiago Leifert fez uma an\u00e1lise sobre o desempenho de Vegetti contra o Atl\u00e9tico-MG. Apesar de n\u00e3o ter apresentado uma atua\u00e7\u00e3o impec\u00e1vel, o atacante mostrou sua determina\u00e7\u00e3o ao chorar no campo, demonstrando o desejo genu\u00edno de conquistar um t\u00edtulo para o Vasco.&nbsp;<\/p>\n\n\n\n<p>&#8220;O choro do Vegetti era de quem queria muito dar um t\u00edtulo para o Vasco. Na Copa do Brasil, era o mais perto que eles conseguiram chegar&#8221;, comentou Leifert.<\/p>\n\n\n\n<p>O apresentador tamb\u00e9m enfatizou a capacidade excepcional do argentino no jogo a\u00e9reo. \u201cO Vegetti \u00e9 inacredit\u00e1vel na cabe\u00e7ada. Ele raspa em todas as bolas; o timing dele \u00e9 surreal\u201d, afirmou. Essa habilidade, segundo Leifert, faz dele o principal jogador do ataque vasca\u00edno e, por conseguinte, o melhor centroavante do pa\u00eds.<\/p>\n\n\n\n<h2 class=\"wp-block-heading\" id=\"h-a-trajetoria-de-vegetti-no-vasco\">A trajet\u00f3ria de Vegetti no Vasco<\/h2>\n\n\n\n<p>Vale destacar que Vegetti foi contratado em agosto do ano passado, gerando certa desconfian\u00e7a devido \u00e0 sua idade e ao fato de nunca ter atuado em um clube de destaque.&nbsp;<\/p>\n\n\n\n<p>Com 34 anos e vindo do Belgrano, suas credenciais n\u00e3o eram as mais impressionantes. No entanto, o argentino rapidamente conquistou o cora\u00e7\u00e3o da torcida, marcando 30 gols e contribuindo com quatro assist\u00eancias em 67 partidas pelo Vasco. Na atual temporada, ele j\u00e1 anotou 20 gols e fez tr\u00eas assist\u00eancias em 46 jogos.<\/p>\n\n\n\n<p>Cabe ressaltar que a avalia\u00e7\u00e3o de Leifert sobre Vegetti se baseia n\u00e3o apenas em n\u00fameros, mas tamb\u00e9m em suas habilidades e em sua import\u00e2ncia no contexto da equipe cruzmaltina.&nbsp;<\/p>\n\n\n\n<p>Dessa maneira, a afirma\u00e7\u00e3o de que ele \u00e9 o melhor centroavante do Brasil certamente ser\u00e1 debatida entre os torcedores e analistas, mas, por enquanto, Vegetti segue se destacando no cen\u00e1rio do futebol nacional.<\/p>\n","protected":false},"excerpt":{"rendered":"<p>Tiago Leifert destacou recentemente o argentino Vegetti como o melhor centroavante do futebol brasileiro. A declara\u00e7\u00e3o surgiu ap\u00f3s o empate de 1 a 1 entre o Vasco e o Atl\u00e9tico-MG, que levou \u00e0 elimina\u00e7\u00e3o do Cruzmaltino na Copa do Brasil.&nbsp; Vegetti foi respons\u00e1vel pelo gol do Vasco, mostrando mais uma vez sua import\u00e2ncia para a [&hellip;]<\/p>\n","protected":false},"author":25,"featured_media":146070,"comment_status":"open","ping_status":"closed","sticky":false,"template":"","format":"standard","meta":{"footnotes":""},"categories":[152],"tags":[],"class_list":["post-176318","post","type-post","status-publish","format-standard","has-post-thumbnail","hentry","category-vasco"],"yoast_head":"<!-- This site is optimized with the Yoast SEO Premium plugin v24.2 (Yoast SEO v26.9) - https:\/\/yoast.com\/product\/yoast-seo-premium-wordpress\/ -->\n<title>A declara\u00e7\u00e3o de Tiago Leifert direcionada a Vegetti, do Vasco<\/title>\n<meta name=\"robots\" content=\"index, follow, max-snippet:-1, max-image-preview:large, max-video-preview:-1\" \/>\n<link rel=\"canonical\" href=\"https:\/\/www.gaveanews.com\/index.php\/2024\/10\/22\/a-declaracao-de-tiago-leifert-direcionada-a-vegetti-do-vasco\/\" \/>\n<meta property=\"og:locale\" content=\"pt_BR\" \/>\n<meta property=\"og:type\" content=\"article\" \/>\n<meta property=\"og:title\" content=\"A declara\u00e7\u00e3o de Tiago Leifert direcionada a Vegetti, do Vasco\" \/>\n<meta property=\"og:description\" content=\"Tiago Leifert destacou recentemente o argentino Vegetti como o melhor centroavante do futebol brasileiro. A declara\u00e7\u00e3o surgiu ap\u00f3s o empate de 1 a 1 entre o Vasco e o Atl\u00e9tico-MG, que levou \u00e0 elimina\u00e7\u00e3o do Cruzmaltino na Copa do Brasil.&nbsp; Vegetti foi respons\u00e1vel pelo gol do Vasco, mostrando mais uma vez sua import\u00e2ncia para a [&hellip;]\" \/>\n<meta property=\"og:url\" content=\"https:\/\/www.gaveanews.com\/index.php\/2024\/10\/22\/a-declaracao-de-tiago-leifert-direcionada-a-vegetti-do-vasco\/\" \/>\n<meta property=\"og:site_name\" content=\"G\u00e1vea News\" \/>\n<meta property=\"article:publisher\" content=\"https:\/\/facebook.com\/gaveaNews\/\" \/>\n<meta property=\"article:published_time\" content=\"2024-10-22T11:10:15+00:00\" \/>\n<meta name=\"author\" content=\"Rafaela Ladeira\" \/>\n<meta name=\"twitter:card\" content=\"summary_large_image\" \/>\n<meta name=\"twitter:label1\" content=\"Escrito por\" \/>\n\t<meta name=\"twitter:data1\" content=\"Rafaela Ladeira\" \/>\n\t<meta name=\"twitter:label2\" content=\"Est. tempo de leitura\" \/>\n\t<meta name=\"twitter:data2\" content=\"3 minutos\" \/>\n<script type=\"application\/ld+json\" class=\"yoast-schema-graph\">{\"@context\":\"https:\/\/schema.org\",\"@graph\":[{\"@type\":\"NewsArticle\",\"@id\":\"https:\/\/www.gaveanews.com\/index.php\/2024\/10\/22\/a-declaracao-de-tiago-leifert-direcionada-a-vegetti-do-vasco\/#article\",\"isPartOf\":{\"@id\":\"https:\/\/www.gaveanews.com\/index.php\/2024\/10\/22\/a-declaracao-de-tiago-leifert-direcionada-a-vegetti-do-vasco\/\"},\"author\":{\"name\":\"Rafaela Ladeira\",\"@id\":\"https:\/\/www.gaveanews.com\/#\/schema\/person\/0eb3e3fe1754f0205218538adbe8f5ed\"},\"headline\":\"A declara\u00e7\u00e3o de Tiago Leifert direcionada a Vegetti, do Vasco\",\"datePublished\":\"2024-10-22T11:10:15+00:00\",\"mainEntityOfPage\":{\"@id\":\"https:\/\/www.gaveanews.com\/index.php\/2024\/10\/22\/a-declaracao-de-tiago-leifert-direcionada-a-vegetti-do-vasco\/\"},\"wordCount\":410,\"commentCount\":0,\"image\":{\"@id\":\"https:\/\/www.gaveanews.com\/index.php\/2024\/10\/22\/a-declaracao-de-tiago-leifert-direcionada-a-vegetti-do-vasco\/#primaryimage\"},\"thumbnailUrl\":\"https:\/\/www.gaveanews.com\/wp-content\/uploads\/Pablo-Vegetti-em-acao-pelo-Vasco.avif\",\"articleSection\":[\"Vasco\"],\"inLanguage\":\"pt-BR\",\"potentialAction\":[{\"@type\":\"CommentAction\",\"name\":\"Comment\",\"target\":[\"https:\/\/www.gaveanews.com\/index.php\/2024\/10\/22\/a-declaracao-de-tiago-leifert-direcionada-a-vegetti-do-vasco\/#respond\"]}],\"copyrightYear\":\"2024\",\"copyrightHolder\":{\"@id\":\"https:\/\/www.gaveanews.com\/#organization\"}},{\"@type\":\"WebPage\",\"@id\":\"https:\/\/www.gaveanews.com\/index.php\/2024\/10\/22\/a-declaracao-de-tiago-leifert-direcionada-a-vegetti-do-vasco\/\",\"url\":\"https:\/\/www.gaveanews.com\/index.php\/2024\/10\/22\/a-declaracao-de-tiago-leifert-direcionada-a-vegetti-do-vasco\/\",\"name\":\"A declara\u00e7\u00e3o de Tiago Leifert direcionada a Vegetti, do Vasco\",\"isPartOf\":{\"@id\":\"https:\/\/www.gaveanews.com\/#website\"},\"primaryImageOfPage\":{\"@id\":\"https:\/\/www.gaveanews.com\/index.php\/2024\/10\/22\/a-declaracao-de-tiago-leifert-direcionada-a-vegetti-do-vasco\/#primaryimage\"},\"image\":{\"@id\":\"https:\/\/www.gaveanews.com\/index.php\/2024\/10\/22\/a-declaracao-de-tiago-leifert-direcionada-a-vegetti-do-vasco\/#primaryimage\"},\"thumbnailUrl\":\"https:\/\/www.gaveanews.com\/wp-content\/uploads\/Pablo-Vegetti-em-acao-pelo-Vasco.avif\",\"datePublished\":\"2024-10-22T11:10:15+00:00\",\"author\":{\"@id\":\"https:\/\/www.gaveanews.com\/#\/schema\/person\/0eb3e3fe1754f0205218538adbe8f5ed\"},\"breadcrumb\":{\"@id\":\"https:\/\/www.gaveanews.com\/index.php\/2024\/10\/22\/a-declaracao-de-tiago-leifert-direcionada-a-vegetti-do-vasco\/#breadcrumb\"},\"inLanguage\":\"pt-BR\",\"potentialAction\":[{\"@type\":\"ReadAction\",\"target\":[\"https:\/\/www.gaveanews.com\/index.php\/2024\/10\/22\/a-declaracao-de-tiago-leifert-direcionada-a-vegetti-do-vasco\/\"]}]},{\"@type\":\"ImageObject\",\"inLanguage\":\"pt-BR\",\"@id\":\"https:\/\/www.gaveanews.com\/index.php\/2024\/10\/22\/a-declaracao-de-tiago-leifert-direcionada-a-vegetti-do-vasco\/#primaryimage\",\"url\":\"https:\/\/www.gaveanews.com\/wp-content\/uploads\/Pablo-Vegetti-em-acao-pelo-Vasco.avif\",\"contentUrl\":\"https:\/\/www.gaveanews.com\/wp-content\/uploads\/Pablo-Vegetti-em-acao-pelo-Vasco.avif\",\"width\":900,\"height\":600,\"caption\":\"Pablo Vegetti em a\u00e7\u00e3o pelo Vasco (Foto: Leandro Amorim\/Vasco)\"},{\"@type\":\"BreadcrumbList\",\"@id\":\"https:\/\/www.gaveanews.com\/index.php\/2024\/10\/22\/a-declaracao-de-tiago-leifert-direcionada-a-vegetti-do-vasco\/#breadcrumb\",\"itemListElement\":[{\"@type\":\"ListItem\",\"position\":1,\"name\":\"Home\",\"item\":\"https:\/\/www.gaveanews.com\/\"},{\"@type\":\"ListItem\",\"position\":2,\"name\":\"A declara\u00e7\u00e3o de Tiago Leifert direcionada a Vegetti, do Vasco\"}]},{\"@type\":\"WebSite\",\"@id\":\"https:\/\/www.gaveanews.com\/#website\",\"url\":\"https:\/\/www.gaveanews.com\/\",\"name\":\"G\u00e1vea News\",\"description\":\"Veja todas as not\u00edcias sobre o Flamengo: Contrata\u00e7\u00f5es, categorias de base, resultados das partidas, tabela de classifica\u00e7\u00e3o, pr\u00f3ximos jogos!\",\"potentialAction\":[{\"@type\":\"SearchAction\",\"target\":{\"@type\":\"EntryPoint\",\"urlTemplate\":\"https:\/\/www.gaveanews.com\/?s={search_term_string}\"},\"query-input\":{\"@type\":\"PropertyValueSpecification\",\"valueRequired\":true,\"valueName\":\"search_term_string\"}}],\"inLanguage\":\"pt-BR\"},{\"@type\":\"Person\",\"@id\":\"https:\/\/www.gaveanews.com\/#\/schema\/person\/0eb3e3fe1754f0205218538adbe8f5ed\",\"name\":\"Rafaela Ladeira\",\"image\":{\"@type\":\"ImageObject\",\"inLanguage\":\"pt-BR\",\"@id\":\"https:\/\/www.gaveanews.com\/#\/schema\/person\/image\/\",\"url\":\"https:\/\/secure.gravatar.com\/avatar\/c31f513acffd85eacab5730cbdfdbbf59f21ba5aeada8cd890acea879fbb2455?s=96&d=mm&r=g\",\"contentUrl\":\"https:\/\/secure.gravatar.com\/avatar\/c31f513acffd85eacab5730cbdfdbbf59f21ba5aeada8cd890acea879fbb2455?s=96&d=mm&r=g\",\"caption\":\"Rafaela Ladeira\"}}]}<\/script>\n<!-- \/ Yoast SEO Premium plugin. -->","yoast_head_json":{"title":"A declara\u00e7\u00e3o de Tiago Leifert direcionada a Vegetti, do Vasco","robots":{"index":"index","follow":"follow","max-snippet":"max-snippet:-1","max-image-preview":"max-image-preview:large","max-video-preview":"max-video-preview:-1"},"canonical":"https:\/\/www.gaveanews.com\/index.php\/2024\/10\/22\/a-declaracao-de-tiago-leifert-direcionada-a-vegetti-do-vasco\/","og_locale":"pt_BR","og_type":"article","og_title":"A declara\u00e7\u00e3o de Tiago Leifert direcionada a Vegetti, do Vasco","og_description":"Tiago Leifert destacou recentemente o argentino Vegetti como o melhor centroavante do futebol brasileiro. A declara\u00e7\u00e3o surgiu ap\u00f3s o empate de 1 a 1 entre o Vasco e o Atl\u00e9tico-MG, que levou \u00e0 elimina\u00e7\u00e3o do Cruzmaltino na Copa do Brasil.&nbsp; Vegetti foi respons\u00e1vel pelo gol do Vasco, mostrando mais uma vez sua import\u00e2ncia para a [&hellip;]","og_url":"https:\/\/www.gaveanews.com\/index.php\/2024\/10\/22\/a-declaracao-de-tiago-leifert-direcionada-a-vegetti-do-vasco\/","og_site_name":"G\u00e1vea News","article_publisher":"https:\/\/facebook.com\/gaveaNews\/","article_published_time":"2024-10-22T11:10:15+00:00","author":"Rafaela Ladeira","twitter_card":"summary_large_image","twitter_misc":{"Escrito por":"Rafaela Ladeira","Est. tempo de leitura":"3 minutos"},"schema":{"@context":"https:\/\/schema.org","@graph":[{"@type":"NewsArticle","@id":"https:\/\/www.gaveanews.com\/index.php\/2024\/10\/22\/a-declaracao-de-tiago-leifert-direcionada-a-vegetti-do-vasco\/#article","isPartOf":{"@id":"https:\/\/www.gaveanews.com\/index.php\/2024\/10\/22\/a-declaracao-de-tiago-leifert-direcionada-a-vegetti-do-vasco\/"},"author":{"name":"Rafaela Ladeira","@id":"https:\/\/www.gaveanews.com\/#\/schema\/person\/0eb3e3fe1754f0205218538adbe8f5ed"},"headline":"A declara\u00e7\u00e3o de Tiago Leifert direcionada a Vegetti, do Vasco","datePublished":"2024-10-22T11:10:15+00:00","mainEntityOfPage":{"@id":"https:\/\/www.gaveanews.com\/index.php\/2024\/10\/22\/a-declaracao-de-tiago-leifert-direcionada-a-vegetti-do-vasco\/"},"wordCount":410,"commentCount":0,"image":{"@id":"https:\/\/www.gaveanews.com\/index.php\/2024\/10\/22\/a-declaracao-de-tiago-leifert-direcionada-a-vegetti-do-vasco\/#primaryimage"},"thumbnailUrl":"https:\/\/www.gaveanews.com\/wp-content\/uploads\/Pablo-Vegetti-em-acao-pelo-Vasco.avif","articleSection":["Vasco"],"inLanguage":"pt-BR","potentialAction":[{"@type":"CommentAction","name":"Comment","target":["https:\/\/www.gaveanews.com\/index.php\/2024\/10\/22\/a-declaracao-de-tiago-leifert-direcionada-a-vegetti-do-vasco\/#respond"]}],"copyrightYear":"2024","copyrightHolder":{"@id":"https:\/\/www.gaveanews.com\/#organization"}},{"@type":"WebPage","@id":"https:\/\/www.gaveanews.com\/index.php\/2024\/10\/22\/a-declaracao-de-tiago-leifert-direcionada-a-vegetti-do-vasco\/","url":"https:\/\/www.gaveanews.com\/index.php\/2024\/10\/22\/a-declaracao-de-tiago-leifert-direcionada-a-vegetti-do-vasco\/","name":"A declara\u00e7\u00e3o de Tiago Leifert direcionada a Vegetti, do Vasco","isPartOf":{"@id":"https:\/\/www.gaveanews.com\/#website"},"primaryImageOfPage":{"@id":"https:\/\/www.gaveanews.com\/index.php\/2024\/10\/22\/a-declaracao-de-tiago-leifert-direcionada-a-vegetti-do-vasco\/#primaryimage"},"image":{"@id":"https:\/\/www.gaveanews.com\/index.php\/2024\/10\/22\/a-declaracao-de-tiago-leifert-direcionada-a-vegetti-do-vasco\/#primaryimage"},"thumbnailUrl":"https:\/\/www.gaveanews.com\/wp-content\/uploads\/Pablo-Vegetti-em-acao-pelo-Vasco.avif","datePublished":"2024-10-22T11:10:15+00:00","author":{"@id":"https:\/\/www.gaveanews.com\/#\/schema\/person\/0eb3e3fe1754f0205218538adbe8f5ed"},"breadcrumb":{"@id":"https:\/\/www.gaveanews.com\/index.php\/2024\/10\/22\/a-declaracao-de-tiago-leifert-direcionada-a-vegetti-do-vasco\/#breadcrumb"},"inLanguage":"pt-BR","potentialAction":[{"@type":"ReadAction","target":["https:\/\/www.gaveanews.com\/index.php\/2024\/10\/22\/a-declaracao-de-tiago-leifert-direcionada-a-vegetti-do-vasco\/"]}]},{"@type":"ImageObject","inLanguage":"pt-BR","@id":"https:\/\/www.gaveanews.com\/index.php\/2024\/10\/22\/a-declaracao-de-tiago-leifert-direcionada-a-vegetti-do-vasco\/#primaryimage","url":"https:\/\/www.gaveanews.com\/wp-content\/uploads\/Pablo-Vegetti-em-acao-pelo-Vasco.avif","contentUrl":"https:\/\/www.gaveanews.com\/wp-content\/uploads\/Pablo-Vegetti-em-acao-pelo-Vasco.avif","width":900,"height":600,"caption":"Pablo Vegetti em a\u00e7\u00e3o pelo Vasco (Foto: Leandro Amorim\/Vasco)"},{"@type":"BreadcrumbList","@id":"https:\/\/www.gaveanews.com\/index.php\/2024\/10\/22\/a-declaracao-de-tiago-leifert-direcionada-a-vegetti-do-vasco\/#breadcrumb","itemListElement":[{"@type":"ListItem","position":1,"name":"Home","item":"https:\/\/www.gaveanews.com\/"},{"@type":"ListItem","position":2,"name":"A declara\u00e7\u00e3o de Tiago Leifert direcionada a Vegetti, do Vasco"}]},{"@type":"WebSite","@id":"https:\/\/www.gaveanews.com\/#website","url":"https:\/\/www.gaveanews.com\/","name":"G\u00e1vea News","description":"Veja todas as not\u00edcias sobre o Flamengo: Contrata\u00e7\u00f5es, categorias de base, resultados das partidas, tabela de classifica\u00e7\u00e3o, pr\u00f3ximos jogos!","potentialAction":[{"@type":"SearchAction","target":{"@type":"EntryPoint","urlTemplate":"https:\/\/www.gaveanews.com\/?s={search_term_string}"},"query-input":{"@type":"PropertyValueSpecification","valueRequired":true,"valueName":"search_term_string"}}],"inLanguage":"pt-BR"},{"@type":"Person","@id":"https:\/\/www.gaveanews.com\/#\/schema\/person\/0eb3e3fe1754f0205218538adbe8f5ed","name":"Rafaela Ladeira","image":{"@type":"ImageObject","inLanguage":"pt-BR","@id":"https:\/\/www.gaveanews.com\/#\/schema\/person\/image\/","url":"https:\/\/secure.gravatar.com\/avatar\/c31f513acffd85eacab5730cbdfdbbf59f21ba5aeada8cd890acea879fbb2455?s=96&d=mm&r=g","contentUrl":"https:\/\/secure.gravatar.com\/avatar\/c31f513acffd85eacab5730cbdfdbbf59f21ba5aeada8cd890acea879fbb2455?s=96&d=mm&r=g","caption":"Rafaela Ladeira"}}]}},"_links":{"self":[{"href":"https:\/\/www.gaveanews.com\/index.php\/wp-json\/wp\/v2\/posts\/176318","targetHints":{"allow":["GET"]}}],"collection":[{"href":"https:\/\/www.gaveanews.com\/index.php\/wp-json\/wp\/v2\/posts"}],"about":[{"href":"https:\/\/www.gaveanews.com\/index.php\/wp-json\/wp\/v2\/types\/post"}],"author":[{"embeddable":true,"href":"https:\/\/www.gaveanews.com\/index.php\/wp-json\/wp\/v2\/users\/25"}],"replies":[{"embeddable":true,"href":"https:\/\/www.gaveanews.com\/index.php\/wp-json\/wp\/v2\/comments?post=176318"}],"version-history":[{"count":1,"href":"https:\/\/www.gaveanews.com\/index.php\/wp-json\/wp\/v2\/posts\/176318\/revisions"}],"predecessor-version":[{"id":176326,"href":"https:\/\/www.gaveanews.com\/index.php\/wp-json\/wp\/v2\/posts\/176318\/revisions\/176326"}],"wp:featuredmedia":[{"embeddable":true,"href":"https:\/\/www.gaveanews.com\/index.php\/wp-json\/wp\/v2\/media\/146070"}],"wp:attachment":[{"href":"https:\/\/www.gaveanews.com\/index.php\/wp-json\/wp\/v2\/media?parent=176318"}],"wp:term":[{"taxonomy":"category","embeddable":true,"href":"https:\/\/www.gaveanews.com\/index.php\/wp-json\/wp\/v2\/categories?post=176318"},{"taxonomy":"post_tag","embeddable":true,"href":"https:\/\/www.gaveanews.com\/index.php\/wp-json\/wp\/v2\/tags?post=176318"}],"curies":[{"name":"wp","href":"https:\/\/api.w.org\/{rel}","templated":true}]}}