{"id":176696,"date":"2024-10-23T14:40:00","date_gmt":"2024-10-23T17:40:00","guid":{"rendered":"https:\/\/www.gaveanews.com\/?p=176696"},"modified":"2024-10-23T10:55:28","modified_gmt":"2024-10-23T13:55:28","slug":"a-declaracao-de-lucas-moura-sobre-a-sua-volta-ao-sao-paulo","status":"publish","type":"post","link":"https:\/\/www.gaveanews.com\/index.php\/2024\/10\/23\/a-declaracao-de-lucas-moura-sobre-a-sua-volta-ao-sao-paulo\/","title":{"rendered":"A declara\u00e7\u00e3o de Lucas Moura sobre a sua volta ao S\u00e3o Paulo"},"content":{"rendered":"\n<h2 class=\"wp-block-heading\" id=\"h-o-atacante-revelou-como-foi-a-volta-para-o-time-que-o-revelou\">O atacante revelou como foi a volta para o time que o revelou <\/h2>\n\n\n\n<p>Aos 32 anos, Lucas Moura, atacante do S\u00e3o Paulo,  revelou \u00e1 revista <em>Placar<\/em> como foi ficar livre de contrato pela primeira vez na carreira, e como decidiu voltar ao clube que o revelou, em uma decis\u00e3o que misturou emo\u00e7\u00e3o e oportunidade. <\/p>\n\n\n\n<p>\u201cEu fiquei livre de contrato pela primeira vez na minha carreira e estava aqui no Brasil, bem na \u00e9poca da semifinal contra o Corinthians. Estava em um resort com a minha fam\u00edlia vendo o primeiro jogo com muitos s\u00e3o-paulinos. Fiquei torcendo, sofrendo, e todo mundo pedia: \u2018Lucas, volta para o segundo jogo\u2019. No dia seguinte, o Milton Cruz me ligou e deu tudo certo.\u201d<\/p>\n\n\n\n<p>Lucas est\u00e1 em uma fase em que o corpo exige mais cuidados. Ele sabe que, embora ainda ame estar em campo, precisa pensar a longo prazo. <\/p>\n\n\n\n<p>\u201cEu queria jogar todos os jogos, \u00e9 o que eu amo fazer, mas precisamos ser inteligentes.\u201d Nos \u00faltimos meses, Lucas enfrentou tr\u00eas les\u00f5es, e ele n\u00e3o esconde a frustra\u00e7\u00e3o com alguns fatores que acredita influenciar diretamente nesse desgaste f\u00edsico: \u201cTem o calend\u00e1rio, as viagens, os gramados\u2026 E os campos sint\u00e9ticos, eu sou totalmente contra. Estamos muito atr\u00e1s nesse sentido. Os jogadores sentem na pele.\u201d<\/p>\n\n\n\n<p>Al\u00e9m das condi\u00e7\u00f5es dos campos, Lucas tamb\u00e9m criticou o ritmo dos jogos no Brasil, que para ele s\u00e3o constantemente interrompidos pela arbitragem. <\/p>\n\n\n\n<p>\u201cAqui se pica muito o jogo com faltinhas. E a gente perde muito tempo reclamando com o juiz, formando aquele bolinho quando vai para o VAR. Precisamos melhorar nossa cultura, n\u00e9? Ainda tem muita cera, simula\u00e7\u00e3o, gandula que some com a bola quando o time est\u00e1 ganhando, e o juiz \u00e0s vezes \u00e9 mais caseiro. L\u00e1 na Europa, n\u00e3o se v\u00ea tanto isso.\u201d<\/p>\n\n\n\n<p>Um dos momentos mais marcantes da carreira de Lucas foi a final da Liga dos Campe\u00f5es de 2019, quando, ap\u00f3s uma atua\u00e7\u00e3o hist\u00f3rica nas semifinais, com tr\u00eas gols contra o Ajax, ele acabou ficando no banco na decis\u00e3o contra o Liverpool. <\/p>\n\n\n\n<p>\u201cFoi um banho de \u00e1gua fria. O natural seria eu jogar. N\u00e3o s\u00f3 pelos gols, mas eu vinha atuando muito bem\u201d, relembra. <\/p>\n\n\n\n<p>\u201cFizemos a prele\u00e7\u00e3o no hotel, e o Pochettino revelou a escala\u00e7\u00e3o. Ficou um clima tenso no \u00f4nibus, todo mundo me olhando. Eu estava \u2018P\u2019 da vida, mas focado em ajudar o time.\u201d <\/p>\n\n\n\n<p>Mesmo com a frustra\u00e7\u00e3o, Lucas guarda boas lembran\u00e7as daquele per\u00edodo. <\/p>\n\n\n\n<p>\u201cProcuro n\u00e3o pensar muito nesse epis\u00f3dio. Fico com a alegria da semifinal e o orgulho de ter jogado uma final de Champions. Sou muito competitivo, mas tenho muito orgulho daquela medalha de prata.\u201d<\/p>\n\n\n\n<p>Lucas tamb\u00e9m se destaca pela sua disposi\u00e7\u00e3o em ajudar o time, mesmo jogando fora de sua posi\u00e7\u00e3o natural. \u201cJogo at\u00e9 de lateral, se precisar. Sou muito coletivo, penso sempre no time\u201d, diz, mas admite que j\u00e1 foi criticado por isso. \u201c\u00c0s vezes dizem que eu deveria ser mais ego\u00edsta.\u201d<\/p>\n\n\n\n<p>Fora de campo, Lucas Moura n\u00e3o foge de quest\u00f5es pol\u00eamicas. Um dos raros momentos em que ele se viu no centro de debates acalorados foi quando declarou apoio \u00e0 candidatura de Jair Bolsonaro em 2018 e 2022. Ele mant\u00e9m sua postura conservadora, mas hoje busca mais cuidado ao expor suas opini\u00f5es. <\/p>\n\n\n\n<p>\u201cTem muita gente que me acompanha e quer saber o que eu penso. E n\u00e3o vejo problema em a minha opini\u00e3o ser diferente da sua. O que me incomoda \u00e9 essa polariza\u00e7\u00e3o, essa briga. N\u00e3o d\u00e1 para conviver normalmente? O mundo \u00e9 assim, as pessoas t\u00eam opini\u00f5es diferentes. Infelizmente, existem os extremos e pessoas que n\u00e3o aceitam as vis\u00f5es alheias&#8221;, finalizou o atacante.1<\/p>\n","protected":false},"excerpt":{"rendered":"<p>O atacante revelou como foi a volta para o time que o revelou Aos 32 anos, Lucas Moura, atacante do S\u00e3o Paulo, revelou \u00e1 revista Placar como foi ficar livre de contrato pela primeira vez na carreira, e como decidiu voltar ao clube que o revelou, em uma decis\u00e3o que misturou emo\u00e7\u00e3o e oportunidade. \u201cEu [&hellip;]<\/p>\n","protected":false},"author":17,"featured_media":143197,"comment_status":"open","ping_status":"closed","sticky":false,"template":"","format":"standard","meta":{"footnotes":""},"categories":[151],"tags":[],"class_list":["post-176696","post","type-post","status-publish","format-standard","has-post-thumbnail","hentry","category-sao-paulo"],"yoast_head":"<!-- This site is optimized with the Yoast SEO Premium plugin v24.2 (Yoast SEO v26.9) - https:\/\/yoast.com\/product\/yoast-seo-premium-wordpress\/ -->\n<title>A declara\u00e7\u00e3o de Lucas Moura sobre a sua volta ao S\u00e3o Paulo<\/title>\n<meta name=\"robots\" content=\"index, follow, max-snippet:-1, max-image-preview:large, max-video-preview:-1\" \/>\n<link rel=\"canonical\" href=\"https:\/\/www.gaveanews.com\/index.php\/2024\/10\/23\/a-declaracao-de-lucas-moura-sobre-a-sua-volta-ao-sao-paulo\/\" \/>\n<meta property=\"og:locale\" content=\"pt_BR\" \/>\n<meta property=\"og:type\" content=\"article\" \/>\n<meta property=\"og:title\" content=\"A declara\u00e7\u00e3o de Lucas Moura sobre a sua volta ao S\u00e3o Paulo\" \/>\n<meta property=\"og:description\" content=\"O atacante revelou como foi a volta para o time que o revelou Aos 32 anos, Lucas Moura, atacante do S\u00e3o Paulo, revelou \u00e1 revista Placar como foi ficar livre de contrato pela primeira vez na carreira, e como decidiu voltar ao clube que o revelou, em uma decis\u00e3o que misturou emo\u00e7\u00e3o e oportunidade. \u201cEu [&hellip;]\" \/>\n<meta property=\"og:url\" content=\"https:\/\/www.gaveanews.com\/index.php\/2024\/10\/23\/a-declaracao-de-lucas-moura-sobre-a-sua-volta-ao-sao-paulo\/\" \/>\n<meta property=\"og:site_name\" content=\"G\u00e1vea News\" \/>\n<meta property=\"article:publisher\" content=\"https:\/\/facebook.com\/gaveaNews\/\" \/>\n<meta property=\"article:published_time\" content=\"2024-10-23T17:40:00+00:00\" \/>\n<meta property=\"og:image\" content=\"https:\/\/www.gaveanews.com\/wp-content\/uploads\/lucas-moura-sao-paulo-2-860x484-1.webp\" \/>\n\t<meta property=\"og:image:width\" content=\"860\" \/>\n\t<meta property=\"og:image:height\" content=\"484\" \/>\n\t<meta property=\"og:image:type\" content=\"image\/webp\" \/>\n<meta name=\"author\" content=\"Geovanna Thomaz\" \/>\n<meta name=\"twitter:card\" content=\"summary_large_image\" \/>\n<meta name=\"twitter:label1\" content=\"Escrito por\" \/>\n\t<meta name=\"twitter:data1\" content=\"Geovanna Thomaz\" \/>\n\t<meta name=\"twitter:label2\" content=\"Est. tempo de leitura\" \/>\n\t<meta name=\"twitter:data2\" content=\"4 minutos\" \/>\n<script type=\"application\/ld+json\" class=\"yoast-schema-graph\">{\"@context\":\"https:\/\/schema.org\",\"@graph\":[{\"@type\":\"NewsArticle\",\"@id\":\"https:\/\/www.gaveanews.com\/index.php\/2024\/10\/23\/a-declaracao-de-lucas-moura-sobre-a-sua-volta-ao-sao-paulo\/#article\",\"isPartOf\":{\"@id\":\"https:\/\/www.gaveanews.com\/index.php\/2024\/10\/23\/a-declaracao-de-lucas-moura-sobre-a-sua-volta-ao-sao-paulo\/\"},\"author\":{\"name\":\"Geovanna Thomaz\",\"@id\":\"https:\/\/www.gaveanews.com\/#\/schema\/person\/f42654babcd2b2014a1a65af82b081f1\"},\"headline\":\"A declara\u00e7\u00e3o de Lucas Moura sobre a sua volta ao S\u00e3o Paulo\",\"datePublished\":\"2024-10-23T17:40:00+00:00\",\"mainEntityOfPage\":{\"@id\":\"https:\/\/www.gaveanews.com\/index.php\/2024\/10\/23\/a-declaracao-de-lucas-moura-sobre-a-sua-volta-ao-sao-paulo\/\"},\"wordCount\":648,\"commentCount\":0,\"image\":{\"@id\":\"https:\/\/www.gaveanews.com\/index.php\/2024\/10\/23\/a-declaracao-de-lucas-moura-sobre-a-sua-volta-ao-sao-paulo\/#primaryimage\"},\"thumbnailUrl\":\"https:\/\/www.gaveanews.com\/wp-content\/uploads\/lucas-moura-sao-paulo-2-860x484-1.webp\",\"articleSection\":[\"S\u00e3o Paulo\"],\"inLanguage\":\"pt-BR\",\"potentialAction\":[{\"@type\":\"CommentAction\",\"name\":\"Comment\",\"target\":[\"https:\/\/www.gaveanews.com\/index.php\/2024\/10\/23\/a-declaracao-de-lucas-moura-sobre-a-sua-volta-ao-sao-paulo\/#respond\"]}],\"copyrightYear\":\"2024\",\"copyrightHolder\":{\"@id\":\"https:\/\/www.gaveanews.com\/#organization\"}},{\"@type\":\"WebPage\",\"@id\":\"https:\/\/www.gaveanews.com\/index.php\/2024\/10\/23\/a-declaracao-de-lucas-moura-sobre-a-sua-volta-ao-sao-paulo\/\",\"url\":\"https:\/\/www.gaveanews.com\/index.php\/2024\/10\/23\/a-declaracao-de-lucas-moura-sobre-a-sua-volta-ao-sao-paulo\/\",\"name\":\"A declara\u00e7\u00e3o de Lucas Moura sobre a sua volta ao S\u00e3o Paulo\",\"isPartOf\":{\"@id\":\"https:\/\/www.gaveanews.com\/#website\"},\"primaryImageOfPage\":{\"@id\":\"https:\/\/www.gaveanews.com\/index.php\/2024\/10\/23\/a-declaracao-de-lucas-moura-sobre-a-sua-volta-ao-sao-paulo\/#primaryimage\"},\"image\":{\"@id\":\"https:\/\/www.gaveanews.com\/index.php\/2024\/10\/23\/a-declaracao-de-lucas-moura-sobre-a-sua-volta-ao-sao-paulo\/#primaryimage\"},\"thumbnailUrl\":\"https:\/\/www.gaveanews.com\/wp-content\/uploads\/lucas-moura-sao-paulo-2-860x484-1.webp\",\"datePublished\":\"2024-10-23T17:40:00+00:00\",\"author\":{\"@id\":\"https:\/\/www.gaveanews.com\/#\/schema\/person\/f42654babcd2b2014a1a65af82b081f1\"},\"breadcrumb\":{\"@id\":\"https:\/\/www.gaveanews.com\/index.php\/2024\/10\/23\/a-declaracao-de-lucas-moura-sobre-a-sua-volta-ao-sao-paulo\/#breadcrumb\"},\"inLanguage\":\"pt-BR\",\"potentialAction\":[{\"@type\":\"ReadAction\",\"target\":[\"https:\/\/www.gaveanews.com\/index.php\/2024\/10\/23\/a-declaracao-de-lucas-moura-sobre-a-sua-volta-ao-sao-paulo\/\"]}]},{\"@type\":\"ImageObject\",\"inLanguage\":\"pt-BR\",\"@id\":\"https:\/\/www.gaveanews.com\/index.php\/2024\/10\/23\/a-declaracao-de-lucas-moura-sobre-a-sua-volta-ao-sao-paulo\/#primaryimage\",\"url\":\"https:\/\/www.gaveanews.com\/wp-content\/uploads\/lucas-moura-sao-paulo-2-860x484-1.webp\",\"contentUrl\":\"https:\/\/www.gaveanews.com\/wp-content\/uploads\/lucas-moura-sao-paulo-2-860x484-1.webp\",\"width\":860,\"height\":484,\"caption\":\"Foto: Divulga\u00e7\u00e3o\/SPFC - Legenda: Lucas deve voltar contra o Barcelona-EQU \/ Jogada10\"},{\"@type\":\"BreadcrumbList\",\"@id\":\"https:\/\/www.gaveanews.com\/index.php\/2024\/10\/23\/a-declaracao-de-lucas-moura-sobre-a-sua-volta-ao-sao-paulo\/#breadcrumb\",\"itemListElement\":[{\"@type\":\"ListItem\",\"position\":1,\"name\":\"Home\",\"item\":\"https:\/\/www.gaveanews.com\/\"},{\"@type\":\"ListItem\",\"position\":2,\"name\":\"A declara\u00e7\u00e3o de Lucas Moura sobre a sua volta ao S\u00e3o Paulo\"}]},{\"@type\":\"WebSite\",\"@id\":\"https:\/\/www.gaveanews.com\/#website\",\"url\":\"https:\/\/www.gaveanews.com\/\",\"name\":\"G\u00e1vea News\",\"description\":\"Veja todas as not\u00edcias sobre o Flamengo: Contrata\u00e7\u00f5es, categorias de base, resultados das partidas, tabela de classifica\u00e7\u00e3o, pr\u00f3ximos jogos!\",\"potentialAction\":[{\"@type\":\"SearchAction\",\"target\":{\"@type\":\"EntryPoint\",\"urlTemplate\":\"https:\/\/www.gaveanews.com\/?s={search_term_string}\"},\"query-input\":{\"@type\":\"PropertyValueSpecification\",\"valueRequired\":true,\"valueName\":\"search_term_string\"}}],\"inLanguage\":\"pt-BR\"},{\"@type\":\"Person\",\"@id\":\"https:\/\/www.gaveanews.com\/#\/schema\/person\/f42654babcd2b2014a1a65af82b081f1\",\"name\":\"Geovanna Thomaz\",\"image\":{\"@type\":\"ImageObject\",\"inLanguage\":\"pt-BR\",\"@id\":\"https:\/\/www.gaveanews.com\/#\/schema\/person\/image\/\",\"url\":\"https:\/\/secure.gravatar.com\/avatar\/4092073255489533afb558984b49b64268c47198af8623cc82a925ae9fb7118a?s=96&d=mm&r=g\",\"contentUrl\":\"https:\/\/secure.gravatar.com\/avatar\/4092073255489533afb558984b49b64268c47198af8623cc82a925ae9fb7118a?s=96&d=mm&r=g\",\"caption\":\"Geovanna Thomaz\"}}]}<\/script>\n<!-- \/ Yoast SEO Premium plugin. -->","yoast_head_json":{"title":"A declara\u00e7\u00e3o de Lucas Moura sobre a sua volta ao S\u00e3o Paulo","robots":{"index":"index","follow":"follow","max-snippet":"max-snippet:-1","max-image-preview":"max-image-preview:large","max-video-preview":"max-video-preview:-1"},"canonical":"https:\/\/www.gaveanews.com\/index.php\/2024\/10\/23\/a-declaracao-de-lucas-moura-sobre-a-sua-volta-ao-sao-paulo\/","og_locale":"pt_BR","og_type":"article","og_title":"A declara\u00e7\u00e3o de Lucas Moura sobre a sua volta ao S\u00e3o Paulo","og_description":"O atacante revelou como foi a volta para o time que o revelou Aos 32 anos, Lucas Moura, atacante do S\u00e3o Paulo, revelou \u00e1 revista Placar como foi ficar livre de contrato pela primeira vez na carreira, e como decidiu voltar ao clube que o revelou, em uma decis\u00e3o que misturou emo\u00e7\u00e3o e oportunidade. \u201cEu [&hellip;]","og_url":"https:\/\/www.gaveanews.com\/index.php\/2024\/10\/23\/a-declaracao-de-lucas-moura-sobre-a-sua-volta-ao-sao-paulo\/","og_site_name":"G\u00e1vea News","article_publisher":"https:\/\/facebook.com\/gaveaNews\/","article_published_time":"2024-10-23T17:40:00+00:00","og_image":[{"width":860,"height":484,"url":"https:\/\/www.gaveanews.com\/wp-content\/uploads\/lucas-moura-sao-paulo-2-860x484-1.webp","type":"image\/webp"}],"author":"Geovanna Thomaz","twitter_card":"summary_large_image","twitter_misc":{"Escrito por":"Geovanna Thomaz","Est. tempo de leitura":"4 minutos"},"schema":{"@context":"https:\/\/schema.org","@graph":[{"@type":"NewsArticle","@id":"https:\/\/www.gaveanews.com\/index.php\/2024\/10\/23\/a-declaracao-de-lucas-moura-sobre-a-sua-volta-ao-sao-paulo\/#article","isPartOf":{"@id":"https:\/\/www.gaveanews.com\/index.php\/2024\/10\/23\/a-declaracao-de-lucas-moura-sobre-a-sua-volta-ao-sao-paulo\/"},"author":{"name":"Geovanna Thomaz","@id":"https:\/\/www.gaveanews.com\/#\/schema\/person\/f42654babcd2b2014a1a65af82b081f1"},"headline":"A declara\u00e7\u00e3o de Lucas Moura sobre a sua volta ao S\u00e3o Paulo","datePublished":"2024-10-23T17:40:00+00:00","mainEntityOfPage":{"@id":"https:\/\/www.gaveanews.com\/index.php\/2024\/10\/23\/a-declaracao-de-lucas-moura-sobre-a-sua-volta-ao-sao-paulo\/"},"wordCount":648,"commentCount":0,"image":{"@id":"https:\/\/www.gaveanews.com\/index.php\/2024\/10\/23\/a-declaracao-de-lucas-moura-sobre-a-sua-volta-ao-sao-paulo\/#primaryimage"},"thumbnailUrl":"https:\/\/www.gaveanews.com\/wp-content\/uploads\/lucas-moura-sao-paulo-2-860x484-1.webp","articleSection":["S\u00e3o Paulo"],"inLanguage":"pt-BR","potentialAction":[{"@type":"CommentAction","name":"Comment","target":["https:\/\/www.gaveanews.com\/index.php\/2024\/10\/23\/a-declaracao-de-lucas-moura-sobre-a-sua-volta-ao-sao-paulo\/#respond"]}],"copyrightYear":"2024","copyrightHolder":{"@id":"https:\/\/www.gaveanews.com\/#organization"}},{"@type":"WebPage","@id":"https:\/\/www.gaveanews.com\/index.php\/2024\/10\/23\/a-declaracao-de-lucas-moura-sobre-a-sua-volta-ao-sao-paulo\/","url":"https:\/\/www.gaveanews.com\/index.php\/2024\/10\/23\/a-declaracao-de-lucas-moura-sobre-a-sua-volta-ao-sao-paulo\/","name":"A declara\u00e7\u00e3o de Lucas Moura sobre a sua volta ao S\u00e3o Paulo","isPartOf":{"@id":"https:\/\/www.gaveanews.com\/#website"},"primaryImageOfPage":{"@id":"https:\/\/www.gaveanews.com\/index.php\/2024\/10\/23\/a-declaracao-de-lucas-moura-sobre-a-sua-volta-ao-sao-paulo\/#primaryimage"},"image":{"@id":"https:\/\/www.gaveanews.com\/index.php\/2024\/10\/23\/a-declaracao-de-lucas-moura-sobre-a-sua-volta-ao-sao-paulo\/#primaryimage"},"thumbnailUrl":"https:\/\/www.gaveanews.com\/wp-content\/uploads\/lucas-moura-sao-paulo-2-860x484-1.webp","datePublished":"2024-10-23T17:40:00+00:00","author":{"@id":"https:\/\/www.gaveanews.com\/#\/schema\/person\/f42654babcd2b2014a1a65af82b081f1"},"breadcrumb":{"@id":"https:\/\/www.gaveanews.com\/index.php\/2024\/10\/23\/a-declaracao-de-lucas-moura-sobre-a-sua-volta-ao-sao-paulo\/#breadcrumb"},"inLanguage":"pt-BR","potentialAction":[{"@type":"ReadAction","target":["https:\/\/www.gaveanews.com\/index.php\/2024\/10\/23\/a-declaracao-de-lucas-moura-sobre-a-sua-volta-ao-sao-paulo\/"]}]},{"@type":"ImageObject","inLanguage":"pt-BR","@id":"https:\/\/www.gaveanews.com\/index.php\/2024\/10\/23\/a-declaracao-de-lucas-moura-sobre-a-sua-volta-ao-sao-paulo\/#primaryimage","url":"https:\/\/www.gaveanews.com\/wp-content\/uploads\/lucas-moura-sao-paulo-2-860x484-1.webp","contentUrl":"https:\/\/www.gaveanews.com\/wp-content\/uploads\/lucas-moura-sao-paulo-2-860x484-1.webp","width":860,"height":484,"caption":"Foto: Divulga\u00e7\u00e3o\/SPFC - Legenda: Lucas deve voltar contra o Barcelona-EQU \/ Jogada10"},{"@type":"BreadcrumbList","@id":"https:\/\/www.gaveanews.com\/index.php\/2024\/10\/23\/a-declaracao-de-lucas-moura-sobre-a-sua-volta-ao-sao-paulo\/#breadcrumb","itemListElement":[{"@type":"ListItem","position":1,"name":"Home","item":"https:\/\/www.gaveanews.com\/"},{"@type":"ListItem","position":2,"name":"A declara\u00e7\u00e3o de Lucas Moura sobre a sua volta ao S\u00e3o Paulo"}]},{"@type":"WebSite","@id":"https:\/\/www.gaveanews.com\/#website","url":"https:\/\/www.gaveanews.com\/","name":"G\u00e1vea News","description":"Veja todas as not\u00edcias sobre o Flamengo: Contrata\u00e7\u00f5es, categorias de base, resultados das partidas, tabela de classifica\u00e7\u00e3o, pr\u00f3ximos jogos!","potentialAction":[{"@type":"SearchAction","target":{"@type":"EntryPoint","urlTemplate":"https:\/\/www.gaveanews.com\/?s={search_term_string}"},"query-input":{"@type":"PropertyValueSpecification","valueRequired":true,"valueName":"search_term_string"}}],"inLanguage":"pt-BR"},{"@type":"Person","@id":"https:\/\/www.gaveanews.com\/#\/schema\/person\/f42654babcd2b2014a1a65af82b081f1","name":"Geovanna Thomaz","image":{"@type":"ImageObject","inLanguage":"pt-BR","@id":"https:\/\/www.gaveanews.com\/#\/schema\/person\/image\/","url":"https:\/\/secure.gravatar.com\/avatar\/4092073255489533afb558984b49b64268c47198af8623cc82a925ae9fb7118a?s=96&d=mm&r=g","contentUrl":"https:\/\/secure.gravatar.com\/avatar\/4092073255489533afb558984b49b64268c47198af8623cc82a925ae9fb7118a?s=96&d=mm&r=g","caption":"Geovanna Thomaz"}}]}},"_links":{"self":[{"href":"https:\/\/www.gaveanews.com\/index.php\/wp-json\/wp\/v2\/posts\/176696","targetHints":{"allow":["GET"]}}],"collection":[{"href":"https:\/\/www.gaveanews.com\/index.php\/wp-json\/wp\/v2\/posts"}],"about":[{"href":"https:\/\/www.gaveanews.com\/index.php\/wp-json\/wp\/v2\/types\/post"}],"author":[{"embeddable":true,"href":"https:\/\/www.gaveanews.com\/index.php\/wp-json\/wp\/v2\/users\/17"}],"replies":[{"embeddable":true,"href":"https:\/\/www.gaveanews.com\/index.php\/wp-json\/wp\/v2\/comments?post=176696"}],"version-history":[{"count":2,"href":"https:\/\/www.gaveanews.com\/index.php\/wp-json\/wp\/v2\/posts\/176696\/revisions"}],"predecessor-version":[{"id":176862,"href":"https:\/\/www.gaveanews.com\/index.php\/wp-json\/wp\/v2\/posts\/176696\/revisions\/176862"}],"wp:featuredmedia":[{"embeddable":true,"href":"https:\/\/www.gaveanews.com\/index.php\/wp-json\/wp\/v2\/media\/143197"}],"wp:attachment":[{"href":"https:\/\/www.gaveanews.com\/index.php\/wp-json\/wp\/v2\/media?parent=176696"}],"wp:term":[{"taxonomy":"category","embeddable":true,"href":"https:\/\/www.gaveanews.com\/index.php\/wp-json\/wp\/v2\/categories?post=176696"},{"taxonomy":"post_tag","embeddable":true,"href":"https:\/\/www.gaveanews.com\/index.php\/wp-json\/wp\/v2\/tags?post=176696"}],"curies":[{"name":"wp","href":"https:\/\/api.w.org\/{rel}","templated":true}]}}