{"id":176855,"date":"2024-10-23T11:20:37","date_gmt":"2024-10-23T14:20:37","guid":{"rendered":"https:\/\/www.gaveanews.com\/?p=176855"},"modified":"2024-10-23T11:11:32","modified_gmt":"2024-10-23T14:11:32","slug":"sormani-crava-times-vao-ser-rebaixados-no-brasileirao","status":"publish","type":"post","link":"https:\/\/www.gaveanews.com\/index.php\/2024\/10\/23\/sormani-crava-times-vao-ser-rebaixados-no-brasileirao\/","title":{"rendered":"Sormani crava times v\u00e3o ser rebaixados no Brasileir\u00e3o"},"content":{"rendered":"\n<p>Sormani, jornalista esportivo, j\u00e1 decidiu quem, para ele, ser\u00e3o os rebaixados do Campeonato Brasileiro deste ano.<\/p>\n\n\n\n<p>Ap\u00f3s o Fluminense disputar mais uma rodada atrasada, contra o confronto direto pelo rebaixamento contra o Athletico, e vencer, o Tricolor Carioca se distanciou mais, jogou o Juventude pr\u00f3ximo da degola e ainda piorou a situa\u00e7\u00e3o do Furac\u00e3o.<\/p>\n\n\n\n<ul class=\"wp-block-list\">\n<li><a href=\"https:\/\/www.gaveanews.com\/index.php\/2024\/10\/23\/sormani-crava-campeao-declaracao-do-presidente-e-jogadores-com-mais-dribles-as-ultimas-noticias-do-atletico-mg\/\">Sormani crava campe\u00e3o, declara\u00e7\u00e3o do presidente e jogadores com mais dribles: as \u00faltimas not\u00edcias do Atl\u00e9tico-Mg<\/a><\/li>\n\n\n\n<li><a href=\"https:\/\/www.gaveanews.com\/index.php\/2024\/10\/22\/flamengo-x-atletico-mg-sormani-crava-campeao-da-copa-do-brasil\/\">Flamengo x Atl\u00e9tico-MG: Sormani crava campe\u00e3o da Copa do Brasil<\/a><\/li>\n<\/ul>\n\n\n\n<p>Para Sormani, o Corinthians vai conseguir escapar do rebaixamento, mesmo atualmente estando em 17\u00ba colocado do Brasileir\u00e3o. O Fluminense, que conseguiu entrar na zona de classifica\u00e7\u00e3o para a Copa Sul Americana, tamb\u00e9m foi poupado pelo jornalista.<\/p>\n\n\n\n<p>\u201cEu acho que Fluminense e Corinthians n\u00e3o v\u00e3o cair!\u201d, disse Sormani, na Placar TV.<\/p>\n\n\n\n<p>Al\u00e9m disso, Sormani crava Atl\u00e9tico Goianiense e Cuiab\u00e1 como os dois primeiros rebaixados e inclui o Athletico Paranaense nessa lista. Al\u00e9m deles, ainda v\u00ea o Vit\u00f3ria com possibilidades de rebaixamento.<\/p>\n\n\n\n<p>\u201cO Vit\u00f3ria, para mim, \u00e9 uma interroga\u00e7\u00e3o [\u2026] Pode botar o Atl\u00e9tico-GO na S\u00e9rie B. O presidente decretou isso. T\u00e1 na S\u00e9rie B. (Cuiab\u00e1) na S\u00e9rie B tamb\u00e9m. J\u00e1 foram pro saco.\u201d, afirmou.<\/p>\n\n\n\n<p>Com o poss\u00edvel rebaixamento do Athletico, Sormani descarta jogar toda a culpa em Cuca e diz que a equipe em um contexto geral foi irregular:<\/p>\n\n\n\n<p>\u201cEsse eu acho que cai. O Athletico-PR \u00e9 um time muito bem estruturado, tem um CT maravilhoso, paga em dia\u2026 eu n\u00e3o sei (o motivo da campanha). N\u00e3o d\u00e1 para imputar o Cuca tudo isso.\u201d, externou.<\/p>\n\n\n\n<h2 class=\"wp-block-heading\" id=\"h-quais-os-jogos-da-proxima-rodada-do-brasileirao\">Quais os jogos da pr\u00f3xima rodada do Brasileir\u00e3o?<\/h2>\n\n\n\n<p>Amanh\u00e3 (24) \u00e0s 19 horas, o Vasco vai jogar contra o Cuiab\u00e1 pela rodada 19 do Brasileir\u00e3o, na \u00e9poca o jogo precisou ser adiado pelos compromissos do Cuiab\u00e1 com a Copa Sul Americana.<\/p>\n\n\n\n<p>Depois disso, o Brasileir\u00e3o esquece as rodadas atrasadas e retorna para disputar a 31\u00ba rodada da competi\u00e7\u00e3o com os seguintes jogos:<\/p>\n\n\n\n<ul class=\"wp-block-list\">\n<li>Gr\u00eamio x Atl\u00e9tico Goianiense &#8211; 26\/10<\/li>\n\n\n\n<li>Vit\u00f3ria x Fluminense &#8211; 26\/10<\/li>\n\n\n\n<li>Flamengo x Juventude &#8211; 26\/10<\/li>\n\n\n\n<li>Palmeiras x Fortaleza &#8211; 26\/10<\/li>\n\n\n\n<li>Athletico Paranaense x Cruzeiro &#8211; 26\/10<\/li>\n\n\n\n<li>Atl\u00e9tico Mineiro x Internacional &#8211; 26\/10<\/li>\n\n\n\n<li>RedBull Brgantino x Botafogo &#8211; 26\/10<\/li>\n\n\n\n<li>Crici\u00fama x S\u00e3o Paulo &#8211; 26\/10<\/li>\n\n\n\n<li>Cuiab\u00e1 x Corinthians &#8211; 28\/10<\/li>\n\n\n\n<li>Vasco x Bahia &#8211; 28\/10<\/li>\n<\/ul>\n\n\n\n<p>Devido as elei\u00e7\u00f5es municipais, a rodada n\u00e3o acontecer\u00e1 no domingo e sim no s\u00e1bado com t\u00e9rmino na segunda-feira.<\/p>\n","protected":false},"excerpt":{"rendered":"<p>Sormani, jornalista esportivo, j\u00e1 decidiu quem, para ele, ser\u00e3o os rebaixados do Campeonato Brasileiro deste ano. Ap\u00f3s o Fluminense disputar mais uma rodada atrasada, contra o confronto direto pelo rebaixamento contra o Athletico, e vencer, o Tricolor Carioca se distanciou mais, jogou o Juventude pr\u00f3ximo da degola e ainda piorou a situa\u00e7\u00e3o do Furac\u00e3o. Para [&hellip;]<\/p>\n","protected":false},"author":19,"featured_media":52970,"comment_status":"open","ping_status":"closed","sticky":false,"template":"","format":"standard","meta":{"footnotes":""},"categories":[134,135,141,144,145,153],"tags":[],"class_list":["post-176855","post","type-post","status-publish","format-standard","has-post-thumbnail","hentry","category-athletico-pr","category-atletico-go","category-corinthians","category-cuiaba","category-fluminense","category-vitoria"],"yoast_head":"<!-- This site is optimized with the Yoast SEO Premium plugin v24.2 (Yoast SEO v26.9) - https:\/\/yoast.com\/product\/yoast-seo-premium-wordpress\/ -->\n<title>Sormani crava times v\u00e3o ser rebaixados no Brasileir\u00e3o<\/title>\n<meta name=\"robots\" content=\"index, follow, max-snippet:-1, max-image-preview:large, max-video-preview:-1\" \/>\n<link rel=\"canonical\" href=\"https:\/\/www.gaveanews.com\/index.php\/2024\/10\/23\/sormani-crava-times-vao-ser-rebaixados-no-brasileirao\/\" \/>\n<meta property=\"og:locale\" content=\"pt_BR\" \/>\n<meta property=\"og:type\" content=\"article\" \/>\n<meta property=\"og:title\" content=\"Sormani crava times v\u00e3o ser rebaixados no Brasileir\u00e3o\" \/>\n<meta property=\"og:description\" content=\"Sormani, jornalista esportivo, j\u00e1 decidiu quem, para ele, ser\u00e3o os rebaixados do Campeonato Brasileiro deste ano. Ap\u00f3s o Fluminense disputar mais uma rodada atrasada, contra o confronto direto pelo rebaixamento contra o Athletico, e vencer, o Tricolor Carioca se distanciou mais, jogou o Juventude pr\u00f3ximo da degola e ainda piorou a situa\u00e7\u00e3o do Furac\u00e3o. Para [&hellip;]\" \/>\n<meta property=\"og:url\" content=\"https:\/\/www.gaveanews.com\/index.php\/2024\/10\/23\/sormani-crava-times-vao-ser-rebaixados-no-brasileirao\/\" \/>\n<meta property=\"og:site_name\" content=\"G\u00e1vea News\" \/>\n<meta property=\"article:publisher\" content=\"https:\/\/facebook.com\/gaveaNews\/\" \/>\n<meta property=\"article:published_time\" content=\"2024-10-23T14:20:37+00:00\" \/>\n<meta property=\"og:image\" content=\"https:\/\/www.gaveanews.com\/wp-content\/uploads\/Sormani-durante-um-programa-da-emissora-Fox-Sports.webp\" \/>\n\t<meta property=\"og:image:width\" content=\"650\" \/>\n\t<meta property=\"og:image:height\" content=\"325\" \/>\n\t<meta property=\"og:image:type\" content=\"image\/jpeg\" \/>\n<meta name=\"author\" content=\"Bruno Zanchetta\" \/>\n<meta name=\"twitter:card\" content=\"summary_large_image\" \/>\n<meta name=\"twitter:label1\" content=\"Escrito por\" \/>\n\t<meta name=\"twitter:data1\" content=\"Bruno Zanchetta\" \/>\n\t<meta name=\"twitter:label2\" content=\"Est. tempo de leitura\" \/>\n\t<meta name=\"twitter:data2\" content=\"3 minutos\" \/>\n<script type=\"application\/ld+json\" class=\"yoast-schema-graph\">{\"@context\":\"https:\/\/schema.org\",\"@graph\":[{\"@type\":\"NewsArticle\",\"@id\":\"https:\/\/www.gaveanews.com\/index.php\/2024\/10\/23\/sormani-crava-times-vao-ser-rebaixados-no-brasileirao\/#article\",\"isPartOf\":{\"@id\":\"https:\/\/www.gaveanews.com\/index.php\/2024\/10\/23\/sormani-crava-times-vao-ser-rebaixados-no-brasileirao\/\"},\"author\":{\"name\":\"Bruno Zanchetta\",\"@id\":\"https:\/\/www.gaveanews.com\/#\/schema\/person\/32fddefab25b466689f181be346cd98c\"},\"headline\":\"Sormani crava times v\u00e3o ser rebaixados no Brasileir\u00e3o\",\"datePublished\":\"2024-10-23T14:20:37+00:00\",\"mainEntityOfPage\":{\"@id\":\"https:\/\/www.gaveanews.com\/index.php\/2024\/10\/23\/sormani-crava-times-vao-ser-rebaixados-no-brasileirao\/\"},\"wordCount\":426,\"commentCount\":0,\"image\":{\"@id\":\"https:\/\/www.gaveanews.com\/index.php\/2024\/10\/23\/sormani-crava-times-vao-ser-rebaixados-no-brasileirao\/#primaryimage\"},\"thumbnailUrl\":\"https:\/\/www.gaveanews.com\/wp-content\/uploads\/Sormani-durante-um-programa-da-emissora-Fox-Sports.webp\",\"articleSection\":[\"Athletico-PR\",\"Atl\u00e9tico-GO\",\"Corinthians\",\"Cuiab\u00e1\",\"Fluminense\",\"Vit\u00f3ria\"],\"inLanguage\":\"pt-BR\",\"potentialAction\":[{\"@type\":\"CommentAction\",\"name\":\"Comment\",\"target\":[\"https:\/\/www.gaveanews.com\/index.php\/2024\/10\/23\/sormani-crava-times-vao-ser-rebaixados-no-brasileirao\/#respond\"]}],\"copyrightYear\":\"2024\",\"copyrightHolder\":{\"@id\":\"https:\/\/www.gaveanews.com\/#organization\"}},{\"@type\":\"WebPage\",\"@id\":\"https:\/\/www.gaveanews.com\/index.php\/2024\/10\/23\/sormani-crava-times-vao-ser-rebaixados-no-brasileirao\/\",\"url\":\"https:\/\/www.gaveanews.com\/index.php\/2024\/10\/23\/sormani-crava-times-vao-ser-rebaixados-no-brasileirao\/\",\"name\":\"Sormani crava times v\u00e3o ser rebaixados no Brasileir\u00e3o\",\"isPartOf\":{\"@id\":\"https:\/\/www.gaveanews.com\/#website\"},\"primaryImageOfPage\":{\"@id\":\"https:\/\/www.gaveanews.com\/index.php\/2024\/10\/23\/sormani-crava-times-vao-ser-rebaixados-no-brasileirao\/#primaryimage\"},\"image\":{\"@id\":\"https:\/\/www.gaveanews.com\/index.php\/2024\/10\/23\/sormani-crava-times-vao-ser-rebaixados-no-brasileirao\/#primaryimage\"},\"thumbnailUrl\":\"https:\/\/www.gaveanews.com\/wp-content\/uploads\/Sormani-durante-um-programa-da-emissora-Fox-Sports.webp\",\"datePublished\":\"2024-10-23T14:20:37+00:00\",\"author\":{\"@id\":\"https:\/\/www.gaveanews.com\/#\/schema\/person\/32fddefab25b466689f181be346cd98c\"},\"breadcrumb\":{\"@id\":\"https:\/\/www.gaveanews.com\/index.php\/2024\/10\/23\/sormani-crava-times-vao-ser-rebaixados-no-brasileirao\/#breadcrumb\"},\"inLanguage\":\"pt-BR\",\"potentialAction\":[{\"@type\":\"ReadAction\",\"target\":[\"https:\/\/www.gaveanews.com\/index.php\/2024\/10\/23\/sormani-crava-times-vao-ser-rebaixados-no-brasileirao\/\"]}]},{\"@type\":\"ImageObject\",\"inLanguage\":\"pt-BR\",\"@id\":\"https:\/\/www.gaveanews.com\/index.php\/2024\/10\/23\/sormani-crava-times-vao-ser-rebaixados-no-brasileirao\/#primaryimage\",\"url\":\"https:\/\/www.gaveanews.com\/wp-content\/uploads\/Sormani-durante-um-programa-da-emissora-Fox-Sports.webp\",\"contentUrl\":\"https:\/\/www.gaveanews.com\/wp-content\/uploads\/Sormani-durante-um-programa-da-emissora-Fox-Sports.webp\",\"width\":650,\"height\":325,\"caption\":\"Sormani durante um programa da emissora Fox Sports (Foto: Reprodu\u00e7\u00e3o)\"},{\"@type\":\"BreadcrumbList\",\"@id\":\"https:\/\/www.gaveanews.com\/index.php\/2024\/10\/23\/sormani-crava-times-vao-ser-rebaixados-no-brasileirao\/#breadcrumb\",\"itemListElement\":[{\"@type\":\"ListItem\",\"position\":1,\"name\":\"Home\",\"item\":\"https:\/\/www.gaveanews.com\/\"},{\"@type\":\"ListItem\",\"position\":2,\"name\":\"Sormani crava times v\u00e3o ser rebaixados no Brasileir\u00e3o\"}]},{\"@type\":\"WebSite\",\"@id\":\"https:\/\/www.gaveanews.com\/#website\",\"url\":\"https:\/\/www.gaveanews.com\/\",\"name\":\"G\u00e1vea News\",\"description\":\"Veja todas as not\u00edcias sobre o Flamengo: Contrata\u00e7\u00f5es, categorias de base, resultados das partidas, tabela de classifica\u00e7\u00e3o, pr\u00f3ximos jogos!\",\"potentialAction\":[{\"@type\":\"SearchAction\",\"target\":{\"@type\":\"EntryPoint\",\"urlTemplate\":\"https:\/\/www.gaveanews.com\/?s={search_term_string}\"},\"query-input\":{\"@type\":\"PropertyValueSpecification\",\"valueRequired\":true,\"valueName\":\"search_term_string\"}}],\"inLanguage\":\"pt-BR\"},{\"@type\":\"Person\",\"@id\":\"https:\/\/www.gaveanews.com\/#\/schema\/person\/32fddefab25b466689f181be346cd98c\",\"name\":\"Bruno Zanchetta\",\"image\":{\"@type\":\"ImageObject\",\"inLanguage\":\"pt-BR\",\"@id\":\"https:\/\/www.gaveanews.com\/#\/schema\/person\/image\/\",\"url\":\"https:\/\/secure.gravatar.com\/avatar\/3ba2d39f8a912ad65276975a996d6ad8d9e3dd13448684be8dc4d7c17099d2ee?s=96&d=mm&r=g\",\"contentUrl\":\"https:\/\/secure.gravatar.com\/avatar\/3ba2d39f8a912ad65276975a996d6ad8d9e3dd13448684be8dc4d7c17099d2ee?s=96&d=mm&r=g\",\"caption\":\"Bruno Zanchetta\"}}]}<\/script>\n<!-- \/ Yoast SEO Premium plugin. -->","yoast_head_json":{"title":"Sormani crava times v\u00e3o ser rebaixados no Brasileir\u00e3o","robots":{"index":"index","follow":"follow","max-snippet":"max-snippet:-1","max-image-preview":"max-image-preview:large","max-video-preview":"max-video-preview:-1"},"canonical":"https:\/\/www.gaveanews.com\/index.php\/2024\/10\/23\/sormani-crava-times-vao-ser-rebaixados-no-brasileirao\/","og_locale":"pt_BR","og_type":"article","og_title":"Sormani crava times v\u00e3o ser rebaixados no Brasileir\u00e3o","og_description":"Sormani, jornalista esportivo, j\u00e1 decidiu quem, para ele, ser\u00e3o os rebaixados do Campeonato Brasileiro deste ano. Ap\u00f3s o Fluminense disputar mais uma rodada atrasada, contra o confronto direto pelo rebaixamento contra o Athletico, e vencer, o Tricolor Carioca se distanciou mais, jogou o Juventude pr\u00f3ximo da degola e ainda piorou a situa\u00e7\u00e3o do Furac\u00e3o. Para [&hellip;]","og_url":"https:\/\/www.gaveanews.com\/index.php\/2024\/10\/23\/sormani-crava-times-vao-ser-rebaixados-no-brasileirao\/","og_site_name":"G\u00e1vea News","article_publisher":"https:\/\/facebook.com\/gaveaNews\/","article_published_time":"2024-10-23T14:20:37+00:00","og_image":[{"width":650,"height":325,"url":"https:\/\/www.gaveanews.com\/wp-content\/uploads\/Sormani-durante-um-programa-da-emissora-Fox-Sports.webp","type":"image\/jpeg"}],"author":"Bruno Zanchetta","twitter_card":"summary_large_image","twitter_misc":{"Escrito por":"Bruno Zanchetta","Est. tempo de leitura":"3 minutos"},"schema":{"@context":"https:\/\/schema.org","@graph":[{"@type":"NewsArticle","@id":"https:\/\/www.gaveanews.com\/index.php\/2024\/10\/23\/sormani-crava-times-vao-ser-rebaixados-no-brasileirao\/#article","isPartOf":{"@id":"https:\/\/www.gaveanews.com\/index.php\/2024\/10\/23\/sormani-crava-times-vao-ser-rebaixados-no-brasileirao\/"},"author":{"name":"Bruno Zanchetta","@id":"https:\/\/www.gaveanews.com\/#\/schema\/person\/32fddefab25b466689f181be346cd98c"},"headline":"Sormani crava times v\u00e3o ser rebaixados no Brasileir\u00e3o","datePublished":"2024-10-23T14:20:37+00:00","mainEntityOfPage":{"@id":"https:\/\/www.gaveanews.com\/index.php\/2024\/10\/23\/sormani-crava-times-vao-ser-rebaixados-no-brasileirao\/"},"wordCount":426,"commentCount":0,"image":{"@id":"https:\/\/www.gaveanews.com\/index.php\/2024\/10\/23\/sormani-crava-times-vao-ser-rebaixados-no-brasileirao\/#primaryimage"},"thumbnailUrl":"https:\/\/www.gaveanews.com\/wp-content\/uploads\/Sormani-durante-um-programa-da-emissora-Fox-Sports.webp","articleSection":["Athletico-PR","Atl\u00e9tico-GO","Corinthians","Cuiab\u00e1","Fluminense","Vit\u00f3ria"],"inLanguage":"pt-BR","potentialAction":[{"@type":"CommentAction","name":"Comment","target":["https:\/\/www.gaveanews.com\/index.php\/2024\/10\/23\/sormani-crava-times-vao-ser-rebaixados-no-brasileirao\/#respond"]}],"copyrightYear":"2024","copyrightHolder":{"@id":"https:\/\/www.gaveanews.com\/#organization"}},{"@type":"WebPage","@id":"https:\/\/www.gaveanews.com\/index.php\/2024\/10\/23\/sormani-crava-times-vao-ser-rebaixados-no-brasileirao\/","url":"https:\/\/www.gaveanews.com\/index.php\/2024\/10\/23\/sormani-crava-times-vao-ser-rebaixados-no-brasileirao\/","name":"Sormani crava times v\u00e3o ser rebaixados no Brasileir\u00e3o","isPartOf":{"@id":"https:\/\/www.gaveanews.com\/#website"},"primaryImageOfPage":{"@id":"https:\/\/www.gaveanews.com\/index.php\/2024\/10\/23\/sormani-crava-times-vao-ser-rebaixados-no-brasileirao\/#primaryimage"},"image":{"@id":"https:\/\/www.gaveanews.com\/index.php\/2024\/10\/23\/sormani-crava-times-vao-ser-rebaixados-no-brasileirao\/#primaryimage"},"thumbnailUrl":"https:\/\/www.gaveanews.com\/wp-content\/uploads\/Sormani-durante-um-programa-da-emissora-Fox-Sports.webp","datePublished":"2024-10-23T14:20:37+00:00","author":{"@id":"https:\/\/www.gaveanews.com\/#\/schema\/person\/32fddefab25b466689f181be346cd98c"},"breadcrumb":{"@id":"https:\/\/www.gaveanews.com\/index.php\/2024\/10\/23\/sormani-crava-times-vao-ser-rebaixados-no-brasileirao\/#breadcrumb"},"inLanguage":"pt-BR","potentialAction":[{"@type":"ReadAction","target":["https:\/\/www.gaveanews.com\/index.php\/2024\/10\/23\/sormani-crava-times-vao-ser-rebaixados-no-brasileirao\/"]}]},{"@type":"ImageObject","inLanguage":"pt-BR","@id":"https:\/\/www.gaveanews.com\/index.php\/2024\/10\/23\/sormani-crava-times-vao-ser-rebaixados-no-brasileirao\/#primaryimage","url":"https:\/\/www.gaveanews.com\/wp-content\/uploads\/Sormani-durante-um-programa-da-emissora-Fox-Sports.webp","contentUrl":"https:\/\/www.gaveanews.com\/wp-content\/uploads\/Sormani-durante-um-programa-da-emissora-Fox-Sports.webp","width":650,"height":325,"caption":"Sormani durante um programa da emissora Fox Sports (Foto: Reprodu\u00e7\u00e3o)"},{"@type":"BreadcrumbList","@id":"https:\/\/www.gaveanews.com\/index.php\/2024\/10\/23\/sormani-crava-times-vao-ser-rebaixados-no-brasileirao\/#breadcrumb","itemListElement":[{"@type":"ListItem","position":1,"name":"Home","item":"https:\/\/www.gaveanews.com\/"},{"@type":"ListItem","position":2,"name":"Sormani crava times v\u00e3o ser rebaixados no Brasileir\u00e3o"}]},{"@type":"WebSite","@id":"https:\/\/www.gaveanews.com\/#website","url":"https:\/\/www.gaveanews.com\/","name":"G\u00e1vea News","description":"Veja todas as not\u00edcias sobre o Flamengo: Contrata\u00e7\u00f5es, categorias de base, resultados das partidas, tabela de classifica\u00e7\u00e3o, pr\u00f3ximos jogos!","potentialAction":[{"@type":"SearchAction","target":{"@type":"EntryPoint","urlTemplate":"https:\/\/www.gaveanews.com\/?s={search_term_string}"},"query-input":{"@type":"PropertyValueSpecification","valueRequired":true,"valueName":"search_term_string"}}],"inLanguage":"pt-BR"},{"@type":"Person","@id":"https:\/\/www.gaveanews.com\/#\/schema\/person\/32fddefab25b466689f181be346cd98c","name":"Bruno Zanchetta","image":{"@type":"ImageObject","inLanguage":"pt-BR","@id":"https:\/\/www.gaveanews.com\/#\/schema\/person\/image\/","url":"https:\/\/secure.gravatar.com\/avatar\/3ba2d39f8a912ad65276975a996d6ad8d9e3dd13448684be8dc4d7c17099d2ee?s=96&d=mm&r=g","contentUrl":"https:\/\/secure.gravatar.com\/avatar\/3ba2d39f8a912ad65276975a996d6ad8d9e3dd13448684be8dc4d7c17099d2ee?s=96&d=mm&r=g","caption":"Bruno Zanchetta"}}]}},"_links":{"self":[{"href":"https:\/\/www.gaveanews.com\/index.php\/wp-json\/wp\/v2\/posts\/176855","targetHints":{"allow":["GET"]}}],"collection":[{"href":"https:\/\/www.gaveanews.com\/index.php\/wp-json\/wp\/v2\/posts"}],"about":[{"href":"https:\/\/www.gaveanews.com\/index.php\/wp-json\/wp\/v2\/types\/post"}],"author":[{"embeddable":true,"href":"https:\/\/www.gaveanews.com\/index.php\/wp-json\/wp\/v2\/users\/19"}],"replies":[{"embeddable":true,"href":"https:\/\/www.gaveanews.com\/index.php\/wp-json\/wp\/v2\/comments?post=176855"}],"version-history":[{"count":2,"href":"https:\/\/www.gaveanews.com\/index.php\/wp-json\/wp\/v2\/posts\/176855\/revisions"}],"predecessor-version":[{"id":176883,"href":"https:\/\/www.gaveanews.com\/index.php\/wp-json\/wp\/v2\/posts\/176855\/revisions\/176883"}],"wp:featuredmedia":[{"embeddable":true,"href":"https:\/\/www.gaveanews.com\/index.php\/wp-json\/wp\/v2\/media\/52970"}],"wp:attachment":[{"href":"https:\/\/www.gaveanews.com\/index.php\/wp-json\/wp\/v2\/media?parent=176855"}],"wp:term":[{"taxonomy":"category","embeddable":true,"href":"https:\/\/www.gaveanews.com\/index.php\/wp-json\/wp\/v2\/categories?post=176855"},{"taxonomy":"post_tag","embeddable":true,"href":"https:\/\/www.gaveanews.com\/index.php\/wp-json\/wp\/v2\/tags?post=176855"}],"curies":[{"name":"wp","href":"https:\/\/api.w.org\/{rel}","templated":true}]}}