{"id":176899,"date":"2024-10-23T17:50:00","date_gmt":"2024-10-23T20:50:00","guid":{"rendered":"https:\/\/www.gaveanews.com\/?p=176899"},"modified":"2024-10-23T13:34:59","modified_gmt":"2024-10-23T16:34:59","slug":"corinthians-x-palmeiras-sera-disputado-em-dia-alternativo","status":"publish","type":"post","link":"https:\/\/www.gaveanews.com\/index.php\/2024\/10\/23\/corinthians-x-palmeiras-sera-disputado-em-dia-alternativo\/","title":{"rendered":"Corinthians x Palmeiras ser\u00e1 disputado em dia alternativo"},"content":{"rendered":"\n<p>O cl\u00e1ssico paulista entre Corinthians e Palmeiras, v\u00e1lido pela 32\u00aa rodada do Brasileir\u00e3o, acontecer\u00e1 em um dia e hor\u00e1rio pouco comuns no futebol brasileiro: segunda-feira, 4 de novembro, \u00e0s 20h, na Neo Qu\u00edmica Arena. A Confedera\u00e7\u00e3o Brasileira de Futebol (CBF) divulgou a tabela detalhada e, com isso, o confronto ser\u00e1 o \u00fanico jogo do campeonato na data.&nbsp;<\/p>\n\n\n\n<ul class=\"wp-block-list\">\n<li><a href=\"https:\/\/www.gaveanews.com\/index.php\/2024\/10\/23\/luto-multicampeao-pelo-palmeiras-morre\/\">Luto! Multicampe\u00e3o pelo Palmeiras morre<\/a><\/li>\n\n\n\n<li><a href=\"https:\/\/www.gaveanews.com\/index.php\/2024\/10\/23\/a-declaracao-de-galvao-bueno-direcionada-a-filipe-luis-apos-o-jogo-contra-o-corinthians\/\">A declara\u00e7\u00e3o de Galv\u00e3o Bueno direcionada a Filipe Lu\u00eds ap\u00f3s o jogo contra o Corinthians<\/a><\/li>\n<\/ul>\n\n\n\n<h2 class=\"wp-block-heading\" id=\"h-preparacao-do-palmeiras-e-a-expectativa-de-raphael-veiga\">Prepara\u00e7\u00e3o do Palmeiras e a expectativa de Raphael Veiga<\/h2>\n\n\n\n<p>Antes do aguardado cl\u00e1ssico, o Palmeiras encara o Fortaleza no s\u00e1bado, 2 de novembro, no Allianz Parque. A partida \u00e9 vista como uma \u00faltima oportunidade para ajustes t\u00e1ticos e descanso dos titulares, que precisar\u00e3o estar 100% para a partida.&nbsp;<\/p>\n\n\n\n<p>O meia Raphael Veiga, pe\u00e7a essencial no elenco alviverde, brincou sobre a possibilidade de alcan\u00e7ar a marca de 100 gols pelo clube justamente contra o maior rival:<\/p>\n\n\n\n<p>\u201cVou fazer de tudo para ser antes, contra o Fortaleza, mas n\u00e3o vai ser ruim se fizer contra o Corinthians\u201d, comentou Veiga ao <em>GE<\/em>.<\/p>\n\n\n\n<h2 class=\"wp-block-heading\" id=\"h-um-classico-que-pode-decidir-os-rumos-no-campeonato\">Um cl\u00e1ssico que pode decidir os rumos no campeonato<\/h2>\n\n\n\n<p>O Corinthians vive um momento de instabilidade no Brasileir\u00e3o, enquanto o Palmeiras busca consolidar sua posi\u00e7\u00e3o entre os primeiros colocados.<\/p>\n\n\n\n<p>Sendo assim, o cl\u00e1ssico pode ser decisivo para os rumos de ambas as equipes. Vale destacar que um bom resultado na Neo Qu\u00edmica Arena n\u00e3o \u00e9 apenas quest\u00e3o de honra para as duas equipes, mas tamb\u00e9m fundamental para as ambi\u00e7\u00f5es no torneio.<\/p>\n\n\n\n<h2 class=\"wp-block-heading\" id=\"h-rodadas-apertadas-e-calendario-cheio\">Rodadas apertadas e calend\u00e1rio cheio<\/h2>\n\n\n\n<p>A 32\u00aa rodada se estende por v\u00e1rios dias, come\u00e7ando em 2 de novembro e terminando no dia 6. J\u00e1 a 33\u00aa rodada, inicia apenas dois dias ap\u00f3s o cl\u00e1ssico.Dessa maneira, a sequ\u00eancia exigir\u00e1 planejamento para evitar desgaste dos jogadores. Da\u00ed a import\u00e2ncia do elenco alternar pe\u00e7as nas pr\u00f3ximas semanas.<\/p>\n\n\n\n<p>A Neo Qu\u00edmica Arena estar\u00e1 lotada, e o clima de decis\u00e3o estar\u00e1 presente tanto nas arquibancadas quanto dentro de campo.<\/p>\n","protected":false},"excerpt":{"rendered":"<p>O cl\u00e1ssico paulista entre Corinthians e Palmeiras, v\u00e1lido pela 32\u00aa rodada do Brasileir\u00e3o, acontecer\u00e1 em um dia e hor\u00e1rio pouco comuns no futebol brasileiro: segunda-feira, 4 de novembro, \u00e0s 20h, na Neo Qu\u00edmica Arena. A Confedera\u00e7\u00e3o Brasileira de Futebol (CBF) divulgou a tabela detalhada e, com isso, o confronto ser\u00e1 o \u00fanico jogo do campeonato [&hellip;]<\/p>\n","protected":false},"author":24,"featured_media":148666,"comment_status":"open","ping_status":"closed","sticky":false,"template":"","format":"standard","meta":{"footnotes":""},"categories":[141,150],"tags":[],"class_list":["post-176899","post","type-post","status-publish","format-standard","has-post-thumbnail","hentry","category-corinthians","category-palmeiras"],"yoast_head":"<!-- This site is optimized with the Yoast SEO Premium plugin v24.2 (Yoast SEO v26.9) - https:\/\/yoast.com\/product\/yoast-seo-premium-wordpress\/ -->\n<title>Corinthians x Palmeiras ser\u00e1 disputado em dia alternativo<\/title>\n<meta name=\"robots\" content=\"index, follow, max-snippet:-1, max-image-preview:large, max-video-preview:-1\" \/>\n<link rel=\"canonical\" href=\"https:\/\/www.gaveanews.com\/index.php\/2024\/10\/23\/corinthians-x-palmeiras-sera-disputado-em-dia-alternativo\/\" \/>\n<meta property=\"og:locale\" content=\"pt_BR\" \/>\n<meta property=\"og:type\" content=\"article\" \/>\n<meta property=\"og:title\" content=\"Corinthians x Palmeiras ser\u00e1 disputado em dia alternativo\" \/>\n<meta property=\"og:description\" content=\"O cl\u00e1ssico paulista entre Corinthians e Palmeiras, v\u00e1lido pela 32\u00aa rodada do Brasileir\u00e3o, acontecer\u00e1 em um dia e hor\u00e1rio pouco comuns no futebol brasileiro: segunda-feira, 4 de novembro, \u00e0s 20h, na Neo Qu\u00edmica Arena. A Confedera\u00e7\u00e3o Brasileira de Futebol (CBF) divulgou a tabela detalhada e, com isso, o confronto ser\u00e1 o \u00fanico jogo do campeonato [&hellip;]\" \/>\n<meta property=\"og:url\" content=\"https:\/\/www.gaveanews.com\/index.php\/2024\/10\/23\/corinthians-x-palmeiras-sera-disputado-em-dia-alternativo\/\" \/>\n<meta property=\"og:site_name\" content=\"G\u00e1vea News\" \/>\n<meta property=\"article:publisher\" content=\"https:\/\/facebook.com\/gaveaNews\/\" \/>\n<meta property=\"article:published_time\" content=\"2024-10-23T20:50:00+00:00\" \/>\n<meta name=\"author\" content=\"Leandro Cardoso\" \/>\n<meta name=\"twitter:card\" content=\"summary_large_image\" \/>\n<meta name=\"twitter:label1\" content=\"Escrito por\" \/>\n\t<meta name=\"twitter:data1\" content=\"Leandro Cardoso\" \/>\n\t<meta name=\"twitter:label2\" content=\"Est. tempo de leitura\" \/>\n\t<meta name=\"twitter:data2\" content=\"2 minutos\" \/>\n<script type=\"application\/ld+json\" class=\"yoast-schema-graph\">{\"@context\":\"https:\/\/schema.org\",\"@graph\":[{\"@type\":\"NewsArticle\",\"@id\":\"https:\/\/www.gaveanews.com\/index.php\/2024\/10\/23\/corinthians-x-palmeiras-sera-disputado-em-dia-alternativo\/#article\",\"isPartOf\":{\"@id\":\"https:\/\/www.gaveanews.com\/index.php\/2024\/10\/23\/corinthians-x-palmeiras-sera-disputado-em-dia-alternativo\/\"},\"author\":{\"name\":\"Leandro Cardoso\",\"@id\":\"https:\/\/www.gaveanews.com\/#\/schema\/person\/2424ec6409bc3f068411fc5e4e9b6168\"},\"headline\":\"Corinthians x Palmeiras ser\u00e1 disputado em dia alternativo\",\"datePublished\":\"2024-10-23T20:50:00+00:00\",\"mainEntityOfPage\":{\"@id\":\"https:\/\/www.gaveanews.com\/index.php\/2024\/10\/23\/corinthians-x-palmeiras-sera-disputado-em-dia-alternativo\/\"},\"wordCount\":360,\"commentCount\":0,\"image\":{\"@id\":\"https:\/\/www.gaveanews.com\/index.php\/2024\/10\/23\/corinthians-x-palmeiras-sera-disputado-em-dia-alternativo\/#primaryimage\"},\"thumbnailUrl\":\"https:\/\/www.gaveanews.com\/wp-content\/uploads\/53537019192-d6f1701e34-o-1.avif\",\"articleSection\":[\"Corinthians\",\"Palmeiras\"],\"inLanguage\":\"pt-BR\",\"potentialAction\":[{\"@type\":\"CommentAction\",\"name\":\"Comment\",\"target\":[\"https:\/\/www.gaveanews.com\/index.php\/2024\/10\/23\/corinthians-x-palmeiras-sera-disputado-em-dia-alternativo\/#respond\"]}],\"copyrightYear\":\"2024\",\"copyrightHolder\":{\"@id\":\"https:\/\/www.gaveanews.com\/#organization\"}},{\"@type\":\"WebPage\",\"@id\":\"https:\/\/www.gaveanews.com\/index.php\/2024\/10\/23\/corinthians-x-palmeiras-sera-disputado-em-dia-alternativo\/\",\"url\":\"https:\/\/www.gaveanews.com\/index.php\/2024\/10\/23\/corinthians-x-palmeiras-sera-disputado-em-dia-alternativo\/\",\"name\":\"Corinthians x Palmeiras ser\u00e1 disputado em dia alternativo\",\"isPartOf\":{\"@id\":\"https:\/\/www.gaveanews.com\/#website\"},\"primaryImageOfPage\":{\"@id\":\"https:\/\/www.gaveanews.com\/index.php\/2024\/10\/23\/corinthians-x-palmeiras-sera-disputado-em-dia-alternativo\/#primaryimage\"},\"image\":{\"@id\":\"https:\/\/www.gaveanews.com\/index.php\/2024\/10\/23\/corinthians-x-palmeiras-sera-disputado-em-dia-alternativo\/#primaryimage\"},\"thumbnailUrl\":\"https:\/\/www.gaveanews.com\/wp-content\/uploads\/53537019192-d6f1701e34-o-1.avif\",\"datePublished\":\"2024-10-23T20:50:00+00:00\",\"author\":{\"@id\":\"https:\/\/www.gaveanews.com\/#\/schema\/person\/2424ec6409bc3f068411fc5e4e9b6168\"},\"breadcrumb\":{\"@id\":\"https:\/\/www.gaveanews.com\/index.php\/2024\/10\/23\/corinthians-x-palmeiras-sera-disputado-em-dia-alternativo\/#breadcrumb\"},\"inLanguage\":\"pt-BR\",\"potentialAction\":[{\"@type\":\"ReadAction\",\"target\":[\"https:\/\/www.gaveanews.com\/index.php\/2024\/10\/23\/corinthians-x-palmeiras-sera-disputado-em-dia-alternativo\/\"]}]},{\"@type\":\"ImageObject\",\"inLanguage\":\"pt-BR\",\"@id\":\"https:\/\/www.gaveanews.com\/index.php\/2024\/10\/23\/corinthians-x-palmeiras-sera-disputado-em-dia-alternativo\/#primaryimage\",\"url\":\"https:\/\/www.gaveanews.com\/wp-content\/uploads\/53537019192-d6f1701e34-o-1.avif\",\"contentUrl\":\"https:\/\/www.gaveanews.com\/wp-content\/uploads\/53537019192-d6f1701e34-o-1.avif\",\"width\":984,\"height\":553,\"caption\":\"Naves em Palmeiras x Corinthians \u2014 Foto: Fabio Menotti\/Palmeiras\"},{\"@type\":\"BreadcrumbList\",\"@id\":\"https:\/\/www.gaveanews.com\/index.php\/2024\/10\/23\/corinthians-x-palmeiras-sera-disputado-em-dia-alternativo\/#breadcrumb\",\"itemListElement\":[{\"@type\":\"ListItem\",\"position\":1,\"name\":\"Home\",\"item\":\"https:\/\/www.gaveanews.com\/\"},{\"@type\":\"ListItem\",\"position\":2,\"name\":\"Corinthians x Palmeiras ser\u00e1 disputado em dia alternativo\"}]},{\"@type\":\"WebSite\",\"@id\":\"https:\/\/www.gaveanews.com\/#website\",\"url\":\"https:\/\/www.gaveanews.com\/\",\"name\":\"G\u00e1vea News\",\"description\":\"Veja todas as not\u00edcias sobre o Flamengo: Contrata\u00e7\u00f5es, categorias de base, resultados das partidas, tabela de classifica\u00e7\u00e3o, pr\u00f3ximos jogos!\",\"potentialAction\":[{\"@type\":\"SearchAction\",\"target\":{\"@type\":\"EntryPoint\",\"urlTemplate\":\"https:\/\/www.gaveanews.com\/?s={search_term_string}\"},\"query-input\":{\"@type\":\"PropertyValueSpecification\",\"valueRequired\":true,\"valueName\":\"search_term_string\"}}],\"inLanguage\":\"pt-BR\"},{\"@type\":\"Person\",\"@id\":\"https:\/\/www.gaveanews.com\/#\/schema\/person\/2424ec6409bc3f068411fc5e4e9b6168\",\"name\":\"Leandro Cardoso\",\"image\":{\"@type\":\"ImageObject\",\"inLanguage\":\"pt-BR\",\"@id\":\"https:\/\/www.gaveanews.com\/#\/schema\/person\/image\/\",\"url\":\"https:\/\/secure.gravatar.com\/avatar\/8ca179f9b55eefe9f376f5493ef25475bfa59fbc28ce937f6076ce20e523098f?s=96&d=mm&r=g\",\"contentUrl\":\"https:\/\/secure.gravatar.com\/avatar\/8ca179f9b55eefe9f376f5493ef25475bfa59fbc28ce937f6076ce20e523098f?s=96&d=mm&r=g\",\"caption\":\"Leandro Cardoso\"}}]}<\/script>\n<!-- \/ Yoast SEO Premium plugin. -->","yoast_head_json":{"title":"Corinthians x Palmeiras ser\u00e1 disputado em dia alternativo","robots":{"index":"index","follow":"follow","max-snippet":"max-snippet:-1","max-image-preview":"max-image-preview:large","max-video-preview":"max-video-preview:-1"},"canonical":"https:\/\/www.gaveanews.com\/index.php\/2024\/10\/23\/corinthians-x-palmeiras-sera-disputado-em-dia-alternativo\/","og_locale":"pt_BR","og_type":"article","og_title":"Corinthians x Palmeiras ser\u00e1 disputado em dia alternativo","og_description":"O cl\u00e1ssico paulista entre Corinthians e Palmeiras, v\u00e1lido pela 32\u00aa rodada do Brasileir\u00e3o, acontecer\u00e1 em um dia e hor\u00e1rio pouco comuns no futebol brasileiro: segunda-feira, 4 de novembro, \u00e0s 20h, na Neo Qu\u00edmica Arena. A Confedera\u00e7\u00e3o Brasileira de Futebol (CBF) divulgou a tabela detalhada e, com isso, o confronto ser\u00e1 o \u00fanico jogo do campeonato [&hellip;]","og_url":"https:\/\/www.gaveanews.com\/index.php\/2024\/10\/23\/corinthians-x-palmeiras-sera-disputado-em-dia-alternativo\/","og_site_name":"G\u00e1vea News","article_publisher":"https:\/\/facebook.com\/gaveaNews\/","article_published_time":"2024-10-23T20:50:00+00:00","author":"Leandro Cardoso","twitter_card":"summary_large_image","twitter_misc":{"Escrito por":"Leandro Cardoso","Est. tempo de leitura":"2 minutos"},"schema":{"@context":"https:\/\/schema.org","@graph":[{"@type":"NewsArticle","@id":"https:\/\/www.gaveanews.com\/index.php\/2024\/10\/23\/corinthians-x-palmeiras-sera-disputado-em-dia-alternativo\/#article","isPartOf":{"@id":"https:\/\/www.gaveanews.com\/index.php\/2024\/10\/23\/corinthians-x-palmeiras-sera-disputado-em-dia-alternativo\/"},"author":{"name":"Leandro Cardoso","@id":"https:\/\/www.gaveanews.com\/#\/schema\/person\/2424ec6409bc3f068411fc5e4e9b6168"},"headline":"Corinthians x Palmeiras ser\u00e1 disputado em dia alternativo","datePublished":"2024-10-23T20:50:00+00:00","mainEntityOfPage":{"@id":"https:\/\/www.gaveanews.com\/index.php\/2024\/10\/23\/corinthians-x-palmeiras-sera-disputado-em-dia-alternativo\/"},"wordCount":360,"commentCount":0,"image":{"@id":"https:\/\/www.gaveanews.com\/index.php\/2024\/10\/23\/corinthians-x-palmeiras-sera-disputado-em-dia-alternativo\/#primaryimage"},"thumbnailUrl":"https:\/\/www.gaveanews.com\/wp-content\/uploads\/53537019192-d6f1701e34-o-1.avif","articleSection":["Corinthians","Palmeiras"],"inLanguage":"pt-BR","potentialAction":[{"@type":"CommentAction","name":"Comment","target":["https:\/\/www.gaveanews.com\/index.php\/2024\/10\/23\/corinthians-x-palmeiras-sera-disputado-em-dia-alternativo\/#respond"]}],"copyrightYear":"2024","copyrightHolder":{"@id":"https:\/\/www.gaveanews.com\/#organization"}},{"@type":"WebPage","@id":"https:\/\/www.gaveanews.com\/index.php\/2024\/10\/23\/corinthians-x-palmeiras-sera-disputado-em-dia-alternativo\/","url":"https:\/\/www.gaveanews.com\/index.php\/2024\/10\/23\/corinthians-x-palmeiras-sera-disputado-em-dia-alternativo\/","name":"Corinthians x Palmeiras ser\u00e1 disputado em dia alternativo","isPartOf":{"@id":"https:\/\/www.gaveanews.com\/#website"},"primaryImageOfPage":{"@id":"https:\/\/www.gaveanews.com\/index.php\/2024\/10\/23\/corinthians-x-palmeiras-sera-disputado-em-dia-alternativo\/#primaryimage"},"image":{"@id":"https:\/\/www.gaveanews.com\/index.php\/2024\/10\/23\/corinthians-x-palmeiras-sera-disputado-em-dia-alternativo\/#primaryimage"},"thumbnailUrl":"https:\/\/www.gaveanews.com\/wp-content\/uploads\/53537019192-d6f1701e34-o-1.avif","datePublished":"2024-10-23T20:50:00+00:00","author":{"@id":"https:\/\/www.gaveanews.com\/#\/schema\/person\/2424ec6409bc3f068411fc5e4e9b6168"},"breadcrumb":{"@id":"https:\/\/www.gaveanews.com\/index.php\/2024\/10\/23\/corinthians-x-palmeiras-sera-disputado-em-dia-alternativo\/#breadcrumb"},"inLanguage":"pt-BR","potentialAction":[{"@type":"ReadAction","target":["https:\/\/www.gaveanews.com\/index.php\/2024\/10\/23\/corinthians-x-palmeiras-sera-disputado-em-dia-alternativo\/"]}]},{"@type":"ImageObject","inLanguage":"pt-BR","@id":"https:\/\/www.gaveanews.com\/index.php\/2024\/10\/23\/corinthians-x-palmeiras-sera-disputado-em-dia-alternativo\/#primaryimage","url":"https:\/\/www.gaveanews.com\/wp-content\/uploads\/53537019192-d6f1701e34-o-1.avif","contentUrl":"https:\/\/www.gaveanews.com\/wp-content\/uploads\/53537019192-d6f1701e34-o-1.avif","width":984,"height":553,"caption":"Naves em Palmeiras x Corinthians \u2014 Foto: Fabio Menotti\/Palmeiras"},{"@type":"BreadcrumbList","@id":"https:\/\/www.gaveanews.com\/index.php\/2024\/10\/23\/corinthians-x-palmeiras-sera-disputado-em-dia-alternativo\/#breadcrumb","itemListElement":[{"@type":"ListItem","position":1,"name":"Home","item":"https:\/\/www.gaveanews.com\/"},{"@type":"ListItem","position":2,"name":"Corinthians x Palmeiras ser\u00e1 disputado em dia alternativo"}]},{"@type":"WebSite","@id":"https:\/\/www.gaveanews.com\/#website","url":"https:\/\/www.gaveanews.com\/","name":"G\u00e1vea News","description":"Veja todas as not\u00edcias sobre o Flamengo: Contrata\u00e7\u00f5es, categorias de base, resultados das partidas, tabela de classifica\u00e7\u00e3o, pr\u00f3ximos jogos!","potentialAction":[{"@type":"SearchAction","target":{"@type":"EntryPoint","urlTemplate":"https:\/\/www.gaveanews.com\/?s={search_term_string}"},"query-input":{"@type":"PropertyValueSpecification","valueRequired":true,"valueName":"search_term_string"}}],"inLanguage":"pt-BR"},{"@type":"Person","@id":"https:\/\/www.gaveanews.com\/#\/schema\/person\/2424ec6409bc3f068411fc5e4e9b6168","name":"Leandro Cardoso","image":{"@type":"ImageObject","inLanguage":"pt-BR","@id":"https:\/\/www.gaveanews.com\/#\/schema\/person\/image\/","url":"https:\/\/secure.gravatar.com\/avatar\/8ca179f9b55eefe9f376f5493ef25475bfa59fbc28ce937f6076ce20e523098f?s=96&d=mm&r=g","contentUrl":"https:\/\/secure.gravatar.com\/avatar\/8ca179f9b55eefe9f376f5493ef25475bfa59fbc28ce937f6076ce20e523098f?s=96&d=mm&r=g","caption":"Leandro Cardoso"}}]}},"_links":{"self":[{"href":"https:\/\/www.gaveanews.com\/index.php\/wp-json\/wp\/v2\/posts\/176899","targetHints":{"allow":["GET"]}}],"collection":[{"href":"https:\/\/www.gaveanews.com\/index.php\/wp-json\/wp\/v2\/posts"}],"about":[{"href":"https:\/\/www.gaveanews.com\/index.php\/wp-json\/wp\/v2\/types\/post"}],"author":[{"embeddable":true,"href":"https:\/\/www.gaveanews.com\/index.php\/wp-json\/wp\/v2\/users\/24"}],"replies":[{"embeddable":true,"href":"https:\/\/www.gaveanews.com\/index.php\/wp-json\/wp\/v2\/comments?post=176899"}],"version-history":[{"count":1,"href":"https:\/\/www.gaveanews.com\/index.php\/wp-json\/wp\/v2\/posts\/176899\/revisions"}],"predecessor-version":[{"id":176900,"href":"https:\/\/www.gaveanews.com\/index.php\/wp-json\/wp\/v2\/posts\/176899\/revisions\/176900"}],"wp:featuredmedia":[{"embeddable":true,"href":"https:\/\/www.gaveanews.com\/index.php\/wp-json\/wp\/v2\/media\/148666"}],"wp:attachment":[{"href":"https:\/\/www.gaveanews.com\/index.php\/wp-json\/wp\/v2\/media?parent=176899"}],"wp:term":[{"taxonomy":"category","embeddable":true,"href":"https:\/\/www.gaveanews.com\/index.php\/wp-json\/wp\/v2\/categories?post=176899"},{"taxonomy":"post_tag","embeddable":true,"href":"https:\/\/www.gaveanews.com\/index.php\/wp-json\/wp\/v2\/tags?post=176899"}],"curies":[{"name":"wp","href":"https:\/\/api.w.org\/{rel}","templated":true}]}}