{"id":17695,"date":"2019-04-15T07:30:29","date_gmt":"2019-04-15T10:30:29","guid":{"rendered":"https:\/\/www.gaveanews.com\/?p=17695"},"modified":"2019-04-15T06:02:15","modified_gmt":"2019-04-15T09:02:15","slug":"conmebol-divulga-escala-de-arbitragem-para-a-quinta-rodada-da-libertadores","status":"publish","type":"post","link":"https:\/\/www.gaveanews.com\/index.php\/2019\/04\/15\/conmebol-divulga-escala-de-arbitragem-para-a-quinta-rodada-da-libertadores\/","title":{"rendered":"Conmebol divulga escala de arbitragem para a quinta rodada da Libertadores"},"content":{"rendered":"\n<p>A Copa Conmebol Libertadores da Am\u00e9rica de 2019 est\u00e1 chegando em seu momento decisivo. E enquanto alguns times respiram por aparelhos, outros, j\u00e1 na pr\u00f3xima rodada, podem definir suas respectivas classifica\u00e7\u00f5es para as oitavas de final da competi\u00e7\u00e3o continental. <\/p>\n\n\n\n<p>Vale citar que na fase de grupos, ainda restam sete brasileiros (Atl\u00e9tico Mineiro, Athletico Paranaense, Cruzeiro, Flamengo, Internacional, Gr\u00eamio e Palmeiras) que sonham em conquistar mais um t\u00edtulo para o pa\u00eds.<\/p>\n\n\n\n<p>No \u00faltimo domingo (14 de abril), a Conmebol divulgou a escala de arbitragem para a quinta rodada que acontecer\u00e1 entre os dias 23 a 25 de abril. <\/p>\n\n\n\n<p><strong>Veja a escala para a pr\u00f3xima rodada:<\/strong><\/p>\n\n\n\n<figure class=\"wp-block-image\"><img decoding=\"async\" src=\"https:\/\/pbs.twimg.com\/media\/D4ErcSLX4AAKxso.webp\" alt=\"\"\/><figcaption>Escala de arbitragem para a quinta rodada da fase de grupos da Libertadores (Foto: Reprodu\u00e7\u00e3o)<\/figcaption><\/figure>\n\n\n\n<figure class=\"wp-block-image\"><img decoding=\"async\" src=\"https:\/\/pbs.twimg.com\/media\/D4ErZr0X4AAc_eW.webp\" alt=\"\"\/><figcaption>Escala de arbitragem para a quinta rodada da fase de grupos da Libertadores (Foto: Reprodu\u00e7\u00e3o) <\/figcaption><\/figure>\n\n\n\n\n\n<p>Adaptado de: Torcedores<\/p>\n","protected":false},"excerpt":{"rendered":"<p>A Copa Conmebol Libertadores da Am\u00e9rica de 2019 est\u00e1 chegando em seu momento decisivo. E enquanto alguns times respiram por aparelhos, outros, j\u00e1 na pr\u00f3xima rodada, podem definir suas respectivas classifica\u00e7\u00f5es para as oitavas de final da competi\u00e7\u00e3o continental. Vale citar que na fase de grupos, ainda restam sete brasileiros (Atl\u00e9tico Mineiro, Athletico Paranaense, Cruzeiro, [&hellip;]<\/p>\n","protected":false},"author":1,"featured_media":14851,"comment_status":"open","ping_status":"open","sticky":false,"template":"","format":"standard","meta":{"footnotes":""},"categories":[1],"tags":[],"class_list":["post-17695","post","type-post","status-publish","format-standard","has-post-thumbnail","hentry","category-flamengo"],"yoast_head":"<!-- This site is optimized with the Yoast SEO Premium plugin v24.2 (Yoast SEO v26.9) - https:\/\/yoast.com\/product\/yoast-seo-premium-wordpress\/ -->\n<title>Conmebol divulga escala de arbitragem para a quinta rodada da Libertadores<\/title>\n<meta name=\"robots\" content=\"index, follow, max-snippet:-1, max-image-preview:large, max-video-preview:-1\" \/>\n<link rel=\"canonical\" href=\"https:\/\/www.gaveanews.com\/index.php\/2019\/04\/15\/conmebol-divulga-escala-de-arbitragem-para-a-quinta-rodada-da-libertadores\/\" \/>\n<meta property=\"og:locale\" content=\"pt_BR\" \/>\n<meta property=\"og:type\" content=\"article\" \/>\n<meta property=\"og:title\" content=\"Conmebol divulga escala de arbitragem para a quinta rodada da Libertadores\" \/>\n<meta property=\"og:description\" content=\"A Copa Conmebol Libertadores da Am\u00e9rica de 2019 est\u00e1 chegando em seu momento decisivo. E enquanto alguns times respiram por aparelhos, outros, j\u00e1 na pr\u00f3xima rodada, podem definir suas respectivas classifica\u00e7\u00f5es para as oitavas de final da competi\u00e7\u00e3o continental. Vale citar que na fase de grupos, ainda restam sete brasileiros (Atl\u00e9tico Mineiro, Athletico Paranaense, Cruzeiro, [&hellip;]\" \/>\n<meta property=\"og:url\" content=\"https:\/\/www.gaveanews.com\/index.php\/2019\/04\/15\/conmebol-divulga-escala-de-arbitragem-para-a-quinta-rodada-da-libertadores\/\" \/>\n<meta property=\"og:site_name\" content=\"G\u00e1vea News\" \/>\n<meta property=\"article:publisher\" content=\"https:\/\/facebook.com\/gaveaNews\/\" \/>\n<meta property=\"article:published_time\" content=\"2019-04-15T10:30:29+00:00\" \/>\n<meta property=\"og:image\" content=\"https:\/\/www.gaveanews.com\/wp-content\/uploads\/2019\/03\/Taca-da-Copa-Libertadores-da-America.webp\" \/>\n\t<meta property=\"og:image:width\" content=\"1\" \/>\n\t<meta property=\"og:image:height\" content=\"1\" \/>\n\t<meta property=\"og:image:type\" content=\"image\/jpeg\" \/>\n<meta name=\"author\" content=\"Equipe G\u00e1vea News\" \/>\n<meta name=\"twitter:card\" content=\"summary_large_image\" \/>\n<meta name=\"twitter:label1\" content=\"Escrito por\" \/>\n\t<meta name=\"twitter:data1\" content=\"Equipe G\u00e1vea News\" \/>\n\t<meta name=\"twitter:label2\" content=\"Est. tempo de leitura\" \/>\n\t<meta name=\"twitter:data2\" content=\"1 minuto\" \/>\n<script type=\"application\/ld+json\" class=\"yoast-schema-graph\">{\"@context\":\"https:\/\/schema.org\",\"@graph\":[{\"@type\":\"NewsArticle\",\"@id\":\"https:\/\/www.gaveanews.com\/index.php\/2019\/04\/15\/conmebol-divulga-escala-de-arbitragem-para-a-quinta-rodada-da-libertadores\/#article\",\"isPartOf\":{\"@id\":\"https:\/\/www.gaveanews.com\/index.php\/2019\/04\/15\/conmebol-divulga-escala-de-arbitragem-para-a-quinta-rodada-da-libertadores\/\"},\"author\":{\"name\":\"Equipe G\u00e1vea News\",\"@id\":\"https:\/\/www.gaveanews.com\/#\/schema\/person\/2ec14f73fb96be2caf28f91afb14749d\"},\"headline\":\"Conmebol divulga escala de arbitragem para a quinta rodada da Libertadores\",\"datePublished\":\"2019-04-15T10:30:29+00:00\",\"mainEntityOfPage\":{\"@id\":\"https:\/\/www.gaveanews.com\/index.php\/2019\/04\/15\/conmebol-divulga-escala-de-arbitragem-para-a-quinta-rodada-da-libertadores\/\"},\"wordCount\":155,\"commentCount\":0,\"image\":{\"@id\":\"https:\/\/www.gaveanews.com\/index.php\/2019\/04\/15\/conmebol-divulga-escala-de-arbitragem-para-a-quinta-rodada-da-libertadores\/#primaryimage\"},\"thumbnailUrl\":\"https:\/\/www.gaveanews.com\/wp-content\/uploads\/2019\/03\/Taca-da-Copa-Libertadores-da-America.webp\",\"articleSection\":[\"Flamengo\"],\"inLanguage\":\"pt-BR\",\"potentialAction\":[{\"@type\":\"CommentAction\",\"name\":\"Comment\",\"target\":[\"https:\/\/www.gaveanews.com\/index.php\/2019\/04\/15\/conmebol-divulga-escala-de-arbitragem-para-a-quinta-rodada-da-libertadores\/#respond\"]}],\"copyrightYear\":\"2019\",\"copyrightHolder\":{\"@id\":\"https:\/\/www.gaveanews.com\/#organization\"}},{\"@type\":\"WebPage\",\"@id\":\"https:\/\/www.gaveanews.com\/index.php\/2019\/04\/15\/conmebol-divulga-escala-de-arbitragem-para-a-quinta-rodada-da-libertadores\/\",\"url\":\"https:\/\/www.gaveanews.com\/index.php\/2019\/04\/15\/conmebol-divulga-escala-de-arbitragem-para-a-quinta-rodada-da-libertadores\/\",\"name\":\"Conmebol divulga escala de arbitragem para a quinta rodada da Libertadores\",\"isPartOf\":{\"@id\":\"https:\/\/www.gaveanews.com\/#website\"},\"primaryImageOfPage\":{\"@id\":\"https:\/\/www.gaveanews.com\/index.php\/2019\/04\/15\/conmebol-divulga-escala-de-arbitragem-para-a-quinta-rodada-da-libertadores\/#primaryimage\"},\"image\":{\"@id\":\"https:\/\/www.gaveanews.com\/index.php\/2019\/04\/15\/conmebol-divulga-escala-de-arbitragem-para-a-quinta-rodada-da-libertadores\/#primaryimage\"},\"thumbnailUrl\":\"https:\/\/www.gaveanews.com\/wp-content\/uploads\/2019\/03\/Taca-da-Copa-Libertadores-da-America.webp\",\"datePublished\":\"2019-04-15T10:30:29+00:00\",\"author\":{\"@id\":\"https:\/\/www.gaveanews.com\/#\/schema\/person\/2ec14f73fb96be2caf28f91afb14749d\"},\"breadcrumb\":{\"@id\":\"https:\/\/www.gaveanews.com\/index.php\/2019\/04\/15\/conmebol-divulga-escala-de-arbitragem-para-a-quinta-rodada-da-libertadores\/#breadcrumb\"},\"inLanguage\":\"pt-BR\",\"potentialAction\":[{\"@type\":\"ReadAction\",\"target\":[\"https:\/\/www.gaveanews.com\/index.php\/2019\/04\/15\/conmebol-divulga-escala-de-arbitragem-para-a-quinta-rodada-da-libertadores\/\"]}]},{\"@type\":\"ImageObject\",\"inLanguage\":\"pt-BR\",\"@id\":\"https:\/\/www.gaveanews.com\/index.php\/2019\/04\/15\/conmebol-divulga-escala-de-arbitragem-para-a-quinta-rodada-da-libertadores\/#primaryimage\",\"url\":\"https:\/\/www.gaveanews.com\/wp-content\/uploads\/2019\/03\/Taca-da-Copa-Libertadores-da-America.webp\",\"contentUrl\":\"https:\/\/www.gaveanews.com\/wp-content\/uploads\/2019\/03\/Taca-da-Copa-Libertadores-da-America.webp\",\"caption\":\"Ta\u00e7a da Copa Libertadores da Am\u00e9rica (Foto: Divulga\u00e7\u00e3o\/Conmebol)\"},{\"@type\":\"BreadcrumbList\",\"@id\":\"https:\/\/www.gaveanews.com\/index.php\/2019\/04\/15\/conmebol-divulga-escala-de-arbitragem-para-a-quinta-rodada-da-libertadores\/#breadcrumb\",\"itemListElement\":[{\"@type\":\"ListItem\",\"position\":1,\"name\":\"Home\",\"item\":\"https:\/\/www.gaveanews.com\/\"},{\"@type\":\"ListItem\",\"position\":2,\"name\":\"Conmebol divulga escala de arbitragem para a quinta rodada da Libertadores\"}]},{\"@type\":\"WebSite\",\"@id\":\"https:\/\/www.gaveanews.com\/#website\",\"url\":\"https:\/\/www.gaveanews.com\/\",\"name\":\"G\u00e1vea News\",\"description\":\"Veja todas as not\u00edcias sobre o Flamengo: Contrata\u00e7\u00f5es, categorias de base, resultados das partidas, tabela de classifica\u00e7\u00e3o, pr\u00f3ximos jogos!\",\"potentialAction\":[{\"@type\":\"SearchAction\",\"target\":{\"@type\":\"EntryPoint\",\"urlTemplate\":\"https:\/\/www.gaveanews.com\/?s={search_term_string}\"},\"query-input\":{\"@type\":\"PropertyValueSpecification\",\"valueRequired\":true,\"valueName\":\"search_term_string\"}}],\"inLanguage\":\"pt-BR\"},{\"@type\":\"Person\",\"@id\":\"https:\/\/www.gaveanews.com\/#\/schema\/person\/2ec14f73fb96be2caf28f91afb14749d\",\"name\":\"Equipe G\u00e1vea News\",\"image\":{\"@type\":\"ImageObject\",\"inLanguage\":\"pt-BR\",\"@id\":\"https:\/\/www.gaveanews.com\/#\/schema\/person\/image\/\",\"url\":\"https:\/\/secure.gravatar.com\/avatar\/1e1956f1facbffd3f8fa53a326721950116b3b9dc9bd44939c01180fd4a745a9?s=96&d=mm&r=g\",\"contentUrl\":\"https:\/\/secure.gravatar.com\/avatar\/1e1956f1facbffd3f8fa53a326721950116b3b9dc9bd44939c01180fd4a745a9?s=96&d=mm&r=g\",\"caption\":\"Equipe G\u00e1vea News\"}}]}<\/script>\n<!-- \/ Yoast SEO Premium plugin. -->","yoast_head_json":{"title":"Conmebol divulga escala de arbitragem para a quinta rodada da Libertadores","robots":{"index":"index","follow":"follow","max-snippet":"max-snippet:-1","max-image-preview":"max-image-preview:large","max-video-preview":"max-video-preview:-1"},"canonical":"https:\/\/www.gaveanews.com\/index.php\/2019\/04\/15\/conmebol-divulga-escala-de-arbitragem-para-a-quinta-rodada-da-libertadores\/","og_locale":"pt_BR","og_type":"article","og_title":"Conmebol divulga escala de arbitragem para a quinta rodada da Libertadores","og_description":"A Copa Conmebol Libertadores da Am\u00e9rica de 2019 est\u00e1 chegando em seu momento decisivo. E enquanto alguns times respiram por aparelhos, outros, j\u00e1 na pr\u00f3xima rodada, podem definir suas respectivas classifica\u00e7\u00f5es para as oitavas de final da competi\u00e7\u00e3o continental. Vale citar que na fase de grupos, ainda restam sete brasileiros (Atl\u00e9tico Mineiro, Athletico Paranaense, Cruzeiro, [&hellip;]","og_url":"https:\/\/www.gaveanews.com\/index.php\/2019\/04\/15\/conmebol-divulga-escala-de-arbitragem-para-a-quinta-rodada-da-libertadores\/","og_site_name":"G\u00e1vea News","article_publisher":"https:\/\/facebook.com\/gaveaNews\/","article_published_time":"2019-04-15T10:30:29+00:00","og_image":[{"url":"https:\/\/www.gaveanews.com\/wp-content\/uploads\/2019\/03\/Taca-da-Copa-Libertadores-da-America.webp","width":1,"height":1,"type":"image\/jpeg"}],"author":"Equipe G\u00e1vea News","twitter_card":"summary_large_image","twitter_misc":{"Escrito por":"Equipe G\u00e1vea News","Est. tempo de leitura":"1 minuto"},"schema":{"@context":"https:\/\/schema.org","@graph":[{"@type":"NewsArticle","@id":"https:\/\/www.gaveanews.com\/index.php\/2019\/04\/15\/conmebol-divulga-escala-de-arbitragem-para-a-quinta-rodada-da-libertadores\/#article","isPartOf":{"@id":"https:\/\/www.gaveanews.com\/index.php\/2019\/04\/15\/conmebol-divulga-escala-de-arbitragem-para-a-quinta-rodada-da-libertadores\/"},"author":{"name":"Equipe G\u00e1vea News","@id":"https:\/\/www.gaveanews.com\/#\/schema\/person\/2ec14f73fb96be2caf28f91afb14749d"},"headline":"Conmebol divulga escala de arbitragem para a quinta rodada da Libertadores","datePublished":"2019-04-15T10:30:29+00:00","mainEntityOfPage":{"@id":"https:\/\/www.gaveanews.com\/index.php\/2019\/04\/15\/conmebol-divulga-escala-de-arbitragem-para-a-quinta-rodada-da-libertadores\/"},"wordCount":155,"commentCount":0,"image":{"@id":"https:\/\/www.gaveanews.com\/index.php\/2019\/04\/15\/conmebol-divulga-escala-de-arbitragem-para-a-quinta-rodada-da-libertadores\/#primaryimage"},"thumbnailUrl":"https:\/\/www.gaveanews.com\/wp-content\/uploads\/2019\/03\/Taca-da-Copa-Libertadores-da-America.webp","articleSection":["Flamengo"],"inLanguage":"pt-BR","potentialAction":[{"@type":"CommentAction","name":"Comment","target":["https:\/\/www.gaveanews.com\/index.php\/2019\/04\/15\/conmebol-divulga-escala-de-arbitragem-para-a-quinta-rodada-da-libertadores\/#respond"]}],"copyrightYear":"2019","copyrightHolder":{"@id":"https:\/\/www.gaveanews.com\/#organization"}},{"@type":"WebPage","@id":"https:\/\/www.gaveanews.com\/index.php\/2019\/04\/15\/conmebol-divulga-escala-de-arbitragem-para-a-quinta-rodada-da-libertadores\/","url":"https:\/\/www.gaveanews.com\/index.php\/2019\/04\/15\/conmebol-divulga-escala-de-arbitragem-para-a-quinta-rodada-da-libertadores\/","name":"Conmebol divulga escala de arbitragem para a quinta rodada da Libertadores","isPartOf":{"@id":"https:\/\/www.gaveanews.com\/#website"},"primaryImageOfPage":{"@id":"https:\/\/www.gaveanews.com\/index.php\/2019\/04\/15\/conmebol-divulga-escala-de-arbitragem-para-a-quinta-rodada-da-libertadores\/#primaryimage"},"image":{"@id":"https:\/\/www.gaveanews.com\/index.php\/2019\/04\/15\/conmebol-divulga-escala-de-arbitragem-para-a-quinta-rodada-da-libertadores\/#primaryimage"},"thumbnailUrl":"https:\/\/www.gaveanews.com\/wp-content\/uploads\/2019\/03\/Taca-da-Copa-Libertadores-da-America.webp","datePublished":"2019-04-15T10:30:29+00:00","author":{"@id":"https:\/\/www.gaveanews.com\/#\/schema\/person\/2ec14f73fb96be2caf28f91afb14749d"},"breadcrumb":{"@id":"https:\/\/www.gaveanews.com\/index.php\/2019\/04\/15\/conmebol-divulga-escala-de-arbitragem-para-a-quinta-rodada-da-libertadores\/#breadcrumb"},"inLanguage":"pt-BR","potentialAction":[{"@type":"ReadAction","target":["https:\/\/www.gaveanews.com\/index.php\/2019\/04\/15\/conmebol-divulga-escala-de-arbitragem-para-a-quinta-rodada-da-libertadores\/"]}]},{"@type":"ImageObject","inLanguage":"pt-BR","@id":"https:\/\/www.gaveanews.com\/index.php\/2019\/04\/15\/conmebol-divulga-escala-de-arbitragem-para-a-quinta-rodada-da-libertadores\/#primaryimage","url":"https:\/\/www.gaveanews.com\/wp-content\/uploads\/2019\/03\/Taca-da-Copa-Libertadores-da-America.webp","contentUrl":"https:\/\/www.gaveanews.com\/wp-content\/uploads\/2019\/03\/Taca-da-Copa-Libertadores-da-America.webp","caption":"Ta\u00e7a da Copa Libertadores da Am\u00e9rica (Foto: Divulga\u00e7\u00e3o\/Conmebol)"},{"@type":"BreadcrumbList","@id":"https:\/\/www.gaveanews.com\/index.php\/2019\/04\/15\/conmebol-divulga-escala-de-arbitragem-para-a-quinta-rodada-da-libertadores\/#breadcrumb","itemListElement":[{"@type":"ListItem","position":1,"name":"Home","item":"https:\/\/www.gaveanews.com\/"},{"@type":"ListItem","position":2,"name":"Conmebol divulga escala de arbitragem para a quinta rodada da Libertadores"}]},{"@type":"WebSite","@id":"https:\/\/www.gaveanews.com\/#website","url":"https:\/\/www.gaveanews.com\/","name":"G\u00e1vea News","description":"Veja todas as not\u00edcias sobre o Flamengo: Contrata\u00e7\u00f5es, categorias de base, resultados das partidas, tabela de classifica\u00e7\u00e3o, pr\u00f3ximos jogos!","potentialAction":[{"@type":"SearchAction","target":{"@type":"EntryPoint","urlTemplate":"https:\/\/www.gaveanews.com\/?s={search_term_string}"},"query-input":{"@type":"PropertyValueSpecification","valueRequired":true,"valueName":"search_term_string"}}],"inLanguage":"pt-BR"},{"@type":"Person","@id":"https:\/\/www.gaveanews.com\/#\/schema\/person\/2ec14f73fb96be2caf28f91afb14749d","name":"Equipe G\u00e1vea News","image":{"@type":"ImageObject","inLanguage":"pt-BR","@id":"https:\/\/www.gaveanews.com\/#\/schema\/person\/image\/","url":"https:\/\/secure.gravatar.com\/avatar\/1e1956f1facbffd3f8fa53a326721950116b3b9dc9bd44939c01180fd4a745a9?s=96&d=mm&r=g","contentUrl":"https:\/\/secure.gravatar.com\/avatar\/1e1956f1facbffd3f8fa53a326721950116b3b9dc9bd44939c01180fd4a745a9?s=96&d=mm&r=g","caption":"Equipe G\u00e1vea News"}}]}},"_links":{"self":[{"href":"https:\/\/www.gaveanews.com\/index.php\/wp-json\/wp\/v2\/posts\/17695","targetHints":{"allow":["GET"]}}],"collection":[{"href":"https:\/\/www.gaveanews.com\/index.php\/wp-json\/wp\/v2\/posts"}],"about":[{"href":"https:\/\/www.gaveanews.com\/index.php\/wp-json\/wp\/v2\/types\/post"}],"author":[{"embeddable":true,"href":"https:\/\/www.gaveanews.com\/index.php\/wp-json\/wp\/v2\/users\/1"}],"replies":[{"embeddable":true,"href":"https:\/\/www.gaveanews.com\/index.php\/wp-json\/wp\/v2\/comments?post=17695"}],"version-history":[{"count":0,"href":"https:\/\/www.gaveanews.com\/index.php\/wp-json\/wp\/v2\/posts\/17695\/revisions"}],"wp:featuredmedia":[{"embeddable":true,"href":"https:\/\/www.gaveanews.com\/index.php\/wp-json\/wp\/v2\/media\/14851"}],"wp:attachment":[{"href":"https:\/\/www.gaveanews.com\/index.php\/wp-json\/wp\/v2\/media?parent=17695"}],"wp:term":[{"taxonomy":"category","embeddable":true,"href":"https:\/\/www.gaveanews.com\/index.php\/wp-json\/wp\/v2\/categories?post=17695"},{"taxonomy":"post_tag","embeddable":true,"href":"https:\/\/www.gaveanews.com\/index.php\/wp-json\/wp\/v2\/tags?post=17695"}],"curies":[{"name":"wp","href":"https:\/\/api.w.org\/{rel}","templated":true}]}}