{"id":177005,"date":"2024-10-23T23:20:00","date_gmt":"2024-10-24T02:20:00","guid":{"rendered":"https:\/\/www.gaveanews.com\/?p=177005"},"modified":"2024-10-23T19:58:28","modified_gmt":"2024-10-23T22:58:28","slug":"o-motivo-pelo-qual-nene-nao-jogou-o-jogo-entre-juventude-x-palmeiras","status":"publish","type":"post","link":"https:\/\/www.gaveanews.com\/index.php\/2024\/10\/23\/o-motivo-pelo-qual-nene-nao-jogou-o-jogo-entre-juventude-x-palmeiras\/","title":{"rendered":"O motivo pelo qual Nen\u00ea n\u00e3o jogou o jogo entre Juventude x Palmeiras"},"content":{"rendered":"\n<p>No \u00faltimo domingo (20), o meia Nen\u00ea, de 43 anos, que est\u00e1 atualmente atuando no Juve, n\u00e3o participou do jogo entre o Juventude e o Palmeiras.<\/p>\n\n\n\n<ul class=\"wp-block-list\">\n<li><a href=\"https:\/\/www.gaveanews.com\/index.php\/2024\/10\/22\/diretoria-do-palmeiras-toma-atitude-importante-nos-bastidores-apos-o-jogo-contra-o-juventude\/\">Diretoria do Palmeiras toma atitude importante nos bastidores ap\u00f3s o jogo contra o Juventude<\/a><\/li>\n\n\n\n<li><a href=\"https:\/\/www.gaveanews.com\/index.php\/2024\/10\/21\/abel-ferreira-do-palmeiras-manda-recado-para-o-juventude\/\">Abel Ferreira, do Palmeiras, manda recado para o Juventude<\/a><\/li>\n<\/ul>\n\n\n\n<p>Isso porque o sistema da Confedera\u00e7\u00e3o Brasileira de Futebol (CBF) informou que havia uma pend\u00eancia do jogador com o Superior Tribunal de Justi\u00e7a Desportiva (STJD).<\/p>\n\n\n\n<p>Com isso, por motivos de precau\u00e7\u00e3o, a equipe ga\u00facha optou por n\u00e3o escalar o seu atleta para o jogo que ocorreu neste final de semana.<\/p>\n\n\n\n<h2 class=\"wp-block-heading\" id=\"h-erro-da-entidade-maxima-da-justica-esportiva\">Erro da entidade m\u00e1xima da Justi\u00e7a esportiva<\/h2>\n\n\n\n<p>Contudo, a entidade m\u00e1xima da Justi\u00e7a esportiva ainda ir\u00e1 esclarecer que provavelmente houve um erro no sistema.<\/p>\n\n\n\n<p>Onde diz que n\u00e3o existia nenhuma pend\u00eancia do jogador, segundo uma informa\u00e7\u00e3o publicada pelo portal de not\u00edcias Metr\u00f3poles.<\/p>\n\n\n\n<p>Contudo, o STJD ainda garante que o departamento jur\u00eddico do Juventude teria procurado a secretaria do Tribunal apenas na manh\u00e3 de domingo (20), j\u00e1 no dia do jogo contra o Palmeiras.<\/p>\n\n\n\n<p>E com isso o clube teria sido informado que os atendimentos acontecem apenas em hor\u00e1rio comercial e, por essa raz\u00e3o, passou as informa\u00e7\u00f5es somente na segunda-feira (21).<\/p>\n\n\n\n<h2 class=\"wp-block-heading\" id=\"h-juventude-deve-se-posicionar\">Juventude deve se posicionar<\/h2>\n\n\n\n<p>Segundo apura\u00e7\u00e3o da reportagem do portal de not\u00edcias Itatiaia, a equipe de jornalistas entrou em contato com o Juventude e obteve uma resposta do clube.<\/p>\n\n\n\n<p>Onde com isso o clube afirmou que deve se posicionar ainda para poder entender o caso, mas s\u00f3 quando o STJD emitir uma nota oficial sobre qual foi a real situa\u00e7\u00e3o.<\/p>\n\n\n\n<h2 class=\"wp-block-heading\" id=\"h-regulamento-geral-de-competicoes-da-cbf\">Regulamento Geral de Competi\u00e7\u00f5es da CBF<\/h2>\n\n\n\n<p>Para que voc\u00ea entenda melhor a situa\u00e7\u00e3o colocada em quest\u00e3o, segundo o artigo 49 do Regulamento Geral de Competi\u00e7\u00f5es da CBF:<\/p>\n\n\n\n<p>&#8220;\u00c9 responsabilidade \u00fanica e exclusiva de cada Clube disputante da competi\u00e7\u00e3o o controle e cumprimento de penalidades decorrentes da aplica\u00e7\u00e3o de cart\u00f5es amarelos e\/ou vermelhos, bem como de san\u00e7\u00f5es aplicadas pela Justi\u00e7a Desportiva, Justi\u00e7a Desportiva Antidopagem e CNRD\u201d.<\/p>\n\n\n\n<h2 class=\"wp-block-heading\" id=\"h-como-foi-a-partida\">Como foi a partida?<\/h2>\n\n\n\n<p>Como Nen\u00ea n\u00e3o entrou em campo contra o Palmeiras, o Juventude acabou sendo derrotado pelo placar de 5 a 3, no Est\u00e1dio Alfredo Jaconi, pela 30\u00aa rodada da S\u00e9rie A do Campeonato Brasileiro.<\/p>\n\n\n\n<p>Mas n\u00e3o se sabe e nunca se saber\u00e1 se o jogador ajudaria a equipe ga\u00facha a evitar uma derrota, mas ainda sim \u00e9 de se colocar em quest\u00e3o pelo Juventude o quanto que essa atitude pode ter atrapalhado a sua equipe em campo.<\/p>\n\n\n\n<h2 class=\"wp-block-heading\">Pr\u00f3ximos jogos do Juventude<\/h2>\n\n\n\n<ul class=\"wp-block-list\">\n<li>Flamengo\u00a0(fora de casa) &#8211; 26\/10, 19h (hor\u00e1rio de Bras\u00edlia) &#8211;\u00a0Brasileir\u00e3o<\/li>\n\n\n\n<li>Fortaleza\u00a0(em casa) &#8211; data e hor\u00e1rio a confirmar &#8211;\u00a0Brasileir\u00e3o<\/li>\n\n\n\n<li>Bahia\u00a0(em casa) &#8211; data e hor\u00e1rio a confirmar &#8211;\u00a0Brasileir\u00e3o<\/li>\n<\/ul>\n","protected":false},"excerpt":{"rendered":"<p>No \u00faltimo domingo (20), o meia Nen\u00ea, de 43 anos, que est\u00e1 atualmente atuando no Juve, n\u00e3o participou do jogo entre o Juventude e o Palmeiras. Isso porque o sistema da Confedera\u00e7\u00e3o Brasileira de Futebol (CBF) informou que havia uma pend\u00eancia do jogador com o Superior Tribunal de Justi\u00e7a Desportiva (STJD). Com isso, por motivos [&hellip;]<\/p>\n","protected":false},"author":22,"featured_media":159228,"comment_status":"open","ping_status":"closed","sticky":false,"template":"","format":"standard","meta":{"footnotes":""},"categories":[149,150],"tags":[],"class_list":["post-177005","post","type-post","status-publish","format-standard","has-post-thumbnail","hentry","category-juventude","category-palmeiras"],"yoast_head":"<!-- This site is optimized with the Yoast SEO Premium plugin v24.2 (Yoast SEO v26.9) - https:\/\/yoast.com\/product\/yoast-seo-premium-wordpress\/ -->\n<title>O motivo pelo qual Nen\u00ea n\u00e3o jogou o jogo entre Juventude x Palmeiras<\/title>\n<meta name=\"robots\" content=\"index, follow, max-snippet:-1, max-image-preview:large, max-video-preview:-1\" \/>\n<link rel=\"canonical\" href=\"https:\/\/www.gaveanews.com\/index.php\/2024\/10\/23\/o-motivo-pelo-qual-nene-nao-jogou-o-jogo-entre-juventude-x-palmeiras\/\" \/>\n<meta property=\"og:locale\" content=\"pt_BR\" \/>\n<meta property=\"og:type\" content=\"article\" \/>\n<meta property=\"og:title\" content=\"O motivo pelo qual Nen\u00ea n\u00e3o jogou o jogo entre Juventude x Palmeiras\" \/>\n<meta property=\"og:description\" content=\"No \u00faltimo domingo (20), o meia Nen\u00ea, de 43 anos, que est\u00e1 atualmente atuando no Juve, n\u00e3o participou do jogo entre o Juventude e o Palmeiras. Isso porque o sistema da Confedera\u00e7\u00e3o Brasileira de Futebol (CBF) informou que havia uma pend\u00eancia do jogador com o Superior Tribunal de Justi\u00e7a Desportiva (STJD). Com isso, por motivos [&hellip;]\" \/>\n<meta property=\"og:url\" content=\"https:\/\/www.gaveanews.com\/index.php\/2024\/10\/23\/o-motivo-pelo-qual-nene-nao-jogou-o-jogo-entre-juventude-x-palmeiras\/\" \/>\n<meta property=\"og:site_name\" content=\"G\u00e1vea News\" \/>\n<meta property=\"article:publisher\" content=\"https:\/\/facebook.com\/gaveaNews\/\" \/>\n<meta property=\"article:published_time\" content=\"2024-10-24T02:20:00+00:00\" \/>\n<meta property=\"og:image\" content=\"https:\/\/www.gaveanews.com\/wp-content\/uploads\/Nene-vibra-apos-marcar-um-gol-pelo-Juventude.webp\" \/>\n\t<meta property=\"og:image:width\" content=\"1242\" \/>\n\t<meta property=\"og:image:height\" content=\"1233\" \/>\n\t<meta property=\"og:image:type\" content=\"image\/jpeg\" \/>\n<meta name=\"author\" content=\"Emilly Lima\" \/>\n<meta name=\"twitter:card\" content=\"summary_large_image\" \/>\n<meta name=\"twitter:label1\" content=\"Escrito por\" \/>\n\t<meta name=\"twitter:data1\" content=\"Emilly Lima\" \/>\n\t<meta name=\"twitter:label2\" content=\"Est. tempo de leitura\" \/>\n\t<meta name=\"twitter:data2\" content=\"3 minutos\" \/>\n<script type=\"application\/ld+json\" class=\"yoast-schema-graph\">{\"@context\":\"https:\/\/schema.org\",\"@graph\":[{\"@type\":\"NewsArticle\",\"@id\":\"https:\/\/www.gaveanews.com\/index.php\/2024\/10\/23\/o-motivo-pelo-qual-nene-nao-jogou-o-jogo-entre-juventude-x-palmeiras\/#article\",\"isPartOf\":{\"@id\":\"https:\/\/www.gaveanews.com\/index.php\/2024\/10\/23\/o-motivo-pelo-qual-nene-nao-jogou-o-jogo-entre-juventude-x-palmeiras\/\"},\"author\":{\"name\":\"Emilly Lima\",\"@id\":\"https:\/\/www.gaveanews.com\/#\/schema\/person\/8597dbe3f4d8513dd20048ce95a1895b\"},\"headline\":\"O motivo pelo qual Nen\u00ea n\u00e3o jogou o jogo entre Juventude x Palmeiras\",\"datePublished\":\"2024-10-24T02:20:00+00:00\",\"mainEntityOfPage\":{\"@id\":\"https:\/\/www.gaveanews.com\/index.php\/2024\/10\/23\/o-motivo-pelo-qual-nene-nao-jogou-o-jogo-entre-juventude-x-palmeiras\/\"},\"wordCount\":494,\"commentCount\":0,\"image\":{\"@id\":\"https:\/\/www.gaveanews.com\/index.php\/2024\/10\/23\/o-motivo-pelo-qual-nene-nao-jogou-o-jogo-entre-juventude-x-palmeiras\/#primaryimage\"},\"thumbnailUrl\":\"https:\/\/www.gaveanews.com\/wp-content\/uploads\/Nene-vibra-apos-marcar-um-gol-pelo-Juventude.webp\",\"articleSection\":[\"Juventude\",\"Palmeiras\"],\"inLanguage\":\"pt-BR\",\"potentialAction\":[{\"@type\":\"CommentAction\",\"name\":\"Comment\",\"target\":[\"https:\/\/www.gaveanews.com\/index.php\/2024\/10\/23\/o-motivo-pelo-qual-nene-nao-jogou-o-jogo-entre-juventude-x-palmeiras\/#respond\"]}],\"copyrightYear\":\"2024\",\"copyrightHolder\":{\"@id\":\"https:\/\/www.gaveanews.com\/#organization\"}},{\"@type\":\"WebPage\",\"@id\":\"https:\/\/www.gaveanews.com\/index.php\/2024\/10\/23\/o-motivo-pelo-qual-nene-nao-jogou-o-jogo-entre-juventude-x-palmeiras\/\",\"url\":\"https:\/\/www.gaveanews.com\/index.php\/2024\/10\/23\/o-motivo-pelo-qual-nene-nao-jogou-o-jogo-entre-juventude-x-palmeiras\/\",\"name\":\"O motivo pelo qual Nen\u00ea n\u00e3o jogou o jogo entre Juventude x Palmeiras\",\"isPartOf\":{\"@id\":\"https:\/\/www.gaveanews.com\/#website\"},\"primaryImageOfPage\":{\"@id\":\"https:\/\/www.gaveanews.com\/index.php\/2024\/10\/23\/o-motivo-pelo-qual-nene-nao-jogou-o-jogo-entre-juventude-x-palmeiras\/#primaryimage\"},\"image\":{\"@id\":\"https:\/\/www.gaveanews.com\/index.php\/2024\/10\/23\/o-motivo-pelo-qual-nene-nao-jogou-o-jogo-entre-juventude-x-palmeiras\/#primaryimage\"},\"thumbnailUrl\":\"https:\/\/www.gaveanews.com\/wp-content\/uploads\/Nene-vibra-apos-marcar-um-gol-pelo-Juventude.webp\",\"datePublished\":\"2024-10-24T02:20:00+00:00\",\"author\":{\"@id\":\"https:\/\/www.gaveanews.com\/#\/schema\/person\/8597dbe3f4d8513dd20048ce95a1895b\"},\"breadcrumb\":{\"@id\":\"https:\/\/www.gaveanews.com\/index.php\/2024\/10\/23\/o-motivo-pelo-qual-nene-nao-jogou-o-jogo-entre-juventude-x-palmeiras\/#breadcrumb\"},\"inLanguage\":\"pt-BR\",\"potentialAction\":[{\"@type\":\"ReadAction\",\"target\":[\"https:\/\/www.gaveanews.com\/index.php\/2024\/10\/23\/o-motivo-pelo-qual-nene-nao-jogou-o-jogo-entre-juventude-x-palmeiras\/\"]}]},{\"@type\":\"ImageObject\",\"inLanguage\":\"pt-BR\",\"@id\":\"https:\/\/www.gaveanews.com\/index.php\/2024\/10\/23\/o-motivo-pelo-qual-nene-nao-jogou-o-jogo-entre-juventude-x-palmeiras\/#primaryimage\",\"url\":\"https:\/\/www.gaveanews.com\/wp-content\/uploads\/Nene-vibra-apos-marcar-um-gol-pelo-Juventude.webp\",\"contentUrl\":\"https:\/\/www.gaveanews.com\/wp-content\/uploads\/Nene-vibra-apos-marcar-um-gol-pelo-Juventude.webp\",\"width\":1242,\"height\":1233,\"caption\":\"Nen\u00ea vibra ap\u00f3s marcar um gol pelo Juventude (Foto: Reprodu\u00e7\u00e3o\/Instagram)\"},{\"@type\":\"BreadcrumbList\",\"@id\":\"https:\/\/www.gaveanews.com\/index.php\/2024\/10\/23\/o-motivo-pelo-qual-nene-nao-jogou-o-jogo-entre-juventude-x-palmeiras\/#breadcrumb\",\"itemListElement\":[{\"@type\":\"ListItem\",\"position\":1,\"name\":\"Home\",\"item\":\"https:\/\/www.gaveanews.com\/\"},{\"@type\":\"ListItem\",\"position\":2,\"name\":\"O motivo pelo qual Nen\u00ea n\u00e3o jogou o jogo entre Juventude x Palmeiras\"}]},{\"@type\":\"WebSite\",\"@id\":\"https:\/\/www.gaveanews.com\/#website\",\"url\":\"https:\/\/www.gaveanews.com\/\",\"name\":\"G\u00e1vea News\",\"description\":\"Veja todas as not\u00edcias sobre o Flamengo: Contrata\u00e7\u00f5es, categorias de base, resultados das partidas, tabela de classifica\u00e7\u00e3o, pr\u00f3ximos jogos!\",\"potentialAction\":[{\"@type\":\"SearchAction\",\"target\":{\"@type\":\"EntryPoint\",\"urlTemplate\":\"https:\/\/www.gaveanews.com\/?s={search_term_string}\"},\"query-input\":{\"@type\":\"PropertyValueSpecification\",\"valueRequired\":true,\"valueName\":\"search_term_string\"}}],\"inLanguage\":\"pt-BR\"},{\"@type\":\"Person\",\"@id\":\"https:\/\/www.gaveanews.com\/#\/schema\/person\/8597dbe3f4d8513dd20048ce95a1895b\",\"name\":\"Emilly Lima\",\"image\":{\"@type\":\"ImageObject\",\"inLanguage\":\"pt-BR\",\"@id\":\"https:\/\/www.gaveanews.com\/#\/schema\/person\/image\/\",\"url\":\"https:\/\/secure.gravatar.com\/avatar\/ddb4d0548bae01de3cb52e0fe30386754e9c41797565aa0a5bf4440ab4f7c0be?s=96&d=mm&r=g\",\"contentUrl\":\"https:\/\/secure.gravatar.com\/avatar\/ddb4d0548bae01de3cb52e0fe30386754e9c41797565aa0a5bf4440ab4f7c0be?s=96&d=mm&r=g\",\"caption\":\"Emilly Lima\"}}]}<\/script>\n<!-- \/ Yoast SEO Premium plugin. -->","yoast_head_json":{"title":"O motivo pelo qual Nen\u00ea n\u00e3o jogou o jogo entre Juventude x Palmeiras","robots":{"index":"index","follow":"follow","max-snippet":"max-snippet:-1","max-image-preview":"max-image-preview:large","max-video-preview":"max-video-preview:-1"},"canonical":"https:\/\/www.gaveanews.com\/index.php\/2024\/10\/23\/o-motivo-pelo-qual-nene-nao-jogou-o-jogo-entre-juventude-x-palmeiras\/","og_locale":"pt_BR","og_type":"article","og_title":"O motivo pelo qual Nen\u00ea n\u00e3o jogou o jogo entre Juventude x Palmeiras","og_description":"No \u00faltimo domingo (20), o meia Nen\u00ea, de 43 anos, que est\u00e1 atualmente atuando no Juve, n\u00e3o participou do jogo entre o Juventude e o Palmeiras. Isso porque o sistema da Confedera\u00e7\u00e3o Brasileira de Futebol (CBF) informou que havia uma pend\u00eancia do jogador com o Superior Tribunal de Justi\u00e7a Desportiva (STJD). Com isso, por motivos [&hellip;]","og_url":"https:\/\/www.gaveanews.com\/index.php\/2024\/10\/23\/o-motivo-pelo-qual-nene-nao-jogou-o-jogo-entre-juventude-x-palmeiras\/","og_site_name":"G\u00e1vea News","article_publisher":"https:\/\/facebook.com\/gaveaNews\/","article_published_time":"2024-10-24T02:20:00+00:00","og_image":[{"width":1242,"height":1233,"url":"https:\/\/www.gaveanews.com\/wp-content\/uploads\/Nene-vibra-apos-marcar-um-gol-pelo-Juventude.webp","type":"image\/jpeg"}],"author":"Emilly Lima","twitter_card":"summary_large_image","twitter_misc":{"Escrito por":"Emilly Lima","Est. tempo de leitura":"3 minutos"},"schema":{"@context":"https:\/\/schema.org","@graph":[{"@type":"NewsArticle","@id":"https:\/\/www.gaveanews.com\/index.php\/2024\/10\/23\/o-motivo-pelo-qual-nene-nao-jogou-o-jogo-entre-juventude-x-palmeiras\/#article","isPartOf":{"@id":"https:\/\/www.gaveanews.com\/index.php\/2024\/10\/23\/o-motivo-pelo-qual-nene-nao-jogou-o-jogo-entre-juventude-x-palmeiras\/"},"author":{"name":"Emilly Lima","@id":"https:\/\/www.gaveanews.com\/#\/schema\/person\/8597dbe3f4d8513dd20048ce95a1895b"},"headline":"O motivo pelo qual Nen\u00ea n\u00e3o jogou o jogo entre Juventude x Palmeiras","datePublished":"2024-10-24T02:20:00+00:00","mainEntityOfPage":{"@id":"https:\/\/www.gaveanews.com\/index.php\/2024\/10\/23\/o-motivo-pelo-qual-nene-nao-jogou-o-jogo-entre-juventude-x-palmeiras\/"},"wordCount":494,"commentCount":0,"image":{"@id":"https:\/\/www.gaveanews.com\/index.php\/2024\/10\/23\/o-motivo-pelo-qual-nene-nao-jogou-o-jogo-entre-juventude-x-palmeiras\/#primaryimage"},"thumbnailUrl":"https:\/\/www.gaveanews.com\/wp-content\/uploads\/Nene-vibra-apos-marcar-um-gol-pelo-Juventude.webp","articleSection":["Juventude","Palmeiras"],"inLanguage":"pt-BR","potentialAction":[{"@type":"CommentAction","name":"Comment","target":["https:\/\/www.gaveanews.com\/index.php\/2024\/10\/23\/o-motivo-pelo-qual-nene-nao-jogou-o-jogo-entre-juventude-x-palmeiras\/#respond"]}],"copyrightYear":"2024","copyrightHolder":{"@id":"https:\/\/www.gaveanews.com\/#organization"}},{"@type":"WebPage","@id":"https:\/\/www.gaveanews.com\/index.php\/2024\/10\/23\/o-motivo-pelo-qual-nene-nao-jogou-o-jogo-entre-juventude-x-palmeiras\/","url":"https:\/\/www.gaveanews.com\/index.php\/2024\/10\/23\/o-motivo-pelo-qual-nene-nao-jogou-o-jogo-entre-juventude-x-palmeiras\/","name":"O motivo pelo qual Nen\u00ea n\u00e3o jogou o jogo entre Juventude x Palmeiras","isPartOf":{"@id":"https:\/\/www.gaveanews.com\/#website"},"primaryImageOfPage":{"@id":"https:\/\/www.gaveanews.com\/index.php\/2024\/10\/23\/o-motivo-pelo-qual-nene-nao-jogou-o-jogo-entre-juventude-x-palmeiras\/#primaryimage"},"image":{"@id":"https:\/\/www.gaveanews.com\/index.php\/2024\/10\/23\/o-motivo-pelo-qual-nene-nao-jogou-o-jogo-entre-juventude-x-palmeiras\/#primaryimage"},"thumbnailUrl":"https:\/\/www.gaveanews.com\/wp-content\/uploads\/Nene-vibra-apos-marcar-um-gol-pelo-Juventude.webp","datePublished":"2024-10-24T02:20:00+00:00","author":{"@id":"https:\/\/www.gaveanews.com\/#\/schema\/person\/8597dbe3f4d8513dd20048ce95a1895b"},"breadcrumb":{"@id":"https:\/\/www.gaveanews.com\/index.php\/2024\/10\/23\/o-motivo-pelo-qual-nene-nao-jogou-o-jogo-entre-juventude-x-palmeiras\/#breadcrumb"},"inLanguage":"pt-BR","potentialAction":[{"@type":"ReadAction","target":["https:\/\/www.gaveanews.com\/index.php\/2024\/10\/23\/o-motivo-pelo-qual-nene-nao-jogou-o-jogo-entre-juventude-x-palmeiras\/"]}]},{"@type":"ImageObject","inLanguage":"pt-BR","@id":"https:\/\/www.gaveanews.com\/index.php\/2024\/10\/23\/o-motivo-pelo-qual-nene-nao-jogou-o-jogo-entre-juventude-x-palmeiras\/#primaryimage","url":"https:\/\/www.gaveanews.com\/wp-content\/uploads\/Nene-vibra-apos-marcar-um-gol-pelo-Juventude.webp","contentUrl":"https:\/\/www.gaveanews.com\/wp-content\/uploads\/Nene-vibra-apos-marcar-um-gol-pelo-Juventude.webp","width":1242,"height":1233,"caption":"Nen\u00ea vibra ap\u00f3s marcar um gol pelo Juventude (Foto: Reprodu\u00e7\u00e3o\/Instagram)"},{"@type":"BreadcrumbList","@id":"https:\/\/www.gaveanews.com\/index.php\/2024\/10\/23\/o-motivo-pelo-qual-nene-nao-jogou-o-jogo-entre-juventude-x-palmeiras\/#breadcrumb","itemListElement":[{"@type":"ListItem","position":1,"name":"Home","item":"https:\/\/www.gaveanews.com\/"},{"@type":"ListItem","position":2,"name":"O motivo pelo qual Nen\u00ea n\u00e3o jogou o jogo entre Juventude x Palmeiras"}]},{"@type":"WebSite","@id":"https:\/\/www.gaveanews.com\/#website","url":"https:\/\/www.gaveanews.com\/","name":"G\u00e1vea News","description":"Veja todas as not\u00edcias sobre o Flamengo: Contrata\u00e7\u00f5es, categorias de base, resultados das partidas, tabela de classifica\u00e7\u00e3o, pr\u00f3ximos jogos!","potentialAction":[{"@type":"SearchAction","target":{"@type":"EntryPoint","urlTemplate":"https:\/\/www.gaveanews.com\/?s={search_term_string}"},"query-input":{"@type":"PropertyValueSpecification","valueRequired":true,"valueName":"search_term_string"}}],"inLanguage":"pt-BR"},{"@type":"Person","@id":"https:\/\/www.gaveanews.com\/#\/schema\/person\/8597dbe3f4d8513dd20048ce95a1895b","name":"Emilly Lima","image":{"@type":"ImageObject","inLanguage":"pt-BR","@id":"https:\/\/www.gaveanews.com\/#\/schema\/person\/image\/","url":"https:\/\/secure.gravatar.com\/avatar\/ddb4d0548bae01de3cb52e0fe30386754e9c41797565aa0a5bf4440ab4f7c0be?s=96&d=mm&r=g","contentUrl":"https:\/\/secure.gravatar.com\/avatar\/ddb4d0548bae01de3cb52e0fe30386754e9c41797565aa0a5bf4440ab4f7c0be?s=96&d=mm&r=g","caption":"Emilly Lima"}}]}},"_links":{"self":[{"href":"https:\/\/www.gaveanews.com\/index.php\/wp-json\/wp\/v2\/posts\/177005","targetHints":{"allow":["GET"]}}],"collection":[{"href":"https:\/\/www.gaveanews.com\/index.php\/wp-json\/wp\/v2\/posts"}],"about":[{"href":"https:\/\/www.gaveanews.com\/index.php\/wp-json\/wp\/v2\/types\/post"}],"author":[{"embeddable":true,"href":"https:\/\/www.gaveanews.com\/index.php\/wp-json\/wp\/v2\/users\/22"}],"replies":[{"embeddable":true,"href":"https:\/\/www.gaveanews.com\/index.php\/wp-json\/wp\/v2\/comments?post=177005"}],"version-history":[{"count":1,"href":"https:\/\/www.gaveanews.com\/index.php\/wp-json\/wp\/v2\/posts\/177005\/revisions"}],"predecessor-version":[{"id":177024,"href":"https:\/\/www.gaveanews.com\/index.php\/wp-json\/wp\/v2\/posts\/177005\/revisions\/177024"}],"wp:featuredmedia":[{"embeddable":true,"href":"https:\/\/www.gaveanews.com\/index.php\/wp-json\/wp\/v2\/media\/159228"}],"wp:attachment":[{"href":"https:\/\/www.gaveanews.com\/index.php\/wp-json\/wp\/v2\/media?parent=177005"}],"wp:term":[{"taxonomy":"category","embeddable":true,"href":"https:\/\/www.gaveanews.com\/index.php\/wp-json\/wp\/v2\/categories?post=177005"},{"taxonomy":"post_tag","embeddable":true,"href":"https:\/\/www.gaveanews.com\/index.php\/wp-json\/wp\/v2\/tags?post=177005"}],"curies":[{"name":"wp","href":"https:\/\/api.w.org\/{rel}","templated":true}]}}