{"id":177248,"date":"2024-10-24T10:50:00","date_gmt":"2024-10-24T13:50:00","guid":{"rendered":"https:\/\/www.gaveanews.com\/?p=177248"},"modified":"2024-10-24T08:07:38","modified_gmt":"2024-10-24T11:07:38","slug":"neymar-reponde-romario-no-instagram-motivo-da-ausencia-de-miguelito-e-declaracao-de-gabriel-brazao-as-ultimas-noticias-do-santos","status":"publish","type":"post","link":"https:\/\/www.gaveanews.com\/index.php\/2024\/10\/24\/neymar-reponde-romario-no-instagram-motivo-da-ausencia-de-miguelito-e-declaracao-de-gabriel-brazao-as-ultimas-noticias-do-santos\/","title":{"rendered":"Neymar reponde Rom\u00e1rio no Instagram, motivo da aus\u00eancia de Miguelito e declara\u00e7\u00e3o de Gabriel Braz\u00e3o: as \u00faltimas not\u00edcias do Santos"},"content":{"rendered":"\n<p>Nas \u00faltimas horas, o foco das not\u00edcias sobre o Santos se concentram nos bastidores do clube, com destaques como o motivo da aus\u00eancia de Miguelito e declara\u00e7\u00e3o de Gabriel Braz\u00e3o.<\/p>\n\n\n\n<p>Por conta deste contexto, leia abaixo um resumo preparado pela equipe do portal G\u00e1vea News para lhe manter muito bem informado!<\/p>\n\n\n\n<h2 class=\"wp-block-heading\" id=\"h-declaracao-de-gabriel-brazao\">Declara\u00e7\u00e3o de Gabriel Braz\u00e3o<\/h2>\n\n\n\n<p>O Santos conquistou uma vit\u00f3ria importante sobre o Cear\u00e1 ao vencer por 1 a 0, mostrando uma postura agressiva e pressionando alto desde os primeiros minutos. O time abriu o placar logo aos 13 minutos do primeiro tempo, com um gol de Diego Pituca ap\u00f3s um cruzamento preciso de Serginho, resultado de uma press\u00e3o constante que dificultou a sa\u00edda de bola advers\u00e1ria.<strong><a href=\"https:\/\/www.gaveanews.com\/index.php\/2024\/10\/22\/a-declaracao-de-gabriel-brazao-apos-a-vitoria-do-santos-sobre-o-ceara\/\"> (leia a mat\u00e9ria completa)<\/a><\/strong><\/p>\n\n\n\n<figure class=\"wp-block-image size-large\"><img loading=\"lazy\" decoding=\"async\" width=\"1024\" height=\"840\" src=\"https:\/\/www.gaveanews.com\/wp-content\/uploads\/Gabriel-Brazao-com-a-camisa-do-Santos-em-2024-1024x840.webp\" alt=\"\" class=\"wp-image-153913\" srcset=\"https:\/\/www.gaveanews.com\/wp-content\/uploads\/Gabriel-Brazao-com-a-camisa-do-Santos-em-2024-1024x840.webp 1024w, https:\/\/www.gaveanews.com\/wp-content\/uploads\/Gabriel-Brazao-com-a-camisa-do-Santos-em-2024-300x246.webp 300w, https:\/\/www.gaveanews.com\/wp-content\/uploads\/Gabriel-Brazao-com-a-camisa-do-Santos-em-2024-768x630.webp 768w, https:\/\/www.gaveanews.com\/wp-content\/uploads\/Gabriel-Brazao-com-a-camisa-do-Santos-em-2024-1536x1260.webp 1536w, https:\/\/www.gaveanews.com\/wp-content\/uploads\/Gabriel-Brazao-com-a-camisa-do-Santos-em-2024-512x420.webp 512w, https:\/\/www.gaveanews.com\/wp-content\/uploads\/Gabriel-Brazao-com-a-camisa-do-Santos-em-2024-640x525.webp 640w, https:\/\/www.gaveanews.com\/wp-content\/uploads\/Gabriel-Brazao-com-a-camisa-do-Santos-em-2024-1280x1050.webp 1280w, https:\/\/www.gaveanews.com\/wp-content\/uploads\/Gabriel-Brazao-com-a-camisa-do-Santos-em-2024-681x558.webp 681w, https:\/\/www.gaveanews.com\/wp-content\/uploads\/Gabriel-Brazao-com-a-camisa-do-Santos-em-2024-1362x1117.webp 1362w, https:\/\/www.gaveanews.com\/wp-content\/uploads\/Gabriel-Brazao-com-a-camisa-do-Santos-em-2024-100x82.webp 100w, https:\/\/www.gaveanews.com\/wp-content\/uploads\/Gabriel-Brazao-com-a-camisa-do-Santos-em-2024.webp 1600w\" sizes=\"auto, (max-width: 1024px) 100vw, 1024px\" \/><figcaption class=\"wp-element-caption\">Gabriel Braz\u00e3o com a camisa do Santos em 2024 (Foto: Reprodu\u00e7\u00e3o\/Santos)<\/figcaption><\/figure>\n\n\n\n<p>Ap\u00f3s o gol, o Peixe reduziu o ritmo, permitindo ao Cear\u00e1 ter mais posse de bola, embora sem efetividade. No segundo tempo, mesmo com mudan\u00e7as no ataque, a equipe cearense n\u00e3o conseguiu criar muitas oportunidades claras, apostando em cruzamentos e jogadas a\u00e9reas. <\/p>\n\n\n\n<p>O Santos se manteve firme, aproveitando os contra-ataques e contando com boas defesas do goleiro Gabriel Braz\u00e3o, que garantiu o resultado nos momentos de maior press\u00e3o do advers\u00e1rio.<\/p>\n\n\n\n<p>Ap\u00f3s a partida, Gabriel Braz\u00e3o fez uma declara\u00e7\u00e3o emocionada, revelando que passou por um momento pessoal dif\u00edcil e agradecendo o suporte de seus companheiros. Ele destacou a import\u00e2ncia do grupo e expressou sua felicidade com a proximidade do objetivo da equipe: &#8220;A caminhada continua. Falta muito pouco para o nosso objetivo,&#8221; afirmou o goleiro, ressaltando sua confian\u00e7a e f\u00e9 durante o discurso.<\/p>\n\n\n\n<h2 class=\"wp-block-heading\" id=\"h-motivo-da-ausencia-de-miguelito\">Motivo da aus\u00eancia de Miguelito<\/h2>\n\n\n\n<p>O meio-campista boliviano Miguelito, do Santos, est\u00e1 afastado dos treinos ap\u00f3s ser diagnosticado com uma virose, pouco depois de retornar da Sele\u00e7\u00e3o Boliviana, onde atuou nas Eliminat\u00f3rias para a Copa do Mundo. O jogador apresentou um quadro de infec\u00e7\u00e3o intestinal e est\u00e1 passando por tratamento cl\u00ednico no Centro de Treinamento Rei Pel\u00e9, o que impede sua participa\u00e7\u00e3o nos pr\u00f3ximos compromissos do Peixe. <strong><a href=\"https:\/\/www.gaveanews.com\/index.php\/2024\/10\/22\/o-motivo-pelo-qual-miguelito-nao-foi-relacionado-por-carille-no-santos\/\">(leia a mat\u00e9ria completa)<\/a><\/strong><\/p>\n\n\n\n<figure class=\"wp-block-image size-full\"><img loading=\"lazy\" decoding=\"async\" width=\"819\" height=\"1024\" src=\"https:\/\/www.gaveanews.com\/wp-content\/uploads\/Miguelito-durante-treino-do-Santos.webp\" alt=\"\" class=\"wp-image-147627\" srcset=\"https:\/\/www.gaveanews.com\/wp-content\/uploads\/Miguelito-durante-treino-do-Santos.webp 819w, https:\/\/www.gaveanews.com\/wp-content\/uploads\/Miguelito-durante-treino-do-Santos-240x300.webp 240w, https:\/\/www.gaveanews.com\/wp-content\/uploads\/Miguelito-durante-treino-do-Santos-768x960.webp 768w, https:\/\/www.gaveanews.com\/wp-content\/uploads\/Miguelito-durante-treino-do-Santos-336x420.webp 336w, https:\/\/www.gaveanews.com\/wp-content\/uploads\/Miguelito-durante-treino-do-Santos-672x840.webp 672w, https:\/\/www.gaveanews.com\/wp-content\/uploads\/Miguelito-durante-treino-do-Santos-640x800.webp 640w, https:\/\/www.gaveanews.com\/wp-content\/uploads\/Miguelito-durante-treino-do-Santos-681x851.webp 681w, https:\/\/www.gaveanews.com\/wp-content\/uploads\/Miguelito-durante-treino-do-Santos-100x125.webp 100w\" sizes=\"auto, (max-width: 819px) 100vw, 819px\" \/><figcaption class=\"wp-element-caption\">Miguelito durante treino do Santos (Foto: Divulga\u00e7\u00e3o\/Santos)<\/figcaption><\/figure>\n\n\n\n<p>Apesar de ser uma jovem promessa e contar com o apoio da torcida santista, Miguelito ainda n\u00e3o teve muitas oportunidades no time. Em 2024, ele acumulou apenas 54 minutos em campo, divididos em quatro partidas pela S\u00e9rie B. Recentemente, o meia foi tema de uma pol\u00eamica indireta quando seu companheiro Giuliano mencionou, durante uma coletiva, que a falta de intensidade do jovem no cotidiano explicava a escassez de chances no elenco principal.<\/p>\n\n\n\n<p>Miguelito tem buscado espa\u00e7o na equipe e alcan\u00e7ou seu maior tempo de jogo no confronto contra o Ituano, em julho, quando jogou por 21 minutos. Contudo, sua aus\u00eancia no momento atual representa mais um obst\u00e1culo na tentativa de consolidar sua posi\u00e7\u00e3o no Santos, especialmente em um per\u00edodo em que ele esperava ganhar mais minutos em campo ap\u00f3s voltar da sele\u00e7\u00e3o.<\/p>\n\n\n\n<h2 class=\"wp-block-heading\" id=\"h-neymar-reponde-romario-no-instagram\">Neymar reponde Rom\u00e1rio no Instagram<\/h2>\n\n\n\n<p>Neymar voltou aos gramados ap\u00f3s mais de um ano afastado devido a uma grave les\u00e3o, e sua retomada foi marcada por uma intera\u00e7\u00e3o emocionante com Rom\u00e1rio. O &#8220;Baixinho&#8221; celebrou o retorno do camisa 10 do Al-Hilal, enviando uma mensagem carinhosa e compartilhando fotos de um amistoso de 2006, quando Neymar tinha apenas 14 anos. Na mensagem, Rom\u00e1rio desejou sucesso ao atacante e destacou o talento precoce do craque, que respondeu com gratid\u00e3o, demonstrando a admira\u00e7\u00e3o rec\u00edproca entre as duas lendas do futebol brasileiro. <strong><a href=\"https:\/\/www.gaveanews.com\/index.php\/2024\/10\/22\/neymar-responde-publicacao-de-romario-no-instagram\/\">(leia a mat\u00e9ria completa)<\/a><\/strong><\/p>\n\n\n\n<blockquote class=\"instagram-media\" data-instgrm-captioned data-instgrm-permalink=\"https:\/\/www.instagram.com\/reel\/DBZnG7hPjK3\/?utm_source=ig_embed&amp;utm_campaign=loading\" data-instgrm-version=\"14\" style=\" background:#FFF; border:0; border-radius:3px; box-shadow:0 0 1px 0 rgba(0,0,0,0.5),0 1px 10px 0 rgba(0,0,0,0.15); margin: 1px; max-width:540px; min-width:326px; padding:0; width:99.375%; width:-webkit-calc(100% - 2px); width:calc(100% - 2px);\"><div style=\"padding:16px;\"> <a href=\"https:\/\/www.instagram.com\/reel\/DBZnG7hPjK3\/?utm_source=ig_embed&amp;utm_campaign=loading\" style=\" background:#FFFFFF; line-height:0; padding:0 0; text-align:center; text-decoration:none; width:100%;\" target=\"_blank\" rel=\"noopener\"> <div style=\" display: flex; flex-direction: row; align-items: center;\"> <div style=\"background-color: #F4F4F4; border-radius: 50%; flex-grow: 0; height: 40px; margin-right: 14px; width: 40px;\"><\/div> <div style=\"display: flex; flex-direction: column; flex-grow: 1; justify-content: center;\"> <div style=\" background-color: #F4F4F4; border-radius: 4px; flex-grow: 0; height: 14px; margin-bottom: 6px; width: 100px;\"><\/div> <div style=\" background-color: #F4F4F4; border-radius: 4px; flex-grow: 0; height: 14px; width: 60px;\"><\/div><\/div><\/div><div style=\"padding: 19% 0;\"><\/div> <div style=\"display:block; height:50px; margin:0 auto 12px; width:50px;\"><svg width=\"50px\" height=\"50px\" viewBox=\"0 0 60 60\" version=\"1.1\" xmlns=\"https:\/\/www.w3.org\/2000\/svg\" xmlns:xlink=\"https:\/\/www.w3.org\/1999\/xlink\"><g stroke=\"none\" stroke-width=\"1\" fill=\"none\" fill-rule=\"evenodd\"><g transform=\"translate(-511.000000, -20.000000)\" fill=\"#000000\"><g><path d=\"M556.869,30.41 C554.814,30.41 553.148,32.076 553.148,34.131 C553.148,36.186 554.814,37.852 556.869,37.852 C558.924,37.852 560.59,36.186 560.59,34.131 C560.59,32.076 558.924,30.41 556.869,30.41 M541,60.657 C535.114,60.657 530.342,55.887 530.342,50 C530.342,44.114 535.114,39.342 541,39.342 C546.887,39.342 551.658,44.114 551.658,50 C551.658,55.887 546.887,60.657 541,60.657 M541,33.886 C532.1,33.886 524.886,41.1 524.886,50 C524.886,58.899 532.1,66.113 541,66.113 C549.9,66.113 557.115,58.899 557.115,50 C557.115,41.1 549.9,33.886 541,33.886 M565.378,62.101 C565.244,65.022 564.756,66.606 564.346,67.663 C563.803,69.06 563.154,70.057 562.106,71.106 C561.058,72.155 560.06,72.803 558.662,73.347 C557.607,73.757 556.021,74.244 553.102,74.378 C549.944,74.521 548.997,74.552 541,74.552 C533.003,74.552 532.056,74.521 528.898,74.378 C525.979,74.244 524.393,73.757 523.338,73.347 C521.94,72.803 520.942,72.155 519.894,71.106 C518.846,70.057 518.197,69.06 517.654,67.663 C517.244,66.606 516.755,65.022 516.623,62.101 C516.479,58.943 516.448,57.996 516.448,50 C516.448,42.003 516.479,41.056 516.623,37.899 C516.755,34.978 517.244,33.391 517.654,32.338 C518.197,30.938 518.846,29.942 519.894,28.894 C520.942,27.846 521.94,27.196 523.338,26.654 C524.393,26.244 525.979,25.756 528.898,25.623 C532.057,25.479 533.004,25.448 541,25.448 C548.997,25.448 549.943,25.479 553.102,25.623 C556.021,25.756 557.607,26.244 558.662,26.654 C560.06,27.196 561.058,27.846 562.106,28.894 C563.154,29.942 563.803,30.938 564.346,32.338 C564.756,33.391 565.244,34.978 565.378,37.899 C565.522,41.056 565.552,42.003 565.552,50 C565.552,57.996 565.522,58.943 565.378,62.101 M570.82,37.631 C570.674,34.438 570.167,32.258 569.425,30.349 C568.659,28.377 567.633,26.702 565.965,25.035 C564.297,23.368 562.623,22.342 560.652,21.575 C558.743,20.834 556.562,20.326 553.369,20.18 C550.169,20.033 549.148,20 541,20 C532.853,20 531.831,20.033 528.631,20.18 C525.438,20.326 523.257,20.834 521.349,21.575 C519.376,22.342 517.703,23.368 516.035,25.035 C514.368,26.702 513.342,28.377 512.574,30.349 C511.834,32.258 511.326,34.438 511.181,37.631 C511.035,40.831 511,41.851 511,50 C511,58.147 511.035,59.17 511.181,62.369 C511.326,65.562 511.834,67.743 512.574,69.651 C513.342,71.625 514.368,73.296 516.035,74.965 C517.703,76.634 519.376,77.658 521.349,78.425 C523.257,79.167 525.438,79.673 528.631,79.82 C531.831,79.965 532.853,80.001 541,80.001 C549.148,80.001 550.169,79.965 553.369,79.82 C556.562,79.673 558.743,79.167 560.652,78.425 C562.623,77.658 564.297,76.634 565.965,74.965 C567.633,73.296 568.659,71.625 569.425,69.651 C570.167,67.743 570.674,65.562 570.82,62.369 C570.966,59.17 571,58.147 571,50 C571,41.851 570.966,40.831 570.82,37.631\"><\/path><\/g><\/g><\/g><\/svg><\/div><div style=\"padding-top: 8px;\"> <div style=\" color:#3897f0; font-family:Arial,sans-serif; font-size:14px; font-style:normal; font-weight:550; line-height:18px;\">Ver essa foto no Instagram<\/div><\/div><div style=\"padding: 12.5% 0;\"><\/div> <div style=\"display: flex; flex-direction: row; margin-bottom: 14px; align-items: center;\"><div> <div style=\"background-color: #F4F4F4; border-radius: 50%; height: 12.5px; width: 12.5px; transform: translateX(0px) translateY(7px);\"><\/div> <div style=\"background-color: #F4F4F4; height: 12.5px; transform: rotate(-45deg) translateX(3px) translateY(1px); width: 12.5px; flex-grow: 0; margin-right: 14px; margin-left: 2px;\"><\/div> <div style=\"background-color: #F4F4F4; border-radius: 50%; height: 12.5px; width: 12.5px; transform: translateX(9px) translateY(-18px);\"><\/div><\/div><div style=\"margin-left: 8px;\"> <div style=\" background-color: #F4F4F4; border-radius: 50%; flex-grow: 0; height: 20px; width: 20px;\"><\/div> <div style=\" width: 0; height: 0; border-top: 2px solid transparent; border-left: 6px solid #f4f4f4; border-bottom: 2px solid transparent; transform: translateX(16px) translateY(-4px) rotate(30deg)\"><\/div><\/div><div style=\"margin-left: auto;\"> <div style=\" width: 0px; border-top: 8px solid #F4F4F4; border-right: 8px solid transparent; transform: translateY(16px);\"><\/div> <div style=\" background-color: #F4F4F4; flex-grow: 0; height: 12px; width: 16px; transform: translateY(-4px);\"><\/div> <div style=\" width: 0; height: 0; border-top: 8px solid #F4F4F4; border-left: 8px solid transparent; transform: translateY(-4px) translateX(8px);\"><\/div><\/div><\/div> <div style=\"display: flex; flex-direction: column; flex-grow: 1; justify-content: center; margin-bottom: 24px;\"> <div style=\" background-color: #F4F4F4; border-radius: 4px; flex-grow: 0; height: 14px; margin-bottom: 6px; width: 224px;\"><\/div> <div style=\" background-color: #F4F4F4; border-radius: 4px; flex-grow: 0; height: 14px; width: 144px;\"><\/div><\/div><\/a><p style=\" color:#c9c8cd; font-family:Arial,sans-serif; font-size:14px; line-height:17px; margin-bottom:0; margin-top:8px; overflow:hidden; padding:8px 0 7px; text-align:center; text-overflow:ellipsis; white-space:nowrap;\"><a href=\"https:\/\/www.instagram.com\/reel\/DBZnG7hPjK3\/?utm_source=ig_embed&amp;utm_campaign=loading\" style=\" color:#c9c8cd; font-family:Arial,sans-serif; font-size:14px; font-style:normal; font-weight:normal; line-height:17px; text-decoration:none;\" target=\"_blank\" rel=\"noopener\">Uma publica\u00e7\u00e3o compartilhada por Rom\u00e1rio (@romariofaria)<\/a><\/p><\/div><\/blockquote>\n<script async src=\"\/\/www.instagram.com\/embed.js\"><\/script>\n\n\n\n<p>O retorno de Neymar aconteceu durante uma partida da Champions League Asi\u00e1tica, na qual ele entrou em campo aos 31 minutos do segundo tempo. Essa foi a primeira vez que o atacante jogou desde sua les\u00e3o ligamentar no joelho, ocorrida em outubro de 2023, em um confronto entre Brasil e Uruguai. Neymar compartilhou a alegria de estar de volta em um v\u00eddeo nas redes sociais, celebrando esse momento especial.<\/p>\n\n\n\n<p>Al\u00e9m de Rom\u00e1rio, Zico tamb\u00e9m manifestou seu apoio, destacando que espera ver Neymar liderar a sele\u00e7\u00e3o brasileira nas Eliminat\u00f3rias e na pr\u00f3xima Copa do Mundo. Para Zico, o craque tem o potencial de ser o melhor da competi\u00e7\u00e3o e ajudar o Brasil a conquistar mais um t\u00edtulo mundial. Com o retorno aos gramados, Neymar carrega n\u00e3o apenas a esperan\u00e7a dos torcedores, mas tamb\u00e9m a oportunidade de continuar fazendo hist\u00f3ria no futebol.<\/p>\n","protected":false},"excerpt":{"rendered":"<p>Nas \u00faltimas horas, o foco das not\u00edcias sobre o Santos se concentram nos bastidores do clube, com destaques como o motivo da aus\u00eancia de Miguelito e declara\u00e7\u00e3o de Gabriel Braz\u00e3o. Por conta deste contexto, leia abaixo um resumo preparado pela equipe do portal G\u00e1vea News para lhe manter muito bem informado! Declara\u00e7\u00e3o de Gabriel Braz\u00e3o [&hellip;]<\/p>\n","protected":false},"author":27,"featured_media":147446,"comment_status":"open","ping_status":"closed","sticky":false,"template":"","format":"standard","meta":{"footnotes":""},"categories":[139],"tags":[],"class_list":["post-177248","post","type-post","status-publish","format-standard","has-post-thumbnail","hentry","category-santos"],"yoast_head":"<!-- This site is optimized with the Yoast SEO Premium plugin v24.2 (Yoast SEO v26.9) - https:\/\/yoast.com\/product\/yoast-seo-premium-wordpress\/ -->\n<title>Neymar reponde Rom\u00e1rio no Instagram, motivo da aus\u00eancia de Miguelito e declara\u00e7\u00e3o de Gabriel Braz\u00e3o: as \u00faltimas not\u00edcias do Santos<\/title>\n<meta name=\"robots\" content=\"index, follow, max-snippet:-1, max-image-preview:large, max-video-preview:-1\" \/>\n<link rel=\"canonical\" href=\"https:\/\/www.gaveanews.com\/index.php\/2024\/10\/24\/neymar-reponde-romario-no-instagram-motivo-da-ausencia-de-miguelito-e-declaracao-de-gabriel-brazao-as-ultimas-noticias-do-santos\/\" \/>\n<meta property=\"og:locale\" content=\"pt_BR\" \/>\n<meta property=\"og:type\" content=\"article\" \/>\n<meta property=\"og:title\" content=\"Neymar reponde Rom\u00e1rio no Instagram, motivo da aus\u00eancia de Miguelito e declara\u00e7\u00e3o de Gabriel Braz\u00e3o: as \u00faltimas not\u00edcias do Santos\" \/>\n<meta property=\"og:description\" content=\"Nas \u00faltimas horas, o foco das not\u00edcias sobre o Santos se concentram nos bastidores do clube, com destaques como o motivo da aus\u00eancia de Miguelito e declara\u00e7\u00e3o de Gabriel Braz\u00e3o. Por conta deste contexto, leia abaixo um resumo preparado pela equipe do portal G\u00e1vea News para lhe manter muito bem informado! Declara\u00e7\u00e3o de Gabriel Braz\u00e3o [&hellip;]\" \/>\n<meta property=\"og:url\" content=\"https:\/\/www.gaveanews.com\/index.php\/2024\/10\/24\/neymar-reponde-romario-no-instagram-motivo-da-ausencia-de-miguelito-e-declaracao-de-gabriel-brazao-as-ultimas-noticias-do-santos\/\" \/>\n<meta property=\"og:site_name\" content=\"G\u00e1vea News\" \/>\n<meta property=\"article:publisher\" content=\"https:\/\/facebook.com\/gaveaNews\/\" \/>\n<meta property=\"article:published_time\" content=\"2024-10-24T13:50:00+00:00\" \/>\n<meta property=\"og:image\" content=\"https:\/\/www.gaveanews.com\/wp-content\/uploads\/Escudo-do-Santos.webp\" \/>\n\t<meta property=\"og:image:width\" content=\"1621\" \/>\n\t<meta property=\"og:image:height\" content=\"1081\" \/>\n\t<meta property=\"og:image:type\" content=\"image\/webp\" \/>\n<meta name=\"author\" content=\"Matheus Felipe\" \/>\n<meta name=\"twitter:card\" content=\"summary_large_image\" \/>\n<meta name=\"twitter:label1\" content=\"Escrito por\" \/>\n\t<meta name=\"twitter:data1\" content=\"Matheus Felipe\" \/>\n\t<meta name=\"twitter:label2\" content=\"Est. tempo de leitura\" \/>\n\t<meta name=\"twitter:data2\" content=\"5 minutos\" \/>\n<script type=\"application\/ld+json\" class=\"yoast-schema-graph\">{\"@context\":\"https:\/\/schema.org\",\"@graph\":[{\"@type\":\"NewsArticle\",\"@id\":\"https:\/\/www.gaveanews.com\/index.php\/2024\/10\/24\/neymar-reponde-romario-no-instagram-motivo-da-ausencia-de-miguelito-e-declaracao-de-gabriel-brazao-as-ultimas-noticias-do-santos\/#article\",\"isPartOf\":{\"@id\":\"https:\/\/www.gaveanews.com\/index.php\/2024\/10\/24\/neymar-reponde-romario-no-instagram-motivo-da-ausencia-de-miguelito-e-declaracao-de-gabriel-brazao-as-ultimas-noticias-do-santos\/\"},\"author\":{\"name\":\"Matheus Felipe\",\"@id\":\"https:\/\/www.gaveanews.com\/#\/schema\/person\/8207cd4627f56151707418bfc835b2fb\"},\"headline\":\"Neymar reponde Rom\u00e1rio no Instagram, motivo da aus\u00eancia de Miguelito e declara\u00e7\u00e3o de Gabriel Braz\u00e3o: as \u00faltimas not\u00edcias do Santos\",\"datePublished\":\"2024-10-24T13:50:00+00:00\",\"mainEntityOfPage\":{\"@id\":\"https:\/\/www.gaveanews.com\/index.php\/2024\/10\/24\/neymar-reponde-romario-no-instagram-motivo-da-ausencia-de-miguelito-e-declaracao-de-gabriel-brazao-as-ultimas-noticias-do-santos\/\"},\"wordCount\":808,\"commentCount\":0,\"image\":{\"@id\":\"https:\/\/www.gaveanews.com\/index.php\/2024\/10\/24\/neymar-reponde-romario-no-instagram-motivo-da-ausencia-de-miguelito-e-declaracao-de-gabriel-brazao-as-ultimas-noticias-do-santos\/#primaryimage\"},\"thumbnailUrl\":\"https:\/\/www.gaveanews.com\/wp-content\/uploads\/Escudo-do-Santos.webp\",\"articleSection\":[\"Santos\"],\"inLanguage\":\"pt-BR\",\"potentialAction\":[{\"@type\":\"CommentAction\",\"name\":\"Comment\",\"target\":[\"https:\/\/www.gaveanews.com\/index.php\/2024\/10\/24\/neymar-reponde-romario-no-instagram-motivo-da-ausencia-de-miguelito-e-declaracao-de-gabriel-brazao-as-ultimas-noticias-do-santos\/#respond\"]}],\"copyrightYear\":\"2024\",\"copyrightHolder\":{\"@id\":\"https:\/\/www.gaveanews.com\/#organization\"}},{\"@type\":\"WebPage\",\"@id\":\"https:\/\/www.gaveanews.com\/index.php\/2024\/10\/24\/neymar-reponde-romario-no-instagram-motivo-da-ausencia-de-miguelito-e-declaracao-de-gabriel-brazao-as-ultimas-noticias-do-santos\/\",\"url\":\"https:\/\/www.gaveanews.com\/index.php\/2024\/10\/24\/neymar-reponde-romario-no-instagram-motivo-da-ausencia-de-miguelito-e-declaracao-de-gabriel-brazao-as-ultimas-noticias-do-santos\/\",\"name\":\"Neymar reponde Rom\u00e1rio no Instagram, motivo da aus\u00eancia de Miguelito e declara\u00e7\u00e3o de Gabriel Braz\u00e3o: as \u00faltimas not\u00edcias do Santos\",\"isPartOf\":{\"@id\":\"https:\/\/www.gaveanews.com\/#website\"},\"primaryImageOfPage\":{\"@id\":\"https:\/\/www.gaveanews.com\/index.php\/2024\/10\/24\/neymar-reponde-romario-no-instagram-motivo-da-ausencia-de-miguelito-e-declaracao-de-gabriel-brazao-as-ultimas-noticias-do-santos\/#primaryimage\"},\"image\":{\"@id\":\"https:\/\/www.gaveanews.com\/index.php\/2024\/10\/24\/neymar-reponde-romario-no-instagram-motivo-da-ausencia-de-miguelito-e-declaracao-de-gabriel-brazao-as-ultimas-noticias-do-santos\/#primaryimage\"},\"thumbnailUrl\":\"https:\/\/www.gaveanews.com\/wp-content\/uploads\/Escudo-do-Santos.webp\",\"datePublished\":\"2024-10-24T13:50:00+00:00\",\"author\":{\"@id\":\"https:\/\/www.gaveanews.com\/#\/schema\/person\/8207cd4627f56151707418bfc835b2fb\"},\"breadcrumb\":{\"@id\":\"https:\/\/www.gaveanews.com\/index.php\/2024\/10\/24\/neymar-reponde-romario-no-instagram-motivo-da-ausencia-de-miguelito-e-declaracao-de-gabriel-brazao-as-ultimas-noticias-do-santos\/#breadcrumb\"},\"inLanguage\":\"pt-BR\",\"potentialAction\":[{\"@type\":\"ReadAction\",\"target\":[\"https:\/\/www.gaveanews.com\/index.php\/2024\/10\/24\/neymar-reponde-romario-no-instagram-motivo-da-ausencia-de-miguelito-e-declaracao-de-gabriel-brazao-as-ultimas-noticias-do-santos\/\"]}]},{\"@type\":\"ImageObject\",\"inLanguage\":\"pt-BR\",\"@id\":\"https:\/\/www.gaveanews.com\/index.php\/2024\/10\/24\/neymar-reponde-romario-no-instagram-motivo-da-ausencia-de-miguelito-e-declaracao-de-gabriel-brazao-as-ultimas-noticias-do-santos\/#primaryimage\",\"url\":\"https:\/\/www.gaveanews.com\/wp-content\/uploads\/Escudo-do-Santos.webp\",\"contentUrl\":\"https:\/\/www.gaveanews.com\/wp-content\/uploads\/Escudo-do-Santos.webp\",\"width\":1621,\"height\":1081,\"caption\":\"Escudo do Santos (Foto: Reprodu\u00e7\u00e3o\/Instagram)\"},{\"@type\":\"BreadcrumbList\",\"@id\":\"https:\/\/www.gaveanews.com\/index.php\/2024\/10\/24\/neymar-reponde-romario-no-instagram-motivo-da-ausencia-de-miguelito-e-declaracao-de-gabriel-brazao-as-ultimas-noticias-do-santos\/#breadcrumb\",\"itemListElement\":[{\"@type\":\"ListItem\",\"position\":1,\"name\":\"Home\",\"item\":\"https:\/\/www.gaveanews.com\/\"},{\"@type\":\"ListItem\",\"position\":2,\"name\":\"Neymar reponde Rom\u00e1rio no Instagram, motivo da aus\u00eancia de Miguelito e declara\u00e7\u00e3o de Gabriel Braz\u00e3o: as \u00faltimas not\u00edcias do Santos\"}]},{\"@type\":\"WebSite\",\"@id\":\"https:\/\/www.gaveanews.com\/#website\",\"url\":\"https:\/\/www.gaveanews.com\/\",\"name\":\"G\u00e1vea News\",\"description\":\"Veja todas as not\u00edcias sobre o Flamengo: Contrata\u00e7\u00f5es, categorias de base, resultados das partidas, tabela de classifica\u00e7\u00e3o, pr\u00f3ximos jogos!\",\"potentialAction\":[{\"@type\":\"SearchAction\",\"target\":{\"@type\":\"EntryPoint\",\"urlTemplate\":\"https:\/\/www.gaveanews.com\/?s={search_term_string}\"},\"query-input\":{\"@type\":\"PropertyValueSpecification\",\"valueRequired\":true,\"valueName\":\"search_term_string\"}}],\"inLanguage\":\"pt-BR\"},{\"@type\":\"Person\",\"@id\":\"https:\/\/www.gaveanews.com\/#\/schema\/person\/8207cd4627f56151707418bfc835b2fb\",\"name\":\"Matheus Felipe\",\"image\":{\"@type\":\"ImageObject\",\"inLanguage\":\"pt-BR\",\"@id\":\"https:\/\/www.gaveanews.com\/#\/schema\/person\/image\/\",\"url\":\"https:\/\/secure.gravatar.com\/avatar\/a452ffbed9130f726358b298bb3a99ce4bd3c5338411f8440e87e14d74c7c087?s=96&d=mm&r=g\",\"contentUrl\":\"https:\/\/secure.gravatar.com\/avatar\/a452ffbed9130f726358b298bb3a99ce4bd3c5338411f8440e87e14d74c7c087?s=96&d=mm&r=g\",\"caption\":\"Matheus Felipe\"}}]}<\/script>\n<!-- \/ Yoast SEO Premium plugin. -->","yoast_head_json":{"title":"Neymar reponde Rom\u00e1rio no Instagram, motivo da aus\u00eancia de Miguelito e declara\u00e7\u00e3o de Gabriel Braz\u00e3o: as \u00faltimas not\u00edcias do Santos","robots":{"index":"index","follow":"follow","max-snippet":"max-snippet:-1","max-image-preview":"max-image-preview:large","max-video-preview":"max-video-preview:-1"},"canonical":"https:\/\/www.gaveanews.com\/index.php\/2024\/10\/24\/neymar-reponde-romario-no-instagram-motivo-da-ausencia-de-miguelito-e-declaracao-de-gabriel-brazao-as-ultimas-noticias-do-santos\/","og_locale":"pt_BR","og_type":"article","og_title":"Neymar reponde Rom\u00e1rio no Instagram, motivo da aus\u00eancia de Miguelito e declara\u00e7\u00e3o de Gabriel Braz\u00e3o: as \u00faltimas not\u00edcias do Santos","og_description":"Nas \u00faltimas horas, o foco das not\u00edcias sobre o Santos se concentram nos bastidores do clube, com destaques como o motivo da aus\u00eancia de Miguelito e declara\u00e7\u00e3o de Gabriel Braz\u00e3o. Por conta deste contexto, leia abaixo um resumo preparado pela equipe do portal G\u00e1vea News para lhe manter muito bem informado! Declara\u00e7\u00e3o de Gabriel Braz\u00e3o [&hellip;]","og_url":"https:\/\/www.gaveanews.com\/index.php\/2024\/10\/24\/neymar-reponde-romario-no-instagram-motivo-da-ausencia-de-miguelito-e-declaracao-de-gabriel-brazao-as-ultimas-noticias-do-santos\/","og_site_name":"G\u00e1vea News","article_publisher":"https:\/\/facebook.com\/gaveaNews\/","article_published_time":"2024-10-24T13:50:00+00:00","og_image":[{"width":1621,"height":1081,"url":"https:\/\/www.gaveanews.com\/wp-content\/uploads\/Escudo-do-Santos.webp","type":"image\/webp"}],"author":"Matheus Felipe","twitter_card":"summary_large_image","twitter_misc":{"Escrito por":"Matheus Felipe","Est. tempo de leitura":"5 minutos"},"schema":{"@context":"https:\/\/schema.org","@graph":[{"@type":"NewsArticle","@id":"https:\/\/www.gaveanews.com\/index.php\/2024\/10\/24\/neymar-reponde-romario-no-instagram-motivo-da-ausencia-de-miguelito-e-declaracao-de-gabriel-brazao-as-ultimas-noticias-do-santos\/#article","isPartOf":{"@id":"https:\/\/www.gaveanews.com\/index.php\/2024\/10\/24\/neymar-reponde-romario-no-instagram-motivo-da-ausencia-de-miguelito-e-declaracao-de-gabriel-brazao-as-ultimas-noticias-do-santos\/"},"author":{"name":"Matheus Felipe","@id":"https:\/\/www.gaveanews.com\/#\/schema\/person\/8207cd4627f56151707418bfc835b2fb"},"headline":"Neymar reponde Rom\u00e1rio no Instagram, motivo da aus\u00eancia de Miguelito e declara\u00e7\u00e3o de Gabriel Braz\u00e3o: as \u00faltimas not\u00edcias do Santos","datePublished":"2024-10-24T13:50:00+00:00","mainEntityOfPage":{"@id":"https:\/\/www.gaveanews.com\/index.php\/2024\/10\/24\/neymar-reponde-romario-no-instagram-motivo-da-ausencia-de-miguelito-e-declaracao-de-gabriel-brazao-as-ultimas-noticias-do-santos\/"},"wordCount":808,"commentCount":0,"image":{"@id":"https:\/\/www.gaveanews.com\/index.php\/2024\/10\/24\/neymar-reponde-romario-no-instagram-motivo-da-ausencia-de-miguelito-e-declaracao-de-gabriel-brazao-as-ultimas-noticias-do-santos\/#primaryimage"},"thumbnailUrl":"https:\/\/www.gaveanews.com\/wp-content\/uploads\/Escudo-do-Santos.webp","articleSection":["Santos"],"inLanguage":"pt-BR","potentialAction":[{"@type":"CommentAction","name":"Comment","target":["https:\/\/www.gaveanews.com\/index.php\/2024\/10\/24\/neymar-reponde-romario-no-instagram-motivo-da-ausencia-de-miguelito-e-declaracao-de-gabriel-brazao-as-ultimas-noticias-do-santos\/#respond"]}],"copyrightYear":"2024","copyrightHolder":{"@id":"https:\/\/www.gaveanews.com\/#organization"}},{"@type":"WebPage","@id":"https:\/\/www.gaveanews.com\/index.php\/2024\/10\/24\/neymar-reponde-romario-no-instagram-motivo-da-ausencia-de-miguelito-e-declaracao-de-gabriel-brazao-as-ultimas-noticias-do-santos\/","url":"https:\/\/www.gaveanews.com\/index.php\/2024\/10\/24\/neymar-reponde-romario-no-instagram-motivo-da-ausencia-de-miguelito-e-declaracao-de-gabriel-brazao-as-ultimas-noticias-do-santos\/","name":"Neymar reponde Rom\u00e1rio no Instagram, motivo da aus\u00eancia de Miguelito e declara\u00e7\u00e3o de Gabriel Braz\u00e3o: as \u00faltimas not\u00edcias do Santos","isPartOf":{"@id":"https:\/\/www.gaveanews.com\/#website"},"primaryImageOfPage":{"@id":"https:\/\/www.gaveanews.com\/index.php\/2024\/10\/24\/neymar-reponde-romario-no-instagram-motivo-da-ausencia-de-miguelito-e-declaracao-de-gabriel-brazao-as-ultimas-noticias-do-santos\/#primaryimage"},"image":{"@id":"https:\/\/www.gaveanews.com\/index.php\/2024\/10\/24\/neymar-reponde-romario-no-instagram-motivo-da-ausencia-de-miguelito-e-declaracao-de-gabriel-brazao-as-ultimas-noticias-do-santos\/#primaryimage"},"thumbnailUrl":"https:\/\/www.gaveanews.com\/wp-content\/uploads\/Escudo-do-Santos.webp","datePublished":"2024-10-24T13:50:00+00:00","author":{"@id":"https:\/\/www.gaveanews.com\/#\/schema\/person\/8207cd4627f56151707418bfc835b2fb"},"breadcrumb":{"@id":"https:\/\/www.gaveanews.com\/index.php\/2024\/10\/24\/neymar-reponde-romario-no-instagram-motivo-da-ausencia-de-miguelito-e-declaracao-de-gabriel-brazao-as-ultimas-noticias-do-santos\/#breadcrumb"},"inLanguage":"pt-BR","potentialAction":[{"@type":"ReadAction","target":["https:\/\/www.gaveanews.com\/index.php\/2024\/10\/24\/neymar-reponde-romario-no-instagram-motivo-da-ausencia-de-miguelito-e-declaracao-de-gabriel-brazao-as-ultimas-noticias-do-santos\/"]}]},{"@type":"ImageObject","inLanguage":"pt-BR","@id":"https:\/\/www.gaveanews.com\/index.php\/2024\/10\/24\/neymar-reponde-romario-no-instagram-motivo-da-ausencia-de-miguelito-e-declaracao-de-gabriel-brazao-as-ultimas-noticias-do-santos\/#primaryimage","url":"https:\/\/www.gaveanews.com\/wp-content\/uploads\/Escudo-do-Santos.webp","contentUrl":"https:\/\/www.gaveanews.com\/wp-content\/uploads\/Escudo-do-Santos.webp","width":1621,"height":1081,"caption":"Escudo do Santos (Foto: Reprodu\u00e7\u00e3o\/Instagram)"},{"@type":"BreadcrumbList","@id":"https:\/\/www.gaveanews.com\/index.php\/2024\/10\/24\/neymar-reponde-romario-no-instagram-motivo-da-ausencia-de-miguelito-e-declaracao-de-gabriel-brazao-as-ultimas-noticias-do-santos\/#breadcrumb","itemListElement":[{"@type":"ListItem","position":1,"name":"Home","item":"https:\/\/www.gaveanews.com\/"},{"@type":"ListItem","position":2,"name":"Neymar reponde Rom\u00e1rio no Instagram, motivo da aus\u00eancia de Miguelito e declara\u00e7\u00e3o de Gabriel Braz\u00e3o: as \u00faltimas not\u00edcias do Santos"}]},{"@type":"WebSite","@id":"https:\/\/www.gaveanews.com\/#website","url":"https:\/\/www.gaveanews.com\/","name":"G\u00e1vea News","description":"Veja todas as not\u00edcias sobre o Flamengo: Contrata\u00e7\u00f5es, categorias de base, resultados das partidas, tabela de classifica\u00e7\u00e3o, pr\u00f3ximos jogos!","potentialAction":[{"@type":"SearchAction","target":{"@type":"EntryPoint","urlTemplate":"https:\/\/www.gaveanews.com\/?s={search_term_string}"},"query-input":{"@type":"PropertyValueSpecification","valueRequired":true,"valueName":"search_term_string"}}],"inLanguage":"pt-BR"},{"@type":"Person","@id":"https:\/\/www.gaveanews.com\/#\/schema\/person\/8207cd4627f56151707418bfc835b2fb","name":"Matheus Felipe","image":{"@type":"ImageObject","inLanguage":"pt-BR","@id":"https:\/\/www.gaveanews.com\/#\/schema\/person\/image\/","url":"https:\/\/secure.gravatar.com\/avatar\/a452ffbed9130f726358b298bb3a99ce4bd3c5338411f8440e87e14d74c7c087?s=96&d=mm&r=g","contentUrl":"https:\/\/secure.gravatar.com\/avatar\/a452ffbed9130f726358b298bb3a99ce4bd3c5338411f8440e87e14d74c7c087?s=96&d=mm&r=g","caption":"Matheus Felipe"}}]}},"_links":{"self":[{"href":"https:\/\/www.gaveanews.com\/index.php\/wp-json\/wp\/v2\/posts\/177248","targetHints":{"allow":["GET"]}}],"collection":[{"href":"https:\/\/www.gaveanews.com\/index.php\/wp-json\/wp\/v2\/posts"}],"about":[{"href":"https:\/\/www.gaveanews.com\/index.php\/wp-json\/wp\/v2\/types\/post"}],"author":[{"embeddable":true,"href":"https:\/\/www.gaveanews.com\/index.php\/wp-json\/wp\/v2\/users\/27"}],"replies":[{"embeddable":true,"href":"https:\/\/www.gaveanews.com\/index.php\/wp-json\/wp\/v2\/comments?post=177248"}],"version-history":[{"count":1,"href":"https:\/\/www.gaveanews.com\/index.php\/wp-json\/wp\/v2\/posts\/177248\/revisions"}],"predecessor-version":[{"id":177251,"href":"https:\/\/www.gaveanews.com\/index.php\/wp-json\/wp\/v2\/posts\/177248\/revisions\/177251"}],"wp:featuredmedia":[{"embeddable":true,"href":"https:\/\/www.gaveanews.com\/index.php\/wp-json\/wp\/v2\/media\/147446"}],"wp:attachment":[{"href":"https:\/\/www.gaveanews.com\/index.php\/wp-json\/wp\/v2\/media?parent=177248"}],"wp:term":[{"taxonomy":"category","embeddable":true,"href":"https:\/\/www.gaveanews.com\/index.php\/wp-json\/wp\/v2\/categories?post=177248"},{"taxonomy":"post_tag","embeddable":true,"href":"https:\/\/www.gaveanews.com\/index.php\/wp-json\/wp\/v2\/tags?post=177248"}],"curies":[{"name":"wp","href":"https:\/\/api.w.org\/{rel}","templated":true}]}}