{"id":177464,"date":"2024-10-25T22:10:00","date_gmt":"2024-10-26T01:10:00","guid":{"rendered":"https:\/\/www.gaveanews.com\/?p=177464"},"modified":"2024-10-25T19:09:09","modified_gmt":"2024-10-25T22:09:09","slug":"santos-tem-novo-tecnico-no-radar-para-proxima-temporada","status":"publish","type":"post","link":"https:\/\/www.gaveanews.com\/index.php\/2024\/10\/25\/santos-tem-novo-tecnico-no-radar-para-proxima-temporada\/","title":{"rendered":"Santos tem novo t\u00e9cnico no radar para pr\u00f3xima temporada"},"content":{"rendered":"\n<p>O Santos est\u00e1 se preparando para uma mudan\u00e7a em sua comiss\u00e3o t\u00e9cnica na pr\u00f3xima temporada, pois o treinador F\u00e1bio Carille pode estar em seus \u00faltimos dias \u00e0 frente da equipe. A rela\u00e7\u00e3o entre ele e o clube tem enfrentado desgaste.<\/p>\n\n\n\n<ul class=\"wp-block-list\">\n<li><a href=\"https:\/\/www.gaveanews.com\/index.php\/2024\/10\/24\/wesley-patati-otero-furch-wendel-william-bigode-morelos-guilherme-luan-peres-joao-basso-e-giuliano-as-melhores-medias-de-gols-do-santos-na-temporada\/\">Wesley Patati, Otero, Furch, Wendel, William Bigode, Morelos, Guilherme, Luan Peres, Jo\u00e3o Basso e Giuliano: as melhores m\u00e9dias de gols do Santos na temporada<\/a><\/li>\n\n\n\n<li><a href=\"https:\/\/www.gaveanews.com\/index.php\/2024\/10\/24\/santos-vai-subir-para-serie-a-publicacao-para-neymar-e-declaracao-de-diego-pituca-as-ultimas-noticias-do-santos\/\">Santos vai subir para s\u00e9rie A, publica\u00e7\u00e3o para Neymar e declara\u00e7\u00e3o de Diego Pituca: as \u00faltimas not\u00edcias do Santos<br><\/a><\/li>\n<\/ul>\n\n\n\n<p>A press\u00e3o vinda da torcida tem aumentado significativamente, e por isso a diretoria j\u00e1 est\u00e1 avaliando outras op\u00e7\u00f5es no mercado. Segundo informa\u00e7\u00f5es da jornalista F\u00e1bio L\u00e1zaro, Ant\u00f4nio Oliveira \u00e9 um nome que gera bastante interesse. No entanto, a press\u00e3o externa pode dificultar essa negocia\u00e7\u00e3o.<\/p>\n\n\n\n<p>O t\u00e9cnico portugu\u00eas j\u00e1 foi cogitado em outras ocasi\u00f5es para assumir o comando do Peixe. Durante um per\u00edodo da temporada, quando o Santos enfrentava dificuldades para se manter na primeira divis\u00e3o, houve at\u00e9 uma chance de mudan\u00e7a de treinador, mas isso n\u00e3o se concretizou.<\/p>\n\n\n\n<figure class=\"wp-block-image size-full\"><img loading=\"lazy\" decoding=\"async\" width=\"1013\" height=\"675\" src=\"https:\/\/www.gaveanews.com\/wp-content\/uploads\/Antonio-Oliveira-tecnico-do-Corinthians.webp\" alt=\"\" class=\"wp-image-144922\" srcset=\"https:\/\/www.gaveanews.com\/wp-content\/uploads\/Antonio-Oliveira-tecnico-do-Corinthians.webp 1013w, https:\/\/www.gaveanews.com\/wp-content\/uploads\/Antonio-Oliveira-tecnico-do-Corinthians-300x200.webp 300w, https:\/\/www.gaveanews.com\/wp-content\/uploads\/Antonio-Oliveira-tecnico-do-Corinthians-768x512.webp 768w, https:\/\/www.gaveanews.com\/wp-content\/uploads\/Antonio-Oliveira-tecnico-do-Corinthians-630x420.webp 630w, https:\/\/www.gaveanews.com\/wp-content\/uploads\/Antonio-Oliveira-tecnico-do-Corinthians-640x426.webp 640w, https:\/\/www.gaveanews.com\/wp-content\/uploads\/Antonio-Oliveira-tecnico-do-Corinthians-681x454.webp 681w, https:\/\/www.gaveanews.com\/wp-content\/uploads\/Antonio-Oliveira-tecnico-do-Corinthians-100x67.webp 100w\" sizes=\"auto, (max-width: 1013px) 100vw, 1013px\" \/><figcaption class=\"wp-element-caption\">Ant\u00f3nio Oliveira, t\u00e9cnico do Corinthians (Foto Reprodu\u00e7\u00e3o\/Instagram)<\/figcaption><\/figure>\n\n\n\n<p>Um aspecto crucial \u00e9 o aspecto financeiro. Embora o projeto de 2025 seja um pouco mais ambicioso, alguns limites financeiros precisar\u00e3o ser respeitados. Portanto, o nome em portugu\u00eas \u00e9 atraente nesse aspecto. No entanto, a torcida n\u00e3o concorda com sua chegada.<\/p>\n\n\n\n<p>Ademais, o trabalho realizado no Corinthians \u00e9 considerado satisfat\u00f3rio, mesmo que ele tenha sido demitido durante a temporada. Avalia-se que ele \u00e9 um excelente treinador de grupo e poderia extrair o m\u00e1ximo do time de 2025.<\/p>\n\n\n\n<p>O argentino \u00e9 visto como o preferido de Marcelo Teixeira, contudo, sua prioridade \u00e9 jogar no futebol europeu, o que tem complicando um acordo.<\/p>\n\n\n\n<p>Neste contexto, Ant\u00f3nio surge como uma op\u00e7\u00e3o alternativa para o Santos, que deve demitir F\u00e1bio Carille ap\u00f3s uma s\u00e9rie de atua\u00e7\u00f5es irregulares e demandas da torcida.<\/p>\n\n\n\n<p>No futebol do Brasil, Ant\u00f3nio atingiu seu \u00e1pice no Cuiab\u00e1, onde fez duas boas temporadas. Em Coritiba e Corinthians n\u00e3o ficou muito tempo, o t\u00e9cnico no momento est\u00e1 em negocia\u00e7\u00f5es com o APOEL, da Chipre, e com o D\u00ednamo de Zagreb no momento. No entanto, mesmo ap\u00f3s algumas semanas de di\u00e1logos, um acordo n\u00e3o foi firmado e uma mudan\u00e7a pode ocorrer.<\/p>\n","protected":false},"excerpt":{"rendered":"<p>O Santos est\u00e1 se preparando para uma mudan\u00e7a em sua comiss\u00e3o t\u00e9cnica na pr\u00f3xima temporada, pois o treinador F\u00e1bio Carille pode estar em seus \u00faltimos dias \u00e0 frente da equipe. A rela\u00e7\u00e3o entre ele e o clube tem enfrentado desgaste. A press\u00e3o vinda da torcida tem aumentado significativamente, e por isso a diretoria j\u00e1 est\u00e1 [&hellip;]<\/p>\n","protected":false},"author":16,"featured_media":152156,"comment_status":"open","ping_status":"closed","sticky":false,"template":"","format":"standard","meta":{"footnotes":""},"categories":[139],"tags":[],"class_list":["post-177464","post","type-post","status-publish","format-standard","has-post-thumbnail","hentry","category-santos"],"yoast_head":"<!-- This site is optimized with the Yoast SEO Premium plugin v24.2 (Yoast SEO v26.9) - https:\/\/yoast.com\/product\/yoast-seo-premium-wordpress\/ -->\n<title>Santos tem novo t\u00e9cnico no radar para pr\u00f3xima temporada<\/title>\n<meta name=\"description\" content=\"Santos tem novo t\u00e9cnico no radar para pr\u00f3xima temporada\" \/>\n<meta name=\"robots\" content=\"index, follow, max-snippet:-1, max-image-preview:large, max-video-preview:-1\" \/>\n<link rel=\"canonical\" href=\"https:\/\/www.gaveanews.com\/index.php\/2024\/10\/25\/santos-tem-novo-tecnico-no-radar-para-proxima-temporada\/\" \/>\n<meta property=\"og:locale\" content=\"pt_BR\" \/>\n<meta property=\"og:type\" content=\"article\" \/>\n<meta property=\"og:title\" content=\"Santos tem novo t\u00e9cnico no radar para pr\u00f3xima temporada\" \/>\n<meta property=\"og:description\" content=\"Santos tem novo t\u00e9cnico no radar para pr\u00f3xima temporada\" \/>\n<meta property=\"og:url\" content=\"https:\/\/www.gaveanews.com\/index.php\/2024\/10\/25\/santos-tem-novo-tecnico-no-radar-para-proxima-temporada\/\" \/>\n<meta property=\"og:site_name\" content=\"G\u00e1vea News\" \/>\n<meta property=\"article:publisher\" content=\"https:\/\/facebook.com\/gaveaNews\/\" \/>\n<meta property=\"article:published_time\" content=\"2024-10-26T01:10:00+00:00\" \/>\n<meta property=\"og:image\" content=\"https:\/\/www.gaveanews.com\/wp-content\/uploads\/Escudo-do-Santos-1.webp\" \/>\n\t<meta property=\"og:image:width\" content=\"1300\" \/>\n\t<meta property=\"og:image:height\" content=\"1056\" \/>\n\t<meta property=\"og:image:type\" content=\"image\/webp\" \/>\n<meta name=\"author\" content=\"D\u00e9bora Figueiredo\" \/>\n<meta name=\"twitter:card\" content=\"summary_large_image\" \/>\n<meta name=\"twitter:label1\" content=\"Escrito por\" \/>\n\t<meta name=\"twitter:data1\" content=\"D\u00e9bora Figueiredo\" \/>\n\t<meta name=\"twitter:label2\" content=\"Est. tempo de leitura\" \/>\n\t<meta name=\"twitter:data2\" content=\"3 minutos\" \/>\n<script type=\"application\/ld+json\" class=\"yoast-schema-graph\">{\"@context\":\"https:\/\/schema.org\",\"@graph\":[{\"@type\":\"NewsArticle\",\"@id\":\"https:\/\/www.gaveanews.com\/index.php\/2024\/10\/25\/santos-tem-novo-tecnico-no-radar-para-proxima-temporada\/#article\",\"isPartOf\":{\"@id\":\"https:\/\/www.gaveanews.com\/index.php\/2024\/10\/25\/santos-tem-novo-tecnico-no-radar-para-proxima-temporada\/\"},\"author\":{\"name\":\"D\u00e9bora Figueiredo\",\"@id\":\"https:\/\/www.gaveanews.com\/#\/schema\/person\/37122681a8575a5c8db05a56f099a5e4\"},\"headline\":\"Santos tem novo t\u00e9cnico no radar para pr\u00f3xima temporada\",\"datePublished\":\"2024-10-26T01:10:00+00:00\",\"mainEntityOfPage\":{\"@id\":\"https:\/\/www.gaveanews.com\/index.php\/2024\/10\/25\/santos-tem-novo-tecnico-no-radar-para-proxima-temporada\/\"},\"wordCount\":418,\"commentCount\":0,\"image\":{\"@id\":\"https:\/\/www.gaveanews.com\/index.php\/2024\/10\/25\/santos-tem-novo-tecnico-no-radar-para-proxima-temporada\/#primaryimage\"},\"thumbnailUrl\":\"https:\/\/www.gaveanews.com\/wp-content\/uploads\/Escudo-do-Santos-1.webp\",\"articleSection\":[\"Santos\"],\"inLanguage\":\"pt-BR\",\"potentialAction\":[{\"@type\":\"CommentAction\",\"name\":\"Comment\",\"target\":[\"https:\/\/www.gaveanews.com\/index.php\/2024\/10\/25\/santos-tem-novo-tecnico-no-radar-para-proxima-temporada\/#respond\"]}],\"copyrightYear\":\"2024\",\"copyrightHolder\":{\"@id\":\"https:\/\/www.gaveanews.com\/#organization\"}},{\"@type\":\"WebPage\",\"@id\":\"https:\/\/www.gaveanews.com\/index.php\/2024\/10\/25\/santos-tem-novo-tecnico-no-radar-para-proxima-temporada\/\",\"url\":\"https:\/\/www.gaveanews.com\/index.php\/2024\/10\/25\/santos-tem-novo-tecnico-no-radar-para-proxima-temporada\/\",\"name\":\"Santos tem novo t\u00e9cnico no radar para pr\u00f3xima temporada\",\"isPartOf\":{\"@id\":\"https:\/\/www.gaveanews.com\/#website\"},\"primaryImageOfPage\":{\"@id\":\"https:\/\/www.gaveanews.com\/index.php\/2024\/10\/25\/santos-tem-novo-tecnico-no-radar-para-proxima-temporada\/#primaryimage\"},\"image\":{\"@id\":\"https:\/\/www.gaveanews.com\/index.php\/2024\/10\/25\/santos-tem-novo-tecnico-no-radar-para-proxima-temporada\/#primaryimage\"},\"thumbnailUrl\":\"https:\/\/www.gaveanews.com\/wp-content\/uploads\/Escudo-do-Santos-1.webp\",\"datePublished\":\"2024-10-26T01:10:00+00:00\",\"author\":{\"@id\":\"https:\/\/www.gaveanews.com\/#\/schema\/person\/37122681a8575a5c8db05a56f099a5e4\"},\"description\":\"Santos tem novo t\u00e9cnico no radar para pr\u00f3xima temporada\",\"breadcrumb\":{\"@id\":\"https:\/\/www.gaveanews.com\/index.php\/2024\/10\/25\/santos-tem-novo-tecnico-no-radar-para-proxima-temporada\/#breadcrumb\"},\"inLanguage\":\"pt-BR\",\"potentialAction\":[{\"@type\":\"ReadAction\",\"target\":[\"https:\/\/www.gaveanews.com\/index.php\/2024\/10\/25\/santos-tem-novo-tecnico-no-radar-para-proxima-temporada\/\"]}]},{\"@type\":\"ImageObject\",\"inLanguage\":\"pt-BR\",\"@id\":\"https:\/\/www.gaveanews.com\/index.php\/2024\/10\/25\/santos-tem-novo-tecnico-no-radar-para-proxima-temporada\/#primaryimage\",\"url\":\"https:\/\/www.gaveanews.com\/wp-content\/uploads\/Escudo-do-Santos-1.webp\",\"contentUrl\":\"https:\/\/www.gaveanews.com\/wp-content\/uploads\/Escudo-do-Santos-1.webp\",\"width\":1300,\"height\":1056,\"caption\":\"Escudo do Santos (Foto: Reprodu\u00e7\u00e3o\/Instagram)\"},{\"@type\":\"BreadcrumbList\",\"@id\":\"https:\/\/www.gaveanews.com\/index.php\/2024\/10\/25\/santos-tem-novo-tecnico-no-radar-para-proxima-temporada\/#breadcrumb\",\"itemListElement\":[{\"@type\":\"ListItem\",\"position\":1,\"name\":\"Home\",\"item\":\"https:\/\/www.gaveanews.com\/\"},{\"@type\":\"ListItem\",\"position\":2,\"name\":\"Santos tem novo t\u00e9cnico no radar para pr\u00f3xima temporada\"}]},{\"@type\":\"WebSite\",\"@id\":\"https:\/\/www.gaveanews.com\/#website\",\"url\":\"https:\/\/www.gaveanews.com\/\",\"name\":\"G\u00e1vea News\",\"description\":\"Veja todas as not\u00edcias sobre o Flamengo: Contrata\u00e7\u00f5es, categorias de base, resultados das partidas, tabela de classifica\u00e7\u00e3o, pr\u00f3ximos jogos!\",\"potentialAction\":[{\"@type\":\"SearchAction\",\"target\":{\"@type\":\"EntryPoint\",\"urlTemplate\":\"https:\/\/www.gaveanews.com\/?s={search_term_string}\"},\"query-input\":{\"@type\":\"PropertyValueSpecification\",\"valueRequired\":true,\"valueName\":\"search_term_string\"}}],\"inLanguage\":\"pt-BR\"},{\"@type\":\"Person\",\"@id\":\"https:\/\/www.gaveanews.com\/#\/schema\/person\/37122681a8575a5c8db05a56f099a5e4\",\"name\":\"D\u00e9bora Figueiredo\",\"image\":{\"@type\":\"ImageObject\",\"inLanguage\":\"pt-BR\",\"@id\":\"https:\/\/www.gaveanews.com\/#\/schema\/person\/image\/\",\"url\":\"https:\/\/secure.gravatar.com\/avatar\/1f44802859351588499d26f52aed1d15796ce17e67602895b72837c08018868d?s=96&d=mm&r=g\",\"contentUrl\":\"https:\/\/secure.gravatar.com\/avatar\/1f44802859351588499d26f52aed1d15796ce17e67602895b72837c08018868d?s=96&d=mm&r=g\",\"caption\":\"D\u00e9bora Figueiredo\"}}]}<\/script>\n<!-- \/ Yoast SEO Premium plugin. -->","yoast_head_json":{"title":"Santos tem novo t\u00e9cnico no radar para pr\u00f3xima temporada","description":"Santos tem novo t\u00e9cnico no radar para pr\u00f3xima temporada","robots":{"index":"index","follow":"follow","max-snippet":"max-snippet:-1","max-image-preview":"max-image-preview:large","max-video-preview":"max-video-preview:-1"},"canonical":"https:\/\/www.gaveanews.com\/index.php\/2024\/10\/25\/santos-tem-novo-tecnico-no-radar-para-proxima-temporada\/","og_locale":"pt_BR","og_type":"article","og_title":"Santos tem novo t\u00e9cnico no radar para pr\u00f3xima temporada","og_description":"Santos tem novo t\u00e9cnico no radar para pr\u00f3xima temporada","og_url":"https:\/\/www.gaveanews.com\/index.php\/2024\/10\/25\/santos-tem-novo-tecnico-no-radar-para-proxima-temporada\/","og_site_name":"G\u00e1vea News","article_publisher":"https:\/\/facebook.com\/gaveaNews\/","article_published_time":"2024-10-26T01:10:00+00:00","og_image":[{"width":1300,"height":1056,"url":"https:\/\/www.gaveanews.com\/wp-content\/uploads\/Escudo-do-Santos-1.webp","type":"image\/webp"}],"author":"D\u00e9bora Figueiredo","twitter_card":"summary_large_image","twitter_misc":{"Escrito por":"D\u00e9bora Figueiredo","Est. tempo de leitura":"3 minutos"},"schema":{"@context":"https:\/\/schema.org","@graph":[{"@type":"NewsArticle","@id":"https:\/\/www.gaveanews.com\/index.php\/2024\/10\/25\/santos-tem-novo-tecnico-no-radar-para-proxima-temporada\/#article","isPartOf":{"@id":"https:\/\/www.gaveanews.com\/index.php\/2024\/10\/25\/santos-tem-novo-tecnico-no-radar-para-proxima-temporada\/"},"author":{"name":"D\u00e9bora Figueiredo","@id":"https:\/\/www.gaveanews.com\/#\/schema\/person\/37122681a8575a5c8db05a56f099a5e4"},"headline":"Santos tem novo t\u00e9cnico no radar para pr\u00f3xima temporada","datePublished":"2024-10-26T01:10:00+00:00","mainEntityOfPage":{"@id":"https:\/\/www.gaveanews.com\/index.php\/2024\/10\/25\/santos-tem-novo-tecnico-no-radar-para-proxima-temporada\/"},"wordCount":418,"commentCount":0,"image":{"@id":"https:\/\/www.gaveanews.com\/index.php\/2024\/10\/25\/santos-tem-novo-tecnico-no-radar-para-proxima-temporada\/#primaryimage"},"thumbnailUrl":"https:\/\/www.gaveanews.com\/wp-content\/uploads\/Escudo-do-Santos-1.webp","articleSection":["Santos"],"inLanguage":"pt-BR","potentialAction":[{"@type":"CommentAction","name":"Comment","target":["https:\/\/www.gaveanews.com\/index.php\/2024\/10\/25\/santos-tem-novo-tecnico-no-radar-para-proxima-temporada\/#respond"]}],"copyrightYear":"2024","copyrightHolder":{"@id":"https:\/\/www.gaveanews.com\/#organization"}},{"@type":"WebPage","@id":"https:\/\/www.gaveanews.com\/index.php\/2024\/10\/25\/santos-tem-novo-tecnico-no-radar-para-proxima-temporada\/","url":"https:\/\/www.gaveanews.com\/index.php\/2024\/10\/25\/santos-tem-novo-tecnico-no-radar-para-proxima-temporada\/","name":"Santos tem novo t\u00e9cnico no radar para pr\u00f3xima temporada","isPartOf":{"@id":"https:\/\/www.gaveanews.com\/#website"},"primaryImageOfPage":{"@id":"https:\/\/www.gaveanews.com\/index.php\/2024\/10\/25\/santos-tem-novo-tecnico-no-radar-para-proxima-temporada\/#primaryimage"},"image":{"@id":"https:\/\/www.gaveanews.com\/index.php\/2024\/10\/25\/santos-tem-novo-tecnico-no-radar-para-proxima-temporada\/#primaryimage"},"thumbnailUrl":"https:\/\/www.gaveanews.com\/wp-content\/uploads\/Escudo-do-Santos-1.webp","datePublished":"2024-10-26T01:10:00+00:00","author":{"@id":"https:\/\/www.gaveanews.com\/#\/schema\/person\/37122681a8575a5c8db05a56f099a5e4"},"description":"Santos tem novo t\u00e9cnico no radar para pr\u00f3xima temporada","breadcrumb":{"@id":"https:\/\/www.gaveanews.com\/index.php\/2024\/10\/25\/santos-tem-novo-tecnico-no-radar-para-proxima-temporada\/#breadcrumb"},"inLanguage":"pt-BR","potentialAction":[{"@type":"ReadAction","target":["https:\/\/www.gaveanews.com\/index.php\/2024\/10\/25\/santos-tem-novo-tecnico-no-radar-para-proxima-temporada\/"]}]},{"@type":"ImageObject","inLanguage":"pt-BR","@id":"https:\/\/www.gaveanews.com\/index.php\/2024\/10\/25\/santos-tem-novo-tecnico-no-radar-para-proxima-temporada\/#primaryimage","url":"https:\/\/www.gaveanews.com\/wp-content\/uploads\/Escudo-do-Santos-1.webp","contentUrl":"https:\/\/www.gaveanews.com\/wp-content\/uploads\/Escudo-do-Santos-1.webp","width":1300,"height":1056,"caption":"Escudo do Santos (Foto: Reprodu\u00e7\u00e3o\/Instagram)"},{"@type":"BreadcrumbList","@id":"https:\/\/www.gaveanews.com\/index.php\/2024\/10\/25\/santos-tem-novo-tecnico-no-radar-para-proxima-temporada\/#breadcrumb","itemListElement":[{"@type":"ListItem","position":1,"name":"Home","item":"https:\/\/www.gaveanews.com\/"},{"@type":"ListItem","position":2,"name":"Santos tem novo t\u00e9cnico no radar para pr\u00f3xima temporada"}]},{"@type":"WebSite","@id":"https:\/\/www.gaveanews.com\/#website","url":"https:\/\/www.gaveanews.com\/","name":"G\u00e1vea News","description":"Veja todas as not\u00edcias sobre o Flamengo: Contrata\u00e7\u00f5es, categorias de base, resultados das partidas, tabela de classifica\u00e7\u00e3o, pr\u00f3ximos jogos!","potentialAction":[{"@type":"SearchAction","target":{"@type":"EntryPoint","urlTemplate":"https:\/\/www.gaveanews.com\/?s={search_term_string}"},"query-input":{"@type":"PropertyValueSpecification","valueRequired":true,"valueName":"search_term_string"}}],"inLanguage":"pt-BR"},{"@type":"Person","@id":"https:\/\/www.gaveanews.com\/#\/schema\/person\/37122681a8575a5c8db05a56f099a5e4","name":"D\u00e9bora Figueiredo","image":{"@type":"ImageObject","inLanguage":"pt-BR","@id":"https:\/\/www.gaveanews.com\/#\/schema\/person\/image\/","url":"https:\/\/secure.gravatar.com\/avatar\/1f44802859351588499d26f52aed1d15796ce17e67602895b72837c08018868d?s=96&d=mm&r=g","contentUrl":"https:\/\/secure.gravatar.com\/avatar\/1f44802859351588499d26f52aed1d15796ce17e67602895b72837c08018868d?s=96&d=mm&r=g","caption":"D\u00e9bora Figueiredo"}}]}},"_links":{"self":[{"href":"https:\/\/www.gaveanews.com\/index.php\/wp-json\/wp\/v2\/posts\/177464","targetHints":{"allow":["GET"]}}],"collection":[{"href":"https:\/\/www.gaveanews.com\/index.php\/wp-json\/wp\/v2\/posts"}],"about":[{"href":"https:\/\/www.gaveanews.com\/index.php\/wp-json\/wp\/v2\/types\/post"}],"author":[{"embeddable":true,"href":"https:\/\/www.gaveanews.com\/index.php\/wp-json\/wp\/v2\/users\/16"}],"replies":[{"embeddable":true,"href":"https:\/\/www.gaveanews.com\/index.php\/wp-json\/wp\/v2\/comments?post=177464"}],"version-history":[{"count":1,"href":"https:\/\/www.gaveanews.com\/index.php\/wp-json\/wp\/v2\/posts\/177464\/revisions"}],"predecessor-version":[{"id":177466,"href":"https:\/\/www.gaveanews.com\/index.php\/wp-json\/wp\/v2\/posts\/177464\/revisions\/177466"}],"wp:featuredmedia":[{"embeddable":true,"href":"https:\/\/www.gaveanews.com\/index.php\/wp-json\/wp\/v2\/media\/152156"}],"wp:attachment":[{"href":"https:\/\/www.gaveanews.com\/index.php\/wp-json\/wp\/v2\/media?parent=177464"}],"wp:term":[{"taxonomy":"category","embeddable":true,"href":"https:\/\/www.gaveanews.com\/index.php\/wp-json\/wp\/v2\/categories?post=177464"},{"taxonomy":"post_tag","embeddable":true,"href":"https:\/\/www.gaveanews.com\/index.php\/wp-json\/wp\/v2\/tags?post=177464"}],"curies":[{"name":"wp","href":"https:\/\/api.w.org\/{rel}","templated":true}]}}