{"id":177496,"date":"2024-10-25T10:40:25","date_gmt":"2024-10-25T13:40:25","guid":{"rendered":"https:\/\/www.gaveanews.com\/?p=177496"},"modified":"2024-10-25T10:37:30","modified_gmt":"2024-10-25T13:37:30","slug":"figo-aponta-favoritismo-em-real-madrid-x-barcelona","status":"publish","type":"post","link":"https:\/\/www.gaveanews.com\/index.php\/2024\/10\/25\/figo-aponta-favoritismo-em-real-madrid-x-barcelona\/","title":{"rendered":"Figo aponta favoritismo em Real Madrid x Barcelona"},"content":{"rendered":"\n<h2 class=\"wp-block-heading\" id=\"h-idolo-portugues-atuou-nos-dois-lados\">\u00cddolo portugu\u00eas atuou nos dois lados <\/h2>\n\n\n\n<p>Real Madrid e Barcelona se enfrentam neste s\u00e1bado (26) pelo famoso e grandioso &#8216;El Cl\u00e1ssico&#8217; e o ex-jogador portugu\u00eas Luis Figo comentou sobre o duelo e disse quem \u00e9 o favorito para o confronto. Vale ressaltar que Figo sabe muito bem o tamanho e o peso do cl\u00e1ssico, afinal, o ex-jogador defendeu as duas cores. <\/p>\n\n\n\n<ul class=\"wp-block-list\">\n<li><a href=\"https:\/\/www.gaveanews.com\/index.php\/2024\/10\/24\/a-declaracao-de-raphinha-direcionada-a-neymar\/\">A declara\u00e7\u00e3o de Raphinha direcionada a Neymar<\/a><\/li>\n\n\n\n<li><a href=\"https:\/\/www.gaveanews.com\/index.php\/2024\/10\/23\/a-declaracao-de-galvao-bueno-direcionada-a-vini-jr-do-real-madrid\/\">A declara\u00e7\u00e3o de Galv\u00e3o Bueno direcionada a Vini Jr, do Real Madrid<\/a><\/li>\n<\/ul>\n\n\n\n<p>Luis Figo disse que existe muita rivalidade no &#8216;El Cl\u00e1ssico&#8217; e que o resultado \u00e9 sempre imprevis\u00edvel. Al\u00e9m disso, o ex-jogador de Real Madrid e Barcelona disse que o time merengue tem o favoritismo, mesmo que seja com pouca diferen\u00e7a. <\/p>\n\n\n\n<p>&#8220;Um Cl\u00e1ssico \u00e9 sempre imprevis\u00edvel. Todo mundo quer estar l\u00e1, muita rivalidade, muita agressividade. N\u00e3o importa muito como cada time entra em termos de desempenho, porque o resultado \u00e9 imprevis\u00edvel. Vai ser um bom jogo,\u00a0mas o Real Madrid \u00e9 um pouco mais favorito, porque eles jogam<strong> <\/strong>em casa, e eles t\u00eam<strong> <\/strong>que vencer para estar l\u00e1 no topo&#8221;, disse Figo \u00e0 emissora Cadena SER.<\/p>\n\n\n\n<p>Figo aproveitou tamb\u00e9m para comentar sobre o jogo do Real Madrid contra o Borussia Dortmund, na \u00faltima ter\u00e7a-feira (22), pela Liga dos Campe\u00f5es. O time espanhol perdia por 2 a 0 e virou para 5 a 2, com direito a hat-trick do brasileiro Vini Jr. <\/p>\n\n\n\n<p>O portugu\u00eas disse que \u00e9 muito favor\u00e1vel jogar no Santiago Bernab\u00e9u pela Uefa Champions League, por conta da atmosfera e de todo apoio que a torcida merengue deposita nos jogadores. Figo ainda ressaltou sobre a conex\u00e3o e a energia presente na casa do Real Madrid. <\/p>\n\n\n\n<p>&#8220;Acho que jogar pelo Real Madrid, naquele est\u00e1dio, com todo o apoio que eles recebem na Champions League, \u00e9 um ambiente muito favor\u00e1vel. Eu estava dizendo a um amigo que todos os jogos do Real Madrid s\u00e3o muito longos no Bernab\u00e9u. \u00c9 uma conex\u00e3o entre as pessoas, os jogadores&#8230; Ela lhe d\u00e1 mais vida, mais energia, mais intensidade, ent\u00e3o ajuda a trazer essa competitividade, e a atingir seus objetivos&#8221;, completou. <\/p>\n\n\n\n<p>O Real Madrid ter\u00e1 um desfalque de peso para o cl\u00e1ssico. O atacante Rodrygo sofreu uma les\u00e3o muscular na perna direita no duelo diante do Borussia Dortmund na \u00faltima ter\u00e7a-feira (22) e segundo o jornal espanhol &#8220;Marca&#8221;, o brasileiro ficar\u00e1 20 dias afastado dos gramados. O Clube merengue divulgou uma nota oficial. <\/p>\n\n\n\n<p>\u201cAp\u00f3s os exames realizados hoje ao nosso jogador Rodrygo Goes pelos servi\u00e7os m\u00e9dicos do\u00a0Real Madrid, foi diagnosticada uma les\u00e3o muscular no b\u00edceps femoral direito. Evolu\u00e7\u00e3o pendente\u201d, informou o clube espanhol em comunicado oficial.<\/p>\n","protected":false},"excerpt":{"rendered":"<p>\u00cddolo portugu\u00eas atuou nos dois lados Real Madrid e Barcelona se enfrentam neste s\u00e1bado (26) pelo famoso e grandioso &#8216;El Cl\u00e1ssico&#8217; e o ex-jogador portugu\u00eas Luis Figo comentou sobre o duelo e disse quem \u00e9 o favorito para o confronto. Vale ressaltar que Figo sabe muito bem o tamanho e o peso do cl\u00e1ssico, afinal, [&hellip;]<\/p>\n","protected":false},"author":21,"featured_media":120885,"comment_status":"open","ping_status":"closed","sticky":false,"template":"","format":"standard","meta":{"footnotes":""},"categories":[87,88],"tags":[],"class_list":["post-177496","post","type-post","status-publish","format-standard","has-post-thumbnail","hentry","category-barcelona","category-real-madrid"],"yoast_head":"<!-- This site is optimized with the Yoast SEO Premium plugin v24.2 (Yoast SEO v26.9) - https:\/\/yoast.com\/product\/yoast-seo-premium-wordpress\/ -->\n<title>Figo aponta favoritismo em Real Madrid x Barcelona<\/title>\n<meta name=\"robots\" content=\"index, follow, max-snippet:-1, max-image-preview:large, max-video-preview:-1\" \/>\n<link rel=\"canonical\" href=\"https:\/\/www.gaveanews.com\/index.php\/2024\/10\/25\/figo-aponta-favoritismo-em-real-madrid-x-barcelona\/\" \/>\n<meta property=\"og:locale\" content=\"pt_BR\" \/>\n<meta property=\"og:type\" content=\"article\" \/>\n<meta property=\"og:title\" content=\"Figo aponta favoritismo em Real Madrid x Barcelona\" \/>\n<meta property=\"og:description\" content=\"\u00cddolo portugu\u00eas atuou nos dois lados Real Madrid e Barcelona se enfrentam neste s\u00e1bado (26) pelo famoso e grandioso &#8216;El Cl\u00e1ssico&#8217; e o ex-jogador portugu\u00eas Luis Figo comentou sobre o duelo e disse quem \u00e9 o favorito para o confronto. Vale ressaltar que Figo sabe muito bem o tamanho e o peso do cl\u00e1ssico, afinal, [&hellip;]\" \/>\n<meta property=\"og:url\" content=\"https:\/\/www.gaveanews.com\/index.php\/2024\/10\/25\/figo-aponta-favoritismo-em-real-madrid-x-barcelona\/\" \/>\n<meta property=\"og:site_name\" content=\"G\u00e1vea News\" \/>\n<meta property=\"article:publisher\" content=\"https:\/\/facebook.com\/gaveaNews\/\" \/>\n<meta property=\"article:published_time\" content=\"2024-10-25T13:40:25+00:00\" \/>\n<meta property=\"og:image\" content=\"https:\/\/www.gaveanews.com\/wp-content\/uploads\/Real-Madrid-e-Barcelona.webp\" \/>\n\t<meta property=\"og:image:width\" content=\"1296\" \/>\n\t<meta property=\"og:image:height\" content=\"729\" \/>\n\t<meta property=\"og:image:type\" content=\"image\/jpeg\" \/>\n<meta name=\"author\" content=\"Andr\u00e9 Serra\" \/>\n<meta name=\"twitter:card\" content=\"summary_large_image\" \/>\n<meta name=\"twitter:label1\" content=\"Escrito por\" \/>\n\t<meta name=\"twitter:data1\" content=\"Andr\u00e9 Serra\" \/>\n\t<meta name=\"twitter:label2\" content=\"Est. tempo de leitura\" \/>\n\t<meta name=\"twitter:data2\" content=\"3 minutos\" \/>\n<script type=\"application\/ld+json\" class=\"yoast-schema-graph\">{\"@context\":\"https:\/\/schema.org\",\"@graph\":[{\"@type\":\"NewsArticle\",\"@id\":\"https:\/\/www.gaveanews.com\/index.php\/2024\/10\/25\/figo-aponta-favoritismo-em-real-madrid-x-barcelona\/#article\",\"isPartOf\":{\"@id\":\"https:\/\/www.gaveanews.com\/index.php\/2024\/10\/25\/figo-aponta-favoritismo-em-real-madrid-x-barcelona\/\"},\"author\":{\"name\":\"Andr\u00e9 Serra\",\"@id\":\"https:\/\/www.gaveanews.com\/#\/schema\/person\/0277a79a1289c451c281ec0411d84f0c\"},\"headline\":\"Figo aponta favoritismo em Real Madrid x Barcelona\",\"datePublished\":\"2024-10-25T13:40:25+00:00\",\"mainEntityOfPage\":{\"@id\":\"https:\/\/www.gaveanews.com\/index.php\/2024\/10\/25\/figo-aponta-favoritismo-em-real-madrid-x-barcelona\/\"},\"wordCount\":461,\"commentCount\":0,\"image\":{\"@id\":\"https:\/\/www.gaveanews.com\/index.php\/2024\/10\/25\/figo-aponta-favoritismo-em-real-madrid-x-barcelona\/#primaryimage\"},\"thumbnailUrl\":\"https:\/\/www.gaveanews.com\/wp-content\/uploads\/Real-Madrid-e-Barcelona.webp\",\"articleSection\":[\"Barcelona\",\"Real Madrid\"],\"inLanguage\":\"pt-BR\",\"potentialAction\":[{\"@type\":\"CommentAction\",\"name\":\"Comment\",\"target\":[\"https:\/\/www.gaveanews.com\/index.php\/2024\/10\/25\/figo-aponta-favoritismo-em-real-madrid-x-barcelona\/#respond\"]}],\"copyrightYear\":\"2024\",\"copyrightHolder\":{\"@id\":\"https:\/\/www.gaveanews.com\/#organization\"}},{\"@type\":\"WebPage\",\"@id\":\"https:\/\/www.gaveanews.com\/index.php\/2024\/10\/25\/figo-aponta-favoritismo-em-real-madrid-x-barcelona\/\",\"url\":\"https:\/\/www.gaveanews.com\/index.php\/2024\/10\/25\/figo-aponta-favoritismo-em-real-madrid-x-barcelona\/\",\"name\":\"Figo aponta favoritismo em Real Madrid x Barcelona\",\"isPartOf\":{\"@id\":\"https:\/\/www.gaveanews.com\/#website\"},\"primaryImageOfPage\":{\"@id\":\"https:\/\/www.gaveanews.com\/index.php\/2024\/10\/25\/figo-aponta-favoritismo-em-real-madrid-x-barcelona\/#primaryimage\"},\"image\":{\"@id\":\"https:\/\/www.gaveanews.com\/index.php\/2024\/10\/25\/figo-aponta-favoritismo-em-real-madrid-x-barcelona\/#primaryimage\"},\"thumbnailUrl\":\"https:\/\/www.gaveanews.com\/wp-content\/uploads\/Real-Madrid-e-Barcelona.webp\",\"datePublished\":\"2024-10-25T13:40:25+00:00\",\"author\":{\"@id\":\"https:\/\/www.gaveanews.com\/#\/schema\/person\/0277a79a1289c451c281ec0411d84f0c\"},\"breadcrumb\":{\"@id\":\"https:\/\/www.gaveanews.com\/index.php\/2024\/10\/25\/figo-aponta-favoritismo-em-real-madrid-x-barcelona\/#breadcrumb\"},\"inLanguage\":\"pt-BR\",\"potentialAction\":[{\"@type\":\"ReadAction\",\"target\":[\"https:\/\/www.gaveanews.com\/index.php\/2024\/10\/25\/figo-aponta-favoritismo-em-real-madrid-x-barcelona\/\"]}]},{\"@type\":\"ImageObject\",\"inLanguage\":\"pt-BR\",\"@id\":\"https:\/\/www.gaveanews.com\/index.php\/2024\/10\/25\/figo-aponta-favoritismo-em-real-madrid-x-barcelona\/#primaryimage\",\"url\":\"https:\/\/www.gaveanews.com\/wp-content\/uploads\/Real-Madrid-e-Barcelona.webp\",\"contentUrl\":\"https:\/\/www.gaveanews.com\/wp-content\/uploads\/Real-Madrid-e-Barcelona.webp\",\"width\":1296,\"height\":729,\"caption\":\"Escudo do Real Madrid e Barcelona (Foto: Divulga\u00e7\u00e3o)\"},{\"@type\":\"BreadcrumbList\",\"@id\":\"https:\/\/www.gaveanews.com\/index.php\/2024\/10\/25\/figo-aponta-favoritismo-em-real-madrid-x-barcelona\/#breadcrumb\",\"itemListElement\":[{\"@type\":\"ListItem\",\"position\":1,\"name\":\"Home\",\"item\":\"https:\/\/www.gaveanews.com\/\"},{\"@type\":\"ListItem\",\"position\":2,\"name\":\"Figo aponta favoritismo em Real Madrid x Barcelona\"}]},{\"@type\":\"WebSite\",\"@id\":\"https:\/\/www.gaveanews.com\/#website\",\"url\":\"https:\/\/www.gaveanews.com\/\",\"name\":\"G\u00e1vea News\",\"description\":\"Veja todas as not\u00edcias sobre o Flamengo: Contrata\u00e7\u00f5es, categorias de base, resultados das partidas, tabela de classifica\u00e7\u00e3o, pr\u00f3ximos jogos!\",\"potentialAction\":[{\"@type\":\"SearchAction\",\"target\":{\"@type\":\"EntryPoint\",\"urlTemplate\":\"https:\/\/www.gaveanews.com\/?s={search_term_string}\"},\"query-input\":{\"@type\":\"PropertyValueSpecification\",\"valueRequired\":true,\"valueName\":\"search_term_string\"}}],\"inLanguage\":\"pt-BR\"},{\"@type\":\"Person\",\"@id\":\"https:\/\/www.gaveanews.com\/#\/schema\/person\/0277a79a1289c451c281ec0411d84f0c\",\"name\":\"Andr\u00e9 Serra\",\"image\":{\"@type\":\"ImageObject\",\"inLanguage\":\"pt-BR\",\"@id\":\"https:\/\/www.gaveanews.com\/#\/schema\/person\/image\/\",\"url\":\"https:\/\/secure.gravatar.com\/avatar\/d7231369fe48db93292b3e88eb2162dbd9a34a47a8437d9ef3bcaca2a86a83d7?s=96&d=mm&r=g\",\"contentUrl\":\"https:\/\/secure.gravatar.com\/avatar\/d7231369fe48db93292b3e88eb2162dbd9a34a47a8437d9ef3bcaca2a86a83d7?s=96&d=mm&r=g\",\"caption\":\"Andr\u00e9 Serra\"}}]}<\/script>\n<!-- \/ Yoast SEO Premium plugin. -->","yoast_head_json":{"title":"Figo aponta favoritismo em Real Madrid x Barcelona","robots":{"index":"index","follow":"follow","max-snippet":"max-snippet:-1","max-image-preview":"max-image-preview:large","max-video-preview":"max-video-preview:-1"},"canonical":"https:\/\/www.gaveanews.com\/index.php\/2024\/10\/25\/figo-aponta-favoritismo-em-real-madrid-x-barcelona\/","og_locale":"pt_BR","og_type":"article","og_title":"Figo aponta favoritismo em Real Madrid x Barcelona","og_description":"\u00cddolo portugu\u00eas atuou nos dois lados Real Madrid e Barcelona se enfrentam neste s\u00e1bado (26) pelo famoso e grandioso &#8216;El Cl\u00e1ssico&#8217; e o ex-jogador portugu\u00eas Luis Figo comentou sobre o duelo e disse quem \u00e9 o favorito para o confronto. Vale ressaltar que Figo sabe muito bem o tamanho e o peso do cl\u00e1ssico, afinal, [&hellip;]","og_url":"https:\/\/www.gaveanews.com\/index.php\/2024\/10\/25\/figo-aponta-favoritismo-em-real-madrid-x-barcelona\/","og_site_name":"G\u00e1vea News","article_publisher":"https:\/\/facebook.com\/gaveaNews\/","article_published_time":"2024-10-25T13:40:25+00:00","og_image":[{"width":1296,"height":729,"url":"https:\/\/www.gaveanews.com\/wp-content\/uploads\/Real-Madrid-e-Barcelona.webp","type":"image\/jpeg"}],"author":"Andr\u00e9 Serra","twitter_card":"summary_large_image","twitter_misc":{"Escrito por":"Andr\u00e9 Serra","Est. tempo de leitura":"3 minutos"},"schema":{"@context":"https:\/\/schema.org","@graph":[{"@type":"NewsArticle","@id":"https:\/\/www.gaveanews.com\/index.php\/2024\/10\/25\/figo-aponta-favoritismo-em-real-madrid-x-barcelona\/#article","isPartOf":{"@id":"https:\/\/www.gaveanews.com\/index.php\/2024\/10\/25\/figo-aponta-favoritismo-em-real-madrid-x-barcelona\/"},"author":{"name":"Andr\u00e9 Serra","@id":"https:\/\/www.gaveanews.com\/#\/schema\/person\/0277a79a1289c451c281ec0411d84f0c"},"headline":"Figo aponta favoritismo em Real Madrid x Barcelona","datePublished":"2024-10-25T13:40:25+00:00","mainEntityOfPage":{"@id":"https:\/\/www.gaveanews.com\/index.php\/2024\/10\/25\/figo-aponta-favoritismo-em-real-madrid-x-barcelona\/"},"wordCount":461,"commentCount":0,"image":{"@id":"https:\/\/www.gaveanews.com\/index.php\/2024\/10\/25\/figo-aponta-favoritismo-em-real-madrid-x-barcelona\/#primaryimage"},"thumbnailUrl":"https:\/\/www.gaveanews.com\/wp-content\/uploads\/Real-Madrid-e-Barcelona.webp","articleSection":["Barcelona","Real Madrid"],"inLanguage":"pt-BR","potentialAction":[{"@type":"CommentAction","name":"Comment","target":["https:\/\/www.gaveanews.com\/index.php\/2024\/10\/25\/figo-aponta-favoritismo-em-real-madrid-x-barcelona\/#respond"]}],"copyrightYear":"2024","copyrightHolder":{"@id":"https:\/\/www.gaveanews.com\/#organization"}},{"@type":"WebPage","@id":"https:\/\/www.gaveanews.com\/index.php\/2024\/10\/25\/figo-aponta-favoritismo-em-real-madrid-x-barcelona\/","url":"https:\/\/www.gaveanews.com\/index.php\/2024\/10\/25\/figo-aponta-favoritismo-em-real-madrid-x-barcelona\/","name":"Figo aponta favoritismo em Real Madrid x Barcelona","isPartOf":{"@id":"https:\/\/www.gaveanews.com\/#website"},"primaryImageOfPage":{"@id":"https:\/\/www.gaveanews.com\/index.php\/2024\/10\/25\/figo-aponta-favoritismo-em-real-madrid-x-barcelona\/#primaryimage"},"image":{"@id":"https:\/\/www.gaveanews.com\/index.php\/2024\/10\/25\/figo-aponta-favoritismo-em-real-madrid-x-barcelona\/#primaryimage"},"thumbnailUrl":"https:\/\/www.gaveanews.com\/wp-content\/uploads\/Real-Madrid-e-Barcelona.webp","datePublished":"2024-10-25T13:40:25+00:00","author":{"@id":"https:\/\/www.gaveanews.com\/#\/schema\/person\/0277a79a1289c451c281ec0411d84f0c"},"breadcrumb":{"@id":"https:\/\/www.gaveanews.com\/index.php\/2024\/10\/25\/figo-aponta-favoritismo-em-real-madrid-x-barcelona\/#breadcrumb"},"inLanguage":"pt-BR","potentialAction":[{"@type":"ReadAction","target":["https:\/\/www.gaveanews.com\/index.php\/2024\/10\/25\/figo-aponta-favoritismo-em-real-madrid-x-barcelona\/"]}]},{"@type":"ImageObject","inLanguage":"pt-BR","@id":"https:\/\/www.gaveanews.com\/index.php\/2024\/10\/25\/figo-aponta-favoritismo-em-real-madrid-x-barcelona\/#primaryimage","url":"https:\/\/www.gaveanews.com\/wp-content\/uploads\/Real-Madrid-e-Barcelona.webp","contentUrl":"https:\/\/www.gaveanews.com\/wp-content\/uploads\/Real-Madrid-e-Barcelona.webp","width":1296,"height":729,"caption":"Escudo do Real Madrid e Barcelona (Foto: Divulga\u00e7\u00e3o)"},{"@type":"BreadcrumbList","@id":"https:\/\/www.gaveanews.com\/index.php\/2024\/10\/25\/figo-aponta-favoritismo-em-real-madrid-x-barcelona\/#breadcrumb","itemListElement":[{"@type":"ListItem","position":1,"name":"Home","item":"https:\/\/www.gaveanews.com\/"},{"@type":"ListItem","position":2,"name":"Figo aponta favoritismo em Real Madrid x Barcelona"}]},{"@type":"WebSite","@id":"https:\/\/www.gaveanews.com\/#website","url":"https:\/\/www.gaveanews.com\/","name":"G\u00e1vea News","description":"Veja todas as not\u00edcias sobre o Flamengo: Contrata\u00e7\u00f5es, categorias de base, resultados das partidas, tabela de classifica\u00e7\u00e3o, pr\u00f3ximos jogos!","potentialAction":[{"@type":"SearchAction","target":{"@type":"EntryPoint","urlTemplate":"https:\/\/www.gaveanews.com\/?s={search_term_string}"},"query-input":{"@type":"PropertyValueSpecification","valueRequired":true,"valueName":"search_term_string"}}],"inLanguage":"pt-BR"},{"@type":"Person","@id":"https:\/\/www.gaveanews.com\/#\/schema\/person\/0277a79a1289c451c281ec0411d84f0c","name":"Andr\u00e9 Serra","image":{"@type":"ImageObject","inLanguage":"pt-BR","@id":"https:\/\/www.gaveanews.com\/#\/schema\/person\/image\/","url":"https:\/\/secure.gravatar.com\/avatar\/d7231369fe48db93292b3e88eb2162dbd9a34a47a8437d9ef3bcaca2a86a83d7?s=96&d=mm&r=g","contentUrl":"https:\/\/secure.gravatar.com\/avatar\/d7231369fe48db93292b3e88eb2162dbd9a34a47a8437d9ef3bcaca2a86a83d7?s=96&d=mm&r=g","caption":"Andr\u00e9 Serra"}}]}},"_links":{"self":[{"href":"https:\/\/www.gaveanews.com\/index.php\/wp-json\/wp\/v2\/posts\/177496","targetHints":{"allow":["GET"]}}],"collection":[{"href":"https:\/\/www.gaveanews.com\/index.php\/wp-json\/wp\/v2\/posts"}],"about":[{"href":"https:\/\/www.gaveanews.com\/index.php\/wp-json\/wp\/v2\/types\/post"}],"author":[{"embeddable":true,"href":"https:\/\/www.gaveanews.com\/index.php\/wp-json\/wp\/v2\/users\/21"}],"replies":[{"embeddable":true,"href":"https:\/\/www.gaveanews.com\/index.php\/wp-json\/wp\/v2\/comments?post=177496"}],"version-history":[{"count":1,"href":"https:\/\/www.gaveanews.com\/index.php\/wp-json\/wp\/v2\/posts\/177496\/revisions"}],"predecessor-version":[{"id":177501,"href":"https:\/\/www.gaveanews.com\/index.php\/wp-json\/wp\/v2\/posts\/177496\/revisions\/177501"}],"wp:featuredmedia":[{"embeddable":true,"href":"https:\/\/www.gaveanews.com\/index.php\/wp-json\/wp\/v2\/media\/120885"}],"wp:attachment":[{"href":"https:\/\/www.gaveanews.com\/index.php\/wp-json\/wp\/v2\/media?parent=177496"}],"wp:term":[{"taxonomy":"category","embeddable":true,"href":"https:\/\/www.gaveanews.com\/index.php\/wp-json\/wp\/v2\/categories?post=177496"},{"taxonomy":"post_tag","embeddable":true,"href":"https:\/\/www.gaveanews.com\/index.php\/wp-json\/wp\/v2\/tags?post=177496"}],"curies":[{"name":"wp","href":"https:\/\/api.w.org\/{rel}","templated":true}]}}