{"id":177523,"date":"2024-10-25T13:00:00","date_gmt":"2024-10-25T16:00:00","guid":{"rendered":"https:\/\/www.gaveanews.com\/?p=177523"},"modified":"2024-10-25T10:03:27","modified_gmt":"2024-10-25T13:03:27","slug":"a-declaracao-de-ana-thais-direcionada-a-igor-jesus-do-botafogo","status":"publish","type":"post","link":"https:\/\/www.gaveanews.com\/index.php\/2024\/10\/25\/a-declaracao-de-ana-thais-direcionada-a-igor-jesus-do-botafogo\/","title":{"rendered":"A declara\u00e7\u00e3o de Ana Tha\u00eds direcionada a Igor Jesus, do Botafogo"},"content":{"rendered":"\n<p>Em uma exibi\u00e7\u00e3o deslumbrante na semifinal da Libertadores, Igor Jesus se destacou na goleada do Botafogo sobre o Pe\u00f1arol, e a comentarista Ana Tha\u00eds Matos n\u00e3o poupou elogios ao atacante.&nbsp;<\/p>\n\n\n\n<ul class=\"wp-block-list\">\n<li><a href=\"https:\/\/www.gaveanews.com\/index.php\/2024\/10\/24\/atitude-da-torcida-do-botafogo-lei-do-ex-na-libertadores-e-publicacao-da-conmebol-as-ultimas-noticias-do-glorioso\/\">Atitude da torcida do Botafogo, lei do ex na Libertadores e publica\u00e7\u00e3o da Conmebol: as \u00faltimas not\u00edcias do Glorioso<\/a><\/li>\n\n\n\n<li><a href=\"https:\/\/www.gaveanews.com\/index.php\/2024\/10\/24\/a-declaracao-de-renata-fan-direcionada-ao-time-do-botafogo\/\">A declara\u00e7\u00e3o de Renata Fan direcionada ao time do Botafogo<\/a><\/li>\n<\/ul>\n\n\n\n<p>Durante a transmiss\u00e3o, ela destacou n\u00e3o apenas os gols, mas a intelig\u00eancia e a movimenta\u00e7\u00e3o do jogador, que foram cruciais para a vit\u00f3ria de 5 a 0 no Est\u00e1dio Nilton Santos.<\/p>\n\n\n\n<h2 class=\"wp-block-heading\" id=\"h-o-brilho-de-igor-jesus\">O Brilho de Igor Jesus<\/h2>\n\n\n\n<p>Igor Jesus n\u00e3o apenas marcou o quinto gol da partida, mas tamb\u00e9m foi fundamental em outras jogadas, como ao fornecer assist\u00eancias para Luiz Henrique.&nbsp;<\/p>\n\n\n\n<p>\u201cEle joga muita bola. No terceiro gol, a movimenta\u00e7\u00e3o dele foi essencial\u201d, afirmou Ana Tha\u00eds.&nbsp;<\/p>\n\n\n\n<p>Vale destacar que a comentarista ressaltou a habilidade do atacante em atrair a marca\u00e7\u00e3o, demonstrando uma t\u00e9cnica apurada e um posicionamento estrat\u00e9gico em campo. Isso porque, ao n\u00e3o aparecer constantemente, Igor Jesus se tornou um jogador dif\u00edcil de ser marcado, criando espa\u00e7o para seus companheiros.<\/p>\n\n\n\n<h2 class=\"wp-block-heading\" id=\"h-caminho-para-a-final\">Caminho para a final<\/h2>\n\n\n\n<p>Com a vit\u00f3ria expressiva, o Botafogo est\u00e1 praticamente classificado para a final da Libertadores 2024, j\u00e1 que pode perder por at\u00e9 quatro gols de diferen\u00e7a no jogo de volta no Uruguai.&nbsp;<\/p>\n\n\n\n<p>Sendo assim, a equipe alvinegra tem grandes chances de avan\u00e7ar, especialmente ap\u00f3s uma atua\u00e7\u00e3o t\u00e3o s\u00f3lida.&nbsp;<\/p>\n\n\n\n<p>Do outro lado, o Atl\u00e9tico-MG tamb\u00e9m se posiciona de forma vantajosa ap\u00f3s vencer o River Plate por 3 a 0 em casa. Dessa maneira, as semifinais est\u00e3o alinhadas para proporcionar uma final brasileira, marcada para 30 de novembro no Monumental de Nu\u00f1ez, em Buenos Aires.<\/p>\n\n\n\n<h2 class=\"wp-block-heading\" id=\"h-expectativa-para-botafogo-e-atletico-mg\">Expectativa para Botafogo e Atl\u00e9tico-MG<\/h2>\n\n\n\n<p>A expectativa \u00e9 alta, n\u00e3o s\u00f3 para o Botafogo, que busca sua primeira final de Libertadores, mas tamb\u00e9m para o Atl\u00e9tico-MG, que est\u00e1 em busca do t\u00edtulo ap\u00f3s uma d\u00e9cada.&nbsp;<\/p>\n\n\n\n<p>Com isso, caso aconte\u00e7a entre Botafogo e Atl\u00e9tico-MG, a final do torneio promete ser repleta de surpresas e atua\u00e7\u00f5es memor\u00e1veis, como a de Igor Jesus, que pode se consolidar como um dos grandes nomes da competi\u00e7\u00e3o.<\/p>\n","protected":false},"excerpt":{"rendered":"<p>Em uma exibi\u00e7\u00e3o deslumbrante na semifinal da Libertadores, Igor Jesus se destacou na goleada do Botafogo sobre o Pe\u00f1arol, e a comentarista Ana Tha\u00eds Matos n\u00e3o poupou elogios ao atacante.&nbsp; Durante a transmiss\u00e3o, ela destacou n\u00e3o apenas os gols, mas a intelig\u00eancia e a movimenta\u00e7\u00e3o do jogador, que foram cruciais para a vit\u00f3ria de 5 [&hellip;]<\/p>\n","protected":false},"author":25,"featured_media":55460,"comment_status":"open","ping_status":"closed","sticky":false,"template":"","format":"standard","meta":{"footnotes":""},"categories":[138],"tags":[],"class_list":["post-177523","post","type-post","status-publish","format-standard","has-post-thumbnail","hentry","category-botafogo"],"yoast_head":"<!-- This site is optimized with the Yoast SEO Premium plugin v24.2 (Yoast SEO v26.9) - https:\/\/yoast.com\/product\/yoast-seo-premium-wordpress\/ -->\n<title>A declara\u00e7\u00e3o de Ana Tha\u00eds direcionada a Igor Jesus, do Botafogo<\/title>\n<meta name=\"robots\" content=\"index, follow, max-snippet:-1, max-image-preview:large, max-video-preview:-1\" \/>\n<link rel=\"canonical\" href=\"https:\/\/www.gaveanews.com\/index.php\/2024\/10\/25\/a-declaracao-de-ana-thais-direcionada-a-igor-jesus-do-botafogo\/\" \/>\n<meta property=\"og:locale\" content=\"pt_BR\" \/>\n<meta property=\"og:type\" content=\"article\" \/>\n<meta property=\"og:title\" content=\"A declara\u00e7\u00e3o de Ana Tha\u00eds direcionada a Igor Jesus, do Botafogo\" \/>\n<meta property=\"og:description\" content=\"Em uma exibi\u00e7\u00e3o deslumbrante na semifinal da Libertadores, Igor Jesus se destacou na goleada do Botafogo sobre o Pe\u00f1arol, e a comentarista Ana Tha\u00eds Matos n\u00e3o poupou elogios ao atacante.&nbsp; Durante a transmiss\u00e3o, ela destacou n\u00e3o apenas os gols, mas a intelig\u00eancia e a movimenta\u00e7\u00e3o do jogador, que foram cruciais para a vit\u00f3ria de 5 [&hellip;]\" \/>\n<meta property=\"og:url\" content=\"https:\/\/www.gaveanews.com\/index.php\/2024\/10\/25\/a-declaracao-de-ana-thais-direcionada-a-igor-jesus-do-botafogo\/\" \/>\n<meta property=\"og:site_name\" content=\"G\u00e1vea News\" \/>\n<meta property=\"article:publisher\" content=\"https:\/\/facebook.com\/gaveaNews\/\" \/>\n<meta property=\"article:published_time\" content=\"2024-10-25T16:00:00+00:00\" \/>\n<meta property=\"og:image\" content=\"https:\/\/www.gaveanews.com\/wp-content\/uploads\/Ana-Thais-Matos-jornalista-do-Sportv.webp\" \/>\n\t<meta property=\"og:image:width\" content=\"1366\" \/>\n\t<meta property=\"og:image:height\" content=\"769\" \/>\n\t<meta property=\"og:image:type\" content=\"image\/jpeg\" \/>\n<meta name=\"author\" content=\"Rafaela Ladeira\" \/>\n<meta name=\"twitter:card\" content=\"summary_large_image\" \/>\n<meta name=\"twitter:label1\" content=\"Escrito por\" \/>\n\t<meta name=\"twitter:data1\" content=\"Rafaela Ladeira\" \/>\n\t<meta name=\"twitter:label2\" content=\"Est. tempo de leitura\" \/>\n\t<meta name=\"twitter:data2\" content=\"3 minutos\" \/>\n<script type=\"application\/ld+json\" class=\"yoast-schema-graph\">{\"@context\":\"https:\/\/schema.org\",\"@graph\":[{\"@type\":\"NewsArticle\",\"@id\":\"https:\/\/www.gaveanews.com\/index.php\/2024\/10\/25\/a-declaracao-de-ana-thais-direcionada-a-igor-jesus-do-botafogo\/#article\",\"isPartOf\":{\"@id\":\"https:\/\/www.gaveanews.com\/index.php\/2024\/10\/25\/a-declaracao-de-ana-thais-direcionada-a-igor-jesus-do-botafogo\/\"},\"author\":{\"name\":\"Rafaela Ladeira\",\"@id\":\"https:\/\/www.gaveanews.com\/#\/schema\/person\/0eb3e3fe1754f0205218538adbe8f5ed\"},\"headline\":\"A declara\u00e7\u00e3o de Ana Tha\u00eds direcionada a Igor Jesus, do Botafogo\",\"datePublished\":\"2024-10-25T16:00:00+00:00\",\"mainEntityOfPage\":{\"@id\":\"https:\/\/www.gaveanews.com\/index.php\/2024\/10\/25\/a-declaracao-de-ana-thais-direcionada-a-igor-jesus-do-botafogo\/\"},\"wordCount\":406,\"commentCount\":0,\"image\":{\"@id\":\"https:\/\/www.gaveanews.com\/index.php\/2024\/10\/25\/a-declaracao-de-ana-thais-direcionada-a-igor-jesus-do-botafogo\/#primaryimage\"},\"thumbnailUrl\":\"https:\/\/www.gaveanews.com\/wp-content\/uploads\/Ana-Thais-Matos-jornalista-do-Sportv.webp\",\"articleSection\":[\"Botafogo\"],\"inLanguage\":\"pt-BR\",\"potentialAction\":[{\"@type\":\"CommentAction\",\"name\":\"Comment\",\"target\":[\"https:\/\/www.gaveanews.com\/index.php\/2024\/10\/25\/a-declaracao-de-ana-thais-direcionada-a-igor-jesus-do-botafogo\/#respond\"]}],\"copyrightYear\":\"2024\",\"copyrightHolder\":{\"@id\":\"https:\/\/www.gaveanews.com\/#organization\"}},{\"@type\":\"WebPage\",\"@id\":\"https:\/\/www.gaveanews.com\/index.php\/2024\/10\/25\/a-declaracao-de-ana-thais-direcionada-a-igor-jesus-do-botafogo\/\",\"url\":\"https:\/\/www.gaveanews.com\/index.php\/2024\/10\/25\/a-declaracao-de-ana-thais-direcionada-a-igor-jesus-do-botafogo\/\",\"name\":\"A declara\u00e7\u00e3o de Ana Tha\u00eds direcionada a Igor Jesus, do Botafogo\",\"isPartOf\":{\"@id\":\"https:\/\/www.gaveanews.com\/#website\"},\"primaryImageOfPage\":{\"@id\":\"https:\/\/www.gaveanews.com\/index.php\/2024\/10\/25\/a-declaracao-de-ana-thais-direcionada-a-igor-jesus-do-botafogo\/#primaryimage\"},\"image\":{\"@id\":\"https:\/\/www.gaveanews.com\/index.php\/2024\/10\/25\/a-declaracao-de-ana-thais-direcionada-a-igor-jesus-do-botafogo\/#primaryimage\"},\"thumbnailUrl\":\"https:\/\/www.gaveanews.com\/wp-content\/uploads\/Ana-Thais-Matos-jornalista-do-Sportv.webp\",\"datePublished\":\"2024-10-25T16:00:00+00:00\",\"author\":{\"@id\":\"https:\/\/www.gaveanews.com\/#\/schema\/person\/0eb3e3fe1754f0205218538adbe8f5ed\"},\"breadcrumb\":{\"@id\":\"https:\/\/www.gaveanews.com\/index.php\/2024\/10\/25\/a-declaracao-de-ana-thais-direcionada-a-igor-jesus-do-botafogo\/#breadcrumb\"},\"inLanguage\":\"pt-BR\",\"potentialAction\":[{\"@type\":\"ReadAction\",\"target\":[\"https:\/\/www.gaveanews.com\/index.php\/2024\/10\/25\/a-declaracao-de-ana-thais-direcionada-a-igor-jesus-do-botafogo\/\"]}]},{\"@type\":\"ImageObject\",\"inLanguage\":\"pt-BR\",\"@id\":\"https:\/\/www.gaveanews.com\/index.php\/2024\/10\/25\/a-declaracao-de-ana-thais-direcionada-a-igor-jesus-do-botafogo\/#primaryimage\",\"url\":\"https:\/\/www.gaveanews.com\/wp-content\/uploads\/Ana-Thais-Matos-jornalista-do-Sportv.webp\",\"contentUrl\":\"https:\/\/www.gaveanews.com\/wp-content\/uploads\/Ana-Thais-Matos-jornalista-do-Sportv.webp\",\"width\":1366,\"height\":769,\"caption\":\"Ana Thais Mattos, jornalista do Sportv (Foto: Reprodu\u00e7\u00e3o)\"},{\"@type\":\"BreadcrumbList\",\"@id\":\"https:\/\/www.gaveanews.com\/index.php\/2024\/10\/25\/a-declaracao-de-ana-thais-direcionada-a-igor-jesus-do-botafogo\/#breadcrumb\",\"itemListElement\":[{\"@type\":\"ListItem\",\"position\":1,\"name\":\"Home\",\"item\":\"https:\/\/www.gaveanews.com\/\"},{\"@type\":\"ListItem\",\"position\":2,\"name\":\"A declara\u00e7\u00e3o de Ana Tha\u00eds direcionada a Igor Jesus, do Botafogo\"}]},{\"@type\":\"WebSite\",\"@id\":\"https:\/\/www.gaveanews.com\/#website\",\"url\":\"https:\/\/www.gaveanews.com\/\",\"name\":\"G\u00e1vea News\",\"description\":\"Veja todas as not\u00edcias sobre o Flamengo: Contrata\u00e7\u00f5es, categorias de base, resultados das partidas, tabela de classifica\u00e7\u00e3o, pr\u00f3ximos jogos!\",\"potentialAction\":[{\"@type\":\"SearchAction\",\"target\":{\"@type\":\"EntryPoint\",\"urlTemplate\":\"https:\/\/www.gaveanews.com\/?s={search_term_string}\"},\"query-input\":{\"@type\":\"PropertyValueSpecification\",\"valueRequired\":true,\"valueName\":\"search_term_string\"}}],\"inLanguage\":\"pt-BR\"},{\"@type\":\"Person\",\"@id\":\"https:\/\/www.gaveanews.com\/#\/schema\/person\/0eb3e3fe1754f0205218538adbe8f5ed\",\"name\":\"Rafaela Ladeira\",\"image\":{\"@type\":\"ImageObject\",\"inLanguage\":\"pt-BR\",\"@id\":\"https:\/\/www.gaveanews.com\/#\/schema\/person\/image\/\",\"url\":\"https:\/\/secure.gravatar.com\/avatar\/c31f513acffd85eacab5730cbdfdbbf59f21ba5aeada8cd890acea879fbb2455?s=96&d=mm&r=g\",\"contentUrl\":\"https:\/\/secure.gravatar.com\/avatar\/c31f513acffd85eacab5730cbdfdbbf59f21ba5aeada8cd890acea879fbb2455?s=96&d=mm&r=g\",\"caption\":\"Rafaela Ladeira\"}}]}<\/script>\n<!-- \/ Yoast SEO Premium plugin. -->","yoast_head_json":{"title":"A declara\u00e7\u00e3o de Ana Tha\u00eds direcionada a Igor Jesus, do Botafogo","robots":{"index":"index","follow":"follow","max-snippet":"max-snippet:-1","max-image-preview":"max-image-preview:large","max-video-preview":"max-video-preview:-1"},"canonical":"https:\/\/www.gaveanews.com\/index.php\/2024\/10\/25\/a-declaracao-de-ana-thais-direcionada-a-igor-jesus-do-botafogo\/","og_locale":"pt_BR","og_type":"article","og_title":"A declara\u00e7\u00e3o de Ana Tha\u00eds direcionada a Igor Jesus, do Botafogo","og_description":"Em uma exibi\u00e7\u00e3o deslumbrante na semifinal da Libertadores, Igor Jesus se destacou na goleada do Botafogo sobre o Pe\u00f1arol, e a comentarista Ana Tha\u00eds Matos n\u00e3o poupou elogios ao atacante.&nbsp; Durante a transmiss\u00e3o, ela destacou n\u00e3o apenas os gols, mas a intelig\u00eancia e a movimenta\u00e7\u00e3o do jogador, que foram cruciais para a vit\u00f3ria de 5 [&hellip;]","og_url":"https:\/\/www.gaveanews.com\/index.php\/2024\/10\/25\/a-declaracao-de-ana-thais-direcionada-a-igor-jesus-do-botafogo\/","og_site_name":"G\u00e1vea News","article_publisher":"https:\/\/facebook.com\/gaveaNews\/","article_published_time":"2024-10-25T16:00:00+00:00","og_image":[{"width":1366,"height":769,"url":"https:\/\/www.gaveanews.com\/wp-content\/uploads\/Ana-Thais-Matos-jornalista-do-Sportv.webp","type":"image\/jpeg"}],"author":"Rafaela Ladeira","twitter_card":"summary_large_image","twitter_misc":{"Escrito por":"Rafaela Ladeira","Est. tempo de leitura":"3 minutos"},"schema":{"@context":"https:\/\/schema.org","@graph":[{"@type":"NewsArticle","@id":"https:\/\/www.gaveanews.com\/index.php\/2024\/10\/25\/a-declaracao-de-ana-thais-direcionada-a-igor-jesus-do-botafogo\/#article","isPartOf":{"@id":"https:\/\/www.gaveanews.com\/index.php\/2024\/10\/25\/a-declaracao-de-ana-thais-direcionada-a-igor-jesus-do-botafogo\/"},"author":{"name":"Rafaela Ladeira","@id":"https:\/\/www.gaveanews.com\/#\/schema\/person\/0eb3e3fe1754f0205218538adbe8f5ed"},"headline":"A declara\u00e7\u00e3o de Ana Tha\u00eds direcionada a Igor Jesus, do Botafogo","datePublished":"2024-10-25T16:00:00+00:00","mainEntityOfPage":{"@id":"https:\/\/www.gaveanews.com\/index.php\/2024\/10\/25\/a-declaracao-de-ana-thais-direcionada-a-igor-jesus-do-botafogo\/"},"wordCount":406,"commentCount":0,"image":{"@id":"https:\/\/www.gaveanews.com\/index.php\/2024\/10\/25\/a-declaracao-de-ana-thais-direcionada-a-igor-jesus-do-botafogo\/#primaryimage"},"thumbnailUrl":"https:\/\/www.gaveanews.com\/wp-content\/uploads\/Ana-Thais-Matos-jornalista-do-Sportv.webp","articleSection":["Botafogo"],"inLanguage":"pt-BR","potentialAction":[{"@type":"CommentAction","name":"Comment","target":["https:\/\/www.gaveanews.com\/index.php\/2024\/10\/25\/a-declaracao-de-ana-thais-direcionada-a-igor-jesus-do-botafogo\/#respond"]}],"copyrightYear":"2024","copyrightHolder":{"@id":"https:\/\/www.gaveanews.com\/#organization"}},{"@type":"WebPage","@id":"https:\/\/www.gaveanews.com\/index.php\/2024\/10\/25\/a-declaracao-de-ana-thais-direcionada-a-igor-jesus-do-botafogo\/","url":"https:\/\/www.gaveanews.com\/index.php\/2024\/10\/25\/a-declaracao-de-ana-thais-direcionada-a-igor-jesus-do-botafogo\/","name":"A declara\u00e7\u00e3o de Ana Tha\u00eds direcionada a Igor Jesus, do Botafogo","isPartOf":{"@id":"https:\/\/www.gaveanews.com\/#website"},"primaryImageOfPage":{"@id":"https:\/\/www.gaveanews.com\/index.php\/2024\/10\/25\/a-declaracao-de-ana-thais-direcionada-a-igor-jesus-do-botafogo\/#primaryimage"},"image":{"@id":"https:\/\/www.gaveanews.com\/index.php\/2024\/10\/25\/a-declaracao-de-ana-thais-direcionada-a-igor-jesus-do-botafogo\/#primaryimage"},"thumbnailUrl":"https:\/\/www.gaveanews.com\/wp-content\/uploads\/Ana-Thais-Matos-jornalista-do-Sportv.webp","datePublished":"2024-10-25T16:00:00+00:00","author":{"@id":"https:\/\/www.gaveanews.com\/#\/schema\/person\/0eb3e3fe1754f0205218538adbe8f5ed"},"breadcrumb":{"@id":"https:\/\/www.gaveanews.com\/index.php\/2024\/10\/25\/a-declaracao-de-ana-thais-direcionada-a-igor-jesus-do-botafogo\/#breadcrumb"},"inLanguage":"pt-BR","potentialAction":[{"@type":"ReadAction","target":["https:\/\/www.gaveanews.com\/index.php\/2024\/10\/25\/a-declaracao-de-ana-thais-direcionada-a-igor-jesus-do-botafogo\/"]}]},{"@type":"ImageObject","inLanguage":"pt-BR","@id":"https:\/\/www.gaveanews.com\/index.php\/2024\/10\/25\/a-declaracao-de-ana-thais-direcionada-a-igor-jesus-do-botafogo\/#primaryimage","url":"https:\/\/www.gaveanews.com\/wp-content\/uploads\/Ana-Thais-Matos-jornalista-do-Sportv.webp","contentUrl":"https:\/\/www.gaveanews.com\/wp-content\/uploads\/Ana-Thais-Matos-jornalista-do-Sportv.webp","width":1366,"height":769,"caption":"Ana Thais Mattos, jornalista do Sportv (Foto: Reprodu\u00e7\u00e3o)"},{"@type":"BreadcrumbList","@id":"https:\/\/www.gaveanews.com\/index.php\/2024\/10\/25\/a-declaracao-de-ana-thais-direcionada-a-igor-jesus-do-botafogo\/#breadcrumb","itemListElement":[{"@type":"ListItem","position":1,"name":"Home","item":"https:\/\/www.gaveanews.com\/"},{"@type":"ListItem","position":2,"name":"A declara\u00e7\u00e3o de Ana Tha\u00eds direcionada a Igor Jesus, do Botafogo"}]},{"@type":"WebSite","@id":"https:\/\/www.gaveanews.com\/#website","url":"https:\/\/www.gaveanews.com\/","name":"G\u00e1vea News","description":"Veja todas as not\u00edcias sobre o Flamengo: Contrata\u00e7\u00f5es, categorias de base, resultados das partidas, tabela de classifica\u00e7\u00e3o, pr\u00f3ximos jogos!","potentialAction":[{"@type":"SearchAction","target":{"@type":"EntryPoint","urlTemplate":"https:\/\/www.gaveanews.com\/?s={search_term_string}"},"query-input":{"@type":"PropertyValueSpecification","valueRequired":true,"valueName":"search_term_string"}}],"inLanguage":"pt-BR"},{"@type":"Person","@id":"https:\/\/www.gaveanews.com\/#\/schema\/person\/0eb3e3fe1754f0205218538adbe8f5ed","name":"Rafaela Ladeira","image":{"@type":"ImageObject","inLanguage":"pt-BR","@id":"https:\/\/www.gaveanews.com\/#\/schema\/person\/image\/","url":"https:\/\/secure.gravatar.com\/avatar\/c31f513acffd85eacab5730cbdfdbbf59f21ba5aeada8cd890acea879fbb2455?s=96&d=mm&r=g","contentUrl":"https:\/\/secure.gravatar.com\/avatar\/c31f513acffd85eacab5730cbdfdbbf59f21ba5aeada8cd890acea879fbb2455?s=96&d=mm&r=g","caption":"Rafaela Ladeira"}}]}},"_links":{"self":[{"href":"https:\/\/www.gaveanews.com\/index.php\/wp-json\/wp\/v2\/posts\/177523","targetHints":{"allow":["GET"]}}],"collection":[{"href":"https:\/\/www.gaveanews.com\/index.php\/wp-json\/wp\/v2\/posts"}],"about":[{"href":"https:\/\/www.gaveanews.com\/index.php\/wp-json\/wp\/v2\/types\/post"}],"author":[{"embeddable":true,"href":"https:\/\/www.gaveanews.com\/index.php\/wp-json\/wp\/v2\/users\/25"}],"replies":[{"embeddable":true,"href":"https:\/\/www.gaveanews.com\/index.php\/wp-json\/wp\/v2\/comments?post=177523"}],"version-history":[{"count":2,"href":"https:\/\/www.gaveanews.com\/index.php\/wp-json\/wp\/v2\/posts\/177523\/revisions"}],"predecessor-version":[{"id":177652,"href":"https:\/\/www.gaveanews.com\/index.php\/wp-json\/wp\/v2\/posts\/177523\/revisions\/177652"}],"wp:featuredmedia":[{"embeddable":true,"href":"https:\/\/www.gaveanews.com\/index.php\/wp-json\/wp\/v2\/media\/55460"}],"wp:attachment":[{"href":"https:\/\/www.gaveanews.com\/index.php\/wp-json\/wp\/v2\/media?parent=177523"}],"wp:term":[{"taxonomy":"category","embeddable":true,"href":"https:\/\/www.gaveanews.com\/index.php\/wp-json\/wp\/v2\/categories?post=177523"},{"taxonomy":"post_tag","embeddable":true,"href":"https:\/\/www.gaveanews.com\/index.php\/wp-json\/wp\/v2\/tags?post=177523"}],"curies":[{"name":"wp","href":"https:\/\/api.w.org\/{rel}","templated":true}]}}