{"id":177733,"date":"2024-10-25T16:05:00","date_gmt":"2024-10-25T19:05:00","guid":{"rendered":"https:\/\/www.gaveanews.com\/?p=177733"},"modified":"2024-10-25T14:11:16","modified_gmt":"2024-10-25T17:11:16","slug":"atacante-do-flamengo-sera-pai-pela-segunda-vez","status":"publish","type":"post","link":"https:\/\/www.gaveanews.com\/index.php\/2024\/10\/25\/atacante-do-flamengo-sera-pai-pela-segunda-vez\/","title":{"rendered":"Atacante do Flamengo ser\u00e1 pai pela segunda vez"},"content":{"rendered":"\n<h2 class=\"wp-block-heading\" id=\"h-luiz-araujo-anuncia-nascimento-da-sua-filha\">Luiz Ara\u00fajo anuncia nascimento da sua filha <\/h2>\n\n\n\n<p>Um dos grandes nomes do Flamengo nesta temporada, Luiz Ara\u00fajo tamb\u00e9m est\u00e1 vivendo um momento especial fora do campo. Ele se recupera de uma les\u00e3o no joelho, mas celebrou recentemente o nascimento de sua segunda filha, fruto de sua rela\u00e7\u00e3o com a modelo e miss Ingrid Cantarini.<\/p>\n\n\n\n<ul class=\"wp-block-list\">\n<li><a href=\"https:\/\/www.gaveanews.com\/index.php\/2024\/10\/25\/mauro-cezar-pereira-alfineta-gabigol-do-flamengo\/\">Mauro Cezar Pereira alfineta Gabigol, do Flamengo<\/a><\/li>\n\n\n\n<li><a href=\"https:\/\/www.gaveanews.com\/index.php\/2024\/10\/25\/a-declaracao-de-filipe-luis-sobre-tite-no-flamengo\/\">A declara\u00e7\u00e3o de Filipe Lu\u00eds sobre Tite no Flamengo<br><\/a><\/li>\n<\/ul>\n\n\n\n<p>A pequena Celina veio ao mundo na quarta-feira, 23 de outubro, mas o jogador de 28 anos s\u00f3 anunciou a novidade ontem. Em sua postagem no Instagram, Luiz Ara\u00fajo compartilhou v\u00e1rias imagens ao lado da esposa, Ingrid Cantarini, e da rec\u00e9m-nascida.<\/p>\n\n\n\n<p><em>-Eis que os filhos s\u00e3o heran\u00e7a do Senhor, e o fruto do ventre o seu galard\u00e3o. \u201cSalmos 127:3-5&#8243;. Dia 23\/10 o dia que nossas vidas mudaram para melhor com a chegar do segundo fruto do nosso amor e ele se multiplicou com a chegada da nossa princesa Celina. Filha voc\u00ea foi t\u00e3o desejada e chegou pra mudar nossas vidas pra melhor! Seja bem vinda, princesa. Que Deus te aben\u00e7oe, te proteja e te guie em todos os seus passos que voc\u00ea der!, escreveu o jogador nas redes sociais.<\/em><\/p>\n\n\n\n<p><strong>Link da foto: <a href=\"https:\/\/www.instagram.com\/p\/DBhiSJDxmXq\/?img_index=1\">INGRID CANTARINI (@ingridcantarini) \u2022 Fotos e v\u00eddeos do Instagram<\/a><\/strong><\/p>\n\n\n\nhttps:\/\/www.instagram.com\/p\/DBhiSJDxmXq\/?img_index=1\n\n\n\n<p>O casal decidiu formalizar a uni\u00e3o em 2017, apenas tr\u00eas meses ap\u00f3s o in\u00edcio do relacionamento. Nesse mesmo ano, j\u00e1 esperavam pela filha Valentina, que agora tem cinco anos. Agora, Luiz Ara\u00fajo e Ingrid celebram a chegada de seu segundo filho.<\/p>\n\n\n\n<p>Luiz Ara\u00fajo ter\u00e1 a oportunidade de passar tempo com seu beb\u00ea, j\u00e1 que est\u00e1 afastado dos campos devido a uma les\u00e3o no joelho. Ele se lesionou em uma disputa com o lateral-esquerdo do Vasco, Lucas Piton, durante o cl\u00e1ssico entre Flamengo e Vasco, m\u00eas passado, e acabou se machucando de forma mais severa.<\/p>\n\n\n\n<p>O atleta, que se destacava no Flamengo, recebeu o diagn\u00f3stico de uma les\u00e3o no joelho direito e foi submetido a uma artroscopia. A sua recupera\u00e7\u00e3o dever\u00e1 levar de seis a oito semanas, o que significa que ele s\u00f3 estar\u00e1 pronto para voltar a jogar no m\u00eas seguinte.<\/p>\n","protected":false},"excerpt":{"rendered":"<p>Luiz Ara\u00fajo anuncia nascimento da sua filha Um dos grandes nomes do Flamengo nesta temporada, Luiz Ara\u00fajo tamb\u00e9m est\u00e1 vivendo um momento especial fora do campo. Ele se recupera de uma les\u00e3o no joelho, mas celebrou recentemente o nascimento de sua segunda filha, fruto de sua rela\u00e7\u00e3o com a modelo e miss Ingrid Cantarini. A [&hellip;]<\/p>\n","protected":false},"author":16,"featured_media":169215,"comment_status":"open","ping_status":"closed","sticky":false,"template":"","format":"standard","meta":{"footnotes":""},"categories":[1],"tags":[],"class_list":["post-177733","post","type-post","status-publish","format-standard","has-post-thumbnail","hentry","category-flamengo"],"yoast_head":"<!-- This site is optimized with the Yoast SEO Premium plugin v24.2 (Yoast SEO v26.9) - https:\/\/yoast.com\/product\/yoast-seo-premium-wordpress\/ -->\n<title>Atacante do Flamengo ser\u00e1 pai pela segunda vez<\/title>\n<meta name=\"description\" content=\"Atacante do Flamengo ser\u00e1 pai pela segunda vez\" \/>\n<meta name=\"robots\" content=\"index, follow, max-snippet:-1, max-image-preview:large, max-video-preview:-1\" \/>\n<link rel=\"canonical\" href=\"https:\/\/www.gaveanews.com\/index.php\/2024\/10\/25\/atacante-do-flamengo-sera-pai-pela-segunda-vez\/\" \/>\n<meta property=\"og:locale\" content=\"pt_BR\" \/>\n<meta property=\"og:type\" content=\"article\" \/>\n<meta property=\"og:title\" content=\"Atacante do Flamengo ser\u00e1 pai pela segunda vez\" \/>\n<meta property=\"og:description\" content=\"Atacante do Flamengo ser\u00e1 pai pela segunda vez\" \/>\n<meta property=\"og:url\" content=\"https:\/\/www.gaveanews.com\/index.php\/2024\/10\/25\/atacante-do-flamengo-sera-pai-pela-segunda-vez\/\" \/>\n<meta property=\"og:site_name\" content=\"G\u00e1vea News\" \/>\n<meta property=\"article:publisher\" content=\"https:\/\/facebook.com\/gaveaNews\/\" \/>\n<meta property=\"article:published_time\" content=\"2024-10-25T19:05:00+00:00\" \/>\n<meta property=\"og:image\" content=\"https:\/\/www.gaveanews.com\/wp-content\/uploads\/Elenco-do-Flamengo-em-acao.webp\" \/>\n\t<meta property=\"og:image:width\" content=\"1200\" \/>\n\t<meta property=\"og:image:height\" content=\"829\" \/>\n\t<meta property=\"og:image:type\" content=\"image\/jpeg\" \/>\n<meta name=\"author\" content=\"D\u00e9bora Figueiredo\" \/>\n<meta name=\"twitter:card\" content=\"summary_large_image\" \/>\n<meta name=\"twitter:label1\" content=\"Escrito por\" \/>\n\t<meta name=\"twitter:data1\" content=\"D\u00e9bora Figueiredo\" \/>\n\t<meta name=\"twitter:label2\" content=\"Est. tempo de leitura\" \/>\n\t<meta name=\"twitter:data2\" content=\"3 minutos\" \/>\n<script type=\"application\/ld+json\" class=\"yoast-schema-graph\">{\"@context\":\"https:\/\/schema.org\",\"@graph\":[{\"@type\":\"NewsArticle\",\"@id\":\"https:\/\/www.gaveanews.com\/index.php\/2024\/10\/25\/atacante-do-flamengo-sera-pai-pela-segunda-vez\/#article\",\"isPartOf\":{\"@id\":\"https:\/\/www.gaveanews.com\/index.php\/2024\/10\/25\/atacante-do-flamengo-sera-pai-pela-segunda-vez\/\"},\"author\":{\"name\":\"D\u00e9bora Figueiredo\",\"@id\":\"https:\/\/www.gaveanews.com\/#\/schema\/person\/37122681a8575a5c8db05a56f099a5e4\"},\"headline\":\"Atacante do Flamengo ser\u00e1 pai pela segunda vez\",\"datePublished\":\"2024-10-25T19:05:00+00:00\",\"mainEntityOfPage\":{\"@id\":\"https:\/\/www.gaveanews.com\/index.php\/2024\/10\/25\/atacante-do-flamengo-sera-pai-pela-segunda-vez\/\"},\"wordCount\":392,\"commentCount\":0,\"image\":{\"@id\":\"https:\/\/www.gaveanews.com\/index.php\/2024\/10\/25\/atacante-do-flamengo-sera-pai-pela-segunda-vez\/#primaryimage\"},\"thumbnailUrl\":\"https:\/\/www.gaveanews.com\/wp-content\/uploads\/Elenco-do-Flamengo-em-acao.webp\",\"articleSection\":[\"Flamengo\"],\"inLanguage\":\"pt-BR\",\"potentialAction\":[{\"@type\":\"CommentAction\",\"name\":\"Comment\",\"target\":[\"https:\/\/www.gaveanews.com\/index.php\/2024\/10\/25\/atacante-do-flamengo-sera-pai-pela-segunda-vez\/#respond\"]}],\"copyrightYear\":\"2024\",\"copyrightHolder\":{\"@id\":\"https:\/\/www.gaveanews.com\/#organization\"}},{\"@type\":\"WebPage\",\"@id\":\"https:\/\/www.gaveanews.com\/index.php\/2024\/10\/25\/atacante-do-flamengo-sera-pai-pela-segunda-vez\/\",\"url\":\"https:\/\/www.gaveanews.com\/index.php\/2024\/10\/25\/atacante-do-flamengo-sera-pai-pela-segunda-vez\/\",\"name\":\"Atacante do Flamengo ser\u00e1 pai pela segunda vez\",\"isPartOf\":{\"@id\":\"https:\/\/www.gaveanews.com\/#website\"},\"primaryImageOfPage\":{\"@id\":\"https:\/\/www.gaveanews.com\/index.php\/2024\/10\/25\/atacante-do-flamengo-sera-pai-pela-segunda-vez\/#primaryimage\"},\"image\":{\"@id\":\"https:\/\/www.gaveanews.com\/index.php\/2024\/10\/25\/atacante-do-flamengo-sera-pai-pela-segunda-vez\/#primaryimage\"},\"thumbnailUrl\":\"https:\/\/www.gaveanews.com\/wp-content\/uploads\/Elenco-do-Flamengo-em-acao.webp\",\"datePublished\":\"2024-10-25T19:05:00+00:00\",\"author\":{\"@id\":\"https:\/\/www.gaveanews.com\/#\/schema\/person\/37122681a8575a5c8db05a56f099a5e4\"},\"description\":\"Atacante do Flamengo ser\u00e1 pai pela segunda vez\",\"breadcrumb\":{\"@id\":\"https:\/\/www.gaveanews.com\/index.php\/2024\/10\/25\/atacante-do-flamengo-sera-pai-pela-segunda-vez\/#breadcrumb\"},\"inLanguage\":\"pt-BR\",\"potentialAction\":[{\"@type\":\"ReadAction\",\"target\":[\"https:\/\/www.gaveanews.com\/index.php\/2024\/10\/25\/atacante-do-flamengo-sera-pai-pela-segunda-vez\/\"]}]},{\"@type\":\"ImageObject\",\"inLanguage\":\"pt-BR\",\"@id\":\"https:\/\/www.gaveanews.com\/index.php\/2024\/10\/25\/atacante-do-flamengo-sera-pai-pela-segunda-vez\/#primaryimage\",\"url\":\"https:\/\/www.gaveanews.com\/wp-content\/uploads\/Elenco-do-Flamengo-em-acao.webp\",\"contentUrl\":\"https:\/\/www.gaveanews.com\/wp-content\/uploads\/Elenco-do-Flamengo-em-acao.webp\",\"width\":1200,\"height\":829,\"caption\":\"Elenco do Flamengo em a\u00e7\u00e3o (Foto: Divulga\u00e7\u00e3o\/Flamengo)\"},{\"@type\":\"BreadcrumbList\",\"@id\":\"https:\/\/www.gaveanews.com\/index.php\/2024\/10\/25\/atacante-do-flamengo-sera-pai-pela-segunda-vez\/#breadcrumb\",\"itemListElement\":[{\"@type\":\"ListItem\",\"position\":1,\"name\":\"Home\",\"item\":\"https:\/\/www.gaveanews.com\/\"},{\"@type\":\"ListItem\",\"position\":2,\"name\":\"Atacante do Flamengo ser\u00e1 pai pela segunda vez\"}]},{\"@type\":\"WebSite\",\"@id\":\"https:\/\/www.gaveanews.com\/#website\",\"url\":\"https:\/\/www.gaveanews.com\/\",\"name\":\"G\u00e1vea News\",\"description\":\"Veja todas as not\u00edcias sobre o Flamengo: Contrata\u00e7\u00f5es, categorias de base, resultados das partidas, tabela de classifica\u00e7\u00e3o, pr\u00f3ximos jogos!\",\"potentialAction\":[{\"@type\":\"SearchAction\",\"target\":{\"@type\":\"EntryPoint\",\"urlTemplate\":\"https:\/\/www.gaveanews.com\/?s={search_term_string}\"},\"query-input\":{\"@type\":\"PropertyValueSpecification\",\"valueRequired\":true,\"valueName\":\"search_term_string\"}}],\"inLanguage\":\"pt-BR\"},{\"@type\":\"Person\",\"@id\":\"https:\/\/www.gaveanews.com\/#\/schema\/person\/37122681a8575a5c8db05a56f099a5e4\",\"name\":\"D\u00e9bora Figueiredo\",\"image\":{\"@type\":\"ImageObject\",\"inLanguage\":\"pt-BR\",\"@id\":\"https:\/\/www.gaveanews.com\/#\/schema\/person\/image\/\",\"url\":\"https:\/\/secure.gravatar.com\/avatar\/1f44802859351588499d26f52aed1d15796ce17e67602895b72837c08018868d?s=96&d=mm&r=g\",\"contentUrl\":\"https:\/\/secure.gravatar.com\/avatar\/1f44802859351588499d26f52aed1d15796ce17e67602895b72837c08018868d?s=96&d=mm&r=g\",\"caption\":\"D\u00e9bora Figueiredo\"}}]}<\/script>\n<!-- \/ Yoast SEO Premium plugin. -->","yoast_head_json":{"title":"Atacante do Flamengo ser\u00e1 pai pela segunda vez","description":"Atacante do Flamengo ser\u00e1 pai pela segunda vez","robots":{"index":"index","follow":"follow","max-snippet":"max-snippet:-1","max-image-preview":"max-image-preview:large","max-video-preview":"max-video-preview:-1"},"canonical":"https:\/\/www.gaveanews.com\/index.php\/2024\/10\/25\/atacante-do-flamengo-sera-pai-pela-segunda-vez\/","og_locale":"pt_BR","og_type":"article","og_title":"Atacante do Flamengo ser\u00e1 pai pela segunda vez","og_description":"Atacante do Flamengo ser\u00e1 pai pela segunda vez","og_url":"https:\/\/www.gaveanews.com\/index.php\/2024\/10\/25\/atacante-do-flamengo-sera-pai-pela-segunda-vez\/","og_site_name":"G\u00e1vea News","article_publisher":"https:\/\/facebook.com\/gaveaNews\/","article_published_time":"2024-10-25T19:05:00+00:00","og_image":[{"width":1200,"height":829,"url":"https:\/\/www.gaveanews.com\/wp-content\/uploads\/Elenco-do-Flamengo-em-acao.webp","type":"image\/jpeg"}],"author":"D\u00e9bora Figueiredo","twitter_card":"summary_large_image","twitter_misc":{"Escrito por":"D\u00e9bora Figueiredo","Est. tempo de leitura":"3 minutos"},"schema":{"@context":"https:\/\/schema.org","@graph":[{"@type":"NewsArticle","@id":"https:\/\/www.gaveanews.com\/index.php\/2024\/10\/25\/atacante-do-flamengo-sera-pai-pela-segunda-vez\/#article","isPartOf":{"@id":"https:\/\/www.gaveanews.com\/index.php\/2024\/10\/25\/atacante-do-flamengo-sera-pai-pela-segunda-vez\/"},"author":{"name":"D\u00e9bora Figueiredo","@id":"https:\/\/www.gaveanews.com\/#\/schema\/person\/37122681a8575a5c8db05a56f099a5e4"},"headline":"Atacante do Flamengo ser\u00e1 pai pela segunda vez","datePublished":"2024-10-25T19:05:00+00:00","mainEntityOfPage":{"@id":"https:\/\/www.gaveanews.com\/index.php\/2024\/10\/25\/atacante-do-flamengo-sera-pai-pela-segunda-vez\/"},"wordCount":392,"commentCount":0,"image":{"@id":"https:\/\/www.gaveanews.com\/index.php\/2024\/10\/25\/atacante-do-flamengo-sera-pai-pela-segunda-vez\/#primaryimage"},"thumbnailUrl":"https:\/\/www.gaveanews.com\/wp-content\/uploads\/Elenco-do-Flamengo-em-acao.webp","articleSection":["Flamengo"],"inLanguage":"pt-BR","potentialAction":[{"@type":"CommentAction","name":"Comment","target":["https:\/\/www.gaveanews.com\/index.php\/2024\/10\/25\/atacante-do-flamengo-sera-pai-pela-segunda-vez\/#respond"]}],"copyrightYear":"2024","copyrightHolder":{"@id":"https:\/\/www.gaveanews.com\/#organization"}},{"@type":"WebPage","@id":"https:\/\/www.gaveanews.com\/index.php\/2024\/10\/25\/atacante-do-flamengo-sera-pai-pela-segunda-vez\/","url":"https:\/\/www.gaveanews.com\/index.php\/2024\/10\/25\/atacante-do-flamengo-sera-pai-pela-segunda-vez\/","name":"Atacante do Flamengo ser\u00e1 pai pela segunda vez","isPartOf":{"@id":"https:\/\/www.gaveanews.com\/#website"},"primaryImageOfPage":{"@id":"https:\/\/www.gaveanews.com\/index.php\/2024\/10\/25\/atacante-do-flamengo-sera-pai-pela-segunda-vez\/#primaryimage"},"image":{"@id":"https:\/\/www.gaveanews.com\/index.php\/2024\/10\/25\/atacante-do-flamengo-sera-pai-pela-segunda-vez\/#primaryimage"},"thumbnailUrl":"https:\/\/www.gaveanews.com\/wp-content\/uploads\/Elenco-do-Flamengo-em-acao.webp","datePublished":"2024-10-25T19:05:00+00:00","author":{"@id":"https:\/\/www.gaveanews.com\/#\/schema\/person\/37122681a8575a5c8db05a56f099a5e4"},"description":"Atacante do Flamengo ser\u00e1 pai pela segunda vez","breadcrumb":{"@id":"https:\/\/www.gaveanews.com\/index.php\/2024\/10\/25\/atacante-do-flamengo-sera-pai-pela-segunda-vez\/#breadcrumb"},"inLanguage":"pt-BR","potentialAction":[{"@type":"ReadAction","target":["https:\/\/www.gaveanews.com\/index.php\/2024\/10\/25\/atacante-do-flamengo-sera-pai-pela-segunda-vez\/"]}]},{"@type":"ImageObject","inLanguage":"pt-BR","@id":"https:\/\/www.gaveanews.com\/index.php\/2024\/10\/25\/atacante-do-flamengo-sera-pai-pela-segunda-vez\/#primaryimage","url":"https:\/\/www.gaveanews.com\/wp-content\/uploads\/Elenco-do-Flamengo-em-acao.webp","contentUrl":"https:\/\/www.gaveanews.com\/wp-content\/uploads\/Elenco-do-Flamengo-em-acao.webp","width":1200,"height":829,"caption":"Elenco do Flamengo em a\u00e7\u00e3o (Foto: Divulga\u00e7\u00e3o\/Flamengo)"},{"@type":"BreadcrumbList","@id":"https:\/\/www.gaveanews.com\/index.php\/2024\/10\/25\/atacante-do-flamengo-sera-pai-pela-segunda-vez\/#breadcrumb","itemListElement":[{"@type":"ListItem","position":1,"name":"Home","item":"https:\/\/www.gaveanews.com\/"},{"@type":"ListItem","position":2,"name":"Atacante do Flamengo ser\u00e1 pai pela segunda vez"}]},{"@type":"WebSite","@id":"https:\/\/www.gaveanews.com\/#website","url":"https:\/\/www.gaveanews.com\/","name":"G\u00e1vea News","description":"Veja todas as not\u00edcias sobre o Flamengo: Contrata\u00e7\u00f5es, categorias de base, resultados das partidas, tabela de classifica\u00e7\u00e3o, pr\u00f3ximos jogos!","potentialAction":[{"@type":"SearchAction","target":{"@type":"EntryPoint","urlTemplate":"https:\/\/www.gaveanews.com\/?s={search_term_string}"},"query-input":{"@type":"PropertyValueSpecification","valueRequired":true,"valueName":"search_term_string"}}],"inLanguage":"pt-BR"},{"@type":"Person","@id":"https:\/\/www.gaveanews.com\/#\/schema\/person\/37122681a8575a5c8db05a56f099a5e4","name":"D\u00e9bora Figueiredo","image":{"@type":"ImageObject","inLanguage":"pt-BR","@id":"https:\/\/www.gaveanews.com\/#\/schema\/person\/image\/","url":"https:\/\/secure.gravatar.com\/avatar\/1f44802859351588499d26f52aed1d15796ce17e67602895b72837c08018868d?s=96&d=mm&r=g","contentUrl":"https:\/\/secure.gravatar.com\/avatar\/1f44802859351588499d26f52aed1d15796ce17e67602895b72837c08018868d?s=96&d=mm&r=g","caption":"D\u00e9bora Figueiredo"}}]}},"_links":{"self":[{"href":"https:\/\/www.gaveanews.com\/index.php\/wp-json\/wp\/v2\/posts\/177733","targetHints":{"allow":["GET"]}}],"collection":[{"href":"https:\/\/www.gaveanews.com\/index.php\/wp-json\/wp\/v2\/posts"}],"about":[{"href":"https:\/\/www.gaveanews.com\/index.php\/wp-json\/wp\/v2\/types\/post"}],"author":[{"embeddable":true,"href":"https:\/\/www.gaveanews.com\/index.php\/wp-json\/wp\/v2\/users\/16"}],"replies":[{"embeddable":true,"href":"https:\/\/www.gaveanews.com\/index.php\/wp-json\/wp\/v2\/comments?post=177733"}],"version-history":[{"count":2,"href":"https:\/\/www.gaveanews.com\/index.php\/wp-json\/wp\/v2\/posts\/177733\/revisions"}],"predecessor-version":[{"id":177749,"href":"https:\/\/www.gaveanews.com\/index.php\/wp-json\/wp\/v2\/posts\/177733\/revisions\/177749"}],"wp:featuredmedia":[{"embeddable":true,"href":"https:\/\/www.gaveanews.com\/index.php\/wp-json\/wp\/v2\/media\/169215"}],"wp:attachment":[{"href":"https:\/\/www.gaveanews.com\/index.php\/wp-json\/wp\/v2\/media?parent=177733"}],"wp:term":[{"taxonomy":"category","embeddable":true,"href":"https:\/\/www.gaveanews.com\/index.php\/wp-json\/wp\/v2\/categories?post=177733"},{"taxonomy":"post_tag","embeddable":true,"href":"https:\/\/www.gaveanews.com\/index.php\/wp-json\/wp\/v2\/tags?post=177733"}],"curies":[{"name":"wp","href":"https:\/\/api.w.org\/{rel}","templated":true}]}}