{"id":177759,"date":"2024-10-25T20:40:00","date_gmt":"2024-10-25T23:40:00","guid":{"rendered":"https:\/\/www.gaveanews.com\/?p=177759"},"modified":"2024-10-25T18:47:45","modified_gmt":"2024-10-25T21:47:45","slug":"a-declaracao-de-ramon-diaz-sobre-o-segundo-jogo-entre-corinthians-x-racing","status":"publish","type":"post","link":"https:\/\/www.gaveanews.com\/index.php\/2024\/10\/25\/a-declaracao-de-ramon-diaz-sobre-o-segundo-jogo-entre-corinthians-x-racing\/","title":{"rendered":"A declara\u00e7\u00e3o de Ram\u00f3n D\u00edaz sobre o segundo jogo entre Corinthians x Racing"},"content":{"rendered":"\n<h2 class=\"wp-block-heading\" id=\"h-time-brasileiro-e-argentino-ficaram-no-empate-por-2-a-2-na-ida\">Time brasileiro e argentino ficaram no empate por 2 a 2 na ida <\/h2>\n\n\n\n<p>O Corinthians ficou apenas no empate em 2 a 2 com o Racing, da Argentina, na \u00faltima quinta-feira (24), pelo jogo de ida da semifinal da Copa Sul-Americana. Os dois gols corintianos foram marcados pelo atacante Yuri Alberto. Ap\u00f3s o jogo, o t\u00e9cnico Ram\u00f3n D\u00edaz disse que o confronto est\u00e1 aberto e que acredita e confia na classifica\u00e7\u00e3o do time paulista. <\/p>\n\n\n\n<ul class=\"wp-block-list\">\n<li><a href=\"https:\/\/www.gaveanews.com\/index.php\/2024\/10\/25\/memphis-atinge-numero-impressionante-no-corinthians\/\">Memphis atinge n\u00famero impressionante no Corinthians<\/a><\/li>\n\n\n\n<li><a href=\"https:\/\/www.gaveanews.com\/index.php\/2024\/10\/25\/corinthians-ainda-nao-sabe-o-que-e-vencer-em-semifinais-continentais-na-neo-quimica\/\">Corinthians ainda n\u00e3o sabe o que \u00e9 vencer em semifinais continentais na Neo Qu\u00edmica<\/a><\/li>\n<\/ul>\n\n\n\n<p>&#8220;Eu n\u00e3o pensei que voc\u00eas todos pensassem que essa fase ia ser definida hoje, voc\u00eas est\u00e3o enganados porque o futebol internacional \u00e9 diferente, as t\u00e1ticas s\u00e3o diferentes, a agressividade \u00e9 diferente, os \u00e1rbitros n\u00e3o s\u00e3o brasileiros, eles s\u00e3o da luta permanente de um jogo e n\u00f3s temos que correr. Faltam 90 minutos para jogar e est\u00e1 tudo em aberto, o Corinthians n\u00e3o est\u00e1 eliminado. Temos que ir a Buenos Aires e jogar em qualquer est\u00e1dio, porque se queremos jogar a final temos que primeiro tentar ir l\u00e1 e, apesar de jogarmos fora, o Corinthians a tem uma equipe que tem a possibilidade de poder passa&#8221;, disse o treinador. <\/p>\n\n\n\n<p>Ram\u00f3n tamb\u00e9m comentou sobre a entrega e a garra que a equipe demonstrou durante o jogo, mesmo com o campo n\u00e3o estando nas melhores condi\u00e7\u00f5es por conta da forte chuva que caia em S\u00e3o Paulo e disse que est\u00e1 feliz ao ver o Corinthians competindo. <\/p>\n\n\n\n<p>&#8220;A gente tinha uma carater\u00edstica de uma equipe que joga atacando e foi dif\u00edcil por causa da chuva, mas eu fico feliz pela equipe em primeiro lugar porque a gente n\u00e3o perdeu, estamos a 90 minutos do apito final, mesmo tendo que jogar fora de casa, custe o que custar, mas para passar a gente tem que competir e o Corinthians est\u00e1 competindo, ent\u00e3o eu fico muito feliz com isso&#8221;, elogiou Ram\u00f3n D\u00edaz. <\/p>\n\n\n\n<p>O treinador do Corinthians aproveitou para falar tamb\u00e9m sobre a parte mental. Para ele, o quesito psicol\u00f3gico \u00e9 fundamental para poder jogar de igual pra igual com o advers\u00e1rio e destacou a luta de jogadores argentinos e a forma como jogam. <\/p>\n\n\n\n<p>&#8220;O aspecto psicol\u00f3gico \u00e9 fundamental para poder competir, tanto a n\u00edvel nacional como internacional, mas os jogos internacionais s\u00e3o completamente diferentes. H\u00e1 muita luta, o jogador argentino vai lutar antes de receber a bola, aconteceu muito, mas para as duas equipes foi igual, para n\u00f3s aconteceu a mesma coisa, t\u00ednhamos de ser cobrados e n\u00e3o fomos cobrados, mas \u00e9 assim que se jogam os jogos internacionais&#8221;, falou Ram\u00f3n. <\/p>\n\n\n\n<p>Durante a entrevista coletiva ap\u00f3s o t\u00e9rmino do jogo, Ram\u00f3n D\u00edaz foi perguntado sobre a situa\u00e7\u00e3o de Giovane. O jogador entrou no segundo tempo no duelo diante do Flamengo, pela Copa do Brasil, no \u00faltimo domingo (20), mas para o jogo da Copa Sul-Americana n\u00e3o ficou nem no banco de reservas. Ram\u00f3n n\u00e3o escondeu e disse que o atleta n\u00e3o deseja renovar com o Corinthians. <\/p>\n\n\n\n<p>&#8220;Deixo as coisas claras. Giovane n\u00e3o quer renovar com o Corinthians. Fazem a proposta, mas n\u00e3o quer renovar. Tem que ser grato ao clube, como tamb\u00e9m h\u00e1 outros dois garotos que n\u00e3o querem renovar. Ou renova ou n\u00e3o joga, precisamos de jogadores comprometidos. Tem que ser grato pelo que o Corinthians d\u00e1. At\u00e9 renovar, n\u00e3o joga nenhum&#8221;, finalizou o t\u00e9cnico. <\/p>\n\n\n\n<p>A partida de volta entre Racing e Corinthians est\u00e1 marcada para a pr\u00f3xima quinta-feira (31), no El Cilindro, em Avellaneda, \u00e0s 21h30 (de Bras\u00edlia). Em caso de novo empate, a partida ser\u00e1 decidida nos p\u00eanaltis. Vit\u00f3ria por qualquer placar, garante a vaga para o time que triunfar na Argentina. A equipe que avan\u00e7ar para a grande decis\u00e3o, enfrentar\u00e1 Cruzeiro ou Lan\u00fas, que tamb\u00e9m empataram na ida, por 1 a 1. <\/p>\n","protected":false},"excerpt":{"rendered":"<p>Time brasileiro e argentino ficaram no empate por 2 a 2 na ida O Corinthians ficou apenas no empate em 2 a 2 com o Racing, da Argentina, na \u00faltima quinta-feira (24), pelo jogo de ida da semifinal da Copa Sul-Americana. Os dois gols corintianos foram marcados pelo atacante Yuri Alberto. Ap\u00f3s o jogo, o [&hellip;]<\/p>\n","protected":false},"author":21,"featured_media":152536,"comment_status":"open","ping_status":"closed","sticky":false,"template":"","format":"standard","meta":{"footnotes":""},"categories":[141],"tags":[],"class_list":["post-177759","post","type-post","status-publish","format-standard","has-post-thumbnail","hentry","category-corinthians"],"yoast_head":"<!-- This site is optimized with the Yoast SEO Premium plugin v24.2 (Yoast SEO v26.9) - https:\/\/yoast.com\/product\/yoast-seo-premium-wordpress\/ -->\n<title>A declara\u00e7\u00e3o de Ram\u00f3n D\u00edaz sobre o segundo jogo entre Corinthians x Racing<\/title>\n<meta name=\"robots\" content=\"index, follow, max-snippet:-1, max-image-preview:large, max-video-preview:-1\" \/>\n<link rel=\"canonical\" href=\"https:\/\/www.gaveanews.com\/index.php\/2024\/10\/25\/a-declaracao-de-ramon-diaz-sobre-o-segundo-jogo-entre-corinthians-x-racing\/\" \/>\n<meta property=\"og:locale\" content=\"pt_BR\" \/>\n<meta property=\"og:type\" content=\"article\" \/>\n<meta property=\"og:title\" content=\"A declara\u00e7\u00e3o de Ram\u00f3n D\u00edaz sobre o segundo jogo entre Corinthians x Racing\" \/>\n<meta property=\"og:description\" content=\"Time brasileiro e argentino ficaram no empate por 2 a 2 na ida O Corinthians ficou apenas no empate em 2 a 2 com o Racing, da Argentina, na \u00faltima quinta-feira (24), pelo jogo de ida da semifinal da Copa Sul-Americana. Os dois gols corintianos foram marcados pelo atacante Yuri Alberto. Ap\u00f3s o jogo, o [&hellip;]\" \/>\n<meta property=\"og:url\" content=\"https:\/\/www.gaveanews.com\/index.php\/2024\/10\/25\/a-declaracao-de-ramon-diaz-sobre-o-segundo-jogo-entre-corinthians-x-racing\/\" \/>\n<meta property=\"og:site_name\" content=\"G\u00e1vea News\" \/>\n<meta property=\"article:publisher\" content=\"https:\/\/facebook.com\/gaveaNews\/\" \/>\n<meta property=\"article:published_time\" content=\"2024-10-25T23:40:00+00:00\" \/>\n<meta property=\"og:image\" content=\"https:\/\/www.gaveanews.com\/wp-content\/uploads\/Ramon-Diaz-pelo-Corinthians-em-2024.webp\" \/>\n\t<meta property=\"og:image:width\" content=\"1346\" \/>\n\t<meta property=\"og:image:height\" content=\"1009\" \/>\n\t<meta property=\"og:image:type\" content=\"image\/webp\" \/>\n<meta name=\"author\" content=\"Andr\u00e9 Serra\" \/>\n<meta name=\"twitter:card\" content=\"summary_large_image\" \/>\n<meta name=\"twitter:label1\" content=\"Escrito por\" \/>\n\t<meta name=\"twitter:data1\" content=\"Andr\u00e9 Serra\" \/>\n\t<meta name=\"twitter:label2\" content=\"Est. tempo de leitura\" \/>\n\t<meta name=\"twitter:data2\" content=\"4 minutos\" \/>\n<script type=\"application\/ld+json\" class=\"yoast-schema-graph\">{\"@context\":\"https:\/\/schema.org\",\"@graph\":[{\"@type\":\"NewsArticle\",\"@id\":\"https:\/\/www.gaveanews.com\/index.php\/2024\/10\/25\/a-declaracao-de-ramon-diaz-sobre-o-segundo-jogo-entre-corinthians-x-racing\/#article\",\"isPartOf\":{\"@id\":\"https:\/\/www.gaveanews.com\/index.php\/2024\/10\/25\/a-declaracao-de-ramon-diaz-sobre-o-segundo-jogo-entre-corinthians-x-racing\/\"},\"author\":{\"name\":\"Andr\u00e9 Serra\",\"@id\":\"https:\/\/www.gaveanews.com\/#\/schema\/person\/0277a79a1289c451c281ec0411d84f0c\"},\"headline\":\"A declara\u00e7\u00e3o de Ram\u00f3n D\u00edaz sobre o segundo jogo entre Corinthians x Racing\",\"datePublished\":\"2024-10-25T23:40:00+00:00\",\"mainEntityOfPage\":{\"@id\":\"https:\/\/www.gaveanews.com\/index.php\/2024\/10\/25\/a-declaracao-de-ramon-diaz-sobre-o-segundo-jogo-entre-corinthians-x-racing\/\"},\"wordCount\":688,\"commentCount\":0,\"image\":{\"@id\":\"https:\/\/www.gaveanews.com\/index.php\/2024\/10\/25\/a-declaracao-de-ramon-diaz-sobre-o-segundo-jogo-entre-corinthians-x-racing\/#primaryimage\"},\"thumbnailUrl\":\"https:\/\/www.gaveanews.com\/wp-content\/uploads\/Ramon-Diaz-pelo-Corinthians-em-2024.webp\",\"articleSection\":[\"Corinthians\"],\"inLanguage\":\"pt-BR\",\"potentialAction\":[{\"@type\":\"CommentAction\",\"name\":\"Comment\",\"target\":[\"https:\/\/www.gaveanews.com\/index.php\/2024\/10\/25\/a-declaracao-de-ramon-diaz-sobre-o-segundo-jogo-entre-corinthians-x-racing\/#respond\"]}],\"copyrightYear\":\"2024\",\"copyrightHolder\":{\"@id\":\"https:\/\/www.gaveanews.com\/#organization\"}},{\"@type\":\"WebPage\",\"@id\":\"https:\/\/www.gaveanews.com\/index.php\/2024\/10\/25\/a-declaracao-de-ramon-diaz-sobre-o-segundo-jogo-entre-corinthians-x-racing\/\",\"url\":\"https:\/\/www.gaveanews.com\/index.php\/2024\/10\/25\/a-declaracao-de-ramon-diaz-sobre-o-segundo-jogo-entre-corinthians-x-racing\/\",\"name\":\"A declara\u00e7\u00e3o de Ram\u00f3n D\u00edaz sobre o segundo jogo entre Corinthians x Racing\",\"isPartOf\":{\"@id\":\"https:\/\/www.gaveanews.com\/#website\"},\"primaryImageOfPage\":{\"@id\":\"https:\/\/www.gaveanews.com\/index.php\/2024\/10\/25\/a-declaracao-de-ramon-diaz-sobre-o-segundo-jogo-entre-corinthians-x-racing\/#primaryimage\"},\"image\":{\"@id\":\"https:\/\/www.gaveanews.com\/index.php\/2024\/10\/25\/a-declaracao-de-ramon-diaz-sobre-o-segundo-jogo-entre-corinthians-x-racing\/#primaryimage\"},\"thumbnailUrl\":\"https:\/\/www.gaveanews.com\/wp-content\/uploads\/Ramon-Diaz-pelo-Corinthians-em-2024.webp\",\"datePublished\":\"2024-10-25T23:40:00+00:00\",\"author\":{\"@id\":\"https:\/\/www.gaveanews.com\/#\/schema\/person\/0277a79a1289c451c281ec0411d84f0c\"},\"breadcrumb\":{\"@id\":\"https:\/\/www.gaveanews.com\/index.php\/2024\/10\/25\/a-declaracao-de-ramon-diaz-sobre-o-segundo-jogo-entre-corinthians-x-racing\/#breadcrumb\"},\"inLanguage\":\"pt-BR\",\"potentialAction\":[{\"@type\":\"ReadAction\",\"target\":[\"https:\/\/www.gaveanews.com\/index.php\/2024\/10\/25\/a-declaracao-de-ramon-diaz-sobre-o-segundo-jogo-entre-corinthians-x-racing\/\"]}]},{\"@type\":\"ImageObject\",\"inLanguage\":\"pt-BR\",\"@id\":\"https:\/\/www.gaveanews.com\/index.php\/2024\/10\/25\/a-declaracao-de-ramon-diaz-sobre-o-segundo-jogo-entre-corinthians-x-racing\/#primaryimage\",\"url\":\"https:\/\/www.gaveanews.com\/wp-content\/uploads\/Ramon-Diaz-pelo-Corinthians-em-2024.webp\",\"contentUrl\":\"https:\/\/www.gaveanews.com\/wp-content\/uploads\/Ramon-Diaz-pelo-Corinthians-em-2024.webp\",\"width\":1346,\"height\":1009,\"caption\":\"Ram\u00f3n D\u00edaz pelo Corinthians em 2024 (Foto: Reprodu\u00e7\u00e3o\/Corinthians)\"},{\"@type\":\"BreadcrumbList\",\"@id\":\"https:\/\/www.gaveanews.com\/index.php\/2024\/10\/25\/a-declaracao-de-ramon-diaz-sobre-o-segundo-jogo-entre-corinthians-x-racing\/#breadcrumb\",\"itemListElement\":[{\"@type\":\"ListItem\",\"position\":1,\"name\":\"Home\",\"item\":\"https:\/\/www.gaveanews.com\/\"},{\"@type\":\"ListItem\",\"position\":2,\"name\":\"A declara\u00e7\u00e3o de Ram\u00f3n D\u00edaz sobre o segundo jogo entre Corinthians x Racing\"}]},{\"@type\":\"WebSite\",\"@id\":\"https:\/\/www.gaveanews.com\/#website\",\"url\":\"https:\/\/www.gaveanews.com\/\",\"name\":\"G\u00e1vea News\",\"description\":\"Veja todas as not\u00edcias sobre o Flamengo: Contrata\u00e7\u00f5es, categorias de base, resultados das partidas, tabela de classifica\u00e7\u00e3o, pr\u00f3ximos jogos!\",\"potentialAction\":[{\"@type\":\"SearchAction\",\"target\":{\"@type\":\"EntryPoint\",\"urlTemplate\":\"https:\/\/www.gaveanews.com\/?s={search_term_string}\"},\"query-input\":{\"@type\":\"PropertyValueSpecification\",\"valueRequired\":true,\"valueName\":\"search_term_string\"}}],\"inLanguage\":\"pt-BR\"},{\"@type\":\"Person\",\"@id\":\"https:\/\/www.gaveanews.com\/#\/schema\/person\/0277a79a1289c451c281ec0411d84f0c\",\"name\":\"Andr\u00e9 Serra\",\"image\":{\"@type\":\"ImageObject\",\"inLanguage\":\"pt-BR\",\"@id\":\"https:\/\/www.gaveanews.com\/#\/schema\/person\/image\/\",\"url\":\"https:\/\/secure.gravatar.com\/avatar\/d7231369fe48db93292b3e88eb2162dbd9a34a47a8437d9ef3bcaca2a86a83d7?s=96&d=mm&r=g\",\"contentUrl\":\"https:\/\/secure.gravatar.com\/avatar\/d7231369fe48db93292b3e88eb2162dbd9a34a47a8437d9ef3bcaca2a86a83d7?s=96&d=mm&r=g\",\"caption\":\"Andr\u00e9 Serra\"}}]}<\/script>\n<!-- \/ Yoast SEO Premium plugin. -->","yoast_head_json":{"title":"A declara\u00e7\u00e3o de Ram\u00f3n D\u00edaz sobre o segundo jogo entre Corinthians x Racing","robots":{"index":"index","follow":"follow","max-snippet":"max-snippet:-1","max-image-preview":"max-image-preview:large","max-video-preview":"max-video-preview:-1"},"canonical":"https:\/\/www.gaveanews.com\/index.php\/2024\/10\/25\/a-declaracao-de-ramon-diaz-sobre-o-segundo-jogo-entre-corinthians-x-racing\/","og_locale":"pt_BR","og_type":"article","og_title":"A declara\u00e7\u00e3o de Ram\u00f3n D\u00edaz sobre o segundo jogo entre Corinthians x Racing","og_description":"Time brasileiro e argentino ficaram no empate por 2 a 2 na ida O Corinthians ficou apenas no empate em 2 a 2 com o Racing, da Argentina, na \u00faltima quinta-feira (24), pelo jogo de ida da semifinal da Copa Sul-Americana. Os dois gols corintianos foram marcados pelo atacante Yuri Alberto. Ap\u00f3s o jogo, o [&hellip;]","og_url":"https:\/\/www.gaveanews.com\/index.php\/2024\/10\/25\/a-declaracao-de-ramon-diaz-sobre-o-segundo-jogo-entre-corinthians-x-racing\/","og_site_name":"G\u00e1vea News","article_publisher":"https:\/\/facebook.com\/gaveaNews\/","article_published_time":"2024-10-25T23:40:00+00:00","og_image":[{"width":1346,"height":1009,"url":"https:\/\/www.gaveanews.com\/wp-content\/uploads\/Ramon-Diaz-pelo-Corinthians-em-2024.webp","type":"image\/webp"}],"author":"Andr\u00e9 Serra","twitter_card":"summary_large_image","twitter_misc":{"Escrito por":"Andr\u00e9 Serra","Est. tempo de leitura":"4 minutos"},"schema":{"@context":"https:\/\/schema.org","@graph":[{"@type":"NewsArticle","@id":"https:\/\/www.gaveanews.com\/index.php\/2024\/10\/25\/a-declaracao-de-ramon-diaz-sobre-o-segundo-jogo-entre-corinthians-x-racing\/#article","isPartOf":{"@id":"https:\/\/www.gaveanews.com\/index.php\/2024\/10\/25\/a-declaracao-de-ramon-diaz-sobre-o-segundo-jogo-entre-corinthians-x-racing\/"},"author":{"name":"Andr\u00e9 Serra","@id":"https:\/\/www.gaveanews.com\/#\/schema\/person\/0277a79a1289c451c281ec0411d84f0c"},"headline":"A declara\u00e7\u00e3o de Ram\u00f3n D\u00edaz sobre o segundo jogo entre Corinthians x Racing","datePublished":"2024-10-25T23:40:00+00:00","mainEntityOfPage":{"@id":"https:\/\/www.gaveanews.com\/index.php\/2024\/10\/25\/a-declaracao-de-ramon-diaz-sobre-o-segundo-jogo-entre-corinthians-x-racing\/"},"wordCount":688,"commentCount":0,"image":{"@id":"https:\/\/www.gaveanews.com\/index.php\/2024\/10\/25\/a-declaracao-de-ramon-diaz-sobre-o-segundo-jogo-entre-corinthians-x-racing\/#primaryimage"},"thumbnailUrl":"https:\/\/www.gaveanews.com\/wp-content\/uploads\/Ramon-Diaz-pelo-Corinthians-em-2024.webp","articleSection":["Corinthians"],"inLanguage":"pt-BR","potentialAction":[{"@type":"CommentAction","name":"Comment","target":["https:\/\/www.gaveanews.com\/index.php\/2024\/10\/25\/a-declaracao-de-ramon-diaz-sobre-o-segundo-jogo-entre-corinthians-x-racing\/#respond"]}],"copyrightYear":"2024","copyrightHolder":{"@id":"https:\/\/www.gaveanews.com\/#organization"}},{"@type":"WebPage","@id":"https:\/\/www.gaveanews.com\/index.php\/2024\/10\/25\/a-declaracao-de-ramon-diaz-sobre-o-segundo-jogo-entre-corinthians-x-racing\/","url":"https:\/\/www.gaveanews.com\/index.php\/2024\/10\/25\/a-declaracao-de-ramon-diaz-sobre-o-segundo-jogo-entre-corinthians-x-racing\/","name":"A declara\u00e7\u00e3o de Ram\u00f3n D\u00edaz sobre o segundo jogo entre Corinthians x Racing","isPartOf":{"@id":"https:\/\/www.gaveanews.com\/#website"},"primaryImageOfPage":{"@id":"https:\/\/www.gaveanews.com\/index.php\/2024\/10\/25\/a-declaracao-de-ramon-diaz-sobre-o-segundo-jogo-entre-corinthians-x-racing\/#primaryimage"},"image":{"@id":"https:\/\/www.gaveanews.com\/index.php\/2024\/10\/25\/a-declaracao-de-ramon-diaz-sobre-o-segundo-jogo-entre-corinthians-x-racing\/#primaryimage"},"thumbnailUrl":"https:\/\/www.gaveanews.com\/wp-content\/uploads\/Ramon-Diaz-pelo-Corinthians-em-2024.webp","datePublished":"2024-10-25T23:40:00+00:00","author":{"@id":"https:\/\/www.gaveanews.com\/#\/schema\/person\/0277a79a1289c451c281ec0411d84f0c"},"breadcrumb":{"@id":"https:\/\/www.gaveanews.com\/index.php\/2024\/10\/25\/a-declaracao-de-ramon-diaz-sobre-o-segundo-jogo-entre-corinthians-x-racing\/#breadcrumb"},"inLanguage":"pt-BR","potentialAction":[{"@type":"ReadAction","target":["https:\/\/www.gaveanews.com\/index.php\/2024\/10\/25\/a-declaracao-de-ramon-diaz-sobre-o-segundo-jogo-entre-corinthians-x-racing\/"]}]},{"@type":"ImageObject","inLanguage":"pt-BR","@id":"https:\/\/www.gaveanews.com\/index.php\/2024\/10\/25\/a-declaracao-de-ramon-diaz-sobre-o-segundo-jogo-entre-corinthians-x-racing\/#primaryimage","url":"https:\/\/www.gaveanews.com\/wp-content\/uploads\/Ramon-Diaz-pelo-Corinthians-em-2024.webp","contentUrl":"https:\/\/www.gaveanews.com\/wp-content\/uploads\/Ramon-Diaz-pelo-Corinthians-em-2024.webp","width":1346,"height":1009,"caption":"Ram\u00f3n D\u00edaz pelo Corinthians em 2024 (Foto: Reprodu\u00e7\u00e3o\/Corinthians)"},{"@type":"BreadcrumbList","@id":"https:\/\/www.gaveanews.com\/index.php\/2024\/10\/25\/a-declaracao-de-ramon-diaz-sobre-o-segundo-jogo-entre-corinthians-x-racing\/#breadcrumb","itemListElement":[{"@type":"ListItem","position":1,"name":"Home","item":"https:\/\/www.gaveanews.com\/"},{"@type":"ListItem","position":2,"name":"A declara\u00e7\u00e3o de Ram\u00f3n D\u00edaz sobre o segundo jogo entre Corinthians x Racing"}]},{"@type":"WebSite","@id":"https:\/\/www.gaveanews.com\/#website","url":"https:\/\/www.gaveanews.com\/","name":"G\u00e1vea News","description":"Veja todas as not\u00edcias sobre o Flamengo: Contrata\u00e7\u00f5es, categorias de base, resultados das partidas, tabela de classifica\u00e7\u00e3o, pr\u00f3ximos jogos!","potentialAction":[{"@type":"SearchAction","target":{"@type":"EntryPoint","urlTemplate":"https:\/\/www.gaveanews.com\/?s={search_term_string}"},"query-input":{"@type":"PropertyValueSpecification","valueRequired":true,"valueName":"search_term_string"}}],"inLanguage":"pt-BR"},{"@type":"Person","@id":"https:\/\/www.gaveanews.com\/#\/schema\/person\/0277a79a1289c451c281ec0411d84f0c","name":"Andr\u00e9 Serra","image":{"@type":"ImageObject","inLanguage":"pt-BR","@id":"https:\/\/www.gaveanews.com\/#\/schema\/person\/image\/","url":"https:\/\/secure.gravatar.com\/avatar\/d7231369fe48db93292b3e88eb2162dbd9a34a47a8437d9ef3bcaca2a86a83d7?s=96&d=mm&r=g","contentUrl":"https:\/\/secure.gravatar.com\/avatar\/d7231369fe48db93292b3e88eb2162dbd9a34a47a8437d9ef3bcaca2a86a83d7?s=96&d=mm&r=g","caption":"Andr\u00e9 Serra"}}]}},"_links":{"self":[{"href":"https:\/\/www.gaveanews.com\/index.php\/wp-json\/wp\/v2\/posts\/177759","targetHints":{"allow":["GET"]}}],"collection":[{"href":"https:\/\/www.gaveanews.com\/index.php\/wp-json\/wp\/v2\/posts"}],"about":[{"href":"https:\/\/www.gaveanews.com\/index.php\/wp-json\/wp\/v2\/types\/post"}],"author":[{"embeddable":true,"href":"https:\/\/www.gaveanews.com\/index.php\/wp-json\/wp\/v2\/users\/21"}],"replies":[{"embeddable":true,"href":"https:\/\/www.gaveanews.com\/index.php\/wp-json\/wp\/v2\/comments?post=177759"}],"version-history":[{"count":1,"href":"https:\/\/www.gaveanews.com\/index.php\/wp-json\/wp\/v2\/posts\/177759\/revisions"}],"predecessor-version":[{"id":177770,"href":"https:\/\/www.gaveanews.com\/index.php\/wp-json\/wp\/v2\/posts\/177759\/revisions\/177770"}],"wp:featuredmedia":[{"embeddable":true,"href":"https:\/\/www.gaveanews.com\/index.php\/wp-json\/wp\/v2\/media\/152536"}],"wp:attachment":[{"href":"https:\/\/www.gaveanews.com\/index.php\/wp-json\/wp\/v2\/media?parent=177759"}],"wp:term":[{"taxonomy":"category","embeddable":true,"href":"https:\/\/www.gaveanews.com\/index.php\/wp-json\/wp\/v2\/categories?post=177759"},{"taxonomy":"post_tag","embeddable":true,"href":"https:\/\/www.gaveanews.com\/index.php\/wp-json\/wp\/v2\/tags?post=177759"}],"curies":[{"name":"wp","href":"https:\/\/api.w.org\/{rel}","templated":true}]}}