{"id":177805,"date":"2024-10-25T21:30:00","date_gmt":"2024-10-26T00:30:00","guid":{"rendered":"https:\/\/www.gaveanews.com\/?p=177805"},"modified":"2024-10-25T18:35:08","modified_gmt":"2024-10-25T21:35:08","slug":"atualizacao-sobre-a-situacao-de-gerson-no-flamengo-2","status":"publish","type":"post","link":"https:\/\/www.gaveanews.com\/index.php\/2024\/10\/25\/atualizacao-sobre-a-situacao-de-gerson-no-flamengo-2\/","title":{"rendered":"Atualiza\u00e7\u00e3o sobre a situa\u00e7\u00e3o de Gerson no Flamengo"},"content":{"rendered":"\n<p>O Flamengo est\u00e1 em contagem regressiva para seu pr\u00f3ximo duelo no Campeonato Brasileiro, e uma das melhores not\u00edcias para a torcida \u00e9 o retorno de Gerson aos treinos.&nbsp;<\/p>\n\n\n\n<p>O meio-campista, que havia se recuperado de problemas f\u00edsicos, voltou a trabalhar com o elenco na \u00faltima quarta-feira (23), animando a equipe e seus torcedores. A expectativa \u00e9 que ele esteja dispon\u00edvel para o confronto contra o Juventude neste s\u00e1bado (26).<\/p>\n\n\n\n<h2 class=\"wp-block-heading\" id=\"h-retorno-triunfal-de-gerson-contra-o-corinthians\">Retorno triunfal de Gerson contra o Corinthians<\/h2>\n\n\n\n<p>A aus\u00eancia de Gerson no jogo contra o Fluminense ap\u00f3s a Data FIFA preocupou a na\u00e7\u00e3o rubro-negra. Mas, a pausa foi importante para o jogador,&nbsp; que teve uma atua\u00e7\u00e3o not\u00e1vel contra o Corinthians, onde mesmo jogando \u201cno sacrif\u00edcio\u201d, se destacou como um dos melhores em campo.&nbsp;<\/p>\n\n\n\n<p>Na partida de volta das semifinais da Copa do Brasil, o camisa 8 n\u00e3o s\u00f3 manteve a posse de bola no meio-campo, mas tamb\u00e9m liderou o time ap\u00f3s a expuls\u00e3o de Bruno Henrique, evidenciando seu papel como capit\u00e3o e jogador-chave.&nbsp;<\/p>\n\n\n\n<p>Vale destacar que o lateral Wesley comentou sobre a atitude motivadora de Gerson, destacando que seu esp\u00edrito de lideran\u00e7a fez a diferen\u00e7a em momentos cr\u00edticos da partida.<\/p>\n\n\n\n<h2 class=\"wp-block-heading\" id=\"h-desempenho-notavel-de-gerson-no-nbsp-futebol-brasileiro\">Desempenho not\u00e1vel de Gerson no&nbsp; futebol brasileiro<\/h2>\n\n\n\n<p>Gerson \u00e9 um dos pilares do Flamengo nesta temporada. Desde seu retorno ao clube, ele j\u00e1 participou de 49 partidas, marcando 4 gols e 6 assist\u00eancias.&nbsp;<\/p>\n\n\n\n<p>Vale destacar que sua consist\u00eancia e desempenho chamaram a aten\u00e7\u00e3o da sele\u00e7\u00e3o brasileira, levando-o a ser convocado por Dorival J\u00fanior nas \u00faltimas chamadas. Portanto, \u00e9 f\u00e1cil entender por que Filipe Lu\u00eds confia tanto em suas habilidades e vis\u00e3o de jogo.<\/p>\n\n\n\n<h2 class=\"wp-block-heading\" id=\"h-ensaio-tatico-em-preparacao-para-o-proximo-desafio\">Ensaio t\u00e1tico em prepara\u00e7\u00e3o para o pr\u00f3ximo desafio<\/h2>\n\n\n\n<p>Os treinos sob a orienta\u00e7\u00e3o de Filipe Lu\u00eds t\u00eam sido intensos e focados. Al\u00e9m disso, a volta de Gerson representa um refor\u00e7o crucial para o novo esquema t\u00e1tico do t\u00e9cnico.&nbsp;<\/p>\n\n\n\n<p>Cabe ressaltar que sua habilidade de controlar o jogo e conectar jogadas no meio-campo \u00e9 uma das principais caracter\u00edsticas que tornam o Flamengo um time competitivo.&nbsp;<\/p>\n","protected":false},"excerpt":{"rendered":"<p>O Flamengo est\u00e1 em contagem regressiva para seu pr\u00f3ximo duelo no Campeonato Brasileiro, e uma das melhores not\u00edcias para a torcida \u00e9 o retorno de Gerson aos treinos.&nbsp; O meio-campista, que havia se recuperado de problemas f\u00edsicos, voltou a trabalhar com o elenco na \u00faltima quarta-feira (23), animando a equipe e seus torcedores. A expectativa [&hellip;]<\/p>\n","protected":false},"author":25,"featured_media":145523,"comment_status":"open","ping_status":"closed","sticky":false,"template":"","format":"standard","meta":{"footnotes":""},"categories":[1],"tags":[],"class_list":["post-177805","post","type-post","status-publish","format-standard","has-post-thumbnail","hentry","category-flamengo"],"yoast_head":"<!-- This site is optimized with the Yoast SEO Premium plugin v24.2 (Yoast SEO v26.9) - https:\/\/yoast.com\/product\/yoast-seo-premium-wordpress\/ -->\n<title>Atualiza\u00e7\u00e3o sobre a situa\u00e7\u00e3o de Gerson no Flamengo<\/title>\n<meta name=\"robots\" content=\"index, follow, max-snippet:-1, max-image-preview:large, max-video-preview:-1\" \/>\n<link rel=\"canonical\" href=\"https:\/\/www.gaveanews.com\/index.php\/2024\/10\/25\/atualizacao-sobre-a-situacao-de-gerson-no-flamengo-2\/\" \/>\n<meta property=\"og:locale\" content=\"pt_BR\" \/>\n<meta property=\"og:type\" content=\"article\" \/>\n<meta property=\"og:title\" content=\"Atualiza\u00e7\u00e3o sobre a situa\u00e7\u00e3o de Gerson no Flamengo\" \/>\n<meta property=\"og:description\" content=\"O Flamengo est\u00e1 em contagem regressiva para seu pr\u00f3ximo duelo no Campeonato Brasileiro, e uma das melhores not\u00edcias para a torcida \u00e9 o retorno de Gerson aos treinos.&nbsp; O meio-campista, que havia se recuperado de problemas f\u00edsicos, voltou a trabalhar com o elenco na \u00faltima quarta-feira (23), animando a equipe e seus torcedores. A expectativa [&hellip;]\" \/>\n<meta property=\"og:url\" content=\"https:\/\/www.gaveanews.com\/index.php\/2024\/10\/25\/atualizacao-sobre-a-situacao-de-gerson-no-flamengo-2\/\" \/>\n<meta property=\"og:site_name\" content=\"G\u00e1vea News\" \/>\n<meta property=\"article:publisher\" content=\"https:\/\/facebook.com\/gaveaNews\/\" \/>\n<meta property=\"article:published_time\" content=\"2024-10-26T00:30:00+00:00\" \/>\n<meta property=\"og:image\" content=\"https:\/\/www.gaveanews.com\/wp-content\/uploads\/gerson-flamengo.webp\" \/>\n\t<meta property=\"og:image:width\" content=\"900\" \/>\n\t<meta property=\"og:image:height\" content=\"600\" \/>\n\t<meta property=\"og:image:type\" content=\"image\/jpeg\" \/>\n<meta name=\"author\" content=\"Rafaela Ladeira\" \/>\n<meta name=\"twitter:card\" content=\"summary_large_image\" \/>\n<meta name=\"twitter:label1\" content=\"Escrito por\" \/>\n\t<meta name=\"twitter:data1\" content=\"Rafaela Ladeira\" \/>\n\t<meta name=\"twitter:label2\" content=\"Est. tempo de leitura\" \/>\n\t<meta name=\"twitter:data2\" content=\"3 minutos\" \/>\n<script type=\"application\/ld+json\" class=\"yoast-schema-graph\">{\"@context\":\"https:\/\/schema.org\",\"@graph\":[{\"@type\":\"NewsArticle\",\"@id\":\"https:\/\/www.gaveanews.com\/index.php\/2024\/10\/25\/atualizacao-sobre-a-situacao-de-gerson-no-flamengo-2\/#article\",\"isPartOf\":{\"@id\":\"https:\/\/www.gaveanews.com\/index.php\/2024\/10\/25\/atualizacao-sobre-a-situacao-de-gerson-no-flamengo-2\/\"},\"author\":{\"name\":\"Rafaela Ladeira\",\"@id\":\"https:\/\/www.gaveanews.com\/#\/schema\/person\/0eb3e3fe1754f0205218538adbe8f5ed\"},\"headline\":\"Atualiza\u00e7\u00e3o sobre a situa\u00e7\u00e3o de Gerson no Flamengo\",\"datePublished\":\"2024-10-26T00:30:00+00:00\",\"mainEntityOfPage\":{\"@id\":\"https:\/\/www.gaveanews.com\/index.php\/2024\/10\/25\/atualizacao-sobre-a-situacao-de-gerson-no-flamengo-2\/\"},\"wordCount\":373,\"commentCount\":0,\"image\":{\"@id\":\"https:\/\/www.gaveanews.com\/index.php\/2024\/10\/25\/atualizacao-sobre-a-situacao-de-gerson-no-flamengo-2\/#primaryimage\"},\"thumbnailUrl\":\"https:\/\/www.gaveanews.com\/wp-content\/uploads\/gerson-flamengo.webp\",\"articleSection\":[\"Flamengo\"],\"inLanguage\":\"pt-BR\",\"potentialAction\":[{\"@type\":\"CommentAction\",\"name\":\"Comment\",\"target\":[\"https:\/\/www.gaveanews.com\/index.php\/2024\/10\/25\/atualizacao-sobre-a-situacao-de-gerson-no-flamengo-2\/#respond\"]}],\"copyrightYear\":\"2024\",\"copyrightHolder\":{\"@id\":\"https:\/\/www.gaveanews.com\/#organization\"}},{\"@type\":\"WebPage\",\"@id\":\"https:\/\/www.gaveanews.com\/index.php\/2024\/10\/25\/atualizacao-sobre-a-situacao-de-gerson-no-flamengo-2\/\",\"url\":\"https:\/\/www.gaveanews.com\/index.php\/2024\/10\/25\/atualizacao-sobre-a-situacao-de-gerson-no-flamengo-2\/\",\"name\":\"Atualiza\u00e7\u00e3o sobre a situa\u00e7\u00e3o de Gerson no Flamengo\",\"isPartOf\":{\"@id\":\"https:\/\/www.gaveanews.com\/#website\"},\"primaryImageOfPage\":{\"@id\":\"https:\/\/www.gaveanews.com\/index.php\/2024\/10\/25\/atualizacao-sobre-a-situacao-de-gerson-no-flamengo-2\/#primaryimage\"},\"image\":{\"@id\":\"https:\/\/www.gaveanews.com\/index.php\/2024\/10\/25\/atualizacao-sobre-a-situacao-de-gerson-no-flamengo-2\/#primaryimage\"},\"thumbnailUrl\":\"https:\/\/www.gaveanews.com\/wp-content\/uploads\/gerson-flamengo.webp\",\"datePublished\":\"2024-10-26T00:30:00+00:00\",\"author\":{\"@id\":\"https:\/\/www.gaveanews.com\/#\/schema\/person\/0eb3e3fe1754f0205218538adbe8f5ed\"},\"breadcrumb\":{\"@id\":\"https:\/\/www.gaveanews.com\/index.php\/2024\/10\/25\/atualizacao-sobre-a-situacao-de-gerson-no-flamengo-2\/#breadcrumb\"},\"inLanguage\":\"pt-BR\",\"potentialAction\":[{\"@type\":\"ReadAction\",\"target\":[\"https:\/\/www.gaveanews.com\/index.php\/2024\/10\/25\/atualizacao-sobre-a-situacao-de-gerson-no-flamengo-2\/\"]}]},{\"@type\":\"ImageObject\",\"inLanguage\":\"pt-BR\",\"@id\":\"https:\/\/www.gaveanews.com\/index.php\/2024\/10\/25\/atualizacao-sobre-a-situacao-de-gerson-no-flamengo-2\/#primaryimage\",\"url\":\"https:\/\/www.gaveanews.com\/wp-content\/uploads\/gerson-flamengo.webp\",\"contentUrl\":\"https:\/\/www.gaveanews.com\/wp-content\/uploads\/gerson-flamengo.webp\",\"width\":900,\"height\":600,\"caption\":\"Gerson em a\u00e7\u00e3o pelo Flamengo (Foto: Marcelo Cortes\/Flamengo)\"},{\"@type\":\"BreadcrumbList\",\"@id\":\"https:\/\/www.gaveanews.com\/index.php\/2024\/10\/25\/atualizacao-sobre-a-situacao-de-gerson-no-flamengo-2\/#breadcrumb\",\"itemListElement\":[{\"@type\":\"ListItem\",\"position\":1,\"name\":\"Home\",\"item\":\"https:\/\/www.gaveanews.com\/\"},{\"@type\":\"ListItem\",\"position\":2,\"name\":\"Atualiza\u00e7\u00e3o sobre a situa\u00e7\u00e3o de Gerson no Flamengo\"}]},{\"@type\":\"WebSite\",\"@id\":\"https:\/\/www.gaveanews.com\/#website\",\"url\":\"https:\/\/www.gaveanews.com\/\",\"name\":\"G\u00e1vea News\",\"description\":\"Veja todas as not\u00edcias sobre o Flamengo: Contrata\u00e7\u00f5es, categorias de base, resultados das partidas, tabela de classifica\u00e7\u00e3o, pr\u00f3ximos jogos!\",\"potentialAction\":[{\"@type\":\"SearchAction\",\"target\":{\"@type\":\"EntryPoint\",\"urlTemplate\":\"https:\/\/www.gaveanews.com\/?s={search_term_string}\"},\"query-input\":{\"@type\":\"PropertyValueSpecification\",\"valueRequired\":true,\"valueName\":\"search_term_string\"}}],\"inLanguage\":\"pt-BR\"},{\"@type\":\"Person\",\"@id\":\"https:\/\/www.gaveanews.com\/#\/schema\/person\/0eb3e3fe1754f0205218538adbe8f5ed\",\"name\":\"Rafaela Ladeira\",\"image\":{\"@type\":\"ImageObject\",\"inLanguage\":\"pt-BR\",\"@id\":\"https:\/\/www.gaveanews.com\/#\/schema\/person\/image\/\",\"url\":\"https:\/\/secure.gravatar.com\/avatar\/c31f513acffd85eacab5730cbdfdbbf59f21ba5aeada8cd890acea879fbb2455?s=96&d=mm&r=g\",\"contentUrl\":\"https:\/\/secure.gravatar.com\/avatar\/c31f513acffd85eacab5730cbdfdbbf59f21ba5aeada8cd890acea879fbb2455?s=96&d=mm&r=g\",\"caption\":\"Rafaela Ladeira\"}}]}<\/script>\n<!-- \/ Yoast SEO Premium plugin. -->","yoast_head_json":{"title":"Atualiza\u00e7\u00e3o sobre a situa\u00e7\u00e3o de Gerson no Flamengo","robots":{"index":"index","follow":"follow","max-snippet":"max-snippet:-1","max-image-preview":"max-image-preview:large","max-video-preview":"max-video-preview:-1"},"canonical":"https:\/\/www.gaveanews.com\/index.php\/2024\/10\/25\/atualizacao-sobre-a-situacao-de-gerson-no-flamengo-2\/","og_locale":"pt_BR","og_type":"article","og_title":"Atualiza\u00e7\u00e3o sobre a situa\u00e7\u00e3o de Gerson no Flamengo","og_description":"O Flamengo est\u00e1 em contagem regressiva para seu pr\u00f3ximo duelo no Campeonato Brasileiro, e uma das melhores not\u00edcias para a torcida \u00e9 o retorno de Gerson aos treinos.&nbsp; O meio-campista, que havia se recuperado de problemas f\u00edsicos, voltou a trabalhar com o elenco na \u00faltima quarta-feira (23), animando a equipe e seus torcedores. A expectativa [&hellip;]","og_url":"https:\/\/www.gaveanews.com\/index.php\/2024\/10\/25\/atualizacao-sobre-a-situacao-de-gerson-no-flamengo-2\/","og_site_name":"G\u00e1vea News","article_publisher":"https:\/\/facebook.com\/gaveaNews\/","article_published_time":"2024-10-26T00:30:00+00:00","og_image":[{"width":900,"height":600,"url":"https:\/\/www.gaveanews.com\/wp-content\/uploads\/gerson-flamengo.webp","type":"image\/jpeg"}],"author":"Rafaela Ladeira","twitter_card":"summary_large_image","twitter_misc":{"Escrito por":"Rafaela Ladeira","Est. tempo de leitura":"3 minutos"},"schema":{"@context":"https:\/\/schema.org","@graph":[{"@type":"NewsArticle","@id":"https:\/\/www.gaveanews.com\/index.php\/2024\/10\/25\/atualizacao-sobre-a-situacao-de-gerson-no-flamengo-2\/#article","isPartOf":{"@id":"https:\/\/www.gaveanews.com\/index.php\/2024\/10\/25\/atualizacao-sobre-a-situacao-de-gerson-no-flamengo-2\/"},"author":{"name":"Rafaela Ladeira","@id":"https:\/\/www.gaveanews.com\/#\/schema\/person\/0eb3e3fe1754f0205218538adbe8f5ed"},"headline":"Atualiza\u00e7\u00e3o sobre a situa\u00e7\u00e3o de Gerson no Flamengo","datePublished":"2024-10-26T00:30:00+00:00","mainEntityOfPage":{"@id":"https:\/\/www.gaveanews.com\/index.php\/2024\/10\/25\/atualizacao-sobre-a-situacao-de-gerson-no-flamengo-2\/"},"wordCount":373,"commentCount":0,"image":{"@id":"https:\/\/www.gaveanews.com\/index.php\/2024\/10\/25\/atualizacao-sobre-a-situacao-de-gerson-no-flamengo-2\/#primaryimage"},"thumbnailUrl":"https:\/\/www.gaveanews.com\/wp-content\/uploads\/gerson-flamengo.webp","articleSection":["Flamengo"],"inLanguage":"pt-BR","potentialAction":[{"@type":"CommentAction","name":"Comment","target":["https:\/\/www.gaveanews.com\/index.php\/2024\/10\/25\/atualizacao-sobre-a-situacao-de-gerson-no-flamengo-2\/#respond"]}],"copyrightYear":"2024","copyrightHolder":{"@id":"https:\/\/www.gaveanews.com\/#organization"}},{"@type":"WebPage","@id":"https:\/\/www.gaveanews.com\/index.php\/2024\/10\/25\/atualizacao-sobre-a-situacao-de-gerson-no-flamengo-2\/","url":"https:\/\/www.gaveanews.com\/index.php\/2024\/10\/25\/atualizacao-sobre-a-situacao-de-gerson-no-flamengo-2\/","name":"Atualiza\u00e7\u00e3o sobre a situa\u00e7\u00e3o de Gerson no Flamengo","isPartOf":{"@id":"https:\/\/www.gaveanews.com\/#website"},"primaryImageOfPage":{"@id":"https:\/\/www.gaveanews.com\/index.php\/2024\/10\/25\/atualizacao-sobre-a-situacao-de-gerson-no-flamengo-2\/#primaryimage"},"image":{"@id":"https:\/\/www.gaveanews.com\/index.php\/2024\/10\/25\/atualizacao-sobre-a-situacao-de-gerson-no-flamengo-2\/#primaryimage"},"thumbnailUrl":"https:\/\/www.gaveanews.com\/wp-content\/uploads\/gerson-flamengo.webp","datePublished":"2024-10-26T00:30:00+00:00","author":{"@id":"https:\/\/www.gaveanews.com\/#\/schema\/person\/0eb3e3fe1754f0205218538adbe8f5ed"},"breadcrumb":{"@id":"https:\/\/www.gaveanews.com\/index.php\/2024\/10\/25\/atualizacao-sobre-a-situacao-de-gerson-no-flamengo-2\/#breadcrumb"},"inLanguage":"pt-BR","potentialAction":[{"@type":"ReadAction","target":["https:\/\/www.gaveanews.com\/index.php\/2024\/10\/25\/atualizacao-sobre-a-situacao-de-gerson-no-flamengo-2\/"]}]},{"@type":"ImageObject","inLanguage":"pt-BR","@id":"https:\/\/www.gaveanews.com\/index.php\/2024\/10\/25\/atualizacao-sobre-a-situacao-de-gerson-no-flamengo-2\/#primaryimage","url":"https:\/\/www.gaveanews.com\/wp-content\/uploads\/gerson-flamengo.webp","contentUrl":"https:\/\/www.gaveanews.com\/wp-content\/uploads\/gerson-flamengo.webp","width":900,"height":600,"caption":"Gerson em a\u00e7\u00e3o pelo Flamengo (Foto: Marcelo Cortes\/Flamengo)"},{"@type":"BreadcrumbList","@id":"https:\/\/www.gaveanews.com\/index.php\/2024\/10\/25\/atualizacao-sobre-a-situacao-de-gerson-no-flamengo-2\/#breadcrumb","itemListElement":[{"@type":"ListItem","position":1,"name":"Home","item":"https:\/\/www.gaveanews.com\/"},{"@type":"ListItem","position":2,"name":"Atualiza\u00e7\u00e3o sobre a situa\u00e7\u00e3o de Gerson no Flamengo"}]},{"@type":"WebSite","@id":"https:\/\/www.gaveanews.com\/#website","url":"https:\/\/www.gaveanews.com\/","name":"G\u00e1vea News","description":"Veja todas as not\u00edcias sobre o Flamengo: Contrata\u00e7\u00f5es, categorias de base, resultados das partidas, tabela de classifica\u00e7\u00e3o, pr\u00f3ximos jogos!","potentialAction":[{"@type":"SearchAction","target":{"@type":"EntryPoint","urlTemplate":"https:\/\/www.gaveanews.com\/?s={search_term_string}"},"query-input":{"@type":"PropertyValueSpecification","valueRequired":true,"valueName":"search_term_string"}}],"inLanguage":"pt-BR"},{"@type":"Person","@id":"https:\/\/www.gaveanews.com\/#\/schema\/person\/0eb3e3fe1754f0205218538adbe8f5ed","name":"Rafaela Ladeira","image":{"@type":"ImageObject","inLanguage":"pt-BR","@id":"https:\/\/www.gaveanews.com\/#\/schema\/person\/image\/","url":"https:\/\/secure.gravatar.com\/avatar\/c31f513acffd85eacab5730cbdfdbbf59f21ba5aeada8cd890acea879fbb2455?s=96&d=mm&r=g","contentUrl":"https:\/\/secure.gravatar.com\/avatar\/c31f513acffd85eacab5730cbdfdbbf59f21ba5aeada8cd890acea879fbb2455?s=96&d=mm&r=g","caption":"Rafaela Ladeira"}}]}},"_links":{"self":[{"href":"https:\/\/www.gaveanews.com\/index.php\/wp-json\/wp\/v2\/posts\/177805","targetHints":{"allow":["GET"]}}],"collection":[{"href":"https:\/\/www.gaveanews.com\/index.php\/wp-json\/wp\/v2\/posts"}],"about":[{"href":"https:\/\/www.gaveanews.com\/index.php\/wp-json\/wp\/v2\/types\/post"}],"author":[{"embeddable":true,"href":"https:\/\/www.gaveanews.com\/index.php\/wp-json\/wp\/v2\/users\/25"}],"replies":[{"embeddable":true,"href":"https:\/\/www.gaveanews.com\/index.php\/wp-json\/wp\/v2\/comments?post=177805"}],"version-history":[{"count":1,"href":"https:\/\/www.gaveanews.com\/index.php\/wp-json\/wp\/v2\/posts\/177805\/revisions"}],"predecessor-version":[{"id":177807,"href":"https:\/\/www.gaveanews.com\/index.php\/wp-json\/wp\/v2\/posts\/177805\/revisions\/177807"}],"wp:featuredmedia":[{"embeddable":true,"href":"https:\/\/www.gaveanews.com\/index.php\/wp-json\/wp\/v2\/media\/145523"}],"wp:attachment":[{"href":"https:\/\/www.gaveanews.com\/index.php\/wp-json\/wp\/v2\/media?parent=177805"}],"wp:term":[{"taxonomy":"category","embeddable":true,"href":"https:\/\/www.gaveanews.com\/index.php\/wp-json\/wp\/v2\/categories?post=177805"},{"taxonomy":"post_tag","embeddable":true,"href":"https:\/\/www.gaveanews.com\/index.php\/wp-json\/wp\/v2\/tags?post=177805"}],"curies":[{"name":"wp","href":"https:\/\/api.w.org\/{rel}","templated":true}]}}