{"id":177858,"date":"2024-10-26T15:50:00","date_gmt":"2024-10-26T18:50:00","guid":{"rendered":"https:\/\/www.gaveanews.com\/?p=177858"},"modified":"2024-10-26T13:05:48","modified_gmt":"2024-10-26T16:05:48","slug":"filho-de-pele-faz-comparacao-de-vini-jr-com-o-seu-pai","status":"publish","type":"post","link":"https:\/\/www.gaveanews.com\/index.php\/2024\/10\/26\/filho-de-pele-faz-comparacao-de-vini-jr-com-o-seu-pai\/","title":{"rendered":"Filho de Pel\u00e9 faz compara\u00e7\u00e3o de Vini Jr com o seu pai"},"content":{"rendered":"\n<p>O coro para fazer de Vin\u00edcius J\u00fanior o melhor jogador do mundo est\u00e1 cada vez mais alto. Ap\u00f3s o hat-trick marcado contra o Borussia Dortmund, na goleada do Real Madrid por 5 a 2, o camisa 7 madridista foi comparado a Pel\u00e9, o maior jogador de todos os tempos. O filho dele, Joshua Arantes do Nascimento, ent\u00e3o, se pronunciou a respeito.<\/p>\n\n\n\n<ul class=\"wp-block-list\">\n<li><a href=\"https:\/\/www.gaveanews.com\/index.php\/2024\/10\/24\/a-gravidade-da-lesao-de-courtois-no-real-madrid\/\">A gravidade da les\u00e3o de Courtois no Real Madrid<\/a><\/li>\n\n\n\n<li><a href=\"https:\/\/www.gaveanews.com\/index.php\/2024\/10\/25\/figo-aponta-favoritismo-em-real-madrid-x-barcelona\/\">Figo aponta favoritismo em Real Madrid x Barcelona<\/a><\/li>\n<\/ul>\n\n\n\n<p>Na pr\u00f3xima segunda-feira (28\/10), acontecer\u00e1 o evento da France Football que elege o melhor jogador do mundo. O craque brasileiro, revelado pelo Flamengo, est\u00e1 entre os 30 finalistas e \u00e9 um dos favoritos ao pr\u00eamio.<\/p>\n\n\n\n<p>A atua\u00e7\u00e3o de gala contra o Borussia Dortmund, pela Liga dos Campe\u00f5es, na ter\u00e7a-feira (22\/10), endossou ainda mais esse favoritismo. Ele foi autor de tr\u00eas gols na partida e foi respons\u00e1vel direto na virada sobre os alem\u00e3es, que estavam vencendo por 2 a 0, at\u00e9 o fim da primeira etapa, dentro do Est\u00e1dio Santiago Bernab\u00e9u. Mas, no segundo tempo, Vin\u00edcius, tr\u00eas vezes, Rudiger e Lucas Vasquez, colocaram o 5 a 2 no placar.&nbsp;<\/p>\n\n\n\n<p>Ap\u00f3s o jogo, o \u00eddolo do Madrid e hexacampe\u00e3o espanhol com o clube, Emilio Butrague\u00f1o, rasgou elogios ao jogador e fez uma declara\u00e7\u00e3o arriscada. Ele comparou Vini com o maior jogador de todos os tempos, Pel\u00e9.<\/p>\n\n\n\n<p>\u201cEle me fez lembrar Pel\u00e9. Foi um grande gol e, para aqueles que amam futebol, n\u00e3o h\u00e1 d\u00favida de que ele justifica a vinda aqui ao Bernab\u00e9u\u201d, disse e complementou para o canal do Real Madrid. \u201c\u00c9 um jogador que pode lhe oferecer isso, essa jogada que provoca muitas emo\u00e7\u00f5es, entre elas a admira\u00e7\u00e3o, logicamente\u201d.<\/p>\n\n\n\n<p>Questionado sobre a compara\u00e7\u00e3o que um dos grandes \u00eddolos da hist\u00f3ria merengue, o filho de Pel\u00e9, Joshua Arantes do Nascimento reagiu \u00e0 fala de Butrague\u00f1o.<\/p>\n\n\n\n<p>\u201cPara ouvir Butrague\u00f1o falar algo assim, \u00e9 porque sabe do que est\u00e1 falando\u201d, comentou e continuou. \u201c\u00c9 verdade que tem semelhan\u00e7as com meu pai, como no drible de baixo para cima, parece muito. O que parece muito \u00e9 a finaliza\u00e7\u00e3o\u201d.<\/p>\n\n\n\n<p>Joshua ainda disse que o Vin\u00edcius \u00e9 um jogador diferente e que faz juz \u00e0s compara\u00e7\u00f5es. \u201c\u00c9 um grande jogador, est\u00e1 representando muito bem a hist\u00f3ria que meu pai deixou no mundo do futebol\u201d, disse e finalizou. \u201c\u00c9 um jogador diferente, de outro n\u00edvel. Melhorou, anos atr\u00e1s n\u00e3o era nada f\u00e1cil fazer gols assim\u201d.<\/p>\n","protected":false},"excerpt":{"rendered":"<p>Filho de Pel\u00e9 reage \u00e0 compara\u00e7\u00e3o de Vin\u00edcius J\u00fanior com o maior de todos os tempos<\/p>\n","protected":false},"author":29,"featured_media":109282,"comment_status":"open","ping_status":"closed","sticky":false,"template":"","format":"standard","meta":{"footnotes":""},"categories":[88],"tags":[],"class_list":["post-177858","post","type-post","status-publish","format-standard","has-post-thumbnail","hentry","category-real-madrid"],"yoast_head":"<!-- This site is optimized with the Yoast SEO Premium plugin v24.2 (Yoast SEO v26.9) - https:\/\/yoast.com\/product\/yoast-seo-premium-wordpress\/ -->\n<title>Filho de Pel\u00e9 faz compara\u00e7\u00e3o de Vini Jr com o seu pai<\/title>\n<meta name=\"robots\" content=\"index, follow, max-snippet:-1, max-image-preview:large, max-video-preview:-1\" \/>\n<link rel=\"canonical\" href=\"https:\/\/www.gaveanews.com\/index.php\/2024\/10\/26\/filho-de-pele-faz-comparacao-de-vini-jr-com-o-seu-pai\/\" \/>\n<meta property=\"og:locale\" content=\"pt_BR\" \/>\n<meta property=\"og:type\" content=\"article\" \/>\n<meta property=\"og:title\" content=\"Filho de Pel\u00e9 faz compara\u00e7\u00e3o de Vini Jr com o seu pai\" \/>\n<meta property=\"og:description\" content=\"Filho de Pel\u00e9 reage \u00e0 compara\u00e7\u00e3o de Vin\u00edcius J\u00fanior com o maior de todos os tempos\" \/>\n<meta property=\"og:url\" content=\"https:\/\/www.gaveanews.com\/index.php\/2024\/10\/26\/filho-de-pele-faz-comparacao-de-vini-jr-com-o-seu-pai\/\" \/>\n<meta property=\"og:site_name\" content=\"G\u00e1vea News\" \/>\n<meta property=\"article:publisher\" content=\"https:\/\/facebook.com\/gaveaNews\/\" \/>\n<meta property=\"article:published_time\" content=\"2024-10-26T18:50:00+00:00\" \/>\n<meta property=\"og:image\" content=\"https:\/\/www.gaveanews.com\/wp-content\/uploads\/vini-jr-real-madrid.webp\" \/>\n\t<meta property=\"og:image:width\" content=\"1080\" \/>\n\t<meta property=\"og:image:height\" content=\"607\" \/>\n\t<meta property=\"og:image:type\" content=\"image\/webp\" \/>\n<meta name=\"author\" content=\"Marco Menezes\" \/>\n<meta name=\"twitter:card\" content=\"summary_large_image\" \/>\n<meta name=\"twitter:label1\" content=\"Escrito por\" \/>\n\t<meta name=\"twitter:data1\" content=\"Marco Menezes\" \/>\n\t<meta name=\"twitter:label2\" content=\"Est. tempo de leitura\" \/>\n\t<meta name=\"twitter:data2\" content=\"3 minutos\" \/>\n<script type=\"application\/ld+json\" class=\"yoast-schema-graph\">{\"@context\":\"https:\/\/schema.org\",\"@graph\":[{\"@type\":\"NewsArticle\",\"@id\":\"https:\/\/www.gaveanews.com\/index.php\/2024\/10\/26\/filho-de-pele-faz-comparacao-de-vini-jr-com-o-seu-pai\/#article\",\"isPartOf\":{\"@id\":\"https:\/\/www.gaveanews.com\/index.php\/2024\/10\/26\/filho-de-pele-faz-comparacao-de-vini-jr-com-o-seu-pai\/\"},\"author\":{\"name\":\"Marco Menezes\",\"@id\":\"https:\/\/www.gaveanews.com\/#\/schema\/person\/a9f62fe75380c6bada1b2fc49bc23d69\"},\"headline\":\"Filho de Pel\u00e9 faz compara\u00e7\u00e3o de Vini Jr com o seu pai\",\"datePublished\":\"2024-10-26T18:50:00+00:00\",\"mainEntityOfPage\":{\"@id\":\"https:\/\/www.gaveanews.com\/index.php\/2024\/10\/26\/filho-de-pele-faz-comparacao-de-vini-jr-com-o-seu-pai\/\"},\"wordCount\":430,\"commentCount\":0,\"image\":{\"@id\":\"https:\/\/www.gaveanews.com\/index.php\/2024\/10\/26\/filho-de-pele-faz-comparacao-de-vini-jr-com-o-seu-pai\/#primaryimage\"},\"thumbnailUrl\":\"https:\/\/www.gaveanews.com\/wp-content\/uploads\/vini-jr-real-madrid.webp\",\"articleSection\":[\"Real Madrid\"],\"inLanguage\":\"pt-BR\",\"potentialAction\":[{\"@type\":\"CommentAction\",\"name\":\"Comment\",\"target\":[\"https:\/\/www.gaveanews.com\/index.php\/2024\/10\/26\/filho-de-pele-faz-comparacao-de-vini-jr-com-o-seu-pai\/#respond\"]}],\"copyrightYear\":\"2024\",\"copyrightHolder\":{\"@id\":\"https:\/\/www.gaveanews.com\/#organization\"}},{\"@type\":\"WebPage\",\"@id\":\"https:\/\/www.gaveanews.com\/index.php\/2024\/10\/26\/filho-de-pele-faz-comparacao-de-vini-jr-com-o-seu-pai\/\",\"url\":\"https:\/\/www.gaveanews.com\/index.php\/2024\/10\/26\/filho-de-pele-faz-comparacao-de-vini-jr-com-o-seu-pai\/\",\"name\":\"Filho de Pel\u00e9 faz compara\u00e7\u00e3o de Vini Jr com o seu pai\",\"isPartOf\":{\"@id\":\"https:\/\/www.gaveanews.com\/#website\"},\"primaryImageOfPage\":{\"@id\":\"https:\/\/www.gaveanews.com\/index.php\/2024\/10\/26\/filho-de-pele-faz-comparacao-de-vini-jr-com-o-seu-pai\/#primaryimage\"},\"image\":{\"@id\":\"https:\/\/www.gaveanews.com\/index.php\/2024\/10\/26\/filho-de-pele-faz-comparacao-de-vini-jr-com-o-seu-pai\/#primaryimage\"},\"thumbnailUrl\":\"https:\/\/www.gaveanews.com\/wp-content\/uploads\/vini-jr-real-madrid.webp\",\"datePublished\":\"2024-10-26T18:50:00+00:00\",\"author\":{\"@id\":\"https:\/\/www.gaveanews.com\/#\/schema\/person\/a9f62fe75380c6bada1b2fc49bc23d69\"},\"breadcrumb\":{\"@id\":\"https:\/\/www.gaveanews.com\/index.php\/2024\/10\/26\/filho-de-pele-faz-comparacao-de-vini-jr-com-o-seu-pai\/#breadcrumb\"},\"inLanguage\":\"pt-BR\",\"potentialAction\":[{\"@type\":\"ReadAction\",\"target\":[\"https:\/\/www.gaveanews.com\/index.php\/2024\/10\/26\/filho-de-pele-faz-comparacao-de-vini-jr-com-o-seu-pai\/\"]}]},{\"@type\":\"ImageObject\",\"inLanguage\":\"pt-BR\",\"@id\":\"https:\/\/www.gaveanews.com\/index.php\/2024\/10\/26\/filho-de-pele-faz-comparacao-de-vini-jr-com-o-seu-pai\/#primaryimage\",\"url\":\"https:\/\/www.gaveanews.com\/wp-content\/uploads\/vini-jr-real-madrid.webp\",\"contentUrl\":\"https:\/\/www.gaveanews.com\/wp-content\/uploads\/vini-jr-real-madrid.webp\",\"width\":1080,\"height\":607,\"caption\":\"Vini Jr em a\u00e7\u00e3o pelo Real Madrid (Foto: Divulga\u00e7\u00e3o\/Real Madrid)\"},{\"@type\":\"BreadcrumbList\",\"@id\":\"https:\/\/www.gaveanews.com\/index.php\/2024\/10\/26\/filho-de-pele-faz-comparacao-de-vini-jr-com-o-seu-pai\/#breadcrumb\",\"itemListElement\":[{\"@type\":\"ListItem\",\"position\":1,\"name\":\"Home\",\"item\":\"https:\/\/www.gaveanews.com\/\"},{\"@type\":\"ListItem\",\"position\":2,\"name\":\"Filho de Pel\u00e9 faz compara\u00e7\u00e3o de Vini Jr com o seu pai\"}]},{\"@type\":\"WebSite\",\"@id\":\"https:\/\/www.gaveanews.com\/#website\",\"url\":\"https:\/\/www.gaveanews.com\/\",\"name\":\"G\u00e1vea News\",\"description\":\"Veja todas as not\u00edcias sobre o Flamengo: Contrata\u00e7\u00f5es, categorias de base, resultados das partidas, tabela de classifica\u00e7\u00e3o, pr\u00f3ximos jogos!\",\"potentialAction\":[{\"@type\":\"SearchAction\",\"target\":{\"@type\":\"EntryPoint\",\"urlTemplate\":\"https:\/\/www.gaveanews.com\/?s={search_term_string}\"},\"query-input\":{\"@type\":\"PropertyValueSpecification\",\"valueRequired\":true,\"valueName\":\"search_term_string\"}}],\"inLanguage\":\"pt-BR\"},{\"@type\":\"Person\",\"@id\":\"https:\/\/www.gaveanews.com\/#\/schema\/person\/a9f62fe75380c6bada1b2fc49bc23d69\",\"name\":\"Marco Menezes\",\"image\":{\"@type\":\"ImageObject\",\"inLanguage\":\"pt-BR\",\"@id\":\"https:\/\/www.gaveanews.com\/#\/schema\/person\/image\/\",\"url\":\"https:\/\/secure.gravatar.com\/avatar\/a1d148ae17fc8bfc5dbccffd07979e8bd2c9ba494221779de86ec2c7907b71ec?s=96&d=mm&r=g\",\"contentUrl\":\"https:\/\/secure.gravatar.com\/avatar\/a1d148ae17fc8bfc5dbccffd07979e8bd2c9ba494221779de86ec2c7907b71ec?s=96&d=mm&r=g\",\"caption\":\"Marco Menezes\"}}]}<\/script>\n<!-- \/ Yoast SEO Premium plugin. -->","yoast_head_json":{"title":"Filho de Pel\u00e9 faz compara\u00e7\u00e3o de Vini Jr com o seu pai","robots":{"index":"index","follow":"follow","max-snippet":"max-snippet:-1","max-image-preview":"max-image-preview:large","max-video-preview":"max-video-preview:-1"},"canonical":"https:\/\/www.gaveanews.com\/index.php\/2024\/10\/26\/filho-de-pele-faz-comparacao-de-vini-jr-com-o-seu-pai\/","og_locale":"pt_BR","og_type":"article","og_title":"Filho de Pel\u00e9 faz compara\u00e7\u00e3o de Vini Jr com o seu pai","og_description":"Filho de Pel\u00e9 reage \u00e0 compara\u00e7\u00e3o de Vin\u00edcius J\u00fanior com o maior de todos os tempos","og_url":"https:\/\/www.gaveanews.com\/index.php\/2024\/10\/26\/filho-de-pele-faz-comparacao-de-vini-jr-com-o-seu-pai\/","og_site_name":"G\u00e1vea News","article_publisher":"https:\/\/facebook.com\/gaveaNews\/","article_published_time":"2024-10-26T18:50:00+00:00","og_image":[{"width":1080,"height":607,"url":"https:\/\/www.gaveanews.com\/wp-content\/uploads\/vini-jr-real-madrid.webp","type":"image\/webp"}],"author":"Marco Menezes","twitter_card":"summary_large_image","twitter_misc":{"Escrito por":"Marco Menezes","Est. tempo de leitura":"3 minutos"},"schema":{"@context":"https:\/\/schema.org","@graph":[{"@type":"NewsArticle","@id":"https:\/\/www.gaveanews.com\/index.php\/2024\/10\/26\/filho-de-pele-faz-comparacao-de-vini-jr-com-o-seu-pai\/#article","isPartOf":{"@id":"https:\/\/www.gaveanews.com\/index.php\/2024\/10\/26\/filho-de-pele-faz-comparacao-de-vini-jr-com-o-seu-pai\/"},"author":{"name":"Marco Menezes","@id":"https:\/\/www.gaveanews.com\/#\/schema\/person\/a9f62fe75380c6bada1b2fc49bc23d69"},"headline":"Filho de Pel\u00e9 faz compara\u00e7\u00e3o de Vini Jr com o seu pai","datePublished":"2024-10-26T18:50:00+00:00","mainEntityOfPage":{"@id":"https:\/\/www.gaveanews.com\/index.php\/2024\/10\/26\/filho-de-pele-faz-comparacao-de-vini-jr-com-o-seu-pai\/"},"wordCount":430,"commentCount":0,"image":{"@id":"https:\/\/www.gaveanews.com\/index.php\/2024\/10\/26\/filho-de-pele-faz-comparacao-de-vini-jr-com-o-seu-pai\/#primaryimage"},"thumbnailUrl":"https:\/\/www.gaveanews.com\/wp-content\/uploads\/vini-jr-real-madrid.webp","articleSection":["Real Madrid"],"inLanguage":"pt-BR","potentialAction":[{"@type":"CommentAction","name":"Comment","target":["https:\/\/www.gaveanews.com\/index.php\/2024\/10\/26\/filho-de-pele-faz-comparacao-de-vini-jr-com-o-seu-pai\/#respond"]}],"copyrightYear":"2024","copyrightHolder":{"@id":"https:\/\/www.gaveanews.com\/#organization"}},{"@type":"WebPage","@id":"https:\/\/www.gaveanews.com\/index.php\/2024\/10\/26\/filho-de-pele-faz-comparacao-de-vini-jr-com-o-seu-pai\/","url":"https:\/\/www.gaveanews.com\/index.php\/2024\/10\/26\/filho-de-pele-faz-comparacao-de-vini-jr-com-o-seu-pai\/","name":"Filho de Pel\u00e9 faz compara\u00e7\u00e3o de Vini Jr com o seu pai","isPartOf":{"@id":"https:\/\/www.gaveanews.com\/#website"},"primaryImageOfPage":{"@id":"https:\/\/www.gaveanews.com\/index.php\/2024\/10\/26\/filho-de-pele-faz-comparacao-de-vini-jr-com-o-seu-pai\/#primaryimage"},"image":{"@id":"https:\/\/www.gaveanews.com\/index.php\/2024\/10\/26\/filho-de-pele-faz-comparacao-de-vini-jr-com-o-seu-pai\/#primaryimage"},"thumbnailUrl":"https:\/\/www.gaveanews.com\/wp-content\/uploads\/vini-jr-real-madrid.webp","datePublished":"2024-10-26T18:50:00+00:00","author":{"@id":"https:\/\/www.gaveanews.com\/#\/schema\/person\/a9f62fe75380c6bada1b2fc49bc23d69"},"breadcrumb":{"@id":"https:\/\/www.gaveanews.com\/index.php\/2024\/10\/26\/filho-de-pele-faz-comparacao-de-vini-jr-com-o-seu-pai\/#breadcrumb"},"inLanguage":"pt-BR","potentialAction":[{"@type":"ReadAction","target":["https:\/\/www.gaveanews.com\/index.php\/2024\/10\/26\/filho-de-pele-faz-comparacao-de-vini-jr-com-o-seu-pai\/"]}]},{"@type":"ImageObject","inLanguage":"pt-BR","@id":"https:\/\/www.gaveanews.com\/index.php\/2024\/10\/26\/filho-de-pele-faz-comparacao-de-vini-jr-com-o-seu-pai\/#primaryimage","url":"https:\/\/www.gaveanews.com\/wp-content\/uploads\/vini-jr-real-madrid.webp","contentUrl":"https:\/\/www.gaveanews.com\/wp-content\/uploads\/vini-jr-real-madrid.webp","width":1080,"height":607,"caption":"Vini Jr em a\u00e7\u00e3o pelo Real Madrid (Foto: Divulga\u00e7\u00e3o\/Real Madrid)"},{"@type":"BreadcrumbList","@id":"https:\/\/www.gaveanews.com\/index.php\/2024\/10\/26\/filho-de-pele-faz-comparacao-de-vini-jr-com-o-seu-pai\/#breadcrumb","itemListElement":[{"@type":"ListItem","position":1,"name":"Home","item":"https:\/\/www.gaveanews.com\/"},{"@type":"ListItem","position":2,"name":"Filho de Pel\u00e9 faz compara\u00e7\u00e3o de Vini Jr com o seu pai"}]},{"@type":"WebSite","@id":"https:\/\/www.gaveanews.com\/#website","url":"https:\/\/www.gaveanews.com\/","name":"G\u00e1vea News","description":"Veja todas as not\u00edcias sobre o Flamengo: Contrata\u00e7\u00f5es, categorias de base, resultados das partidas, tabela de classifica\u00e7\u00e3o, pr\u00f3ximos jogos!","potentialAction":[{"@type":"SearchAction","target":{"@type":"EntryPoint","urlTemplate":"https:\/\/www.gaveanews.com\/?s={search_term_string}"},"query-input":{"@type":"PropertyValueSpecification","valueRequired":true,"valueName":"search_term_string"}}],"inLanguage":"pt-BR"},{"@type":"Person","@id":"https:\/\/www.gaveanews.com\/#\/schema\/person\/a9f62fe75380c6bada1b2fc49bc23d69","name":"Marco Menezes","image":{"@type":"ImageObject","inLanguage":"pt-BR","@id":"https:\/\/www.gaveanews.com\/#\/schema\/person\/image\/","url":"https:\/\/secure.gravatar.com\/avatar\/a1d148ae17fc8bfc5dbccffd07979e8bd2c9ba494221779de86ec2c7907b71ec?s=96&d=mm&r=g","contentUrl":"https:\/\/secure.gravatar.com\/avatar\/a1d148ae17fc8bfc5dbccffd07979e8bd2c9ba494221779de86ec2c7907b71ec?s=96&d=mm&r=g","caption":"Marco Menezes"}}]}},"_links":{"self":[{"href":"https:\/\/www.gaveanews.com\/index.php\/wp-json\/wp\/v2\/posts\/177858","targetHints":{"allow":["GET"]}}],"collection":[{"href":"https:\/\/www.gaveanews.com\/index.php\/wp-json\/wp\/v2\/posts"}],"about":[{"href":"https:\/\/www.gaveanews.com\/index.php\/wp-json\/wp\/v2\/types\/post"}],"author":[{"embeddable":true,"href":"https:\/\/www.gaveanews.com\/index.php\/wp-json\/wp\/v2\/users\/29"}],"replies":[{"embeddable":true,"href":"https:\/\/www.gaveanews.com\/index.php\/wp-json\/wp\/v2\/comments?post=177858"}],"version-history":[{"count":1,"href":"https:\/\/www.gaveanews.com\/index.php\/wp-json\/wp\/v2\/posts\/177858\/revisions"}],"predecessor-version":[{"id":177863,"href":"https:\/\/www.gaveanews.com\/index.php\/wp-json\/wp\/v2\/posts\/177858\/revisions\/177863"}],"wp:featuredmedia":[{"embeddable":true,"href":"https:\/\/www.gaveanews.com\/index.php\/wp-json\/wp\/v2\/media\/109282"}],"wp:attachment":[{"href":"https:\/\/www.gaveanews.com\/index.php\/wp-json\/wp\/v2\/media?parent=177858"}],"wp:term":[{"taxonomy":"category","embeddable":true,"href":"https:\/\/www.gaveanews.com\/index.php\/wp-json\/wp\/v2\/categories?post=177858"},{"taxonomy":"post_tag","embeddable":true,"href":"https:\/\/www.gaveanews.com\/index.php\/wp-json\/wp\/v2\/tags?post=177858"}],"curies":[{"name":"wp","href":"https:\/\/api.w.org\/{rel}","templated":true}]}}