{"id":177917,"date":"2024-10-26T14:35:00","date_gmt":"2024-10-26T17:35:00","guid":{"rendered":"https:\/\/www.gaveanews.com\/?p=177917"},"modified":"2024-10-26T13:10:42","modified_gmt":"2024-10-26T16:10:42","slug":"a-diretoria-do-flamengo-vai-punir-varela","status":"publish","type":"post","link":"https:\/\/www.gaveanews.com\/index.php\/2024\/10\/26\/a-diretoria-do-flamengo-vai-punir-varela\/","title":{"rendered":"A diretoria do Flamengo vai punir Varela?"},"content":{"rendered":"\n<p>O Flamengo analisa punir o jogador Varela, flagrado em uma confus\u00e3o com torcedores do Pe\u00f1arol na orla nesta \u00faltima quarta-feira (23). O lateral uruguaio retornou ao Ninho do Urubu logo ap\u00f3s o incidente.<\/p>\n\n\n\n<ul class=\"wp-block-list\">\n<li><a href=\"https:\/\/www.gaveanews.com\/index.php\/2024\/10\/25\/atualizacao-sobre-a-situacao-de-gerson-no-flamengo-2\/\">Atualiza\u00e7\u00e3o sobre a situa\u00e7\u00e3o de Gerson no Flamengo<\/a><\/li>\n\n\n\n<li><a href=\"https:\/\/www.gaveanews.com\/index.php\/2024\/10\/25\/marcos-braz-da-nova-declaracao-sobre-o-futuro-de-gabigol-no-flamengo\/\">Marcos Braz d\u00e1 nova declara\u00e7\u00e3o sobre o futuro de Gabigol, no Flamengo<\/a><\/li>\n<\/ul>\n\n\n\n<p>Conforme informa\u00e7\u00f5es do portal UOL, o clube estuda as possibilidades de puni\u00e7\u00e3o e, enquanto isso, debate o contexto com cautela, promovendo discuss\u00f5es internas sobre o caso.<\/p>\n\n\n\n<p>Ap\u00f3s voltar ao Ninho do Urubu, Varela se reuniu com Marcos Braz, vice-presidente de futebol do Flamengo, que assumiu a responsabilidade pela situa\u00e7\u00e3o. Eles discutiram os detalhes do incidente e, depois da conversa, Varela participou normalmente da confraterniza\u00e7\u00e3o do elenco com a comiss\u00e3o t\u00e9cnica, o que refor\u00e7ou a atmosfera de coopera\u00e7\u00e3o no grupo.<\/p>\n\n\n\n<p>Em entrevista \u00e0 TNT Sports, Marcos Braz declarou que Varela n\u00e3o deveria ter se envolvido no local do tumulto. Contudo, ele enfatizou que o jogador n\u00e3o se envolveu em brigas ou agress\u00f5es durante o epis\u00f3dio. Braz tamb\u00e9m salientou que o futebol n\u00e3o deve permitir cenas lament\u00e1veis como as presenciadas naquele evento.<\/p>\n\n\n\n<p>&#8220;Em determinado momento, quando estava parado, chegou a Pol\u00edcia Militar, que pediu para que ele sa\u00edsse do carro. Ele sequer tinha sa\u00eddo do carro. Estava no lugar errado, n\u00e3o deveria estar l\u00e1. Mas n\u00e3o estava em nenhum tipo de confraterniza\u00e7\u00e3o ou tumulto. O PM determinou que sa\u00edsse do carro e ele fez o certo&#8221;, afirmou o dirigente. <\/p>\n\n\n\n<h2 class=\"wp-block-heading\" id=\"h-entenda-a-confusao\">Entenda a confus\u00e3o <\/h2>\n\n\n\n<p>Varela, antes de tudo, treinou normalmente pela manh\u00e3, cumprindo todas as atividades do clube. Mais tarde, ele foi almo\u00e7ar e encontrou dois amigos que estavam na confus\u00e3o. <\/p>\n\n\n\n<p>Segundo Varela, ele se preocupou com a situa\u00e7\u00e3o dos amigos e decidiu ir at\u00e9 o local para ajud\u00e1-los, momento em que a pol\u00edcia o abordou. Ele explicou que um dos amigos ligou pedindo ajuda, ent\u00e3o, ap\u00f3s terminar suas tarefas no Ninho do Urubu, ele seguiu at\u00e9 o Recreio e, em seguida, retornou ao CT.<\/p>\n\n\n\n<p>Imagens de testemunhas mostraram Varela fora de seu carro, pois os policiais solicitaram que sa\u00edsse. Ele parou para buscar os amigos e se identificou como jogador do Flamengo, mas ainda assim foi revistado, e as imagens dessa abordagem logo se espalharam nas redes sociais.<\/p>\n\n\n\n<p>Em comunicado oficial, Varela esclareceu que n\u00e3o participou de atos violentos. Ele relatou ter perdido contato com os amigos ao chegar e ficou no local por cerca de 15 minutos enquanto era abordado pela pol\u00edcia. Por fim, o jogador pediu desculpas pelo mal-entendido e expressou consci\u00eancia da seriedade da situa\u00e7\u00e3o.<\/p>\n","protected":false},"excerpt":{"rendered":"<p>O Flamengo analisa punir o jogador Varela, flagrado em uma confus\u00e3o com torcedores do Pe\u00f1arol na orla nesta \u00faltima quarta-feira (23). O lateral uruguaio retornou ao Ninho do Urubu logo ap\u00f3s o incidente. Conforme informa\u00e7\u00f5es do portal UOL, o clube estuda as possibilidades de puni\u00e7\u00e3o e, enquanto isso, debate o contexto com cautela, promovendo discuss\u00f5es [&hellip;]<\/p>\n","protected":false},"author":28,"featured_media":86918,"comment_status":"open","ping_status":"closed","sticky":false,"template":"","format":"standard","meta":{"footnotes":""},"categories":[1],"tags":[],"class_list":["post-177917","post","type-post","status-publish","format-standard","has-post-thumbnail","hentry","category-flamengo"],"yoast_head":"<!-- This site is optimized with the Yoast SEO Premium plugin v24.2 (Yoast SEO v26.9) - https:\/\/yoast.com\/product\/yoast-seo-premium-wordpress\/ -->\n<title>A diretoria do Flamengo vai punir Varela?<\/title>\n<meta name=\"robots\" content=\"index, follow, max-snippet:-1, max-image-preview:large, max-video-preview:-1\" \/>\n<link rel=\"canonical\" href=\"https:\/\/www.gaveanews.com\/index.php\/2024\/10\/26\/a-diretoria-do-flamengo-vai-punir-varela\/\" \/>\n<meta property=\"og:locale\" content=\"pt_BR\" \/>\n<meta property=\"og:type\" content=\"article\" \/>\n<meta property=\"og:title\" content=\"A diretoria do Flamengo vai punir Varela?\" \/>\n<meta property=\"og:description\" content=\"O Flamengo analisa punir o jogador Varela, flagrado em uma confus\u00e3o com torcedores do Pe\u00f1arol na orla nesta \u00faltima quarta-feira (23). O lateral uruguaio retornou ao Ninho do Urubu logo ap\u00f3s o incidente. Conforme informa\u00e7\u00f5es do portal UOL, o clube estuda as possibilidades de puni\u00e7\u00e3o e, enquanto isso, debate o contexto com cautela, promovendo discuss\u00f5es [&hellip;]\" \/>\n<meta property=\"og:url\" content=\"https:\/\/www.gaveanews.com\/index.php\/2024\/10\/26\/a-diretoria-do-flamengo-vai-punir-varela\/\" \/>\n<meta property=\"og:site_name\" content=\"G\u00e1vea News\" \/>\n<meta property=\"article:publisher\" content=\"https:\/\/facebook.com\/gaveaNews\/\" \/>\n<meta property=\"article:published_time\" content=\"2024-10-26T17:35:00+00:00\" \/>\n<meta property=\"og:image\" content=\"https:\/\/www.gaveanews.com\/wp-content\/uploads\/Guilhermo-Varela-estreia-pelo-Flamengo-em-jogo-contra-o-Ceara.webp\" \/>\n\t<meta property=\"og:image:width\" content=\"799\" \/>\n\t<meta property=\"og:image:height\" content=\"533\" \/>\n\t<meta property=\"og:image:type\" content=\"image\/jpeg\" \/>\n<meta name=\"author\" content=\"Hudson Pereira\" \/>\n<meta name=\"twitter:card\" content=\"summary_large_image\" \/>\n<meta name=\"twitter:label1\" content=\"Escrito por\" \/>\n\t<meta name=\"twitter:data1\" content=\"Hudson Pereira\" \/>\n\t<meta name=\"twitter:label2\" content=\"Est. tempo de leitura\" \/>\n\t<meta name=\"twitter:data2\" content=\"3 minutos\" \/>\n<script type=\"application\/ld+json\" class=\"yoast-schema-graph\">{\"@context\":\"https:\/\/schema.org\",\"@graph\":[{\"@type\":\"NewsArticle\",\"@id\":\"https:\/\/www.gaveanews.com\/index.php\/2024\/10\/26\/a-diretoria-do-flamengo-vai-punir-varela\/#article\",\"isPartOf\":{\"@id\":\"https:\/\/www.gaveanews.com\/index.php\/2024\/10\/26\/a-diretoria-do-flamengo-vai-punir-varela\/\"},\"author\":{\"name\":\"Hudson Pereira\",\"@id\":\"https:\/\/www.gaveanews.com\/#\/schema\/person\/bd08f00534b403119b92741a6d469ef0\"},\"headline\":\"A diretoria do Flamengo vai punir Varela?\",\"datePublished\":\"2024-10-26T17:35:00+00:00\",\"mainEntityOfPage\":{\"@id\":\"https:\/\/www.gaveanews.com\/index.php\/2024\/10\/26\/a-diretoria-do-flamengo-vai-punir-varela\/\"},\"wordCount\":465,\"commentCount\":0,\"image\":{\"@id\":\"https:\/\/www.gaveanews.com\/index.php\/2024\/10\/26\/a-diretoria-do-flamengo-vai-punir-varela\/#primaryimage\"},\"thumbnailUrl\":\"https:\/\/www.gaveanews.com\/wp-content\/uploads\/Guilhermo-Varela-estreia-pelo-Flamengo-em-jogo-contra-o-Ceara.webp\",\"articleSection\":[\"Flamengo\"],\"inLanguage\":\"pt-BR\",\"potentialAction\":[{\"@type\":\"CommentAction\",\"name\":\"Comment\",\"target\":[\"https:\/\/www.gaveanews.com\/index.php\/2024\/10\/26\/a-diretoria-do-flamengo-vai-punir-varela\/#respond\"]}],\"copyrightYear\":\"2024\",\"copyrightHolder\":{\"@id\":\"https:\/\/www.gaveanews.com\/#organization\"}},{\"@type\":\"WebPage\",\"@id\":\"https:\/\/www.gaveanews.com\/index.php\/2024\/10\/26\/a-diretoria-do-flamengo-vai-punir-varela\/\",\"url\":\"https:\/\/www.gaveanews.com\/index.php\/2024\/10\/26\/a-diretoria-do-flamengo-vai-punir-varela\/\",\"name\":\"A diretoria do Flamengo vai punir Varela?\",\"isPartOf\":{\"@id\":\"https:\/\/www.gaveanews.com\/#website\"},\"primaryImageOfPage\":{\"@id\":\"https:\/\/www.gaveanews.com\/index.php\/2024\/10\/26\/a-diretoria-do-flamengo-vai-punir-varela\/#primaryimage\"},\"image\":{\"@id\":\"https:\/\/www.gaveanews.com\/index.php\/2024\/10\/26\/a-diretoria-do-flamengo-vai-punir-varela\/#primaryimage\"},\"thumbnailUrl\":\"https:\/\/www.gaveanews.com\/wp-content\/uploads\/Guilhermo-Varela-estreia-pelo-Flamengo-em-jogo-contra-o-Ceara.webp\",\"datePublished\":\"2024-10-26T17:35:00+00:00\",\"author\":{\"@id\":\"https:\/\/www.gaveanews.com\/#\/schema\/person\/bd08f00534b403119b92741a6d469ef0\"},\"breadcrumb\":{\"@id\":\"https:\/\/www.gaveanews.com\/index.php\/2024\/10\/26\/a-diretoria-do-flamengo-vai-punir-varela\/#breadcrumb\"},\"inLanguage\":\"pt-BR\",\"potentialAction\":[{\"@type\":\"ReadAction\",\"target\":[\"https:\/\/www.gaveanews.com\/index.php\/2024\/10\/26\/a-diretoria-do-flamengo-vai-punir-varela\/\"]}]},{\"@type\":\"ImageObject\",\"inLanguage\":\"pt-BR\",\"@id\":\"https:\/\/www.gaveanews.com\/index.php\/2024\/10\/26\/a-diretoria-do-flamengo-vai-punir-varela\/#primaryimage\",\"url\":\"https:\/\/www.gaveanews.com\/wp-content\/uploads\/Guilhermo-Varela-estreia-pelo-Flamengo-em-jogo-contra-o-Ceara.webp\",\"contentUrl\":\"https:\/\/www.gaveanews.com\/wp-content\/uploads\/Guilhermo-Varela-estreia-pelo-Flamengo-em-jogo-contra-o-Ceara.webp\",\"width\":799,\"height\":533,\"caption\":\"Guilhermo Varela estreia pelo Flamengo em jogo contra o Cear\u00e1 (Foto: Gilvan de Souza\/Flamengo)\"},{\"@type\":\"BreadcrumbList\",\"@id\":\"https:\/\/www.gaveanews.com\/index.php\/2024\/10\/26\/a-diretoria-do-flamengo-vai-punir-varela\/#breadcrumb\",\"itemListElement\":[{\"@type\":\"ListItem\",\"position\":1,\"name\":\"Home\",\"item\":\"https:\/\/www.gaveanews.com\/\"},{\"@type\":\"ListItem\",\"position\":2,\"name\":\"A diretoria do Flamengo vai punir Varela?\"}]},{\"@type\":\"WebSite\",\"@id\":\"https:\/\/www.gaveanews.com\/#website\",\"url\":\"https:\/\/www.gaveanews.com\/\",\"name\":\"G\u00e1vea News\",\"description\":\"Veja todas as not\u00edcias sobre o Flamengo: Contrata\u00e7\u00f5es, categorias de base, resultados das partidas, tabela de classifica\u00e7\u00e3o, pr\u00f3ximos jogos!\",\"potentialAction\":[{\"@type\":\"SearchAction\",\"target\":{\"@type\":\"EntryPoint\",\"urlTemplate\":\"https:\/\/www.gaveanews.com\/?s={search_term_string}\"},\"query-input\":{\"@type\":\"PropertyValueSpecification\",\"valueRequired\":true,\"valueName\":\"search_term_string\"}}],\"inLanguage\":\"pt-BR\"},{\"@type\":\"Person\",\"@id\":\"https:\/\/www.gaveanews.com\/#\/schema\/person\/bd08f00534b403119b92741a6d469ef0\",\"name\":\"Hudson Pereira\",\"image\":{\"@type\":\"ImageObject\",\"inLanguage\":\"pt-BR\",\"@id\":\"https:\/\/www.gaveanews.com\/#\/schema\/person\/image\/\",\"url\":\"https:\/\/secure.gravatar.com\/avatar\/ecc491b489e454e510efffc9b23c1052ce5fb4f2e05555768ba65819cd55f03e?s=96&d=mm&r=g\",\"contentUrl\":\"https:\/\/secure.gravatar.com\/avatar\/ecc491b489e454e510efffc9b23c1052ce5fb4f2e05555768ba65819cd55f03e?s=96&d=mm&r=g\",\"caption\":\"Hudson Pereira\"}}]}<\/script>\n<!-- \/ Yoast SEO Premium plugin. -->","yoast_head_json":{"title":"A diretoria do Flamengo vai punir Varela?","robots":{"index":"index","follow":"follow","max-snippet":"max-snippet:-1","max-image-preview":"max-image-preview:large","max-video-preview":"max-video-preview:-1"},"canonical":"https:\/\/www.gaveanews.com\/index.php\/2024\/10\/26\/a-diretoria-do-flamengo-vai-punir-varela\/","og_locale":"pt_BR","og_type":"article","og_title":"A diretoria do Flamengo vai punir Varela?","og_description":"O Flamengo analisa punir o jogador Varela, flagrado em uma confus\u00e3o com torcedores do Pe\u00f1arol na orla nesta \u00faltima quarta-feira (23). O lateral uruguaio retornou ao Ninho do Urubu logo ap\u00f3s o incidente. Conforme informa\u00e7\u00f5es do portal UOL, o clube estuda as possibilidades de puni\u00e7\u00e3o e, enquanto isso, debate o contexto com cautela, promovendo discuss\u00f5es [&hellip;]","og_url":"https:\/\/www.gaveanews.com\/index.php\/2024\/10\/26\/a-diretoria-do-flamengo-vai-punir-varela\/","og_site_name":"G\u00e1vea News","article_publisher":"https:\/\/facebook.com\/gaveaNews\/","article_published_time":"2024-10-26T17:35:00+00:00","og_image":[{"width":799,"height":533,"url":"https:\/\/www.gaveanews.com\/wp-content\/uploads\/Guilhermo-Varela-estreia-pelo-Flamengo-em-jogo-contra-o-Ceara.webp","type":"image\/jpeg"}],"author":"Hudson Pereira","twitter_card":"summary_large_image","twitter_misc":{"Escrito por":"Hudson Pereira","Est. tempo de leitura":"3 minutos"},"schema":{"@context":"https:\/\/schema.org","@graph":[{"@type":"NewsArticle","@id":"https:\/\/www.gaveanews.com\/index.php\/2024\/10\/26\/a-diretoria-do-flamengo-vai-punir-varela\/#article","isPartOf":{"@id":"https:\/\/www.gaveanews.com\/index.php\/2024\/10\/26\/a-diretoria-do-flamengo-vai-punir-varela\/"},"author":{"name":"Hudson Pereira","@id":"https:\/\/www.gaveanews.com\/#\/schema\/person\/bd08f00534b403119b92741a6d469ef0"},"headline":"A diretoria do Flamengo vai punir Varela?","datePublished":"2024-10-26T17:35:00+00:00","mainEntityOfPage":{"@id":"https:\/\/www.gaveanews.com\/index.php\/2024\/10\/26\/a-diretoria-do-flamengo-vai-punir-varela\/"},"wordCount":465,"commentCount":0,"image":{"@id":"https:\/\/www.gaveanews.com\/index.php\/2024\/10\/26\/a-diretoria-do-flamengo-vai-punir-varela\/#primaryimage"},"thumbnailUrl":"https:\/\/www.gaveanews.com\/wp-content\/uploads\/Guilhermo-Varela-estreia-pelo-Flamengo-em-jogo-contra-o-Ceara.webp","articleSection":["Flamengo"],"inLanguage":"pt-BR","potentialAction":[{"@type":"CommentAction","name":"Comment","target":["https:\/\/www.gaveanews.com\/index.php\/2024\/10\/26\/a-diretoria-do-flamengo-vai-punir-varela\/#respond"]}],"copyrightYear":"2024","copyrightHolder":{"@id":"https:\/\/www.gaveanews.com\/#organization"}},{"@type":"WebPage","@id":"https:\/\/www.gaveanews.com\/index.php\/2024\/10\/26\/a-diretoria-do-flamengo-vai-punir-varela\/","url":"https:\/\/www.gaveanews.com\/index.php\/2024\/10\/26\/a-diretoria-do-flamengo-vai-punir-varela\/","name":"A diretoria do Flamengo vai punir Varela?","isPartOf":{"@id":"https:\/\/www.gaveanews.com\/#website"},"primaryImageOfPage":{"@id":"https:\/\/www.gaveanews.com\/index.php\/2024\/10\/26\/a-diretoria-do-flamengo-vai-punir-varela\/#primaryimage"},"image":{"@id":"https:\/\/www.gaveanews.com\/index.php\/2024\/10\/26\/a-diretoria-do-flamengo-vai-punir-varela\/#primaryimage"},"thumbnailUrl":"https:\/\/www.gaveanews.com\/wp-content\/uploads\/Guilhermo-Varela-estreia-pelo-Flamengo-em-jogo-contra-o-Ceara.webp","datePublished":"2024-10-26T17:35:00+00:00","author":{"@id":"https:\/\/www.gaveanews.com\/#\/schema\/person\/bd08f00534b403119b92741a6d469ef0"},"breadcrumb":{"@id":"https:\/\/www.gaveanews.com\/index.php\/2024\/10\/26\/a-diretoria-do-flamengo-vai-punir-varela\/#breadcrumb"},"inLanguage":"pt-BR","potentialAction":[{"@type":"ReadAction","target":["https:\/\/www.gaveanews.com\/index.php\/2024\/10\/26\/a-diretoria-do-flamengo-vai-punir-varela\/"]}]},{"@type":"ImageObject","inLanguage":"pt-BR","@id":"https:\/\/www.gaveanews.com\/index.php\/2024\/10\/26\/a-diretoria-do-flamengo-vai-punir-varela\/#primaryimage","url":"https:\/\/www.gaveanews.com\/wp-content\/uploads\/Guilhermo-Varela-estreia-pelo-Flamengo-em-jogo-contra-o-Ceara.webp","contentUrl":"https:\/\/www.gaveanews.com\/wp-content\/uploads\/Guilhermo-Varela-estreia-pelo-Flamengo-em-jogo-contra-o-Ceara.webp","width":799,"height":533,"caption":"Guilhermo Varela estreia pelo Flamengo em jogo contra o Cear\u00e1 (Foto: Gilvan de Souza\/Flamengo)"},{"@type":"BreadcrumbList","@id":"https:\/\/www.gaveanews.com\/index.php\/2024\/10\/26\/a-diretoria-do-flamengo-vai-punir-varela\/#breadcrumb","itemListElement":[{"@type":"ListItem","position":1,"name":"Home","item":"https:\/\/www.gaveanews.com\/"},{"@type":"ListItem","position":2,"name":"A diretoria do Flamengo vai punir Varela?"}]},{"@type":"WebSite","@id":"https:\/\/www.gaveanews.com\/#website","url":"https:\/\/www.gaveanews.com\/","name":"G\u00e1vea News","description":"Veja todas as not\u00edcias sobre o Flamengo: Contrata\u00e7\u00f5es, categorias de base, resultados das partidas, tabela de classifica\u00e7\u00e3o, pr\u00f3ximos jogos!","potentialAction":[{"@type":"SearchAction","target":{"@type":"EntryPoint","urlTemplate":"https:\/\/www.gaveanews.com\/?s={search_term_string}"},"query-input":{"@type":"PropertyValueSpecification","valueRequired":true,"valueName":"search_term_string"}}],"inLanguage":"pt-BR"},{"@type":"Person","@id":"https:\/\/www.gaveanews.com\/#\/schema\/person\/bd08f00534b403119b92741a6d469ef0","name":"Hudson Pereira","image":{"@type":"ImageObject","inLanguage":"pt-BR","@id":"https:\/\/www.gaveanews.com\/#\/schema\/person\/image\/","url":"https:\/\/secure.gravatar.com\/avatar\/ecc491b489e454e510efffc9b23c1052ce5fb4f2e05555768ba65819cd55f03e?s=96&d=mm&r=g","contentUrl":"https:\/\/secure.gravatar.com\/avatar\/ecc491b489e454e510efffc9b23c1052ce5fb4f2e05555768ba65819cd55f03e?s=96&d=mm&r=g","caption":"Hudson Pereira"}}]}},"_links":{"self":[{"href":"https:\/\/www.gaveanews.com\/index.php\/wp-json\/wp\/v2\/posts\/177917","targetHints":{"allow":["GET"]}}],"collection":[{"href":"https:\/\/www.gaveanews.com\/index.php\/wp-json\/wp\/v2\/posts"}],"about":[{"href":"https:\/\/www.gaveanews.com\/index.php\/wp-json\/wp\/v2\/types\/post"}],"author":[{"embeddable":true,"href":"https:\/\/www.gaveanews.com\/index.php\/wp-json\/wp\/v2\/users\/28"}],"replies":[{"embeddable":true,"href":"https:\/\/www.gaveanews.com\/index.php\/wp-json\/wp\/v2\/comments?post=177917"}],"version-history":[{"count":3,"href":"https:\/\/www.gaveanews.com\/index.php\/wp-json\/wp\/v2\/posts\/177917\/revisions"}],"predecessor-version":[{"id":178015,"href":"https:\/\/www.gaveanews.com\/index.php\/wp-json\/wp\/v2\/posts\/177917\/revisions\/178015"}],"wp:featuredmedia":[{"embeddable":true,"href":"https:\/\/www.gaveanews.com\/index.php\/wp-json\/wp\/v2\/media\/86918"}],"wp:attachment":[{"href":"https:\/\/www.gaveanews.com\/index.php\/wp-json\/wp\/v2\/media?parent=177917"}],"wp:term":[{"taxonomy":"category","embeddable":true,"href":"https:\/\/www.gaveanews.com\/index.php\/wp-json\/wp\/v2\/categories?post=177917"},{"taxonomy":"post_tag","embeddable":true,"href":"https:\/\/www.gaveanews.com\/index.php\/wp-json\/wp\/v2\/tags?post=177917"}],"curies":[{"name":"wp","href":"https:\/\/api.w.org\/{rel}","templated":true}]}}