{"id":177941,"date":"2024-10-26T14:40:00","date_gmt":"2024-10-26T17:40:00","guid":{"rendered":"https:\/\/www.gaveanews.com\/?p=177941"},"modified":"2024-10-26T13:10:50","modified_gmt":"2024-10-26T16:10:50","slug":"milly-lacombe-manda-recado-para-gabigol-do-flamengo","status":"publish","type":"post","link":"https:\/\/www.gaveanews.com\/index.php\/2024\/10\/26\/milly-lacombe-manda-recado-para-gabigol-do-flamengo\/","title":{"rendered":"Milly Lacombe manda recado para Gabigol, do Flamengo"},"content":{"rendered":"\n<p>Gabigol enfrenta uma fase desafiadora para recuperar seu alto desempenho no Flamengo. Assim, ele pode ter como poss\u00edvel inspira\u00e7\u00e3o a trajet\u00f3ria de supera\u00e7\u00e3o de Deyverson, que recentemente deu a volta por cima no Atl\u00e9tico-MG. <\/p>\n\n\n\n<ul class=\"wp-block-list\">\n<li><a href=\"https:\/\/www.gaveanews.com\/index.php\/2024\/10\/25\/matheus-goncalves-do-flamengo-emite-nota-oficial-apos-polemica\/\">Matheus Gon\u00e7alves, do Flamengo, emite nota oficial ap\u00f3s pol\u00eamica<\/a><\/li>\n\n\n\n<li><a href=\"https:\/\/www.gaveanews.com\/index.php\/2024\/10\/25\/marcos-braz-da-nova-declaracao-sobre-o-futuro-de-gabigol-no-flamengo\/\">Marcos Braz d\u00e1 nova declara\u00e7\u00e3o sobre o futuro de Gabigol, no Flamengo<\/a><\/li>\n<\/ul>\n\n\n\n<p>Ap\u00f3s marcar dois gols na vit\u00f3ria do Atl\u00e9tico-MG sobre o River Plate, pela semifinal da Libertadores, na \u00faltima ter\u00e7a-feira (22), Deyverson se destacou ao superar obst\u00e1culos e se tornar pe\u00e7a chave do time mineiro.<\/p>\n\n\n\n<p>Nesse sentido, a jornalista Milly Lacombe sugeriu que o exemplo de Deyverson pode motivar Gabigol a buscar uma reviravolta semelhante. Depois de um ano dif\u00edcil no Cuiab\u00e1, onde jogava desde 2022, Deyverson enfrentou um afastamento de tr\u00eas meses devido a problemas disciplinares. <\/p>\n\n\n\n<p>Contudo, ao retornar em julho, ele se transferiu para o Atl\u00e9tico-MG. Al\u00e9m disso, passou a se dedicar mais ao futebol, abandonando sa\u00eddas noturnas que interferiam em seu desempenho.<\/p>\n\n\n\n<p>\u201cA gente tem essas hist\u00f3rias de volta por cima. Fica a dica, Gabigol. D\u00e1 para voc\u00ea dar a volta por cima, ningu\u00e9m desaprende a jogar a bola. O cara foi l\u00e1 e fez o que fez&#8221;, destacou a jornalista. <\/p>\n\n\n\n<p>No Flamengo, Gabigol vive uma temporada dif\u00edcil, com apenas quatro gols marcados e sem balan\u00e7ar as redes desde julho. Sob o comando de Filipe Lu\u00eds, o atacante foi escalado como titular em quatro partidas. Contudo, ainda n\u00e3o conseguiu exibir o mesmo rendimento que marcava seu jogo entre 2019 e 2022.<\/p>\n\n\n\n<p>Mesmo com os desafios, torcedores do Flamengo mant\u00eam a esperan\u00e7a de ver o camisa 99 se recuperar. Com oito partidas restantes na temporada, incluindo as rodadas finais do Brasileir\u00e3o e as decis\u00f5es da Copa do Brasil, h\u00e1 expectativa de que ele ainda possa reencontrar seu bom momento.<\/p>\n\n\n\n<h2 class=\"wp-block-heading\" id=\"h-landim-fala-sobre-renovacao-de-gabigol\">Landim fala sobre renova\u00e7\u00e3o de Gabigol <\/h2>\n\n\n\n<p>Paralelamente, o presidente Rodolfo Landim comentou a situa\u00e7\u00e3o contratual de Gabigol na \u00faltima ter\u00e7a-feira (22). De acordo com Landim, caso o atacante recupere seu desempenho, a diretoria poder\u00e1 reconsiderar a proposta de renova\u00e7\u00e3o oferecida.<\/p>\n\n\n\n<p>\u201cVou ser bem franco e direto. A proposta est\u00e1 na mesa. Ele (Gabigol) n\u00e3o aceitou essa proposta. Caso a gente continue nessa situa\u00e7\u00e3o, quando chegar no final do campeonato, a gente vai olhar, rever a situa\u00e7\u00e3o, discutir com o empres\u00e1rio dele. N\u00f3s fizemos uma proposta clara e objetiva, dando um ano de contrato e um valor para ele por esse ano de contrato. Essa proposta ainda n\u00e3o voltou com uma aceita\u00e7\u00e3o\u201d, contou Landim ao programa \u2018Donos da Bola\u2019.<\/p>\n","protected":false},"excerpt":{"rendered":"<p>Gabigol enfrenta uma fase desafiadora para recuperar seu alto desempenho no Flamengo. Assim, ele pode ter como poss\u00edvel inspira\u00e7\u00e3o a trajet\u00f3ria de supera\u00e7\u00e3o de Deyverson, que recentemente deu a volta por cima no Atl\u00e9tico-MG. Ap\u00f3s marcar dois gols na vit\u00f3ria do Atl\u00e9tico-MG sobre o River Plate, pela semifinal da Libertadores, na \u00faltima ter\u00e7a-feira (22), Deyverson [&hellip;]<\/p>\n","protected":false},"author":28,"featured_media":101520,"comment_status":"open","ping_status":"closed","sticky":false,"template":"","format":"standard","meta":{"footnotes":""},"categories":[1],"tags":[],"class_list":["post-177941","post","type-post","status-publish","format-standard","has-post-thumbnail","hentry","category-flamengo"],"yoast_head":"<!-- This site is optimized with the Yoast SEO Premium plugin v24.2 (Yoast SEO v26.9) - https:\/\/yoast.com\/product\/yoast-seo-premium-wordpress\/ -->\n<title>Milly Lacombe manda recado para Gabigol, do Flamengo<\/title>\n<meta name=\"robots\" content=\"index, follow, max-snippet:-1, max-image-preview:large, max-video-preview:-1\" \/>\n<link rel=\"canonical\" href=\"https:\/\/www.gaveanews.com\/index.php\/2024\/10\/26\/milly-lacombe-manda-recado-para-gabigol-do-flamengo\/\" \/>\n<meta property=\"og:locale\" content=\"pt_BR\" \/>\n<meta property=\"og:type\" content=\"article\" \/>\n<meta property=\"og:title\" content=\"Milly Lacombe manda recado para Gabigol, do Flamengo\" \/>\n<meta property=\"og:description\" content=\"Gabigol enfrenta uma fase desafiadora para recuperar seu alto desempenho no Flamengo. Assim, ele pode ter como poss\u00edvel inspira\u00e7\u00e3o a trajet\u00f3ria de supera\u00e7\u00e3o de Deyverson, que recentemente deu a volta por cima no Atl\u00e9tico-MG. Ap\u00f3s marcar dois gols na vit\u00f3ria do Atl\u00e9tico-MG sobre o River Plate, pela semifinal da Libertadores, na \u00faltima ter\u00e7a-feira (22), Deyverson [&hellip;]\" \/>\n<meta property=\"og:url\" content=\"https:\/\/www.gaveanews.com\/index.php\/2024\/10\/26\/milly-lacombe-manda-recado-para-gabigol-do-flamengo\/\" \/>\n<meta property=\"og:site_name\" content=\"G\u00e1vea News\" \/>\n<meta property=\"article:publisher\" content=\"https:\/\/facebook.com\/gaveaNews\/\" \/>\n<meta property=\"article:published_time\" content=\"2024-10-26T17:40:00+00:00\" \/>\n<meta property=\"og:image\" content=\"https:\/\/www.gaveanews.com\/wp-content\/uploads\/gabigol-flamengo-aucas.webp\" \/>\n\t<meta property=\"og:image:width\" content=\"900\" \/>\n\t<meta property=\"og:image:height\" content=\"597\" \/>\n\t<meta property=\"og:image:type\" content=\"image\/jpeg\" \/>\n<meta name=\"author\" content=\"Hudson Pereira\" \/>\n<meta name=\"twitter:card\" content=\"summary_large_image\" \/>\n<meta name=\"twitter:label1\" content=\"Escrito por\" \/>\n\t<meta name=\"twitter:data1\" content=\"Hudson Pereira\" \/>\n\t<meta name=\"twitter:label2\" content=\"Est. tempo de leitura\" \/>\n\t<meta name=\"twitter:data2\" content=\"3 minutos\" \/>\n<script type=\"application\/ld+json\" class=\"yoast-schema-graph\">{\"@context\":\"https:\/\/schema.org\",\"@graph\":[{\"@type\":\"NewsArticle\",\"@id\":\"https:\/\/www.gaveanews.com\/index.php\/2024\/10\/26\/milly-lacombe-manda-recado-para-gabigol-do-flamengo\/#article\",\"isPartOf\":{\"@id\":\"https:\/\/www.gaveanews.com\/index.php\/2024\/10\/26\/milly-lacombe-manda-recado-para-gabigol-do-flamengo\/\"},\"author\":{\"name\":\"Hudson Pereira\",\"@id\":\"https:\/\/www.gaveanews.com\/#\/schema\/person\/bd08f00534b403119b92741a6d469ef0\"},\"headline\":\"Milly Lacombe manda recado para Gabigol, do Flamengo\",\"datePublished\":\"2024-10-26T17:40:00+00:00\",\"mainEntityOfPage\":{\"@id\":\"https:\/\/www.gaveanews.com\/index.php\/2024\/10\/26\/milly-lacombe-manda-recado-para-gabigol-do-flamengo\/\"},\"wordCount\":456,\"commentCount\":0,\"image\":{\"@id\":\"https:\/\/www.gaveanews.com\/index.php\/2024\/10\/26\/milly-lacombe-manda-recado-para-gabigol-do-flamengo\/#primaryimage\"},\"thumbnailUrl\":\"https:\/\/www.gaveanews.com\/wp-content\/uploads\/gabigol-flamengo-aucas.webp\",\"articleSection\":[\"Flamengo\"],\"inLanguage\":\"pt-BR\",\"potentialAction\":[{\"@type\":\"CommentAction\",\"name\":\"Comment\",\"target\":[\"https:\/\/www.gaveanews.com\/index.php\/2024\/10\/26\/milly-lacombe-manda-recado-para-gabigol-do-flamengo\/#respond\"]}],\"copyrightYear\":\"2024\",\"copyrightHolder\":{\"@id\":\"https:\/\/www.gaveanews.com\/#organization\"}},{\"@type\":\"WebPage\",\"@id\":\"https:\/\/www.gaveanews.com\/index.php\/2024\/10\/26\/milly-lacombe-manda-recado-para-gabigol-do-flamengo\/\",\"url\":\"https:\/\/www.gaveanews.com\/index.php\/2024\/10\/26\/milly-lacombe-manda-recado-para-gabigol-do-flamengo\/\",\"name\":\"Milly Lacombe manda recado para Gabigol, do Flamengo\",\"isPartOf\":{\"@id\":\"https:\/\/www.gaveanews.com\/#website\"},\"primaryImageOfPage\":{\"@id\":\"https:\/\/www.gaveanews.com\/index.php\/2024\/10\/26\/milly-lacombe-manda-recado-para-gabigol-do-flamengo\/#primaryimage\"},\"image\":{\"@id\":\"https:\/\/www.gaveanews.com\/index.php\/2024\/10\/26\/milly-lacombe-manda-recado-para-gabigol-do-flamengo\/#primaryimage\"},\"thumbnailUrl\":\"https:\/\/www.gaveanews.com\/wp-content\/uploads\/gabigol-flamengo-aucas.webp\",\"datePublished\":\"2024-10-26T17:40:00+00:00\",\"author\":{\"@id\":\"https:\/\/www.gaveanews.com\/#\/schema\/person\/bd08f00534b403119b92741a6d469ef0\"},\"breadcrumb\":{\"@id\":\"https:\/\/www.gaveanews.com\/index.php\/2024\/10\/26\/milly-lacombe-manda-recado-para-gabigol-do-flamengo\/#breadcrumb\"},\"inLanguage\":\"pt-BR\",\"potentialAction\":[{\"@type\":\"ReadAction\",\"target\":[\"https:\/\/www.gaveanews.com\/index.php\/2024\/10\/26\/milly-lacombe-manda-recado-para-gabigol-do-flamengo\/\"]}]},{\"@type\":\"ImageObject\",\"inLanguage\":\"pt-BR\",\"@id\":\"https:\/\/www.gaveanews.com\/index.php\/2024\/10\/26\/milly-lacombe-manda-recado-para-gabigol-do-flamengo\/#primaryimage\",\"url\":\"https:\/\/www.gaveanews.com\/wp-content\/uploads\/gabigol-flamengo-aucas.webp\",\"contentUrl\":\"https:\/\/www.gaveanews.com\/wp-content\/uploads\/gabigol-flamengo-aucas.webp\",\"width\":900,\"height\":597,\"caption\":\"Gabigol em a\u00e7\u00e3o pelo Flamengo contra o Aucas (Foto: Divulga\u00e7\u00e3o\/Flamengo)\"},{\"@type\":\"BreadcrumbList\",\"@id\":\"https:\/\/www.gaveanews.com\/index.php\/2024\/10\/26\/milly-lacombe-manda-recado-para-gabigol-do-flamengo\/#breadcrumb\",\"itemListElement\":[{\"@type\":\"ListItem\",\"position\":1,\"name\":\"Home\",\"item\":\"https:\/\/www.gaveanews.com\/\"},{\"@type\":\"ListItem\",\"position\":2,\"name\":\"Milly Lacombe manda recado para Gabigol, do Flamengo\"}]},{\"@type\":\"WebSite\",\"@id\":\"https:\/\/www.gaveanews.com\/#website\",\"url\":\"https:\/\/www.gaveanews.com\/\",\"name\":\"G\u00e1vea News\",\"description\":\"Veja todas as not\u00edcias sobre o Flamengo: Contrata\u00e7\u00f5es, categorias de base, resultados das partidas, tabela de classifica\u00e7\u00e3o, pr\u00f3ximos jogos!\",\"potentialAction\":[{\"@type\":\"SearchAction\",\"target\":{\"@type\":\"EntryPoint\",\"urlTemplate\":\"https:\/\/www.gaveanews.com\/?s={search_term_string}\"},\"query-input\":{\"@type\":\"PropertyValueSpecification\",\"valueRequired\":true,\"valueName\":\"search_term_string\"}}],\"inLanguage\":\"pt-BR\"},{\"@type\":\"Person\",\"@id\":\"https:\/\/www.gaveanews.com\/#\/schema\/person\/bd08f00534b403119b92741a6d469ef0\",\"name\":\"Hudson Pereira\",\"image\":{\"@type\":\"ImageObject\",\"inLanguage\":\"pt-BR\",\"@id\":\"https:\/\/www.gaveanews.com\/#\/schema\/person\/image\/\",\"url\":\"https:\/\/secure.gravatar.com\/avatar\/ecc491b489e454e510efffc9b23c1052ce5fb4f2e05555768ba65819cd55f03e?s=96&d=mm&r=g\",\"contentUrl\":\"https:\/\/secure.gravatar.com\/avatar\/ecc491b489e454e510efffc9b23c1052ce5fb4f2e05555768ba65819cd55f03e?s=96&d=mm&r=g\",\"caption\":\"Hudson Pereira\"}}]}<\/script>\n<!-- \/ Yoast SEO Premium plugin. -->","yoast_head_json":{"title":"Milly Lacombe manda recado para Gabigol, do Flamengo","robots":{"index":"index","follow":"follow","max-snippet":"max-snippet:-1","max-image-preview":"max-image-preview:large","max-video-preview":"max-video-preview:-1"},"canonical":"https:\/\/www.gaveanews.com\/index.php\/2024\/10\/26\/milly-lacombe-manda-recado-para-gabigol-do-flamengo\/","og_locale":"pt_BR","og_type":"article","og_title":"Milly Lacombe manda recado para Gabigol, do Flamengo","og_description":"Gabigol enfrenta uma fase desafiadora para recuperar seu alto desempenho no Flamengo. Assim, ele pode ter como poss\u00edvel inspira\u00e7\u00e3o a trajet\u00f3ria de supera\u00e7\u00e3o de Deyverson, que recentemente deu a volta por cima no Atl\u00e9tico-MG. Ap\u00f3s marcar dois gols na vit\u00f3ria do Atl\u00e9tico-MG sobre o River Plate, pela semifinal da Libertadores, na \u00faltima ter\u00e7a-feira (22), Deyverson [&hellip;]","og_url":"https:\/\/www.gaveanews.com\/index.php\/2024\/10\/26\/milly-lacombe-manda-recado-para-gabigol-do-flamengo\/","og_site_name":"G\u00e1vea News","article_publisher":"https:\/\/facebook.com\/gaveaNews\/","article_published_time":"2024-10-26T17:40:00+00:00","og_image":[{"width":900,"height":597,"url":"https:\/\/www.gaveanews.com\/wp-content\/uploads\/gabigol-flamengo-aucas.webp","type":"image\/jpeg"}],"author":"Hudson Pereira","twitter_card":"summary_large_image","twitter_misc":{"Escrito por":"Hudson Pereira","Est. tempo de leitura":"3 minutos"},"schema":{"@context":"https:\/\/schema.org","@graph":[{"@type":"NewsArticle","@id":"https:\/\/www.gaveanews.com\/index.php\/2024\/10\/26\/milly-lacombe-manda-recado-para-gabigol-do-flamengo\/#article","isPartOf":{"@id":"https:\/\/www.gaveanews.com\/index.php\/2024\/10\/26\/milly-lacombe-manda-recado-para-gabigol-do-flamengo\/"},"author":{"name":"Hudson Pereira","@id":"https:\/\/www.gaveanews.com\/#\/schema\/person\/bd08f00534b403119b92741a6d469ef0"},"headline":"Milly Lacombe manda recado para Gabigol, do Flamengo","datePublished":"2024-10-26T17:40:00+00:00","mainEntityOfPage":{"@id":"https:\/\/www.gaveanews.com\/index.php\/2024\/10\/26\/milly-lacombe-manda-recado-para-gabigol-do-flamengo\/"},"wordCount":456,"commentCount":0,"image":{"@id":"https:\/\/www.gaveanews.com\/index.php\/2024\/10\/26\/milly-lacombe-manda-recado-para-gabigol-do-flamengo\/#primaryimage"},"thumbnailUrl":"https:\/\/www.gaveanews.com\/wp-content\/uploads\/gabigol-flamengo-aucas.webp","articleSection":["Flamengo"],"inLanguage":"pt-BR","potentialAction":[{"@type":"CommentAction","name":"Comment","target":["https:\/\/www.gaveanews.com\/index.php\/2024\/10\/26\/milly-lacombe-manda-recado-para-gabigol-do-flamengo\/#respond"]}],"copyrightYear":"2024","copyrightHolder":{"@id":"https:\/\/www.gaveanews.com\/#organization"}},{"@type":"WebPage","@id":"https:\/\/www.gaveanews.com\/index.php\/2024\/10\/26\/milly-lacombe-manda-recado-para-gabigol-do-flamengo\/","url":"https:\/\/www.gaveanews.com\/index.php\/2024\/10\/26\/milly-lacombe-manda-recado-para-gabigol-do-flamengo\/","name":"Milly Lacombe manda recado para Gabigol, do Flamengo","isPartOf":{"@id":"https:\/\/www.gaveanews.com\/#website"},"primaryImageOfPage":{"@id":"https:\/\/www.gaveanews.com\/index.php\/2024\/10\/26\/milly-lacombe-manda-recado-para-gabigol-do-flamengo\/#primaryimage"},"image":{"@id":"https:\/\/www.gaveanews.com\/index.php\/2024\/10\/26\/milly-lacombe-manda-recado-para-gabigol-do-flamengo\/#primaryimage"},"thumbnailUrl":"https:\/\/www.gaveanews.com\/wp-content\/uploads\/gabigol-flamengo-aucas.webp","datePublished":"2024-10-26T17:40:00+00:00","author":{"@id":"https:\/\/www.gaveanews.com\/#\/schema\/person\/bd08f00534b403119b92741a6d469ef0"},"breadcrumb":{"@id":"https:\/\/www.gaveanews.com\/index.php\/2024\/10\/26\/milly-lacombe-manda-recado-para-gabigol-do-flamengo\/#breadcrumb"},"inLanguage":"pt-BR","potentialAction":[{"@type":"ReadAction","target":["https:\/\/www.gaveanews.com\/index.php\/2024\/10\/26\/milly-lacombe-manda-recado-para-gabigol-do-flamengo\/"]}]},{"@type":"ImageObject","inLanguage":"pt-BR","@id":"https:\/\/www.gaveanews.com\/index.php\/2024\/10\/26\/milly-lacombe-manda-recado-para-gabigol-do-flamengo\/#primaryimage","url":"https:\/\/www.gaveanews.com\/wp-content\/uploads\/gabigol-flamengo-aucas.webp","contentUrl":"https:\/\/www.gaveanews.com\/wp-content\/uploads\/gabigol-flamengo-aucas.webp","width":900,"height":597,"caption":"Gabigol em a\u00e7\u00e3o pelo Flamengo contra o Aucas (Foto: Divulga\u00e7\u00e3o\/Flamengo)"},{"@type":"BreadcrumbList","@id":"https:\/\/www.gaveanews.com\/index.php\/2024\/10\/26\/milly-lacombe-manda-recado-para-gabigol-do-flamengo\/#breadcrumb","itemListElement":[{"@type":"ListItem","position":1,"name":"Home","item":"https:\/\/www.gaveanews.com\/"},{"@type":"ListItem","position":2,"name":"Milly Lacombe manda recado para Gabigol, do Flamengo"}]},{"@type":"WebSite","@id":"https:\/\/www.gaveanews.com\/#website","url":"https:\/\/www.gaveanews.com\/","name":"G\u00e1vea News","description":"Veja todas as not\u00edcias sobre o Flamengo: Contrata\u00e7\u00f5es, categorias de base, resultados das partidas, tabela de classifica\u00e7\u00e3o, pr\u00f3ximos jogos!","potentialAction":[{"@type":"SearchAction","target":{"@type":"EntryPoint","urlTemplate":"https:\/\/www.gaveanews.com\/?s={search_term_string}"},"query-input":{"@type":"PropertyValueSpecification","valueRequired":true,"valueName":"search_term_string"}}],"inLanguage":"pt-BR"},{"@type":"Person","@id":"https:\/\/www.gaveanews.com\/#\/schema\/person\/bd08f00534b403119b92741a6d469ef0","name":"Hudson Pereira","image":{"@type":"ImageObject","inLanguage":"pt-BR","@id":"https:\/\/www.gaveanews.com\/#\/schema\/person\/image\/","url":"https:\/\/secure.gravatar.com\/avatar\/ecc491b489e454e510efffc9b23c1052ce5fb4f2e05555768ba65819cd55f03e?s=96&d=mm&r=g","contentUrl":"https:\/\/secure.gravatar.com\/avatar\/ecc491b489e454e510efffc9b23c1052ce5fb4f2e05555768ba65819cd55f03e?s=96&d=mm&r=g","caption":"Hudson Pereira"}}]}},"_links":{"self":[{"href":"https:\/\/www.gaveanews.com\/index.php\/wp-json\/wp\/v2\/posts\/177941","targetHints":{"allow":["GET"]}}],"collection":[{"href":"https:\/\/www.gaveanews.com\/index.php\/wp-json\/wp\/v2\/posts"}],"about":[{"href":"https:\/\/www.gaveanews.com\/index.php\/wp-json\/wp\/v2\/types\/post"}],"author":[{"embeddable":true,"href":"https:\/\/www.gaveanews.com\/index.php\/wp-json\/wp\/v2\/users\/28"}],"replies":[{"embeddable":true,"href":"https:\/\/www.gaveanews.com\/index.php\/wp-json\/wp\/v2\/comments?post=177941"}],"version-history":[{"count":1,"href":"https:\/\/www.gaveanews.com\/index.php\/wp-json\/wp\/v2\/posts\/177941\/revisions"}],"predecessor-version":[{"id":177948,"href":"https:\/\/www.gaveanews.com\/index.php\/wp-json\/wp\/v2\/posts\/177941\/revisions\/177948"}],"wp:featuredmedia":[{"embeddable":true,"href":"https:\/\/www.gaveanews.com\/index.php\/wp-json\/wp\/v2\/media\/101520"}],"wp:attachment":[{"href":"https:\/\/www.gaveanews.com\/index.php\/wp-json\/wp\/v2\/media?parent=177941"}],"wp:term":[{"taxonomy":"category","embeddable":true,"href":"https:\/\/www.gaveanews.com\/index.php\/wp-json\/wp\/v2\/categories?post=177941"},{"taxonomy":"post_tag","embeddable":true,"href":"https:\/\/www.gaveanews.com\/index.php\/wp-json\/wp\/v2\/tags?post=177941"}],"curies":[{"name":"wp","href":"https:\/\/api.w.org\/{rel}","templated":true}]}}