{"id":178174,"date":"2024-10-27T13:02:10","date_gmt":"2024-10-27T16:02:10","guid":{"rendered":"https:\/\/www.gaveanews.com\/?p=178174"},"modified":"2024-10-27T13:02:12","modified_gmt":"2024-10-27T16:02:12","slug":"agora-mais-um-tecnico-do-brasileirao-e-demitido","status":"publish","type":"post","link":"https:\/\/www.gaveanews.com\/index.php\/2024\/10\/27\/agora-mais-um-tecnico-do-brasileirao-e-demitido\/","title":{"rendered":"AGORA: mais um t\u00e9cnico do Brasileir\u00e3o \u00e9 demitido"},"content":{"rendered":"\n<p>A derrota por 4 a 2 para o Flamengo, no Maracan\u00e3, agravou a situa\u00e7\u00e3o do Juventude no Campeonato Brasileiro e culminou na demiss\u00e3o do t\u00e9cnico Jair Ventura. Com o resultado, o clube chegou ao quinto jogo consecutivo sem vit\u00f3ria e entrou na zona de rebaixamento, ocupando o 17\u00ba lugar com 34 pontos. O an\u00fancio da sa\u00edda do treinador ocorreu ainda na noite de s\u00e1bado, horas ap\u00f3s o confronto, e inclui tamb\u00e9m a despedida dos auxiliares Em\u00edlio Faro e Ant\u00f4nio Macedo.<\/p>\n\n\n\n<p>O aproveitamento de Jair Ventura foi considerado abaixo do esperado pela diretoria. Com 21 partidas \u00e0 frente do time, ele registrou apenas cinco vit\u00f3rias, al\u00e9m de seis empates e nove derrotas, o que resultou em um rendimento de 35%. Essa campanha n\u00e3o foi suficiente para manter o Juventude fora da zona de perigo, o que pesou na decis\u00e3o pela mudan\u00e7a na comiss\u00e3o t\u00e9cnica.<\/p>\n\n\n\n<p>Jair Ventura chegou ao clube em substitui\u00e7\u00e3o a Roger Machado, que vinha conduzindo uma boa campanha no Brasileir\u00e3o, mas optou por sair para assumir o Internacional. A troca, no entanto, n\u00e3o trouxe o desempenho esperado, e a equipe sofreu com resultados irregulares ao longo da passagem de Ventura. No Campeonato Brasileiro, o Juventude acumulou tr\u00eas derrotas e dois empates nas \u00faltimas cinco rodadas, incluindo duas derrotas consecutivas, que aprofundaram a m\u00e1 fase do time.<\/p>\n\n\n\n<figure class=\"wp-block-image size-large\"><img loading=\"lazy\" decoding=\"async\" width=\"1024\" height=\"1024\" src=\"https:\/\/www.gaveanews.com\/wp-content\/uploads\/Jair-Ventura-comandando-a-equipe-do-Juventude-em-2024-1024x1024.webp\" alt=\"\" class=\"wp-image-157283\" srcset=\"https:\/\/www.gaveanews.com\/wp-content\/uploads\/Jair-Ventura-comandando-a-equipe-do-Juventude-em-2024-1024x1024.webp 1024w, https:\/\/www.gaveanews.com\/wp-content\/uploads\/Jair-Ventura-comandando-a-equipe-do-Juventude-em-2024-300x300.webp 300w, https:\/\/www.gaveanews.com\/wp-content\/uploads\/Jair-Ventura-comandando-a-equipe-do-Juventude-em-2024-150x150.webp 150w, https:\/\/www.gaveanews.com\/wp-content\/uploads\/Jair-Ventura-comandando-a-equipe-do-Juventude-em-2024-768x768.webp 768w, https:\/\/www.gaveanews.com\/wp-content\/uploads\/Jair-Ventura-comandando-a-equipe-do-Juventude-em-2024-420x420.webp 420w, https:\/\/www.gaveanews.com\/wp-content\/uploads\/Jair-Ventura-comandando-a-equipe-do-Juventude-em-2024-840x840.webp 840w, https:\/\/www.gaveanews.com\/wp-content\/uploads\/Jair-Ventura-comandando-a-equipe-do-Juventude-em-2024-640x640.webp 640w, https:\/\/www.gaveanews.com\/wp-content\/uploads\/Jair-Ventura-comandando-a-equipe-do-Juventude-em-2024-1280x1280.webp 1280w, https:\/\/www.gaveanews.com\/wp-content\/uploads\/Jair-Ventura-comandando-a-equipe-do-Juventude-em-2024-681x681.webp 681w, https:\/\/www.gaveanews.com\/wp-content\/uploads\/Jair-Ventura-comandando-a-equipe-do-Juventude-em-2024-1362x1362.webp 1362w, https:\/\/www.gaveanews.com\/wp-content\/uploads\/Jair-Ventura-comandando-a-equipe-do-Juventude-em-2024-100x100.webp 100w, https:\/\/www.gaveanews.com\/wp-content\/uploads\/Jair-Ventura-comandando-a-equipe-do-Juventude-em-2024.webp 1440w\" sizes=\"auto, (max-width: 1024px) 100vw, 1024px\" \/><figcaption class=\"wp-element-caption\">Jair Ventura comandando a equipe do Juventude em 2024 (Foto: Fernando Alves\/ECJ)<\/figcaption><\/figure>\n\n\n\n<p>Na Copa do Brasil, Ventura conseguiu levar o Juventude at\u00e9 as quartas de final, onde acabou eliminado pelo Corinthians. Essa foi a melhor campanha do time na competi\u00e7\u00e3o sob o comando de Ventura, mas os resultados no torneio nacional n\u00e3o foram suficientes para salvar sua perman\u00eancia. A prioridade do clube \u00e9 a luta contra o rebaixamento, e os recentes trope\u00e7os no Brasileir\u00e3o cobraram seu pre\u00e7o.<\/p>\n\n\n\n<p>Atualmente, o Juventude se encontra em um momento delicado, precisando urgentemente de uma rea\u00e7\u00e3o para escapar da zona de rebaixamento. A equipe ter\u00e1 a chance de encerrar a s\u00e9rie de maus resultados no pr\u00f3ximo confronto, marcado para s\u00e1bado (2), contra o Fortaleza, terceiro colocado na tabela, em Caxias do Sul. Uma vit\u00f3ria seria essencial para retomar a confian\u00e7a e buscar a perman\u00eancia na primeira divis\u00e3o.<\/p>\n\n\n\n<p>A expectativa agora recai sobre quem assumir\u00e1 o comando t\u00e9cnico do Juventude para o restante da temporada. O novo treinador ter\u00e1 o desafio de reorganizar a equipe e, acima de tudo, trazer estabilidade para evitar um desfecho indesejado no Brasileir\u00e3o.<\/p>\n\n\n\n<h2 class=\"wp-block-heading\" id=\"h-nota-oficial-do-juventude\">Nota oficial do Juventude:<\/h2>\n\n\n\n<p><em>&#8220;O Esporte Clube Juventude, por meio de seu Departamento de Futebol, confirma a sa\u00edda do t\u00e9cnico Jair Ventura do comando da equipe principal. Al\u00e9m do treinador, deixam o clube os auxiliares Em\u00edlio Faro e Ant\u00f4nio Macedo.<\/em><\/p>\n\n\n\n<p><em>Jair Ventura chegou ao Juventude em julho de 2024, para sua segunda passagem pelo Verd\u00e3o. Pelo comprometimento e profissionalismo ao longo do trabalho, o Esporte Clube Juventude deseja sucesso a Jair Ventura na sequ\u00eancia de sua carreira.&#8221;<\/em><\/p>\n","protected":false},"excerpt":{"rendered":"<p>A derrota por 4 a 2 para o Flamengo, no Maracan\u00e3, agravou a situa\u00e7\u00e3o do Juventude no Campeonato Brasileiro e culminou na demiss\u00e3o do t\u00e9cnico Jair Ventura. Com o resultado, o clube chegou ao quinto jogo consecutivo sem vit\u00f3ria e entrou na zona de rebaixamento, ocupando o 17\u00ba lugar com 34 pontos. O an\u00fancio da [&hellip;]<\/p>\n","protected":false},"author":1,"featured_media":110475,"comment_status":"open","ping_status":"closed","sticky":false,"template":"","format":"standard","meta":{"footnotes":""},"categories":[1],"tags":[],"class_list":["post-178174","post","type-post","status-publish","format-standard","has-post-thumbnail","hentry","category-flamengo"],"yoast_head":"<!-- This site is optimized with the Yoast SEO Premium plugin v24.2 (Yoast SEO v26.9) - https:\/\/yoast.com\/product\/yoast-seo-premium-wordpress\/ -->\n<title>AGORA: mais um t\u00e9cnico do Brasileir\u00e3o \u00e9 demitido<\/title>\n<meta name=\"description\" content=\"O novo treinador ter\u00e1 o desafio de reorganizar a equipe e trazer estabilidade para evitar um desfecho indesejado no Brasileir\u00e3o.\" \/>\n<meta name=\"robots\" content=\"index, follow, max-snippet:-1, max-image-preview:large, max-video-preview:-1\" \/>\n<link rel=\"canonical\" href=\"https:\/\/www.gaveanews.com\/index.php\/2024\/10\/27\/agora-mais-um-tecnico-do-brasileirao-e-demitido\/\" \/>\n<meta property=\"og:locale\" content=\"pt_BR\" \/>\n<meta property=\"og:type\" content=\"article\" \/>\n<meta property=\"og:title\" content=\"AGORA: mais um t\u00e9cnico do Brasileir\u00e3o \u00e9 demitido\" \/>\n<meta property=\"og:description\" content=\"O novo treinador ter\u00e1 o desafio de reorganizar a equipe e trazer estabilidade para evitar um desfecho indesejado no Brasileir\u00e3o.\" \/>\n<meta property=\"og:url\" content=\"https:\/\/www.gaveanews.com\/index.php\/2024\/10\/27\/agora-mais-um-tecnico-do-brasileirao-e-demitido\/\" \/>\n<meta property=\"og:site_name\" content=\"G\u00e1vea News\" \/>\n<meta property=\"article:publisher\" content=\"https:\/\/facebook.com\/gaveaNews\/\" \/>\n<meta property=\"article:published_time\" content=\"2024-10-27T16:02:10+00:00\" \/>\n<meta property=\"article:modified_time\" content=\"2024-10-27T16:02:12+00:00\" \/>\n<meta property=\"og:image\" content=\"https:\/\/www.gaveanews.com\/wp-content\/uploads\/trofeu-brasileirao.webp\" \/>\n\t<meta property=\"og:image:width\" content=\"984\" \/>\n\t<meta property=\"og:image:height\" content=\"656\" \/>\n\t<meta property=\"og:image:type\" content=\"image\/webp\" \/>\n<meta name=\"author\" content=\"Equipe G\u00e1vea News\" \/>\n<meta name=\"twitter:card\" content=\"summary_large_image\" \/>\n<meta name=\"twitter:label1\" content=\"Escrito por\" \/>\n\t<meta name=\"twitter:data1\" content=\"Equipe G\u00e1vea News\" \/>\n\t<meta name=\"twitter:label2\" content=\"Est. tempo de leitura\" \/>\n\t<meta name=\"twitter:data2\" content=\"4 minutos\" \/>\n<script type=\"application\/ld+json\" class=\"yoast-schema-graph\">{\"@context\":\"https:\/\/schema.org\",\"@graph\":[{\"@type\":\"NewsArticle\",\"@id\":\"https:\/\/www.gaveanews.com\/index.php\/2024\/10\/27\/agora-mais-um-tecnico-do-brasileirao-e-demitido\/#article\",\"isPartOf\":{\"@id\":\"https:\/\/www.gaveanews.com\/index.php\/2024\/10\/27\/agora-mais-um-tecnico-do-brasileirao-e-demitido\/\"},\"author\":{\"name\":\"Equipe G\u00e1vea News\",\"@id\":\"https:\/\/www.gaveanews.com\/#\/schema\/person\/2ec14f73fb96be2caf28f91afb14749d\"},\"headline\":\"AGORA: mais um t\u00e9cnico do Brasileir\u00e3o \u00e9 demitido\",\"datePublished\":\"2024-10-27T16:02:10+00:00\",\"dateModified\":\"2024-10-27T16:02:12+00:00\",\"mainEntityOfPage\":{\"@id\":\"https:\/\/www.gaveanews.com\/index.php\/2024\/10\/27\/agora-mais-um-tecnico-do-brasileirao-e-demitido\/\"},\"wordCount\":520,\"commentCount\":0,\"image\":{\"@id\":\"https:\/\/www.gaveanews.com\/index.php\/2024\/10\/27\/agora-mais-um-tecnico-do-brasileirao-e-demitido\/#primaryimage\"},\"thumbnailUrl\":\"https:\/\/www.gaveanews.com\/wp-content\/uploads\/trofeu-brasileirao.webp\",\"articleSection\":[\"Flamengo\"],\"inLanguage\":\"pt-BR\",\"potentialAction\":[{\"@type\":\"CommentAction\",\"name\":\"Comment\",\"target\":[\"https:\/\/www.gaveanews.com\/index.php\/2024\/10\/27\/agora-mais-um-tecnico-do-brasileirao-e-demitido\/#respond\"]}],\"copyrightYear\":\"2024\",\"copyrightHolder\":{\"@id\":\"https:\/\/www.gaveanews.com\/#organization\"}},{\"@type\":\"WebPage\",\"@id\":\"https:\/\/www.gaveanews.com\/index.php\/2024\/10\/27\/agora-mais-um-tecnico-do-brasileirao-e-demitido\/\",\"url\":\"https:\/\/www.gaveanews.com\/index.php\/2024\/10\/27\/agora-mais-um-tecnico-do-brasileirao-e-demitido\/\",\"name\":\"AGORA: mais um t\u00e9cnico do Brasileir\u00e3o \u00e9 demitido\",\"isPartOf\":{\"@id\":\"https:\/\/www.gaveanews.com\/#website\"},\"primaryImageOfPage\":{\"@id\":\"https:\/\/www.gaveanews.com\/index.php\/2024\/10\/27\/agora-mais-um-tecnico-do-brasileirao-e-demitido\/#primaryimage\"},\"image\":{\"@id\":\"https:\/\/www.gaveanews.com\/index.php\/2024\/10\/27\/agora-mais-um-tecnico-do-brasileirao-e-demitido\/#primaryimage\"},\"thumbnailUrl\":\"https:\/\/www.gaveanews.com\/wp-content\/uploads\/trofeu-brasileirao.webp\",\"datePublished\":\"2024-10-27T16:02:10+00:00\",\"dateModified\":\"2024-10-27T16:02:12+00:00\",\"author\":{\"@id\":\"https:\/\/www.gaveanews.com\/#\/schema\/person\/2ec14f73fb96be2caf28f91afb14749d\"},\"description\":\"O novo treinador ter\u00e1 o desafio de reorganizar a equipe e trazer estabilidade para evitar um desfecho indesejado no Brasileir\u00e3o.\",\"breadcrumb\":{\"@id\":\"https:\/\/www.gaveanews.com\/index.php\/2024\/10\/27\/agora-mais-um-tecnico-do-brasileirao-e-demitido\/#breadcrumb\"},\"inLanguage\":\"pt-BR\",\"potentialAction\":[{\"@type\":\"ReadAction\",\"target\":[\"https:\/\/www.gaveanews.com\/index.php\/2024\/10\/27\/agora-mais-um-tecnico-do-brasileirao-e-demitido\/\"]}]},{\"@type\":\"ImageObject\",\"inLanguage\":\"pt-BR\",\"@id\":\"https:\/\/www.gaveanews.com\/index.php\/2024\/10\/27\/agora-mais-um-tecnico-do-brasileirao-e-demitido\/#primaryimage\",\"url\":\"https:\/\/www.gaveanews.com\/wp-content\/uploads\/trofeu-brasileirao.webp\",\"contentUrl\":\"https:\/\/www.gaveanews.com\/wp-content\/uploads\/trofeu-brasileirao.webp\",\"width\":984,\"height\":656,\"caption\":\"Trof\u00e9u do Brasileir\u00e3o (Foto: Lucas Figueiredo\/ CBF)\"},{\"@type\":\"BreadcrumbList\",\"@id\":\"https:\/\/www.gaveanews.com\/index.php\/2024\/10\/27\/agora-mais-um-tecnico-do-brasileirao-e-demitido\/#breadcrumb\",\"itemListElement\":[{\"@type\":\"ListItem\",\"position\":1,\"name\":\"Home\",\"item\":\"https:\/\/www.gaveanews.com\/\"},{\"@type\":\"ListItem\",\"position\":2,\"name\":\"AGORA: mais um t\u00e9cnico do Brasileir\u00e3o \u00e9 demitido\"}]},{\"@type\":\"WebSite\",\"@id\":\"https:\/\/www.gaveanews.com\/#website\",\"url\":\"https:\/\/www.gaveanews.com\/\",\"name\":\"G\u00e1vea News\",\"description\":\"Veja todas as not\u00edcias sobre o Flamengo: Contrata\u00e7\u00f5es, categorias de base, resultados das partidas, tabela de classifica\u00e7\u00e3o, pr\u00f3ximos jogos!\",\"potentialAction\":[{\"@type\":\"SearchAction\",\"target\":{\"@type\":\"EntryPoint\",\"urlTemplate\":\"https:\/\/www.gaveanews.com\/?s={search_term_string}\"},\"query-input\":{\"@type\":\"PropertyValueSpecification\",\"valueRequired\":true,\"valueName\":\"search_term_string\"}}],\"inLanguage\":\"pt-BR\"},{\"@type\":\"Person\",\"@id\":\"https:\/\/www.gaveanews.com\/#\/schema\/person\/2ec14f73fb96be2caf28f91afb14749d\",\"name\":\"Equipe G\u00e1vea News\",\"image\":{\"@type\":\"ImageObject\",\"inLanguage\":\"pt-BR\",\"@id\":\"https:\/\/www.gaveanews.com\/#\/schema\/person\/image\/\",\"url\":\"https:\/\/secure.gravatar.com\/avatar\/1e1956f1facbffd3f8fa53a326721950116b3b9dc9bd44939c01180fd4a745a9?s=96&d=mm&r=g\",\"contentUrl\":\"https:\/\/secure.gravatar.com\/avatar\/1e1956f1facbffd3f8fa53a326721950116b3b9dc9bd44939c01180fd4a745a9?s=96&d=mm&r=g\",\"caption\":\"Equipe G\u00e1vea News\"}}]}<\/script>\n<!-- \/ Yoast SEO Premium plugin. -->","yoast_head_json":{"title":"AGORA: mais um t\u00e9cnico do Brasileir\u00e3o \u00e9 demitido","description":"O novo treinador ter\u00e1 o desafio de reorganizar a equipe e trazer estabilidade para evitar um desfecho indesejado no Brasileir\u00e3o.","robots":{"index":"index","follow":"follow","max-snippet":"max-snippet:-1","max-image-preview":"max-image-preview:large","max-video-preview":"max-video-preview:-1"},"canonical":"https:\/\/www.gaveanews.com\/index.php\/2024\/10\/27\/agora-mais-um-tecnico-do-brasileirao-e-demitido\/","og_locale":"pt_BR","og_type":"article","og_title":"AGORA: mais um t\u00e9cnico do Brasileir\u00e3o \u00e9 demitido","og_description":"O novo treinador ter\u00e1 o desafio de reorganizar a equipe e trazer estabilidade para evitar um desfecho indesejado no Brasileir\u00e3o.","og_url":"https:\/\/www.gaveanews.com\/index.php\/2024\/10\/27\/agora-mais-um-tecnico-do-brasileirao-e-demitido\/","og_site_name":"G\u00e1vea News","article_publisher":"https:\/\/facebook.com\/gaveaNews\/","article_published_time":"2024-10-27T16:02:10+00:00","article_modified_time":"2024-10-27T16:02:12+00:00","og_image":[{"width":984,"height":656,"url":"https:\/\/www.gaveanews.com\/wp-content\/uploads\/trofeu-brasileirao.webp","type":"image\/webp"}],"author":"Equipe G\u00e1vea News","twitter_card":"summary_large_image","twitter_misc":{"Escrito por":"Equipe G\u00e1vea News","Est. tempo de leitura":"4 minutos"},"schema":{"@context":"https:\/\/schema.org","@graph":[{"@type":"NewsArticle","@id":"https:\/\/www.gaveanews.com\/index.php\/2024\/10\/27\/agora-mais-um-tecnico-do-brasileirao-e-demitido\/#article","isPartOf":{"@id":"https:\/\/www.gaveanews.com\/index.php\/2024\/10\/27\/agora-mais-um-tecnico-do-brasileirao-e-demitido\/"},"author":{"name":"Equipe G\u00e1vea News","@id":"https:\/\/www.gaveanews.com\/#\/schema\/person\/2ec14f73fb96be2caf28f91afb14749d"},"headline":"AGORA: mais um t\u00e9cnico do Brasileir\u00e3o \u00e9 demitido","datePublished":"2024-10-27T16:02:10+00:00","dateModified":"2024-10-27T16:02:12+00:00","mainEntityOfPage":{"@id":"https:\/\/www.gaveanews.com\/index.php\/2024\/10\/27\/agora-mais-um-tecnico-do-brasileirao-e-demitido\/"},"wordCount":520,"commentCount":0,"image":{"@id":"https:\/\/www.gaveanews.com\/index.php\/2024\/10\/27\/agora-mais-um-tecnico-do-brasileirao-e-demitido\/#primaryimage"},"thumbnailUrl":"https:\/\/www.gaveanews.com\/wp-content\/uploads\/trofeu-brasileirao.webp","articleSection":["Flamengo"],"inLanguage":"pt-BR","potentialAction":[{"@type":"CommentAction","name":"Comment","target":["https:\/\/www.gaveanews.com\/index.php\/2024\/10\/27\/agora-mais-um-tecnico-do-brasileirao-e-demitido\/#respond"]}],"copyrightYear":"2024","copyrightHolder":{"@id":"https:\/\/www.gaveanews.com\/#organization"}},{"@type":"WebPage","@id":"https:\/\/www.gaveanews.com\/index.php\/2024\/10\/27\/agora-mais-um-tecnico-do-brasileirao-e-demitido\/","url":"https:\/\/www.gaveanews.com\/index.php\/2024\/10\/27\/agora-mais-um-tecnico-do-brasileirao-e-demitido\/","name":"AGORA: mais um t\u00e9cnico do Brasileir\u00e3o \u00e9 demitido","isPartOf":{"@id":"https:\/\/www.gaveanews.com\/#website"},"primaryImageOfPage":{"@id":"https:\/\/www.gaveanews.com\/index.php\/2024\/10\/27\/agora-mais-um-tecnico-do-brasileirao-e-demitido\/#primaryimage"},"image":{"@id":"https:\/\/www.gaveanews.com\/index.php\/2024\/10\/27\/agora-mais-um-tecnico-do-brasileirao-e-demitido\/#primaryimage"},"thumbnailUrl":"https:\/\/www.gaveanews.com\/wp-content\/uploads\/trofeu-brasileirao.webp","datePublished":"2024-10-27T16:02:10+00:00","dateModified":"2024-10-27T16:02:12+00:00","author":{"@id":"https:\/\/www.gaveanews.com\/#\/schema\/person\/2ec14f73fb96be2caf28f91afb14749d"},"description":"O novo treinador ter\u00e1 o desafio de reorganizar a equipe e trazer estabilidade para evitar um desfecho indesejado no Brasileir\u00e3o.","breadcrumb":{"@id":"https:\/\/www.gaveanews.com\/index.php\/2024\/10\/27\/agora-mais-um-tecnico-do-brasileirao-e-demitido\/#breadcrumb"},"inLanguage":"pt-BR","potentialAction":[{"@type":"ReadAction","target":["https:\/\/www.gaveanews.com\/index.php\/2024\/10\/27\/agora-mais-um-tecnico-do-brasileirao-e-demitido\/"]}]},{"@type":"ImageObject","inLanguage":"pt-BR","@id":"https:\/\/www.gaveanews.com\/index.php\/2024\/10\/27\/agora-mais-um-tecnico-do-brasileirao-e-demitido\/#primaryimage","url":"https:\/\/www.gaveanews.com\/wp-content\/uploads\/trofeu-brasileirao.webp","contentUrl":"https:\/\/www.gaveanews.com\/wp-content\/uploads\/trofeu-brasileirao.webp","width":984,"height":656,"caption":"Trof\u00e9u do Brasileir\u00e3o (Foto: Lucas Figueiredo\/ CBF)"},{"@type":"BreadcrumbList","@id":"https:\/\/www.gaveanews.com\/index.php\/2024\/10\/27\/agora-mais-um-tecnico-do-brasileirao-e-demitido\/#breadcrumb","itemListElement":[{"@type":"ListItem","position":1,"name":"Home","item":"https:\/\/www.gaveanews.com\/"},{"@type":"ListItem","position":2,"name":"AGORA: mais um t\u00e9cnico do Brasileir\u00e3o \u00e9 demitido"}]},{"@type":"WebSite","@id":"https:\/\/www.gaveanews.com\/#website","url":"https:\/\/www.gaveanews.com\/","name":"G\u00e1vea News","description":"Veja todas as not\u00edcias sobre o Flamengo: Contrata\u00e7\u00f5es, categorias de base, resultados das partidas, tabela de classifica\u00e7\u00e3o, pr\u00f3ximos jogos!","potentialAction":[{"@type":"SearchAction","target":{"@type":"EntryPoint","urlTemplate":"https:\/\/www.gaveanews.com\/?s={search_term_string}"},"query-input":{"@type":"PropertyValueSpecification","valueRequired":true,"valueName":"search_term_string"}}],"inLanguage":"pt-BR"},{"@type":"Person","@id":"https:\/\/www.gaveanews.com\/#\/schema\/person\/2ec14f73fb96be2caf28f91afb14749d","name":"Equipe G\u00e1vea News","image":{"@type":"ImageObject","inLanguage":"pt-BR","@id":"https:\/\/www.gaveanews.com\/#\/schema\/person\/image\/","url":"https:\/\/secure.gravatar.com\/avatar\/1e1956f1facbffd3f8fa53a326721950116b3b9dc9bd44939c01180fd4a745a9?s=96&d=mm&r=g","contentUrl":"https:\/\/secure.gravatar.com\/avatar\/1e1956f1facbffd3f8fa53a326721950116b3b9dc9bd44939c01180fd4a745a9?s=96&d=mm&r=g","caption":"Equipe G\u00e1vea News"}}]}},"_links":{"self":[{"href":"https:\/\/www.gaveanews.com\/index.php\/wp-json\/wp\/v2\/posts\/178174","targetHints":{"allow":["GET"]}}],"collection":[{"href":"https:\/\/www.gaveanews.com\/index.php\/wp-json\/wp\/v2\/posts"}],"about":[{"href":"https:\/\/www.gaveanews.com\/index.php\/wp-json\/wp\/v2\/types\/post"}],"author":[{"embeddable":true,"href":"https:\/\/www.gaveanews.com\/index.php\/wp-json\/wp\/v2\/users\/1"}],"replies":[{"embeddable":true,"href":"https:\/\/www.gaveanews.com\/index.php\/wp-json\/wp\/v2\/comments?post=178174"}],"version-history":[{"count":1,"href":"https:\/\/www.gaveanews.com\/index.php\/wp-json\/wp\/v2\/posts\/178174\/revisions"}],"predecessor-version":[{"id":178175,"href":"https:\/\/www.gaveanews.com\/index.php\/wp-json\/wp\/v2\/posts\/178174\/revisions\/178175"}],"wp:featuredmedia":[{"embeddable":true,"href":"https:\/\/www.gaveanews.com\/index.php\/wp-json\/wp\/v2\/media\/110475"}],"wp:attachment":[{"href":"https:\/\/www.gaveanews.com\/index.php\/wp-json\/wp\/v2\/media?parent=178174"}],"wp:term":[{"taxonomy":"category","embeddable":true,"href":"https:\/\/www.gaveanews.com\/index.php\/wp-json\/wp\/v2\/categories?post=178174"},{"taxonomy":"post_tag","embeddable":true,"href":"https:\/\/www.gaveanews.com\/index.php\/wp-json\/wp\/v2\/tags?post=178174"}],"curies":[{"name":"wp","href":"https:\/\/api.w.org\/{rel}","templated":true}]}}