{"id":178199,"date":"2024-10-27T22:25:00","date_gmt":"2024-10-28T01:25:00","guid":{"rendered":"https:\/\/www.gaveanews.com\/?p=178199"},"modified":"2024-10-27T19:41:17","modified_gmt":"2024-10-27T22:41:17","slug":"jogador-indicado-a-bola-de-ouro-declaracao-de-gerson-e-recado-de-jornalista-sobre-a-eliminacao-na-libertadores-as-ultimas-noticias-do-flamengo","status":"publish","type":"post","link":"https:\/\/www.gaveanews.com\/index.php\/2024\/10\/27\/jogador-indicado-a-bola-de-ouro-declaracao-de-gerson-e-recado-de-jornalista-sobre-a-eliminacao-na-libertadores-as-ultimas-noticias-do-flamengo\/","title":{"rendered":"Jogador indicado \u00e0 Bola de Ouro, declara\u00e7\u00e3o de Gerson e recado de jornalista sobre a elimina\u00e7\u00e3o na Libertadores: as \u00faltimas not\u00edcias do Flamengo"},"content":{"rendered":"\n<p>Nas \u00faltimas horas, o foco das not\u00edcias sobre o Flamengo se concentram nos bastidores do clube, com destaques como o jogador que foi indicado para a Bola de Ouro e declara\u00e7\u00e3o de Gerson.<\/p>\n\n\n\n<p>Por conta deste contexto, leia abaixo um resumo preparado pela equipe do portal G\u00e1vea News para lhe manter muito bem informado!<\/p>\n\n\n\n<h2 class=\"wp-block-heading\" id=\"h-recado-de-jornalista-sobre-eliminacao-na-libertadores\">Recado de jornalista sobre elimina\u00e7\u00e3o na Libertadores<\/h2>\n\n\n\n<p>Ap\u00f3s a elimina\u00e7\u00e3o do Flamengo da Copa Libertadores, o jornalista Eduardo Tironi criticou duramente o desempenho do clube, descrevendo-o como o \u201c\u00fanico fracasso\u201d brasileiro na competi\u00e7\u00e3o. Tironi destacou que, ao contr\u00e1rio de outros times eliminados por advers\u00e1rios nacionais em confrontos equilibrados, o Flamengo decepcionou ao ser derrotado pelo Pe\u00f1arol, time que o Botafogo superou facilmente na semifinal com uma goleada de 5 a 0. <strong><a href=\"https:\/\/www.gaveanews.com\/index.php\/2024\/10\/26\/a-declaracao-de-eduardo-tironi-direcionada-ao-flamengo\/\">(leia a mat\u00e9ria completa)<\/a><\/strong><\/p>\n\n\n\n<figure class=\"wp-block-image size-full\"><img loading=\"lazy\" decoding=\"async\" width=\"641\" height=\"420\" src=\"https:\/\/www.gaveanews.com\/wp-content\/uploads\/Flamengo-x-Juventude-pelo-Campeonato-Brasileiro.webp\" alt=\"\" class=\"wp-image-178106\" srcset=\"https:\/\/www.gaveanews.com\/wp-content\/uploads\/Flamengo-x-Juventude-pelo-Campeonato-Brasileiro.webp 641w, https:\/\/www.gaveanews.com\/wp-content\/uploads\/Flamengo-x-Juventude-pelo-Campeonato-Brasileiro-300x197.webp 300w, https:\/\/www.gaveanews.com\/wp-content\/uploads\/Flamengo-x-Juventude-pelo-Campeonato-Brasileiro-100x66.webp 100w\" sizes=\"auto, (max-width: 641px) 100vw, 641px\" \/><figcaption class=\"wp-element-caption\">Flamengo x Juventude pelo Campeonato Brasileiro (Foto: Gilvan de Souza\/Flamengo)<\/figcaption><\/figure>\n\n\n\n<p>A elimina\u00e7\u00e3o ocorreu ap\u00f3s uma derrota em casa por 1 a 0 e um empate sem gols em Montevid\u00e9u, ressaltando o contraste entre a ap\u00e1tica performance do Flamengo e o desempenho superior de outros clubes brasileiros. <\/p>\n\n\n\n<p>Essa situa\u00e7\u00e3o aumenta a press\u00e3o sobre o t\u00e9cnico Filipe Lu\u00eds, principalmente com a recente vit\u00f3ria do Botafogo, que agora pode at\u00e9 perder por quatro gols na partida de volta e ainda assim avan\u00e7ar \u00e0 final, destacando ainda mais a frustra\u00e7\u00e3o com o Flamengo.<\/p>\n\n\n\n<p>A torcida, inconformada, espera mudan\u00e7as significativas para recuperar o protagonismo do time. Ainda assim, o Flamengo permanece na disputa pela Copa do Brasil, onde enfrentar\u00e1 o Atl\u00e9tico-MG na final, uma oportunidade de conquistar um t\u00edtulo importante em uma temporada marcada por altos e baixos.<\/p>\n\n\n\n<h2 class=\"wp-block-heading\" id=\"h-declaracao-de-gerson\">Declara\u00e7\u00e3o de Gerson <\/h2>\n\n\n\n<p>Ap\u00f3s a vit\u00f3ria do Flamengo por 4 a 2 sobre o Juventude, Gerson, capit\u00e3o do time e eleito o melhor em campo, destacou o desempenho coletivo e a import\u00e2ncia da vit\u00f3ria para a confian\u00e7a da equipe. Em suas declara\u00e7\u00f5es, Gerson celebrou a volta ao placar, o volume de jogo e o fato de que jogadores que n\u00e3o marcavam h\u00e1 um tempo, como Gonzalo Plata, contribu\u00edram para o resultado. O Flamengo come\u00e7ou bem com gol de Michael, mas enfrentou resist\u00eancia do Juventude, que empatou no primeiro tempo, exigindo do time carioca uma retomada de controle no segundo tempo. <strong><a href=\"https:\/\/www.gaveanews.com\/index.php\/2024\/10\/26\/flamengo-x-juventude-a-declaracao-de-gerson-sobre-o-jogo\/\">(leia a mat\u00e9ria completa)<\/a><\/strong><\/p>\n\n\n\n<figure class=\"wp-block-image size-full\"><img loading=\"lazy\" decoding=\"async\" width=\"1024\" height=\"682\" src=\"https:\/\/www.gaveanews.com\/wp-content\/uploads\/Gerson-Flamengo-x-Bolivar-2-1024x682-1.webp\" alt=\"\" class=\"wp-image-143374\" srcset=\"https:\/\/www.gaveanews.com\/wp-content\/uploads\/Gerson-Flamengo-x-Bolivar-2-1024x682-1.webp 1024w, https:\/\/www.gaveanews.com\/wp-content\/uploads\/Gerson-Flamengo-x-Bolivar-2-1024x682-1-300x200.webp 300w, https:\/\/www.gaveanews.com\/wp-content\/uploads\/Gerson-Flamengo-x-Bolivar-2-1024x682-1-768x512.webp 768w, https:\/\/www.gaveanews.com\/wp-content\/uploads\/Gerson-Flamengo-x-Bolivar-2-1024x682-1-631x420.webp 631w, https:\/\/www.gaveanews.com\/wp-content\/uploads\/Gerson-Flamengo-x-Bolivar-2-1024x682-1-640x426.webp 640w, https:\/\/www.gaveanews.com\/wp-content\/uploads\/Gerson-Flamengo-x-Bolivar-2-1024x682-1-681x454.webp 681w, https:\/\/www.gaveanews.com\/wp-content\/uploads\/Gerson-Flamengo-x-Bolivar-2-1024x682-1-1022x682.webp 1022w, https:\/\/www.gaveanews.com\/wp-content\/uploads\/Gerson-Flamengo-x-Bolivar-2-1024x682-1-100x67.webp 100w\" sizes=\"auto, (max-width: 1024px) 100vw, 1024px\" \/><figcaption class=\"wp-element-caption\">Foto: PABLO PORCIUNCULA\/AFP via Getty Images\n<\/figcaption><\/figure>\n\n\n\n<p>O confronto viu o Flamengo retomar a lideran\u00e7a com um p\u00eanalti sofrido por Gerson e convertido por Gabigol, seguido de gols de Arrascaeta e Plata, garantindo a vantagem final. Gerson ressaltou que vencer jogando bem fortalece o grupo para os desafios futuros, mencionando o foco no pr\u00f3ximo confronto contra o Internacional, no Beira Rio. A vit\u00f3ria levou o Flamengo a 54 pontos, consolidando sua posi\u00e7\u00e3o no Campeonato Brasileiro.<\/p>\n\n\n\n<p>Essa sequ\u00eancia positiva se torna ainda mais relevante com a proximidade da final da Copa do Brasil contra o Atl\u00e9tico-MG. O pr\u00f3ximo jogo contra o Internacional ser\u00e1 fundamental para a equipe sustentar a boa fase e aumentar a moral antes das decis\u00f5es finais da temporada.<\/p>\n\n\n\n<h2 class=\"wp-block-heading\" id=\"h-jogador-indicado-a-bola-de-ouro\">Jogador indicado a Bola de Ouro<\/h2>\n\n\n\n<p>No atual elenco do Flamengo, o zagueiro David Luiz se destaca por j\u00e1 ter sido indicado ao pr\u00eamio Bola de Ouro em sua carreira. O defensor foi finalista em 2013, ap\u00f3s uma temporada de sucesso no Chelsea, onde ajudou o clube a alcan\u00e7ar o terceiro lugar na Premier League e as semifinais da Liga dos Campe\u00f5es. Sua atua\u00e7\u00e3o tamb\u00e9m foi fundamental na conquista da Copa das Confedera\u00e7\u00f5es pelo Brasil, o que impulsionou sua nomea\u00e7\u00e3o na prestigiada cerim\u00f4nia da revista France Football.<strong><a href=\"https:\/\/www.gaveanews.com\/index.php\/2024\/10\/26\/voce-sabia-jogador-do-atual-elenco-do-flamengo-ja-foi-indicado-a-bola-de-ouro\/\"> (leia a mat\u00e9ria completa)<\/a><\/strong><\/p>\n\n\n\n<figure class=\"wp-block-image size-full\"><img loading=\"lazy\" decoding=\"async\" width=\"900\" height=\"600\" src=\"https:\/\/www.gaveanews.com\/wp-content\/uploads\/david-luiz-flamengo-gol.webp\" alt=\"\" class=\"wp-image-146118\" srcset=\"https:\/\/www.gaveanews.com\/wp-content\/uploads\/david-luiz-flamengo-gol.webp 900w, https:\/\/www.gaveanews.com\/wp-content\/uploads\/david-luiz-flamengo-gol-300x200.webp 300w, https:\/\/www.gaveanews.com\/wp-content\/uploads\/david-luiz-flamengo-gol-768x512.webp 768w, https:\/\/www.gaveanews.com\/wp-content\/uploads\/david-luiz-flamengo-gol-630x420.webp 630w, https:\/\/www.gaveanews.com\/wp-content\/uploads\/david-luiz-flamengo-gol-640x427.webp 640w, https:\/\/www.gaveanews.com\/wp-content\/uploads\/david-luiz-flamengo-gol-681x454.webp 681w, https:\/\/www.gaveanews.com\/wp-content\/uploads\/david-luiz-flamengo-gol-100x67.webp 100w\" sizes=\"auto, (max-width: 900px) 100vw, 900px\" \/><figcaption class=\"wp-element-caption\">David Luiz marca gol pelo Flamengo (Foto: Gilvan de Souza\/Flamengo)<\/figcaption><\/figure>\n\n\n\n<p>David Luiz consolidou uma trajet\u00f3ria de 14 anos na Europa, com passagens not\u00e1veis pelo Chelsea, onde conquistou a Liga dos Campe\u00f5es, a Liga Europa e o Campeonato Ingl\u00eas. Em 2013, ele integrou o &#8220;time ideal&#8221; da Bola de Ouro e terminou a vota\u00e7\u00e3o geral na 21\u00aa posi\u00e7\u00e3o, reconhecimento que ainda ecoa entre os torcedores.<\/p>\n\n\n\n<p>O Flamengo, conhecido por formar e atrair talentos de renome internacional, celebra essa hist\u00f3ria de destaque. No ano de 2024, outro ex-rubro-negro, Vin\u00edcius J\u00fanior, surge como o favorito para a Bola de Ouro, refletindo a tradi\u00e7\u00e3o do clube de impulsionar jogadores a patamares de excel\u00eancia mundial.<\/p>\n","protected":false},"excerpt":{"rendered":"<p>Nas \u00faltimas horas, o foco das not\u00edcias sobre o Flamengo se concentram nos bastidores do clube, com destaques como o jogador que foi indicado para a Bola de Ouro e declara\u00e7\u00e3o de Gerson. Por conta deste contexto, leia abaixo um resumo preparado pela equipe do portal G\u00e1vea News para lhe manter muito bem informado! Recado [&hellip;]<\/p>\n","protected":false},"author":27,"featured_media":151089,"comment_status":"open","ping_status":"closed","sticky":false,"template":"","format":"standard","meta":{"footnotes":""},"categories":[1],"tags":[],"class_list":["post-178199","post","type-post","status-publish","format-standard","has-post-thumbnail","hentry","category-flamengo"],"yoast_head":"<!-- This site is optimized with the Yoast SEO Premium plugin v24.2 (Yoast SEO v26.9) - https:\/\/yoast.com\/product\/yoast-seo-premium-wordpress\/ -->\n<title>Jogador indicado \u00e0 Bola de Ouro, declara\u00e7\u00e3o de Gerson e recado de jornalista sobre a elimina\u00e7\u00e3o na Libertadores: as \u00faltimas not\u00edcias do Flamengo<\/title>\n<meta name=\"robots\" content=\"index, follow, max-snippet:-1, max-image-preview:large, max-video-preview:-1\" \/>\n<link rel=\"canonical\" href=\"https:\/\/www.gaveanews.com\/index.php\/2024\/10\/27\/jogador-indicado-a-bola-de-ouro-declaracao-de-gerson-e-recado-de-jornalista-sobre-a-eliminacao-na-libertadores-as-ultimas-noticias-do-flamengo\/\" \/>\n<meta property=\"og:locale\" content=\"pt_BR\" \/>\n<meta property=\"og:type\" content=\"article\" \/>\n<meta property=\"og:title\" content=\"Jogador indicado \u00e0 Bola de Ouro, declara\u00e7\u00e3o de Gerson e recado de jornalista sobre a elimina\u00e7\u00e3o na Libertadores: as \u00faltimas not\u00edcias do Flamengo\" \/>\n<meta property=\"og:description\" content=\"Nas \u00faltimas horas, o foco das not\u00edcias sobre o Flamengo se concentram nos bastidores do clube, com destaques como o jogador que foi indicado para a Bola de Ouro e declara\u00e7\u00e3o de Gerson. Por conta deste contexto, leia abaixo um resumo preparado pela equipe do portal G\u00e1vea News para lhe manter muito bem informado! Recado [&hellip;]\" \/>\n<meta property=\"og:url\" content=\"https:\/\/www.gaveanews.com\/index.php\/2024\/10\/27\/jogador-indicado-a-bola-de-ouro-declaracao-de-gerson-e-recado-de-jornalista-sobre-a-eliminacao-na-libertadores-as-ultimas-noticias-do-flamengo\/\" \/>\n<meta property=\"og:site_name\" content=\"G\u00e1vea News\" \/>\n<meta property=\"article:publisher\" content=\"https:\/\/facebook.com\/gaveaNews\/\" \/>\n<meta property=\"article:published_time\" content=\"2024-10-28T01:25:00+00:00\" \/>\n<meta property=\"og:image\" content=\"https:\/\/www.gaveanews.com\/wp-content\/uploads\/Torcida-do-Flamengo-no-estadio-do-Maracana.webp\" \/>\n\t<meta property=\"og:image:width\" content=\"1220\" \/>\n\t<meta property=\"og:image:height\" content=\"674\" \/>\n\t<meta property=\"og:image:type\" content=\"image\/jpeg\" \/>\n<meta name=\"author\" content=\"Matheus Felipe\" \/>\n<meta name=\"twitter:card\" content=\"summary_large_image\" \/>\n<meta name=\"twitter:label1\" content=\"Escrito por\" \/>\n\t<meta name=\"twitter:data1\" content=\"Matheus Felipe\" \/>\n\t<meta name=\"twitter:label2\" content=\"Est. tempo de leitura\" \/>\n\t<meta name=\"twitter:data2\" content=\"5 minutos\" \/>\n<script type=\"application\/ld+json\" class=\"yoast-schema-graph\">{\"@context\":\"https:\/\/schema.org\",\"@graph\":[{\"@type\":\"NewsArticle\",\"@id\":\"https:\/\/www.gaveanews.com\/index.php\/2024\/10\/27\/jogador-indicado-a-bola-de-ouro-declaracao-de-gerson-e-recado-de-jornalista-sobre-a-eliminacao-na-libertadores-as-ultimas-noticias-do-flamengo\/#article\",\"isPartOf\":{\"@id\":\"https:\/\/www.gaveanews.com\/index.php\/2024\/10\/27\/jogador-indicado-a-bola-de-ouro-declaracao-de-gerson-e-recado-de-jornalista-sobre-a-eliminacao-na-libertadores-as-ultimas-noticias-do-flamengo\/\"},\"author\":{\"name\":\"Matheus Felipe\",\"@id\":\"https:\/\/www.gaveanews.com\/#\/schema\/person\/8207cd4627f56151707418bfc835b2fb\"},\"headline\":\"Jogador indicado \u00e0 Bola de Ouro, declara\u00e7\u00e3o de Gerson e recado de jornalista sobre a elimina\u00e7\u00e3o na Libertadores: as \u00faltimas not\u00edcias do Flamengo\",\"datePublished\":\"2024-10-28T01:25:00+00:00\",\"mainEntityOfPage\":{\"@id\":\"https:\/\/www.gaveanews.com\/index.php\/2024\/10\/27\/jogador-indicado-a-bola-de-ouro-declaracao-de-gerson-e-recado-de-jornalista-sobre-a-eliminacao-na-libertadores-as-ultimas-noticias-do-flamengo\/\"},\"wordCount\":769,\"commentCount\":0,\"image\":{\"@id\":\"https:\/\/www.gaveanews.com\/index.php\/2024\/10\/27\/jogador-indicado-a-bola-de-ouro-declaracao-de-gerson-e-recado-de-jornalista-sobre-a-eliminacao-na-libertadores-as-ultimas-noticias-do-flamengo\/#primaryimage\"},\"thumbnailUrl\":\"https:\/\/www.gaveanews.com\/wp-content\/uploads\/Torcida-do-Flamengo-no-estadio-do-Maracana.webp\",\"articleSection\":[\"Flamengo\"],\"inLanguage\":\"pt-BR\",\"potentialAction\":[{\"@type\":\"CommentAction\",\"name\":\"Comment\",\"target\":[\"https:\/\/www.gaveanews.com\/index.php\/2024\/10\/27\/jogador-indicado-a-bola-de-ouro-declaracao-de-gerson-e-recado-de-jornalista-sobre-a-eliminacao-na-libertadores-as-ultimas-noticias-do-flamengo\/#respond\"]}],\"copyrightYear\":\"2024\",\"copyrightHolder\":{\"@id\":\"https:\/\/www.gaveanews.com\/#organization\"}},{\"@type\":\"WebPage\",\"@id\":\"https:\/\/www.gaveanews.com\/index.php\/2024\/10\/27\/jogador-indicado-a-bola-de-ouro-declaracao-de-gerson-e-recado-de-jornalista-sobre-a-eliminacao-na-libertadores-as-ultimas-noticias-do-flamengo\/\",\"url\":\"https:\/\/www.gaveanews.com\/index.php\/2024\/10\/27\/jogador-indicado-a-bola-de-ouro-declaracao-de-gerson-e-recado-de-jornalista-sobre-a-eliminacao-na-libertadores-as-ultimas-noticias-do-flamengo\/\",\"name\":\"Jogador indicado \u00e0 Bola de Ouro, declara\u00e7\u00e3o de Gerson e recado de jornalista sobre a elimina\u00e7\u00e3o na Libertadores: as \u00faltimas not\u00edcias do Flamengo\",\"isPartOf\":{\"@id\":\"https:\/\/www.gaveanews.com\/#website\"},\"primaryImageOfPage\":{\"@id\":\"https:\/\/www.gaveanews.com\/index.php\/2024\/10\/27\/jogador-indicado-a-bola-de-ouro-declaracao-de-gerson-e-recado-de-jornalista-sobre-a-eliminacao-na-libertadores-as-ultimas-noticias-do-flamengo\/#primaryimage\"},\"image\":{\"@id\":\"https:\/\/www.gaveanews.com\/index.php\/2024\/10\/27\/jogador-indicado-a-bola-de-ouro-declaracao-de-gerson-e-recado-de-jornalista-sobre-a-eliminacao-na-libertadores-as-ultimas-noticias-do-flamengo\/#primaryimage\"},\"thumbnailUrl\":\"https:\/\/www.gaveanews.com\/wp-content\/uploads\/Torcida-do-Flamengo-no-estadio-do-Maracana.webp\",\"datePublished\":\"2024-10-28T01:25:00+00:00\",\"author\":{\"@id\":\"https:\/\/www.gaveanews.com\/#\/schema\/person\/8207cd4627f56151707418bfc835b2fb\"},\"breadcrumb\":{\"@id\":\"https:\/\/www.gaveanews.com\/index.php\/2024\/10\/27\/jogador-indicado-a-bola-de-ouro-declaracao-de-gerson-e-recado-de-jornalista-sobre-a-eliminacao-na-libertadores-as-ultimas-noticias-do-flamengo\/#breadcrumb\"},\"inLanguage\":\"pt-BR\",\"potentialAction\":[{\"@type\":\"ReadAction\",\"target\":[\"https:\/\/www.gaveanews.com\/index.php\/2024\/10\/27\/jogador-indicado-a-bola-de-ouro-declaracao-de-gerson-e-recado-de-jornalista-sobre-a-eliminacao-na-libertadores-as-ultimas-noticias-do-flamengo\/\"]}]},{\"@type\":\"ImageObject\",\"inLanguage\":\"pt-BR\",\"@id\":\"https:\/\/www.gaveanews.com\/index.php\/2024\/10\/27\/jogador-indicado-a-bola-de-ouro-declaracao-de-gerson-e-recado-de-jornalista-sobre-a-eliminacao-na-libertadores-as-ultimas-noticias-do-flamengo\/#primaryimage\",\"url\":\"https:\/\/www.gaveanews.com\/wp-content\/uploads\/Torcida-do-Flamengo-no-estadio-do-Maracana.webp\",\"contentUrl\":\"https:\/\/www.gaveanews.com\/wp-content\/uploads\/Torcida-do-Flamengo-no-estadio-do-Maracana.webp\",\"width\":1220,\"height\":674,\"caption\":\"Torcida do Flamengo no est\u00e1dio do Maracan\u00e3 (Foto: Paula Reis)\"},{\"@type\":\"BreadcrumbList\",\"@id\":\"https:\/\/www.gaveanews.com\/index.php\/2024\/10\/27\/jogador-indicado-a-bola-de-ouro-declaracao-de-gerson-e-recado-de-jornalista-sobre-a-eliminacao-na-libertadores-as-ultimas-noticias-do-flamengo\/#breadcrumb\",\"itemListElement\":[{\"@type\":\"ListItem\",\"position\":1,\"name\":\"Home\",\"item\":\"https:\/\/www.gaveanews.com\/\"},{\"@type\":\"ListItem\",\"position\":2,\"name\":\"Jogador indicado \u00e0 Bola de Ouro, declara\u00e7\u00e3o de Gerson e recado de jornalista sobre a elimina\u00e7\u00e3o na Libertadores: as \u00faltimas not\u00edcias do Flamengo\"}]},{\"@type\":\"WebSite\",\"@id\":\"https:\/\/www.gaveanews.com\/#website\",\"url\":\"https:\/\/www.gaveanews.com\/\",\"name\":\"G\u00e1vea News\",\"description\":\"Veja todas as not\u00edcias sobre o Flamengo: Contrata\u00e7\u00f5es, categorias de base, resultados das partidas, tabela de classifica\u00e7\u00e3o, pr\u00f3ximos jogos!\",\"potentialAction\":[{\"@type\":\"SearchAction\",\"target\":{\"@type\":\"EntryPoint\",\"urlTemplate\":\"https:\/\/www.gaveanews.com\/?s={search_term_string}\"},\"query-input\":{\"@type\":\"PropertyValueSpecification\",\"valueRequired\":true,\"valueName\":\"search_term_string\"}}],\"inLanguage\":\"pt-BR\"},{\"@type\":\"Person\",\"@id\":\"https:\/\/www.gaveanews.com\/#\/schema\/person\/8207cd4627f56151707418bfc835b2fb\",\"name\":\"Matheus Felipe\",\"image\":{\"@type\":\"ImageObject\",\"inLanguage\":\"pt-BR\",\"@id\":\"https:\/\/www.gaveanews.com\/#\/schema\/person\/image\/\",\"url\":\"https:\/\/secure.gravatar.com\/avatar\/a452ffbed9130f726358b298bb3a99ce4bd3c5338411f8440e87e14d74c7c087?s=96&d=mm&r=g\",\"contentUrl\":\"https:\/\/secure.gravatar.com\/avatar\/a452ffbed9130f726358b298bb3a99ce4bd3c5338411f8440e87e14d74c7c087?s=96&d=mm&r=g\",\"caption\":\"Matheus Felipe\"}}]}<\/script>\n<!-- \/ Yoast SEO Premium plugin. -->","yoast_head_json":{"title":"Jogador indicado \u00e0 Bola de Ouro, declara\u00e7\u00e3o de Gerson e recado de jornalista sobre a elimina\u00e7\u00e3o na Libertadores: as \u00faltimas not\u00edcias do Flamengo","robots":{"index":"index","follow":"follow","max-snippet":"max-snippet:-1","max-image-preview":"max-image-preview:large","max-video-preview":"max-video-preview:-1"},"canonical":"https:\/\/www.gaveanews.com\/index.php\/2024\/10\/27\/jogador-indicado-a-bola-de-ouro-declaracao-de-gerson-e-recado-de-jornalista-sobre-a-eliminacao-na-libertadores-as-ultimas-noticias-do-flamengo\/","og_locale":"pt_BR","og_type":"article","og_title":"Jogador indicado \u00e0 Bola de Ouro, declara\u00e7\u00e3o de Gerson e recado de jornalista sobre a elimina\u00e7\u00e3o na Libertadores: as \u00faltimas not\u00edcias do Flamengo","og_description":"Nas \u00faltimas horas, o foco das not\u00edcias sobre o Flamengo se concentram nos bastidores do clube, com destaques como o jogador que foi indicado para a Bola de Ouro e declara\u00e7\u00e3o de Gerson. Por conta deste contexto, leia abaixo um resumo preparado pela equipe do portal G\u00e1vea News para lhe manter muito bem informado! Recado [&hellip;]","og_url":"https:\/\/www.gaveanews.com\/index.php\/2024\/10\/27\/jogador-indicado-a-bola-de-ouro-declaracao-de-gerson-e-recado-de-jornalista-sobre-a-eliminacao-na-libertadores-as-ultimas-noticias-do-flamengo\/","og_site_name":"G\u00e1vea News","article_publisher":"https:\/\/facebook.com\/gaveaNews\/","article_published_time":"2024-10-28T01:25:00+00:00","og_image":[{"width":1220,"height":674,"url":"https:\/\/www.gaveanews.com\/wp-content\/uploads\/Torcida-do-Flamengo-no-estadio-do-Maracana.webp","type":"image\/jpeg"}],"author":"Matheus Felipe","twitter_card":"summary_large_image","twitter_misc":{"Escrito por":"Matheus Felipe","Est. tempo de leitura":"5 minutos"},"schema":{"@context":"https:\/\/schema.org","@graph":[{"@type":"NewsArticle","@id":"https:\/\/www.gaveanews.com\/index.php\/2024\/10\/27\/jogador-indicado-a-bola-de-ouro-declaracao-de-gerson-e-recado-de-jornalista-sobre-a-eliminacao-na-libertadores-as-ultimas-noticias-do-flamengo\/#article","isPartOf":{"@id":"https:\/\/www.gaveanews.com\/index.php\/2024\/10\/27\/jogador-indicado-a-bola-de-ouro-declaracao-de-gerson-e-recado-de-jornalista-sobre-a-eliminacao-na-libertadores-as-ultimas-noticias-do-flamengo\/"},"author":{"name":"Matheus Felipe","@id":"https:\/\/www.gaveanews.com\/#\/schema\/person\/8207cd4627f56151707418bfc835b2fb"},"headline":"Jogador indicado \u00e0 Bola de Ouro, declara\u00e7\u00e3o de Gerson e recado de jornalista sobre a elimina\u00e7\u00e3o na Libertadores: as \u00faltimas not\u00edcias do Flamengo","datePublished":"2024-10-28T01:25:00+00:00","mainEntityOfPage":{"@id":"https:\/\/www.gaveanews.com\/index.php\/2024\/10\/27\/jogador-indicado-a-bola-de-ouro-declaracao-de-gerson-e-recado-de-jornalista-sobre-a-eliminacao-na-libertadores-as-ultimas-noticias-do-flamengo\/"},"wordCount":769,"commentCount":0,"image":{"@id":"https:\/\/www.gaveanews.com\/index.php\/2024\/10\/27\/jogador-indicado-a-bola-de-ouro-declaracao-de-gerson-e-recado-de-jornalista-sobre-a-eliminacao-na-libertadores-as-ultimas-noticias-do-flamengo\/#primaryimage"},"thumbnailUrl":"https:\/\/www.gaveanews.com\/wp-content\/uploads\/Torcida-do-Flamengo-no-estadio-do-Maracana.webp","articleSection":["Flamengo"],"inLanguage":"pt-BR","potentialAction":[{"@type":"CommentAction","name":"Comment","target":["https:\/\/www.gaveanews.com\/index.php\/2024\/10\/27\/jogador-indicado-a-bola-de-ouro-declaracao-de-gerson-e-recado-de-jornalista-sobre-a-eliminacao-na-libertadores-as-ultimas-noticias-do-flamengo\/#respond"]}],"copyrightYear":"2024","copyrightHolder":{"@id":"https:\/\/www.gaveanews.com\/#organization"}},{"@type":"WebPage","@id":"https:\/\/www.gaveanews.com\/index.php\/2024\/10\/27\/jogador-indicado-a-bola-de-ouro-declaracao-de-gerson-e-recado-de-jornalista-sobre-a-eliminacao-na-libertadores-as-ultimas-noticias-do-flamengo\/","url":"https:\/\/www.gaveanews.com\/index.php\/2024\/10\/27\/jogador-indicado-a-bola-de-ouro-declaracao-de-gerson-e-recado-de-jornalista-sobre-a-eliminacao-na-libertadores-as-ultimas-noticias-do-flamengo\/","name":"Jogador indicado \u00e0 Bola de Ouro, declara\u00e7\u00e3o de Gerson e recado de jornalista sobre a elimina\u00e7\u00e3o na Libertadores: as \u00faltimas not\u00edcias do Flamengo","isPartOf":{"@id":"https:\/\/www.gaveanews.com\/#website"},"primaryImageOfPage":{"@id":"https:\/\/www.gaveanews.com\/index.php\/2024\/10\/27\/jogador-indicado-a-bola-de-ouro-declaracao-de-gerson-e-recado-de-jornalista-sobre-a-eliminacao-na-libertadores-as-ultimas-noticias-do-flamengo\/#primaryimage"},"image":{"@id":"https:\/\/www.gaveanews.com\/index.php\/2024\/10\/27\/jogador-indicado-a-bola-de-ouro-declaracao-de-gerson-e-recado-de-jornalista-sobre-a-eliminacao-na-libertadores-as-ultimas-noticias-do-flamengo\/#primaryimage"},"thumbnailUrl":"https:\/\/www.gaveanews.com\/wp-content\/uploads\/Torcida-do-Flamengo-no-estadio-do-Maracana.webp","datePublished":"2024-10-28T01:25:00+00:00","author":{"@id":"https:\/\/www.gaveanews.com\/#\/schema\/person\/8207cd4627f56151707418bfc835b2fb"},"breadcrumb":{"@id":"https:\/\/www.gaveanews.com\/index.php\/2024\/10\/27\/jogador-indicado-a-bola-de-ouro-declaracao-de-gerson-e-recado-de-jornalista-sobre-a-eliminacao-na-libertadores-as-ultimas-noticias-do-flamengo\/#breadcrumb"},"inLanguage":"pt-BR","potentialAction":[{"@type":"ReadAction","target":["https:\/\/www.gaveanews.com\/index.php\/2024\/10\/27\/jogador-indicado-a-bola-de-ouro-declaracao-de-gerson-e-recado-de-jornalista-sobre-a-eliminacao-na-libertadores-as-ultimas-noticias-do-flamengo\/"]}]},{"@type":"ImageObject","inLanguage":"pt-BR","@id":"https:\/\/www.gaveanews.com\/index.php\/2024\/10\/27\/jogador-indicado-a-bola-de-ouro-declaracao-de-gerson-e-recado-de-jornalista-sobre-a-eliminacao-na-libertadores-as-ultimas-noticias-do-flamengo\/#primaryimage","url":"https:\/\/www.gaveanews.com\/wp-content\/uploads\/Torcida-do-Flamengo-no-estadio-do-Maracana.webp","contentUrl":"https:\/\/www.gaveanews.com\/wp-content\/uploads\/Torcida-do-Flamengo-no-estadio-do-Maracana.webp","width":1220,"height":674,"caption":"Torcida do Flamengo no est\u00e1dio do Maracan\u00e3 (Foto: Paula Reis)"},{"@type":"BreadcrumbList","@id":"https:\/\/www.gaveanews.com\/index.php\/2024\/10\/27\/jogador-indicado-a-bola-de-ouro-declaracao-de-gerson-e-recado-de-jornalista-sobre-a-eliminacao-na-libertadores-as-ultimas-noticias-do-flamengo\/#breadcrumb","itemListElement":[{"@type":"ListItem","position":1,"name":"Home","item":"https:\/\/www.gaveanews.com\/"},{"@type":"ListItem","position":2,"name":"Jogador indicado \u00e0 Bola de Ouro, declara\u00e7\u00e3o de Gerson e recado de jornalista sobre a elimina\u00e7\u00e3o na Libertadores: as \u00faltimas not\u00edcias do Flamengo"}]},{"@type":"WebSite","@id":"https:\/\/www.gaveanews.com\/#website","url":"https:\/\/www.gaveanews.com\/","name":"G\u00e1vea News","description":"Veja todas as not\u00edcias sobre o Flamengo: Contrata\u00e7\u00f5es, categorias de base, resultados das partidas, tabela de classifica\u00e7\u00e3o, pr\u00f3ximos jogos!","potentialAction":[{"@type":"SearchAction","target":{"@type":"EntryPoint","urlTemplate":"https:\/\/www.gaveanews.com\/?s={search_term_string}"},"query-input":{"@type":"PropertyValueSpecification","valueRequired":true,"valueName":"search_term_string"}}],"inLanguage":"pt-BR"},{"@type":"Person","@id":"https:\/\/www.gaveanews.com\/#\/schema\/person\/8207cd4627f56151707418bfc835b2fb","name":"Matheus Felipe","image":{"@type":"ImageObject","inLanguage":"pt-BR","@id":"https:\/\/www.gaveanews.com\/#\/schema\/person\/image\/","url":"https:\/\/secure.gravatar.com\/avatar\/a452ffbed9130f726358b298bb3a99ce4bd3c5338411f8440e87e14d74c7c087?s=96&d=mm&r=g","contentUrl":"https:\/\/secure.gravatar.com\/avatar\/a452ffbed9130f726358b298bb3a99ce4bd3c5338411f8440e87e14d74c7c087?s=96&d=mm&r=g","caption":"Matheus Felipe"}}]}},"_links":{"self":[{"href":"https:\/\/www.gaveanews.com\/index.php\/wp-json\/wp\/v2\/posts\/178199","targetHints":{"allow":["GET"]}}],"collection":[{"href":"https:\/\/www.gaveanews.com\/index.php\/wp-json\/wp\/v2\/posts"}],"about":[{"href":"https:\/\/www.gaveanews.com\/index.php\/wp-json\/wp\/v2\/types\/post"}],"author":[{"embeddable":true,"href":"https:\/\/www.gaveanews.com\/index.php\/wp-json\/wp\/v2\/users\/27"}],"replies":[{"embeddable":true,"href":"https:\/\/www.gaveanews.com\/index.php\/wp-json\/wp\/v2\/comments?post=178199"}],"version-history":[{"count":1,"href":"https:\/\/www.gaveanews.com\/index.php\/wp-json\/wp\/v2\/posts\/178199\/revisions"}],"predecessor-version":[{"id":178200,"href":"https:\/\/www.gaveanews.com\/index.php\/wp-json\/wp\/v2\/posts\/178199\/revisions\/178200"}],"wp:featuredmedia":[{"embeddable":true,"href":"https:\/\/www.gaveanews.com\/index.php\/wp-json\/wp\/v2\/media\/151089"}],"wp:attachment":[{"href":"https:\/\/www.gaveanews.com\/index.php\/wp-json\/wp\/v2\/media?parent=178199"}],"wp:term":[{"taxonomy":"category","embeddable":true,"href":"https:\/\/www.gaveanews.com\/index.php\/wp-json\/wp\/v2\/categories?post=178199"},{"taxonomy":"post_tag","embeddable":true,"href":"https:\/\/www.gaveanews.com\/index.php\/wp-json\/wp\/v2\/tags?post=178199"}],"curies":[{"name":"wp","href":"https:\/\/api.w.org\/{rel}","templated":true}]}}