{"id":178303,"date":"2024-10-27T22:40:00","date_gmt":"2024-10-28T01:40:00","guid":{"rendered":"https:\/\/www.gaveanews.com\/?p=178303"},"modified":"2024-10-27T19:56:13","modified_gmt":"2024-10-27T22:56:13","slug":"juventude-faz-publicacao-direcionada-a-braulio-apos-o-jogo-contra-o-flamengo","status":"publish","type":"post","link":"https:\/\/www.gaveanews.com\/index.php\/2024\/10\/27\/juventude-faz-publicacao-direcionada-a-braulio-apos-o-jogo-contra-o-flamengo\/","title":{"rendered":"Juventude faz publica\u00e7\u00e3o direcionada a Br\u00e1ulio ap\u00f3s o jogo contra o Flamengo"},"content":{"rendered":"\n<p>A derrota para o Flamengo no \u00faltimo s\u00e1bado (26\/10) pelo Brasileir\u00e3o gerou revolta na equipe do Juventude. O clube se sentiu prejudicado e foi a p\u00fablico protestar contra a arbitragem de Br\u00e1ulio da Silva Machado.<\/p>\n\n\n\n<ul class=\"wp-block-list\">\n<li><a href=\"https:\/\/www.gaveanews.com\/index.php\/2024\/10\/26\/flamengo-x-juventude-a-declaracao-de-gerson-sobre-o-jogo\/\">Flamengo x Juventude: a declara\u00e7\u00e3o de Gerson sobre o jogo<\/a><\/li>\n\n\n\n<li><a href=\"https:\/\/www.gaveanews.com\/index.php\/2024\/10\/27\/video-a-declaracao-de-michael-direcionada-a-gabigol-do-flamengo\/\">V\u00eddeo: a declara\u00e7\u00e3o de Michael direcionada a Gabigol, do Flamengo<\/a><\/li>\n<\/ul>\n\n\n\n<p>O Juventude foi ao Maracan\u00e3 enfrentar o Flamengo pela 31\u00aa rodada do Campeonato Brasileiro neste fim de semana e acabou derrotado por 4 a 2. A equipe ga\u00facha at\u00e9 fez um primeiro tempo equilibrado com os cariocas, e foi para o intervalo empatando a partida em 1 a 1. No entanto, na segunda etapa sucumbiu \u00e0 press\u00e3o flamenguista.<\/p>\n\n\n\n<p>O resultado el\u00e1stico, no entanto, foi fruto da interfer\u00eancia da arbitragem, de acordo com os ga\u00fachos. O clube se revoltou no X ao reagir \u00e0 expuls\u00e3o de Nen\u00ea.<\/p>\n\n\n\n<p>\u201cLance do Gabriel Taliari n\u00e3o teve revis\u00e3o no VAR. Mudou de ideia e trocou o escanteio pelo tiro de meta. E agora expulsou o Nen\u00ea com menos de quatro minutos em campo\u201d, publicou e aproveitou a oportunidade para criticar o \u00e1rbitro da partida. \u201cIsso d\u00e1 uma s\u00e9rie da Netflix. Baita filme de terror dirigido pelo Br\u00e1ulio da Silva Machado\u201d.<\/p>\n\n\n\n<p>O meio-campista de 43 anos foi expulso por Br\u00e1ulio pouco depois de entrar em campo. Ap\u00f3s reclamar com o juiz, ele recebeu um cart\u00e3o amarelo, continuou a falar com o \u00e1rbitro e, na sequ\u00eancia, tomou o segundo e, por fim, um vermelho e foi expulso.<\/p>\n\n\n\n<p>Ao fim do jogo, o lateral Alan Ruschel defendeu o companheiro de equipe e explicou o que viu da expuls\u00e3o. \u201cNo come\u00e7o do lance, eu n\u00e3o vi o que o Nen\u00ea falou pra ele. Ele expulsou porque o Nen\u00ea falou pra ele: \u2018Que pergunta eu te fiz, caral\u2026?\u2019. Fez uma pergunta e usou um palavr\u00e3o no final, mas n\u00e3o foi nenhuma ofensa\u201d, disse e finalizou. \u201cEle (Br\u00e1ulio) falou que o Nen\u00ea falou olhando pra ele e ele sentiu ofendido\u201d.<\/p>\n\n\n\n<p>Com o rev\u00e9s, o treinador Jair Ventura foi demitido do cargo. Ele deixa o Juventude na 17\u00aa posi\u00e7\u00e3o, lutando contra o rebaixamento e com 34 pontos conquistados at\u00e9 aqui.<\/p>\n","protected":false},"excerpt":{"rendered":"<p>A derrota para o Flamengo no \u00faltimo s\u00e1bado (26\/10) pelo Brasileir\u00e3o gerou revolta na equipe do Juventude. O clube se sentiu prejudicado e foi a p\u00fablico protestar contra a arbitragem de Br\u00e1ulio da Silva Machado. O Juventude foi ao Maracan\u00e3 enfrentar o Flamengo pela 31\u00aa rodada do Campeonato Brasileiro neste fim de semana e acabou [&hellip;]<\/p>\n","protected":false},"author":29,"featured_media":162104,"comment_status":"open","ping_status":"closed","sticky":false,"template":"","format":"standard","meta":{"footnotes":""},"categories":[1,149],"tags":[],"class_list":["post-178303","post","type-post","status-publish","format-standard","has-post-thumbnail","hentry","category-flamengo","category-juventude"],"yoast_head":"<!-- This site is optimized with the Yoast SEO Premium plugin v24.2 (Yoast SEO v26.9) - https:\/\/yoast.com\/product\/yoast-seo-premium-wordpress\/ -->\n<title>Juventude faz publica\u00e7\u00e3o direcionada a Br\u00e1ulio ap\u00f3s o jogo contra o Flamengo<\/title>\n<meta name=\"robots\" content=\"index, follow, max-snippet:-1, max-image-preview:large, max-video-preview:-1\" \/>\n<link rel=\"canonical\" href=\"https:\/\/www.gaveanews.com\/index.php\/2024\/10\/27\/juventude-faz-publicacao-direcionada-a-braulio-apos-o-jogo-contra-o-flamengo\/\" \/>\n<meta property=\"og:locale\" content=\"pt_BR\" \/>\n<meta property=\"og:type\" content=\"article\" \/>\n<meta property=\"og:title\" content=\"Juventude faz publica\u00e7\u00e3o direcionada a Br\u00e1ulio ap\u00f3s o jogo contra o Flamengo\" \/>\n<meta property=\"og:description\" content=\"A derrota para o Flamengo no \u00faltimo s\u00e1bado (26\/10) pelo Brasileir\u00e3o gerou revolta na equipe do Juventude. O clube se sentiu prejudicado e foi a p\u00fablico protestar contra a arbitragem de Br\u00e1ulio da Silva Machado. O Juventude foi ao Maracan\u00e3 enfrentar o Flamengo pela 31\u00aa rodada do Campeonato Brasileiro neste fim de semana e acabou [&hellip;]\" \/>\n<meta property=\"og:url\" content=\"https:\/\/www.gaveanews.com\/index.php\/2024\/10\/27\/juventude-faz-publicacao-direcionada-a-braulio-apos-o-jogo-contra-o-flamengo\/\" \/>\n<meta property=\"og:site_name\" content=\"G\u00e1vea News\" \/>\n<meta property=\"article:publisher\" content=\"https:\/\/facebook.com\/gaveaNews\/\" \/>\n<meta property=\"article:published_time\" content=\"2024-10-28T01:40:00+00:00\" \/>\n<meta property=\"og:image\" content=\"https:\/\/www.gaveanews.com\/wp-content\/uploads\/Joao-Lucas-com-a-camisa-do-Juventude.webp\" \/>\n\t<meta property=\"og:image:width\" content=\"1600\" \/>\n\t<meta property=\"og:image:height\" content=\"1066\" \/>\n\t<meta property=\"og:image:type\" content=\"image\/jpeg\" \/>\n<meta name=\"author\" content=\"Marco Menezes\" \/>\n<meta name=\"twitter:card\" content=\"summary_large_image\" \/>\n<meta name=\"twitter:label1\" content=\"Escrito por\" \/>\n\t<meta name=\"twitter:data1\" content=\"Marco Menezes\" \/>\n\t<meta name=\"twitter:label2\" content=\"Est. tempo de leitura\" \/>\n\t<meta name=\"twitter:data2\" content=\"3 minutos\" \/>\n<script type=\"application\/ld+json\" class=\"yoast-schema-graph\">{\"@context\":\"https:\/\/schema.org\",\"@graph\":[{\"@type\":\"NewsArticle\",\"@id\":\"https:\/\/www.gaveanews.com\/index.php\/2024\/10\/27\/juventude-faz-publicacao-direcionada-a-braulio-apos-o-jogo-contra-o-flamengo\/#article\",\"isPartOf\":{\"@id\":\"https:\/\/www.gaveanews.com\/index.php\/2024\/10\/27\/juventude-faz-publicacao-direcionada-a-braulio-apos-o-jogo-contra-o-flamengo\/\"},\"author\":{\"name\":\"Marco Menezes\",\"@id\":\"https:\/\/www.gaveanews.com\/#\/schema\/person\/a9f62fe75380c6bada1b2fc49bc23d69\"},\"headline\":\"Juventude faz publica\u00e7\u00e3o direcionada a Br\u00e1ulio ap\u00f3s o jogo contra o Flamengo\",\"datePublished\":\"2024-10-28T01:40:00+00:00\",\"mainEntityOfPage\":{\"@id\":\"https:\/\/www.gaveanews.com\/index.php\/2024\/10\/27\/juventude-faz-publicacao-direcionada-a-braulio-apos-o-jogo-contra-o-flamengo\/\"},\"wordCount\":386,\"commentCount\":0,\"image\":{\"@id\":\"https:\/\/www.gaveanews.com\/index.php\/2024\/10\/27\/juventude-faz-publicacao-direcionada-a-braulio-apos-o-jogo-contra-o-flamengo\/#primaryimage\"},\"thumbnailUrl\":\"https:\/\/www.gaveanews.com\/wp-content\/uploads\/Joao-Lucas-com-a-camisa-do-Juventude.webp\",\"articleSection\":[\"Flamengo\",\"Juventude\"],\"inLanguage\":\"pt-BR\",\"potentialAction\":[{\"@type\":\"CommentAction\",\"name\":\"Comment\",\"target\":[\"https:\/\/www.gaveanews.com\/index.php\/2024\/10\/27\/juventude-faz-publicacao-direcionada-a-braulio-apos-o-jogo-contra-o-flamengo\/#respond\"]}],\"copyrightYear\":\"2024\",\"copyrightHolder\":{\"@id\":\"https:\/\/www.gaveanews.com\/#organization\"}},{\"@type\":\"WebPage\",\"@id\":\"https:\/\/www.gaveanews.com\/index.php\/2024\/10\/27\/juventude-faz-publicacao-direcionada-a-braulio-apos-o-jogo-contra-o-flamengo\/\",\"url\":\"https:\/\/www.gaveanews.com\/index.php\/2024\/10\/27\/juventude-faz-publicacao-direcionada-a-braulio-apos-o-jogo-contra-o-flamengo\/\",\"name\":\"Juventude faz publica\u00e7\u00e3o direcionada a Br\u00e1ulio ap\u00f3s o jogo contra o Flamengo\",\"isPartOf\":{\"@id\":\"https:\/\/www.gaveanews.com\/#website\"},\"primaryImageOfPage\":{\"@id\":\"https:\/\/www.gaveanews.com\/index.php\/2024\/10\/27\/juventude-faz-publicacao-direcionada-a-braulio-apos-o-jogo-contra-o-flamengo\/#primaryimage\"},\"image\":{\"@id\":\"https:\/\/www.gaveanews.com\/index.php\/2024\/10\/27\/juventude-faz-publicacao-direcionada-a-braulio-apos-o-jogo-contra-o-flamengo\/#primaryimage\"},\"thumbnailUrl\":\"https:\/\/www.gaveanews.com\/wp-content\/uploads\/Joao-Lucas-com-a-camisa-do-Juventude.webp\",\"datePublished\":\"2024-10-28T01:40:00+00:00\",\"author\":{\"@id\":\"https:\/\/www.gaveanews.com\/#\/schema\/person\/a9f62fe75380c6bada1b2fc49bc23d69\"},\"breadcrumb\":{\"@id\":\"https:\/\/www.gaveanews.com\/index.php\/2024\/10\/27\/juventude-faz-publicacao-direcionada-a-braulio-apos-o-jogo-contra-o-flamengo\/#breadcrumb\"},\"inLanguage\":\"pt-BR\",\"potentialAction\":[{\"@type\":\"ReadAction\",\"target\":[\"https:\/\/www.gaveanews.com\/index.php\/2024\/10\/27\/juventude-faz-publicacao-direcionada-a-braulio-apos-o-jogo-contra-o-flamengo\/\"]}]},{\"@type\":\"ImageObject\",\"inLanguage\":\"pt-BR\",\"@id\":\"https:\/\/www.gaveanews.com\/index.php\/2024\/10\/27\/juventude-faz-publicacao-direcionada-a-braulio-apos-o-jogo-contra-o-flamengo\/#primaryimage\",\"url\":\"https:\/\/www.gaveanews.com\/wp-content\/uploads\/Joao-Lucas-com-a-camisa-do-Juventude.webp\",\"contentUrl\":\"https:\/\/www.gaveanews.com\/wp-content\/uploads\/Joao-Lucas-com-a-camisa-do-Juventude.webp\",\"width\":1600,\"height\":1066,\"caption\":\"Jo\u00e3o Lucas com a camisa do Juventude (Foto: Reprodu\u00e7\u00e3o\/Juventude)\"},{\"@type\":\"BreadcrumbList\",\"@id\":\"https:\/\/www.gaveanews.com\/index.php\/2024\/10\/27\/juventude-faz-publicacao-direcionada-a-braulio-apos-o-jogo-contra-o-flamengo\/#breadcrumb\",\"itemListElement\":[{\"@type\":\"ListItem\",\"position\":1,\"name\":\"Home\",\"item\":\"https:\/\/www.gaveanews.com\/\"},{\"@type\":\"ListItem\",\"position\":2,\"name\":\"Juventude faz publica\u00e7\u00e3o direcionada a Br\u00e1ulio ap\u00f3s o jogo contra o Flamengo\"}]},{\"@type\":\"WebSite\",\"@id\":\"https:\/\/www.gaveanews.com\/#website\",\"url\":\"https:\/\/www.gaveanews.com\/\",\"name\":\"G\u00e1vea News\",\"description\":\"Veja todas as not\u00edcias sobre o Flamengo: Contrata\u00e7\u00f5es, categorias de base, resultados das partidas, tabela de classifica\u00e7\u00e3o, pr\u00f3ximos jogos!\",\"potentialAction\":[{\"@type\":\"SearchAction\",\"target\":{\"@type\":\"EntryPoint\",\"urlTemplate\":\"https:\/\/www.gaveanews.com\/?s={search_term_string}\"},\"query-input\":{\"@type\":\"PropertyValueSpecification\",\"valueRequired\":true,\"valueName\":\"search_term_string\"}}],\"inLanguage\":\"pt-BR\"},{\"@type\":\"Person\",\"@id\":\"https:\/\/www.gaveanews.com\/#\/schema\/person\/a9f62fe75380c6bada1b2fc49bc23d69\",\"name\":\"Marco Menezes\",\"image\":{\"@type\":\"ImageObject\",\"inLanguage\":\"pt-BR\",\"@id\":\"https:\/\/www.gaveanews.com\/#\/schema\/person\/image\/\",\"url\":\"https:\/\/secure.gravatar.com\/avatar\/a1d148ae17fc8bfc5dbccffd07979e8bd2c9ba494221779de86ec2c7907b71ec?s=96&d=mm&r=g\",\"contentUrl\":\"https:\/\/secure.gravatar.com\/avatar\/a1d148ae17fc8bfc5dbccffd07979e8bd2c9ba494221779de86ec2c7907b71ec?s=96&d=mm&r=g\",\"caption\":\"Marco Menezes\"}}]}<\/script>\n<!-- \/ Yoast SEO Premium plugin. -->","yoast_head_json":{"title":"Juventude faz publica\u00e7\u00e3o direcionada a Br\u00e1ulio ap\u00f3s o jogo contra o Flamengo","robots":{"index":"index","follow":"follow","max-snippet":"max-snippet:-1","max-image-preview":"max-image-preview:large","max-video-preview":"max-video-preview:-1"},"canonical":"https:\/\/www.gaveanews.com\/index.php\/2024\/10\/27\/juventude-faz-publicacao-direcionada-a-braulio-apos-o-jogo-contra-o-flamengo\/","og_locale":"pt_BR","og_type":"article","og_title":"Juventude faz publica\u00e7\u00e3o direcionada a Br\u00e1ulio ap\u00f3s o jogo contra o Flamengo","og_description":"A derrota para o Flamengo no \u00faltimo s\u00e1bado (26\/10) pelo Brasileir\u00e3o gerou revolta na equipe do Juventude. O clube se sentiu prejudicado e foi a p\u00fablico protestar contra a arbitragem de Br\u00e1ulio da Silva Machado. O Juventude foi ao Maracan\u00e3 enfrentar o Flamengo pela 31\u00aa rodada do Campeonato Brasileiro neste fim de semana e acabou [&hellip;]","og_url":"https:\/\/www.gaveanews.com\/index.php\/2024\/10\/27\/juventude-faz-publicacao-direcionada-a-braulio-apos-o-jogo-contra-o-flamengo\/","og_site_name":"G\u00e1vea News","article_publisher":"https:\/\/facebook.com\/gaveaNews\/","article_published_time":"2024-10-28T01:40:00+00:00","og_image":[{"width":1600,"height":1066,"url":"https:\/\/www.gaveanews.com\/wp-content\/uploads\/Joao-Lucas-com-a-camisa-do-Juventude.webp","type":"image\/jpeg"}],"author":"Marco Menezes","twitter_card":"summary_large_image","twitter_misc":{"Escrito por":"Marco Menezes","Est. tempo de leitura":"3 minutos"},"schema":{"@context":"https:\/\/schema.org","@graph":[{"@type":"NewsArticle","@id":"https:\/\/www.gaveanews.com\/index.php\/2024\/10\/27\/juventude-faz-publicacao-direcionada-a-braulio-apos-o-jogo-contra-o-flamengo\/#article","isPartOf":{"@id":"https:\/\/www.gaveanews.com\/index.php\/2024\/10\/27\/juventude-faz-publicacao-direcionada-a-braulio-apos-o-jogo-contra-o-flamengo\/"},"author":{"name":"Marco Menezes","@id":"https:\/\/www.gaveanews.com\/#\/schema\/person\/a9f62fe75380c6bada1b2fc49bc23d69"},"headline":"Juventude faz publica\u00e7\u00e3o direcionada a Br\u00e1ulio ap\u00f3s o jogo contra o Flamengo","datePublished":"2024-10-28T01:40:00+00:00","mainEntityOfPage":{"@id":"https:\/\/www.gaveanews.com\/index.php\/2024\/10\/27\/juventude-faz-publicacao-direcionada-a-braulio-apos-o-jogo-contra-o-flamengo\/"},"wordCount":386,"commentCount":0,"image":{"@id":"https:\/\/www.gaveanews.com\/index.php\/2024\/10\/27\/juventude-faz-publicacao-direcionada-a-braulio-apos-o-jogo-contra-o-flamengo\/#primaryimage"},"thumbnailUrl":"https:\/\/www.gaveanews.com\/wp-content\/uploads\/Joao-Lucas-com-a-camisa-do-Juventude.webp","articleSection":["Flamengo","Juventude"],"inLanguage":"pt-BR","potentialAction":[{"@type":"CommentAction","name":"Comment","target":["https:\/\/www.gaveanews.com\/index.php\/2024\/10\/27\/juventude-faz-publicacao-direcionada-a-braulio-apos-o-jogo-contra-o-flamengo\/#respond"]}],"copyrightYear":"2024","copyrightHolder":{"@id":"https:\/\/www.gaveanews.com\/#organization"}},{"@type":"WebPage","@id":"https:\/\/www.gaveanews.com\/index.php\/2024\/10\/27\/juventude-faz-publicacao-direcionada-a-braulio-apos-o-jogo-contra-o-flamengo\/","url":"https:\/\/www.gaveanews.com\/index.php\/2024\/10\/27\/juventude-faz-publicacao-direcionada-a-braulio-apos-o-jogo-contra-o-flamengo\/","name":"Juventude faz publica\u00e7\u00e3o direcionada a Br\u00e1ulio ap\u00f3s o jogo contra o Flamengo","isPartOf":{"@id":"https:\/\/www.gaveanews.com\/#website"},"primaryImageOfPage":{"@id":"https:\/\/www.gaveanews.com\/index.php\/2024\/10\/27\/juventude-faz-publicacao-direcionada-a-braulio-apos-o-jogo-contra-o-flamengo\/#primaryimage"},"image":{"@id":"https:\/\/www.gaveanews.com\/index.php\/2024\/10\/27\/juventude-faz-publicacao-direcionada-a-braulio-apos-o-jogo-contra-o-flamengo\/#primaryimage"},"thumbnailUrl":"https:\/\/www.gaveanews.com\/wp-content\/uploads\/Joao-Lucas-com-a-camisa-do-Juventude.webp","datePublished":"2024-10-28T01:40:00+00:00","author":{"@id":"https:\/\/www.gaveanews.com\/#\/schema\/person\/a9f62fe75380c6bada1b2fc49bc23d69"},"breadcrumb":{"@id":"https:\/\/www.gaveanews.com\/index.php\/2024\/10\/27\/juventude-faz-publicacao-direcionada-a-braulio-apos-o-jogo-contra-o-flamengo\/#breadcrumb"},"inLanguage":"pt-BR","potentialAction":[{"@type":"ReadAction","target":["https:\/\/www.gaveanews.com\/index.php\/2024\/10\/27\/juventude-faz-publicacao-direcionada-a-braulio-apos-o-jogo-contra-o-flamengo\/"]}]},{"@type":"ImageObject","inLanguage":"pt-BR","@id":"https:\/\/www.gaveanews.com\/index.php\/2024\/10\/27\/juventude-faz-publicacao-direcionada-a-braulio-apos-o-jogo-contra-o-flamengo\/#primaryimage","url":"https:\/\/www.gaveanews.com\/wp-content\/uploads\/Joao-Lucas-com-a-camisa-do-Juventude.webp","contentUrl":"https:\/\/www.gaveanews.com\/wp-content\/uploads\/Joao-Lucas-com-a-camisa-do-Juventude.webp","width":1600,"height":1066,"caption":"Jo\u00e3o Lucas com a camisa do Juventude (Foto: Reprodu\u00e7\u00e3o\/Juventude)"},{"@type":"BreadcrumbList","@id":"https:\/\/www.gaveanews.com\/index.php\/2024\/10\/27\/juventude-faz-publicacao-direcionada-a-braulio-apos-o-jogo-contra-o-flamengo\/#breadcrumb","itemListElement":[{"@type":"ListItem","position":1,"name":"Home","item":"https:\/\/www.gaveanews.com\/"},{"@type":"ListItem","position":2,"name":"Juventude faz publica\u00e7\u00e3o direcionada a Br\u00e1ulio ap\u00f3s o jogo contra o Flamengo"}]},{"@type":"WebSite","@id":"https:\/\/www.gaveanews.com\/#website","url":"https:\/\/www.gaveanews.com\/","name":"G\u00e1vea News","description":"Veja todas as not\u00edcias sobre o Flamengo: Contrata\u00e7\u00f5es, categorias de base, resultados das partidas, tabela de classifica\u00e7\u00e3o, pr\u00f3ximos jogos!","potentialAction":[{"@type":"SearchAction","target":{"@type":"EntryPoint","urlTemplate":"https:\/\/www.gaveanews.com\/?s={search_term_string}"},"query-input":{"@type":"PropertyValueSpecification","valueRequired":true,"valueName":"search_term_string"}}],"inLanguage":"pt-BR"},{"@type":"Person","@id":"https:\/\/www.gaveanews.com\/#\/schema\/person\/a9f62fe75380c6bada1b2fc49bc23d69","name":"Marco Menezes","image":{"@type":"ImageObject","inLanguage":"pt-BR","@id":"https:\/\/www.gaveanews.com\/#\/schema\/person\/image\/","url":"https:\/\/secure.gravatar.com\/avatar\/a1d148ae17fc8bfc5dbccffd07979e8bd2c9ba494221779de86ec2c7907b71ec?s=96&d=mm&r=g","contentUrl":"https:\/\/secure.gravatar.com\/avatar\/a1d148ae17fc8bfc5dbccffd07979e8bd2c9ba494221779de86ec2c7907b71ec?s=96&d=mm&r=g","caption":"Marco Menezes"}}]}},"_links":{"self":[{"href":"https:\/\/www.gaveanews.com\/index.php\/wp-json\/wp\/v2\/posts\/178303","targetHints":{"allow":["GET"]}}],"collection":[{"href":"https:\/\/www.gaveanews.com\/index.php\/wp-json\/wp\/v2\/posts"}],"about":[{"href":"https:\/\/www.gaveanews.com\/index.php\/wp-json\/wp\/v2\/types\/post"}],"author":[{"embeddable":true,"href":"https:\/\/www.gaveanews.com\/index.php\/wp-json\/wp\/v2\/users\/29"}],"replies":[{"embeddable":true,"href":"https:\/\/www.gaveanews.com\/index.php\/wp-json\/wp\/v2\/comments?post=178303"}],"version-history":[{"count":2,"href":"https:\/\/www.gaveanews.com\/index.php\/wp-json\/wp\/v2\/posts\/178303\/revisions"}],"predecessor-version":[{"id":178305,"href":"https:\/\/www.gaveanews.com\/index.php\/wp-json\/wp\/v2\/posts\/178303\/revisions\/178305"}],"wp:featuredmedia":[{"embeddable":true,"href":"https:\/\/www.gaveanews.com\/index.php\/wp-json\/wp\/v2\/media\/162104"}],"wp:attachment":[{"href":"https:\/\/www.gaveanews.com\/index.php\/wp-json\/wp\/v2\/media?parent=178303"}],"wp:term":[{"taxonomy":"category","embeddable":true,"href":"https:\/\/www.gaveanews.com\/index.php\/wp-json\/wp\/v2\/categories?post=178303"},{"taxonomy":"post_tag","embeddable":true,"href":"https:\/\/www.gaveanews.com\/index.php\/wp-json\/wp\/v2\/tags?post=178303"}],"curies":[{"name":"wp","href":"https:\/\/api.w.org\/{rel}","templated":true}]}}