{"id":178317,"date":"2024-10-27T23:05:00","date_gmt":"2024-10-28T02:05:00","guid":{"rendered":"https:\/\/www.gaveanews.com\/?p=178317"},"modified":"2024-10-27T21:43:38","modified_gmt":"2024-10-28T00:43:38","slug":"cruzeiro-emite-nota-oficial-apos-confusao-de-torcedores-do-palmeiras","status":"publish","type":"post","link":"https:\/\/www.gaveanews.com\/index.php\/2024\/10\/27\/cruzeiro-emite-nota-oficial-apos-confusao-de-torcedores-do-palmeiras\/","title":{"rendered":"Cruzeiro emite nota oficial ap\u00f3s confus\u00e3o de torcedores do Palmeiras"},"content":{"rendered":"\n<h2 class=\"wp-block-heading\" id=\"h-cruzeiro-e-palmeiras-lamentam-confronto-entre-torcedores-que-deixou-um-morto-e-20-feridos\">Cruzeiro e Palmeiras lamentam confronto entre torcedores que deixou um morto e 20 feridos<\/h2>\n\n\n\n<p>O Cruzeiro publicou uma nota oficial lamentando o ataque violento de uma torcida organizada do Palmeiras contra dois \u00f4nibus com torcedores cruzeirenses na Rodovia Fern\u00e3o Dias, em Mairipor\u00e3 (SP). Na confus\u00e3o, que ocorreu na madrugada deste domingo, uma pessoa morreu e 20 ficaram feridas.<\/p>\n\n\n\n<ul class=\"wp-block-list\">\n<li><a href=\"https:\/\/www.gaveanews.com\/index.php\/2024\/10\/27\/torcida-do-cruzeiro-massacra-rafa-silva-apos-expulsao\/\">Torcida do Cruzeiro massacra Rafa Silva ap\u00f3s expuls\u00e3o<\/a><\/li>\n\n\n\n<li><a href=\"https:\/\/www.gaveanews.com\/index.php\/2024\/10\/27\/a-declaracao-de-alexandre-mattos-sobre-o-jogo-entre-cruzeiro-x-lanus\/\">A declara\u00e7\u00e3o de Alexandre Mattos sobre o jogo entre Cruzeiro x Lan\u00fas<\/a><\/li>\n<\/ul>\n\n\n\n<p>\u201cO Cruzeiro lamenta profundamente mais um epis\u00f3dio de viol\u00eancia entre torcedores, desta vez durante a madrugada, na rodovia Fern\u00e3o Dias, que culminou com a morte de um cruzeirense e v\u00e1rios feridos. N\u00e3o h\u00e1 mais espa\u00e7o para viol\u00eancia no futebol, um esporte que une paix\u00f5es e multid\u00f5es. Precisamos dar um basta a esses atos criminosos\u201d, declarou o clube em nota.<\/p>\n\n\n\n<p>De acordo com a pol\u00edcia, cerca de 150 palmeirenses realizaram uma emboscada contra os \u00f4nibus dos cruzeirenses. Um dos ve\u00edculos foi queimado, e Jos\u00e9 Victor dos Santos Miranda, integrante da M\u00e1fia Azul de Sete Lagoas, morreu carbonizado no ataque.<\/p>\n\n\n\n<p>Os confrontos entre torcedores das organizadas Mancha Alviverde, do Palmeiras, e M\u00e1fia Azul, do Cruzeiro, t\u00eam um hist\u00f3rico de viol\u00eancia. Em setembro de 2022, um conflito entre as torcidas deixou quatro pessoas baleadas e outras dez gravemente feridas na regi\u00e3o de Carm\u00f3polis de Minas, no Centro-Oeste mineiro.<\/p>\n\n\n\n<p>A Secretaria de Seguran\u00e7a P\u00fablica de S\u00e3o Paulo informou que os torcedores cruzeirenses foram emboscados enquanto retornavam de Curitiba, onde a equipe mineira enfrentou o Athletico Paranaense no s\u00e1bado (26). Segundo a Pol\u00edcia Rodovi\u00e1ria Federal (PRF), os palmeirenses envolvidos usaram peda\u00e7os de madeira como armas durante a briga.<\/p>\n\n\n\n<p>O Palmeiras tamb\u00e9m se manifestou sobre o ocorrido, publicando uma nota de rep\u00fadio e pedindo a apura\u00e7\u00e3o do caso. \u201cA Sociedade Esportiva Palmeiras repudia as cenas de viol\u00eancia protagonizadas na Rodovia Fern\u00e3o Dias, na manh\u00e3 deste domingo. O futebol n\u00e3o pode servir como pano de fundo para brigas e mortes. Que os fatos sejam devidamente apurados pelas autoridades competentes e os criminosos, punidos com rigor\u201d, afirmou o clube paulista.<\/p>\n","protected":false},"excerpt":{"rendered":"<p>Cruzeiro e Palmeiras lamentam confronto entre torcedores que deixou um morto e 20 feridos O Cruzeiro publicou uma nota oficial lamentando o ataque violento de uma torcida organizada do Palmeiras contra dois \u00f4nibus com torcedores cruzeirenses na Rodovia Fern\u00e3o Dias, em Mairipor\u00e3 (SP). Na confus\u00e3o, que ocorreu na madrugada deste domingo, uma pessoa morreu e [&hellip;]<\/p>\n","protected":false},"author":20,"featured_media":175923,"comment_status":"open","ping_status":"closed","sticky":false,"template":"","format":"standard","meta":{"footnotes":""},"categories":[143,150],"tags":[],"class_list":["post-178317","post","type-post","status-publish","format-standard","has-post-thumbnail","hentry","category-cruzeiro","category-palmeiras"],"yoast_head":"<!-- This site is optimized with the Yoast SEO Premium plugin v24.2 (Yoast SEO v26.9) - https:\/\/yoast.com\/product\/yoast-seo-premium-wordpress\/ -->\n<title>Cruzeiro emite nota oficial ap\u00f3s confus\u00e3o de torcedores do Palmeiras<\/title>\n<meta name=\"robots\" content=\"index, follow, max-snippet:-1, max-image-preview:large, max-video-preview:-1\" \/>\n<link rel=\"canonical\" href=\"https:\/\/www.gaveanews.com\/index.php\/2024\/10\/27\/cruzeiro-emite-nota-oficial-apos-confusao-de-torcedores-do-palmeiras\/\" \/>\n<meta property=\"og:locale\" content=\"pt_BR\" \/>\n<meta property=\"og:type\" content=\"article\" \/>\n<meta property=\"og:title\" content=\"Cruzeiro emite nota oficial ap\u00f3s confus\u00e3o de torcedores do Palmeiras\" \/>\n<meta property=\"og:description\" content=\"Cruzeiro e Palmeiras lamentam confronto entre torcedores que deixou um morto e 20 feridos O Cruzeiro publicou uma nota oficial lamentando o ataque violento de uma torcida organizada do Palmeiras contra dois \u00f4nibus com torcedores cruzeirenses na Rodovia Fern\u00e3o Dias, em Mairipor\u00e3 (SP). Na confus\u00e3o, que ocorreu na madrugada deste domingo, uma pessoa morreu e [&hellip;]\" \/>\n<meta property=\"og:url\" content=\"https:\/\/www.gaveanews.com\/index.php\/2024\/10\/27\/cruzeiro-emite-nota-oficial-apos-confusao-de-torcedores-do-palmeiras\/\" \/>\n<meta property=\"og:site_name\" content=\"G\u00e1vea News\" \/>\n<meta property=\"article:publisher\" content=\"https:\/\/facebook.com\/gaveaNews\/\" \/>\n<meta property=\"article:published_time\" content=\"2024-10-28T02:05:00+00:00\" \/>\n<meta property=\"og:image\" content=\"https:\/\/www.gaveanews.com\/wp-content\/uploads\/Pedro-Lourenco-Pedrinho.webp\" \/>\n\t<meta property=\"og:image:width\" content=\"984\" \/>\n\t<meta property=\"og:image:height\" content=\"656\" \/>\n\t<meta property=\"og:image:type\" content=\"image\/webp\" \/>\n<meta name=\"author\" content=\"Lucas Barros\" \/>\n<meta name=\"twitter:card\" content=\"summary_large_image\" \/>\n<meta name=\"twitter:label1\" content=\"Escrito por\" \/>\n\t<meta name=\"twitter:data1\" content=\"Lucas Barros\" \/>\n\t<meta name=\"twitter:label2\" content=\"Est. tempo de leitura\" \/>\n\t<meta name=\"twitter:data2\" content=\"3 minutos\" \/>\n<script type=\"application\/ld+json\" class=\"yoast-schema-graph\">{\"@context\":\"https:\/\/schema.org\",\"@graph\":[{\"@type\":\"NewsArticle\",\"@id\":\"https:\/\/www.gaveanews.com\/index.php\/2024\/10\/27\/cruzeiro-emite-nota-oficial-apos-confusao-de-torcedores-do-palmeiras\/#article\",\"isPartOf\":{\"@id\":\"https:\/\/www.gaveanews.com\/index.php\/2024\/10\/27\/cruzeiro-emite-nota-oficial-apos-confusao-de-torcedores-do-palmeiras\/\"},\"author\":{\"name\":\"Lucas Barros\",\"@id\":\"https:\/\/www.gaveanews.com\/#\/schema\/person\/2abf0cfa878f5f899daa5f781e82264c\"},\"headline\":\"Cruzeiro emite nota oficial ap\u00f3s confus\u00e3o de torcedores do Palmeiras\",\"datePublished\":\"2024-10-28T02:05:00+00:00\",\"mainEntityOfPage\":{\"@id\":\"https:\/\/www.gaveanews.com\/index.php\/2024\/10\/27\/cruzeiro-emite-nota-oficial-apos-confusao-de-torcedores-do-palmeiras\/\"},\"wordCount\":384,\"commentCount\":0,\"image\":{\"@id\":\"https:\/\/www.gaveanews.com\/index.php\/2024\/10\/27\/cruzeiro-emite-nota-oficial-apos-confusao-de-torcedores-do-palmeiras\/#primaryimage\"},\"thumbnailUrl\":\"https:\/\/www.gaveanews.com\/wp-content\/uploads\/Pedro-Lourenco-Pedrinho.webp\",\"articleSection\":[\"Cruzeiro\",\"Palmeiras\"],\"inLanguage\":\"pt-BR\",\"potentialAction\":[{\"@type\":\"CommentAction\",\"name\":\"Comment\",\"target\":[\"https:\/\/www.gaveanews.com\/index.php\/2024\/10\/27\/cruzeiro-emite-nota-oficial-apos-confusao-de-torcedores-do-palmeiras\/#respond\"]}],\"copyrightYear\":\"2024\",\"copyrightHolder\":{\"@id\":\"https:\/\/www.gaveanews.com\/#organization\"}},{\"@type\":\"WebPage\",\"@id\":\"https:\/\/www.gaveanews.com\/index.php\/2024\/10\/27\/cruzeiro-emite-nota-oficial-apos-confusao-de-torcedores-do-palmeiras\/\",\"url\":\"https:\/\/www.gaveanews.com\/index.php\/2024\/10\/27\/cruzeiro-emite-nota-oficial-apos-confusao-de-torcedores-do-palmeiras\/\",\"name\":\"Cruzeiro emite nota oficial ap\u00f3s confus\u00e3o de torcedores do Palmeiras\",\"isPartOf\":{\"@id\":\"https:\/\/www.gaveanews.com\/#website\"},\"primaryImageOfPage\":{\"@id\":\"https:\/\/www.gaveanews.com\/index.php\/2024\/10\/27\/cruzeiro-emite-nota-oficial-apos-confusao-de-torcedores-do-palmeiras\/#primaryimage\"},\"image\":{\"@id\":\"https:\/\/www.gaveanews.com\/index.php\/2024\/10\/27\/cruzeiro-emite-nota-oficial-apos-confusao-de-torcedores-do-palmeiras\/#primaryimage\"},\"thumbnailUrl\":\"https:\/\/www.gaveanews.com\/wp-content\/uploads\/Pedro-Lourenco-Pedrinho.webp\",\"datePublished\":\"2024-10-28T02:05:00+00:00\",\"author\":{\"@id\":\"https:\/\/www.gaveanews.com\/#\/schema\/person\/2abf0cfa878f5f899daa5f781e82264c\"},\"breadcrumb\":{\"@id\":\"https:\/\/www.gaveanews.com\/index.php\/2024\/10\/27\/cruzeiro-emite-nota-oficial-apos-confusao-de-torcedores-do-palmeiras\/#breadcrumb\"},\"inLanguage\":\"pt-BR\",\"potentialAction\":[{\"@type\":\"ReadAction\",\"target\":[\"https:\/\/www.gaveanews.com\/index.php\/2024\/10\/27\/cruzeiro-emite-nota-oficial-apos-confusao-de-torcedores-do-palmeiras\/\"]}]},{\"@type\":\"ImageObject\",\"inLanguage\":\"pt-BR\",\"@id\":\"https:\/\/www.gaveanews.com\/index.php\/2024\/10\/27\/cruzeiro-emite-nota-oficial-apos-confusao-de-torcedores-do-palmeiras\/#primaryimage\",\"url\":\"https:\/\/www.gaveanews.com\/wp-content\/uploads\/Pedro-Lourenco-Pedrinho.webp\",\"contentUrl\":\"https:\/\/www.gaveanews.com\/wp-content\/uploads\/Pedro-Lourenco-Pedrinho.webp\",\"width\":984,\"height\":656,\"caption\":\"Pedro Louren\u00e7o (Pedrinho) (Foto: Gustavo Aleixo\/Cruzeiro)\"},{\"@type\":\"BreadcrumbList\",\"@id\":\"https:\/\/www.gaveanews.com\/index.php\/2024\/10\/27\/cruzeiro-emite-nota-oficial-apos-confusao-de-torcedores-do-palmeiras\/#breadcrumb\",\"itemListElement\":[{\"@type\":\"ListItem\",\"position\":1,\"name\":\"Home\",\"item\":\"https:\/\/www.gaveanews.com\/\"},{\"@type\":\"ListItem\",\"position\":2,\"name\":\"Cruzeiro emite nota oficial ap\u00f3s confus\u00e3o de torcedores do Palmeiras\"}]},{\"@type\":\"WebSite\",\"@id\":\"https:\/\/www.gaveanews.com\/#website\",\"url\":\"https:\/\/www.gaveanews.com\/\",\"name\":\"G\u00e1vea News\",\"description\":\"Veja todas as not\u00edcias sobre o Flamengo: Contrata\u00e7\u00f5es, categorias de base, resultados das partidas, tabela de classifica\u00e7\u00e3o, pr\u00f3ximos jogos!\",\"potentialAction\":[{\"@type\":\"SearchAction\",\"target\":{\"@type\":\"EntryPoint\",\"urlTemplate\":\"https:\/\/www.gaveanews.com\/?s={search_term_string}\"},\"query-input\":{\"@type\":\"PropertyValueSpecification\",\"valueRequired\":true,\"valueName\":\"search_term_string\"}}],\"inLanguage\":\"pt-BR\"},{\"@type\":\"Person\",\"@id\":\"https:\/\/www.gaveanews.com\/#\/schema\/person\/2abf0cfa878f5f899daa5f781e82264c\",\"name\":\"Lucas Barros\",\"image\":{\"@type\":\"ImageObject\",\"inLanguage\":\"pt-BR\",\"@id\":\"https:\/\/www.gaveanews.com\/#\/schema\/person\/image\/\",\"url\":\"https:\/\/secure.gravatar.com\/avatar\/67a6069eba66bf6fd7c80b70e1331baa3dbc3d6df5012d5c22eff29c7d59e0b0?s=96&d=mm&r=g\",\"contentUrl\":\"https:\/\/secure.gravatar.com\/avatar\/67a6069eba66bf6fd7c80b70e1331baa3dbc3d6df5012d5c22eff29c7d59e0b0?s=96&d=mm&r=g\",\"caption\":\"Lucas Barros\"}}]}<\/script>\n<!-- \/ Yoast SEO Premium plugin. -->","yoast_head_json":{"title":"Cruzeiro emite nota oficial ap\u00f3s confus\u00e3o de torcedores do Palmeiras","robots":{"index":"index","follow":"follow","max-snippet":"max-snippet:-1","max-image-preview":"max-image-preview:large","max-video-preview":"max-video-preview:-1"},"canonical":"https:\/\/www.gaveanews.com\/index.php\/2024\/10\/27\/cruzeiro-emite-nota-oficial-apos-confusao-de-torcedores-do-palmeiras\/","og_locale":"pt_BR","og_type":"article","og_title":"Cruzeiro emite nota oficial ap\u00f3s confus\u00e3o de torcedores do Palmeiras","og_description":"Cruzeiro e Palmeiras lamentam confronto entre torcedores que deixou um morto e 20 feridos O Cruzeiro publicou uma nota oficial lamentando o ataque violento de uma torcida organizada do Palmeiras contra dois \u00f4nibus com torcedores cruzeirenses na Rodovia Fern\u00e3o Dias, em Mairipor\u00e3 (SP). Na confus\u00e3o, que ocorreu na madrugada deste domingo, uma pessoa morreu e [&hellip;]","og_url":"https:\/\/www.gaveanews.com\/index.php\/2024\/10\/27\/cruzeiro-emite-nota-oficial-apos-confusao-de-torcedores-do-palmeiras\/","og_site_name":"G\u00e1vea News","article_publisher":"https:\/\/facebook.com\/gaveaNews\/","article_published_time":"2024-10-28T02:05:00+00:00","og_image":[{"width":984,"height":656,"url":"https:\/\/www.gaveanews.com\/wp-content\/uploads\/Pedro-Lourenco-Pedrinho.webp","type":"image\/webp"}],"author":"Lucas Barros","twitter_card":"summary_large_image","twitter_misc":{"Escrito por":"Lucas Barros","Est. tempo de leitura":"3 minutos"},"schema":{"@context":"https:\/\/schema.org","@graph":[{"@type":"NewsArticle","@id":"https:\/\/www.gaveanews.com\/index.php\/2024\/10\/27\/cruzeiro-emite-nota-oficial-apos-confusao-de-torcedores-do-palmeiras\/#article","isPartOf":{"@id":"https:\/\/www.gaveanews.com\/index.php\/2024\/10\/27\/cruzeiro-emite-nota-oficial-apos-confusao-de-torcedores-do-palmeiras\/"},"author":{"name":"Lucas Barros","@id":"https:\/\/www.gaveanews.com\/#\/schema\/person\/2abf0cfa878f5f899daa5f781e82264c"},"headline":"Cruzeiro emite nota oficial ap\u00f3s confus\u00e3o de torcedores do Palmeiras","datePublished":"2024-10-28T02:05:00+00:00","mainEntityOfPage":{"@id":"https:\/\/www.gaveanews.com\/index.php\/2024\/10\/27\/cruzeiro-emite-nota-oficial-apos-confusao-de-torcedores-do-palmeiras\/"},"wordCount":384,"commentCount":0,"image":{"@id":"https:\/\/www.gaveanews.com\/index.php\/2024\/10\/27\/cruzeiro-emite-nota-oficial-apos-confusao-de-torcedores-do-palmeiras\/#primaryimage"},"thumbnailUrl":"https:\/\/www.gaveanews.com\/wp-content\/uploads\/Pedro-Lourenco-Pedrinho.webp","articleSection":["Cruzeiro","Palmeiras"],"inLanguage":"pt-BR","potentialAction":[{"@type":"CommentAction","name":"Comment","target":["https:\/\/www.gaveanews.com\/index.php\/2024\/10\/27\/cruzeiro-emite-nota-oficial-apos-confusao-de-torcedores-do-palmeiras\/#respond"]}],"copyrightYear":"2024","copyrightHolder":{"@id":"https:\/\/www.gaveanews.com\/#organization"}},{"@type":"WebPage","@id":"https:\/\/www.gaveanews.com\/index.php\/2024\/10\/27\/cruzeiro-emite-nota-oficial-apos-confusao-de-torcedores-do-palmeiras\/","url":"https:\/\/www.gaveanews.com\/index.php\/2024\/10\/27\/cruzeiro-emite-nota-oficial-apos-confusao-de-torcedores-do-palmeiras\/","name":"Cruzeiro emite nota oficial ap\u00f3s confus\u00e3o de torcedores do Palmeiras","isPartOf":{"@id":"https:\/\/www.gaveanews.com\/#website"},"primaryImageOfPage":{"@id":"https:\/\/www.gaveanews.com\/index.php\/2024\/10\/27\/cruzeiro-emite-nota-oficial-apos-confusao-de-torcedores-do-palmeiras\/#primaryimage"},"image":{"@id":"https:\/\/www.gaveanews.com\/index.php\/2024\/10\/27\/cruzeiro-emite-nota-oficial-apos-confusao-de-torcedores-do-palmeiras\/#primaryimage"},"thumbnailUrl":"https:\/\/www.gaveanews.com\/wp-content\/uploads\/Pedro-Lourenco-Pedrinho.webp","datePublished":"2024-10-28T02:05:00+00:00","author":{"@id":"https:\/\/www.gaveanews.com\/#\/schema\/person\/2abf0cfa878f5f899daa5f781e82264c"},"breadcrumb":{"@id":"https:\/\/www.gaveanews.com\/index.php\/2024\/10\/27\/cruzeiro-emite-nota-oficial-apos-confusao-de-torcedores-do-palmeiras\/#breadcrumb"},"inLanguage":"pt-BR","potentialAction":[{"@type":"ReadAction","target":["https:\/\/www.gaveanews.com\/index.php\/2024\/10\/27\/cruzeiro-emite-nota-oficial-apos-confusao-de-torcedores-do-palmeiras\/"]}]},{"@type":"ImageObject","inLanguage":"pt-BR","@id":"https:\/\/www.gaveanews.com\/index.php\/2024\/10\/27\/cruzeiro-emite-nota-oficial-apos-confusao-de-torcedores-do-palmeiras\/#primaryimage","url":"https:\/\/www.gaveanews.com\/wp-content\/uploads\/Pedro-Lourenco-Pedrinho.webp","contentUrl":"https:\/\/www.gaveanews.com\/wp-content\/uploads\/Pedro-Lourenco-Pedrinho.webp","width":984,"height":656,"caption":"Pedro Louren\u00e7o (Pedrinho) (Foto: Gustavo Aleixo\/Cruzeiro)"},{"@type":"BreadcrumbList","@id":"https:\/\/www.gaveanews.com\/index.php\/2024\/10\/27\/cruzeiro-emite-nota-oficial-apos-confusao-de-torcedores-do-palmeiras\/#breadcrumb","itemListElement":[{"@type":"ListItem","position":1,"name":"Home","item":"https:\/\/www.gaveanews.com\/"},{"@type":"ListItem","position":2,"name":"Cruzeiro emite nota oficial ap\u00f3s confus\u00e3o de torcedores do Palmeiras"}]},{"@type":"WebSite","@id":"https:\/\/www.gaveanews.com\/#website","url":"https:\/\/www.gaveanews.com\/","name":"G\u00e1vea News","description":"Veja todas as not\u00edcias sobre o Flamengo: Contrata\u00e7\u00f5es, categorias de base, resultados das partidas, tabela de classifica\u00e7\u00e3o, pr\u00f3ximos jogos!","potentialAction":[{"@type":"SearchAction","target":{"@type":"EntryPoint","urlTemplate":"https:\/\/www.gaveanews.com\/?s={search_term_string}"},"query-input":{"@type":"PropertyValueSpecification","valueRequired":true,"valueName":"search_term_string"}}],"inLanguage":"pt-BR"},{"@type":"Person","@id":"https:\/\/www.gaveanews.com\/#\/schema\/person\/2abf0cfa878f5f899daa5f781e82264c","name":"Lucas Barros","image":{"@type":"ImageObject","inLanguage":"pt-BR","@id":"https:\/\/www.gaveanews.com\/#\/schema\/person\/image\/","url":"https:\/\/secure.gravatar.com\/avatar\/67a6069eba66bf6fd7c80b70e1331baa3dbc3d6df5012d5c22eff29c7d59e0b0?s=96&d=mm&r=g","contentUrl":"https:\/\/secure.gravatar.com\/avatar\/67a6069eba66bf6fd7c80b70e1331baa3dbc3d6df5012d5c22eff29c7d59e0b0?s=96&d=mm&r=g","caption":"Lucas Barros"}}]}},"_links":{"self":[{"href":"https:\/\/www.gaveanews.com\/index.php\/wp-json\/wp\/v2\/posts\/178317","targetHints":{"allow":["GET"]}}],"collection":[{"href":"https:\/\/www.gaveanews.com\/index.php\/wp-json\/wp\/v2\/posts"}],"about":[{"href":"https:\/\/www.gaveanews.com\/index.php\/wp-json\/wp\/v2\/types\/post"}],"author":[{"embeddable":true,"href":"https:\/\/www.gaveanews.com\/index.php\/wp-json\/wp\/v2\/users\/20"}],"replies":[{"embeddable":true,"href":"https:\/\/www.gaveanews.com\/index.php\/wp-json\/wp\/v2\/comments?post=178317"}],"version-history":[{"count":1,"href":"https:\/\/www.gaveanews.com\/index.php\/wp-json\/wp\/v2\/posts\/178317\/revisions"}],"predecessor-version":[{"id":178319,"href":"https:\/\/www.gaveanews.com\/index.php\/wp-json\/wp\/v2\/posts\/178317\/revisions\/178319"}],"wp:featuredmedia":[{"embeddable":true,"href":"https:\/\/www.gaveanews.com\/index.php\/wp-json\/wp\/v2\/media\/175923"}],"wp:attachment":[{"href":"https:\/\/www.gaveanews.com\/index.php\/wp-json\/wp\/v2\/media?parent=178317"}],"wp:term":[{"taxonomy":"category","embeddable":true,"href":"https:\/\/www.gaveanews.com\/index.php\/wp-json\/wp\/v2\/categories?post=178317"},{"taxonomy":"post_tag","embeddable":true,"href":"https:\/\/www.gaveanews.com\/index.php\/wp-json\/wp\/v2\/tags?post=178317"}],"curies":[{"name":"wp","href":"https:\/\/api.w.org\/{rel}","templated":true}]}}