{"id":178321,"date":"2024-10-28T04:00:00","date_gmt":"2024-10-28T07:00:00","guid":{"rendered":"https:\/\/www.gaveanews.com\/?p=178321"},"modified":"2024-10-27T21:58:57","modified_gmt":"2024-10-28T00:58:57","slug":"palmeiras-x-fortaleza-vojvoda-se-revolta-apos-o-jogo","status":"publish","type":"post","link":"https:\/\/www.gaveanews.com\/index.php\/2024\/10\/28\/palmeiras-x-fortaleza-vojvoda-se-revolta-apos-o-jogo\/","title":{"rendered":"Palmeiras x Fortaleza: Vojvoda se revolta ap\u00f3s o jogo"},"content":{"rendered":"\n<h2 class=\"wp-block-heading\" id=\"h-treinador-ficou-na-bronca-com-os-penaltis-a-favor-do-palmeiras\">Treinador ficou na bronca com os p\u00eanaltis a favor do Palmeiras <\/h2>\n\n\n\n<p>Palmeiras e Fortaleza se enfrentaram no \u00faltimo s\u00e1bado (26) no Allianz Parque e o duelo terminou empatado em 2 a 2. Raphael Veiga e Est\u00eav\u00e3o marcaram para o Verd\u00e3o, enquanto H\u00e9rcules e Mois\u00e9s marcaram os para os cearenses. Ap\u00f3s o jogo, Vojvoda reclamou sobre os dois p\u00eanaltis marcados a favor do time da casa e mandou recado para a CBF: \u201cQuero que revise\u201d.<\/p>\n\n\n\n<ul class=\"wp-block-list\">\n<li><a href=\"https:\/\/www.gaveanews.com\/index.php\/2024\/10\/27\/a-declaracao-de-vojvoda-do-fortaleza-direcionada-ao-palmeiras\/\">A declara\u00e7\u00e3o de Vojvoda, do Fortaleza, direcionada ao Palmeiras<\/a><\/li>\n\n\n\n<li><a href=\"https:\/\/www.gaveanews.com\/index.php\/2024\/10\/25\/breno-lopes-emanuel-britez-hercules-juan-martin-lucero-lucas-sasha-marinho-moises-tinga-tomas-pochettino-e-yago-pikachu-os-jogadores-do-fortaleza-com-mais-grandes-chances-criadas-no-brasileir\/\">Breno Lopes, Emanuel Br\u00edtez, H\u00e9rcules, Juan Mart\u00edn Lucero, Lucas Sasha, Marinho, Mois\u00e9s, Tinga, Tom\u00e1s Pochettino e Yago Pikachu: os jogadores do Fortaleza com mais grandes chances criadas no Brasileir\u00e3o<\/a><\/li>\n<\/ul>\n\n\n\n<p>\u201cAcho que trabalhamos bem a partida durante a semana, hoje os jogadores responderam ao que planejamos. Podemos controlar as tarefas, nosso comportamento, nosso controle emocional, mas n\u00e3o podemos controlar a arbitragem. H\u00e1 pessoas encarregadas de controlar isso, como a CBF\u201d, disse Vojvoda.<\/p>\n\n\n\n<p>Juan Pablo Vojvoda ainda disse que eles n\u00e3o podem controlar a arbitragem e que isso \u00e9 responsabilidade da CBF (Confedera\u00e7\u00e3o Brasileira de Futebol), al\u00e9m ter pedido a entidade que revissem os lances das partidas. <\/p>\n\n\n\n<p>\u201cEu falo o que acontece no dia a dia dia do Fortaleza, podemos controlar nosso controle emocional, nossas tarefas, nossos comportamentos, mas n\u00e3o a arbitragem. H\u00e1 pessoas encarregadas de controlar isso como a CBF, n\u00e3o falo de uma pessoa. N\u00e3o estou chorando, mas quero que a CBF revise os lances\u201d, falou o treinador, que insistiu.<\/p>\n\n\n\n<p>\u201cEu queria ganhar esse jogo para ter dois pontos mais. No jogo passado tivemos duas expuls\u00f5es, aceitei isso. Conseguimos um ponto contra Atl\u00e9tico-MG. Hoje fizemos dois jogos, mas n\u00e3o podemos controlar o extracampo\u201d, completou.<\/p>\n\n\n\n<p>E n\u00e3o foi apenas Vojvioda que reclamou da arbitragem por parte do Fortaleza. Marcelo Paz, CEO do clube, fez uma postagem em suas redes sociais ironizando os dois p\u00eanaltis marcados e se teria mais algum a favor do Palmeiras. <\/p>\n\n\n\n<p>\u201cEmpatamos o jogo, est\u00e1 2 a 2, gols com bola rolando, hein? Ser\u00e1 que v\u00e3o marcar mais p\u00eanaltis para o advers\u00e1rio?\u201d, escreveu Marcelo Paz, em tom ir\u00f4nico. <\/p>\n\n\n\n<p>Com o empate, o Fortaleza soma 57 pontos, com quatro a menos que o Palmeiras em segundo e tr\u00eas a mais que o Flamengo, quarto colocado, O Le\u00e3o do Pici volta a campo no s\u00e1bado (2), quando visita o Juventude no Alfredo Jaconi, \u00e0s 18h30 (de Bras\u00edlia), pela 32\u00b0 rodada do Brasileir\u00e3o. <\/p>\n","protected":false},"excerpt":{"rendered":"<p>Treinador ficou na bronca com os p\u00eanaltis a favor do Palmeiras Palmeiras e Fortaleza se enfrentaram no \u00faltimo s\u00e1bado (26) no Allianz Parque e o duelo terminou empatado em 2 a 2. Raphael Veiga e Est\u00eav\u00e3o marcaram para o Verd\u00e3o, enquanto H\u00e9rcules e Mois\u00e9s marcaram os para os cearenses. Ap\u00f3s o jogo, Vojvoda reclamou sobre [&hellip;]<\/p>\n","protected":false},"author":21,"featured_media":72672,"comment_status":"open","ping_status":"closed","sticky":false,"template":"","format":"standard","meta":{"footnotes":""},"categories":[146,150],"tags":[],"class_list":["post-178321","post","type-post","status-publish","format-standard","has-post-thumbnail","hentry","category-fortaleza","category-palmeiras"],"yoast_head":"<!-- This site is optimized with the Yoast SEO Premium plugin v24.2 (Yoast SEO v26.9) - https:\/\/yoast.com\/product\/yoast-seo-premium-wordpress\/ -->\n<title>Palmeiras x Fortaleza: Vojvoda se revolta ap\u00f3s o jogo<\/title>\n<meta name=\"robots\" content=\"index, follow, max-snippet:-1, max-image-preview:large, max-video-preview:-1\" \/>\n<link rel=\"canonical\" href=\"https:\/\/www.gaveanews.com\/index.php\/2024\/10\/28\/palmeiras-x-fortaleza-vojvoda-se-revolta-apos-o-jogo\/\" \/>\n<meta property=\"og:locale\" content=\"pt_BR\" \/>\n<meta property=\"og:type\" content=\"article\" \/>\n<meta property=\"og:title\" content=\"Palmeiras x Fortaleza: Vojvoda se revolta ap\u00f3s o jogo\" \/>\n<meta property=\"og:description\" content=\"Treinador ficou na bronca com os p\u00eanaltis a favor do Palmeiras Palmeiras e Fortaleza se enfrentaram no \u00faltimo s\u00e1bado (26) no Allianz Parque e o duelo terminou empatado em 2 a 2. Raphael Veiga e Est\u00eav\u00e3o marcaram para o Verd\u00e3o, enquanto H\u00e9rcules e Mois\u00e9s marcaram os para os cearenses. Ap\u00f3s o jogo, Vojvoda reclamou sobre [&hellip;]\" \/>\n<meta property=\"og:url\" content=\"https:\/\/www.gaveanews.com\/index.php\/2024\/10\/28\/palmeiras-x-fortaleza-vojvoda-se-revolta-apos-o-jogo\/\" \/>\n<meta property=\"og:site_name\" content=\"G\u00e1vea News\" \/>\n<meta property=\"article:publisher\" content=\"https:\/\/facebook.com\/gaveaNews\/\" \/>\n<meta property=\"article:published_time\" content=\"2024-10-28T07:00:00+00:00\" \/>\n<meta property=\"og:image\" content=\"https:\/\/www.gaveanews.com\/wp-content\/uploads\/Vojvoda-durante-um-treino-do-Fortaleza.webp\" \/>\n\t<meta property=\"og:image:width\" content=\"1280\" \/>\n\t<meta property=\"og:image:height\" content=\"720\" \/>\n\t<meta property=\"og:image:type\" content=\"image\/jpeg\" \/>\n<meta name=\"author\" content=\"Andr\u00e9 Serra\" \/>\n<meta name=\"twitter:card\" content=\"summary_large_image\" \/>\n<meta name=\"twitter:label1\" content=\"Escrito por\" \/>\n\t<meta name=\"twitter:data1\" content=\"Andr\u00e9 Serra\" \/>\n\t<meta name=\"twitter:label2\" content=\"Est. tempo de leitura\" \/>\n\t<meta name=\"twitter:data2\" content=\"3 minutos\" \/>\n<script type=\"application\/ld+json\" class=\"yoast-schema-graph\">{\"@context\":\"https:\/\/schema.org\",\"@graph\":[{\"@type\":\"NewsArticle\",\"@id\":\"https:\/\/www.gaveanews.com\/index.php\/2024\/10\/28\/palmeiras-x-fortaleza-vojvoda-se-revolta-apos-o-jogo\/#article\",\"isPartOf\":{\"@id\":\"https:\/\/www.gaveanews.com\/index.php\/2024\/10\/28\/palmeiras-x-fortaleza-vojvoda-se-revolta-apos-o-jogo\/\"},\"author\":{\"name\":\"Andr\u00e9 Serra\",\"@id\":\"https:\/\/www.gaveanews.com\/#\/schema\/person\/0277a79a1289c451c281ec0411d84f0c\"},\"headline\":\"Palmeiras x Fortaleza: Vojvoda se revolta ap\u00f3s o jogo\",\"datePublished\":\"2024-10-28T07:00:00+00:00\",\"mainEntityOfPage\":{\"@id\":\"https:\/\/www.gaveanews.com\/index.php\/2024\/10\/28\/palmeiras-x-fortaleza-vojvoda-se-revolta-apos-o-jogo\/\"},\"wordCount\":433,\"commentCount\":0,\"image\":{\"@id\":\"https:\/\/www.gaveanews.com\/index.php\/2024\/10\/28\/palmeiras-x-fortaleza-vojvoda-se-revolta-apos-o-jogo\/#primaryimage\"},\"thumbnailUrl\":\"https:\/\/www.gaveanews.com\/wp-content\/uploads\/Vojvoda-durante-um-treino-do-Fortaleza.webp\",\"articleSection\":[\"Fortaleza\",\"Palmeiras\"],\"inLanguage\":\"pt-BR\",\"potentialAction\":[{\"@type\":\"CommentAction\",\"name\":\"Comment\",\"target\":[\"https:\/\/www.gaveanews.com\/index.php\/2024\/10\/28\/palmeiras-x-fortaleza-vojvoda-se-revolta-apos-o-jogo\/#respond\"]}],\"copyrightYear\":\"2024\",\"copyrightHolder\":{\"@id\":\"https:\/\/www.gaveanews.com\/#organization\"}},{\"@type\":\"WebPage\",\"@id\":\"https:\/\/www.gaveanews.com\/index.php\/2024\/10\/28\/palmeiras-x-fortaleza-vojvoda-se-revolta-apos-o-jogo\/\",\"url\":\"https:\/\/www.gaveanews.com\/index.php\/2024\/10\/28\/palmeiras-x-fortaleza-vojvoda-se-revolta-apos-o-jogo\/\",\"name\":\"Palmeiras x Fortaleza: Vojvoda se revolta ap\u00f3s o jogo\",\"isPartOf\":{\"@id\":\"https:\/\/www.gaveanews.com\/#website\"},\"primaryImageOfPage\":{\"@id\":\"https:\/\/www.gaveanews.com\/index.php\/2024\/10\/28\/palmeiras-x-fortaleza-vojvoda-se-revolta-apos-o-jogo\/#primaryimage\"},\"image\":{\"@id\":\"https:\/\/www.gaveanews.com\/index.php\/2024\/10\/28\/palmeiras-x-fortaleza-vojvoda-se-revolta-apos-o-jogo\/#primaryimage\"},\"thumbnailUrl\":\"https:\/\/www.gaveanews.com\/wp-content\/uploads\/Vojvoda-durante-um-treino-do-Fortaleza.webp\",\"datePublished\":\"2024-10-28T07:00:00+00:00\",\"author\":{\"@id\":\"https:\/\/www.gaveanews.com\/#\/schema\/person\/0277a79a1289c451c281ec0411d84f0c\"},\"breadcrumb\":{\"@id\":\"https:\/\/www.gaveanews.com\/index.php\/2024\/10\/28\/palmeiras-x-fortaleza-vojvoda-se-revolta-apos-o-jogo\/#breadcrumb\"},\"inLanguage\":\"pt-BR\",\"potentialAction\":[{\"@type\":\"ReadAction\",\"target\":[\"https:\/\/www.gaveanews.com\/index.php\/2024\/10\/28\/palmeiras-x-fortaleza-vojvoda-se-revolta-apos-o-jogo\/\"]}]},{\"@type\":\"ImageObject\",\"inLanguage\":\"pt-BR\",\"@id\":\"https:\/\/www.gaveanews.com\/index.php\/2024\/10\/28\/palmeiras-x-fortaleza-vojvoda-se-revolta-apos-o-jogo\/#primaryimage\",\"url\":\"https:\/\/www.gaveanews.com\/wp-content\/uploads\/Vojvoda-durante-um-treino-do-Fortaleza.webp\",\"contentUrl\":\"https:\/\/www.gaveanews.com\/wp-content\/uploads\/Vojvoda-durante-um-treino-do-Fortaleza.webp\",\"width\":1280,\"height\":720,\"caption\":\"Vojvoda durante um treino do Fortaleza (Foto: Leonardo Moreira\/Fortaleza)\"},{\"@type\":\"BreadcrumbList\",\"@id\":\"https:\/\/www.gaveanews.com\/index.php\/2024\/10\/28\/palmeiras-x-fortaleza-vojvoda-se-revolta-apos-o-jogo\/#breadcrumb\",\"itemListElement\":[{\"@type\":\"ListItem\",\"position\":1,\"name\":\"Home\",\"item\":\"https:\/\/www.gaveanews.com\/\"},{\"@type\":\"ListItem\",\"position\":2,\"name\":\"Palmeiras x Fortaleza: Vojvoda se revolta ap\u00f3s o jogo\"}]},{\"@type\":\"WebSite\",\"@id\":\"https:\/\/www.gaveanews.com\/#website\",\"url\":\"https:\/\/www.gaveanews.com\/\",\"name\":\"G\u00e1vea News\",\"description\":\"Veja todas as not\u00edcias sobre o Flamengo: Contrata\u00e7\u00f5es, categorias de base, resultados das partidas, tabela de classifica\u00e7\u00e3o, pr\u00f3ximos jogos!\",\"potentialAction\":[{\"@type\":\"SearchAction\",\"target\":{\"@type\":\"EntryPoint\",\"urlTemplate\":\"https:\/\/www.gaveanews.com\/?s={search_term_string}\"},\"query-input\":{\"@type\":\"PropertyValueSpecification\",\"valueRequired\":true,\"valueName\":\"search_term_string\"}}],\"inLanguage\":\"pt-BR\"},{\"@type\":\"Person\",\"@id\":\"https:\/\/www.gaveanews.com\/#\/schema\/person\/0277a79a1289c451c281ec0411d84f0c\",\"name\":\"Andr\u00e9 Serra\",\"image\":{\"@type\":\"ImageObject\",\"inLanguage\":\"pt-BR\",\"@id\":\"https:\/\/www.gaveanews.com\/#\/schema\/person\/image\/\",\"url\":\"https:\/\/secure.gravatar.com\/avatar\/d7231369fe48db93292b3e88eb2162dbd9a34a47a8437d9ef3bcaca2a86a83d7?s=96&d=mm&r=g\",\"contentUrl\":\"https:\/\/secure.gravatar.com\/avatar\/d7231369fe48db93292b3e88eb2162dbd9a34a47a8437d9ef3bcaca2a86a83d7?s=96&d=mm&r=g\",\"caption\":\"Andr\u00e9 Serra\"}}]}<\/script>\n<!-- \/ Yoast SEO Premium plugin. -->","yoast_head_json":{"title":"Palmeiras x Fortaleza: Vojvoda se revolta ap\u00f3s o jogo","robots":{"index":"index","follow":"follow","max-snippet":"max-snippet:-1","max-image-preview":"max-image-preview:large","max-video-preview":"max-video-preview:-1"},"canonical":"https:\/\/www.gaveanews.com\/index.php\/2024\/10\/28\/palmeiras-x-fortaleza-vojvoda-se-revolta-apos-o-jogo\/","og_locale":"pt_BR","og_type":"article","og_title":"Palmeiras x Fortaleza: Vojvoda se revolta ap\u00f3s o jogo","og_description":"Treinador ficou na bronca com os p\u00eanaltis a favor do Palmeiras Palmeiras e Fortaleza se enfrentaram no \u00faltimo s\u00e1bado (26) no Allianz Parque e o duelo terminou empatado em 2 a 2. Raphael Veiga e Est\u00eav\u00e3o marcaram para o Verd\u00e3o, enquanto H\u00e9rcules e Mois\u00e9s marcaram os para os cearenses. Ap\u00f3s o jogo, Vojvoda reclamou sobre [&hellip;]","og_url":"https:\/\/www.gaveanews.com\/index.php\/2024\/10\/28\/palmeiras-x-fortaleza-vojvoda-se-revolta-apos-o-jogo\/","og_site_name":"G\u00e1vea News","article_publisher":"https:\/\/facebook.com\/gaveaNews\/","article_published_time":"2024-10-28T07:00:00+00:00","og_image":[{"width":1280,"height":720,"url":"https:\/\/www.gaveanews.com\/wp-content\/uploads\/Vojvoda-durante-um-treino-do-Fortaleza.webp","type":"image\/jpeg"}],"author":"Andr\u00e9 Serra","twitter_card":"summary_large_image","twitter_misc":{"Escrito por":"Andr\u00e9 Serra","Est. tempo de leitura":"3 minutos"},"schema":{"@context":"https:\/\/schema.org","@graph":[{"@type":"NewsArticle","@id":"https:\/\/www.gaveanews.com\/index.php\/2024\/10\/28\/palmeiras-x-fortaleza-vojvoda-se-revolta-apos-o-jogo\/#article","isPartOf":{"@id":"https:\/\/www.gaveanews.com\/index.php\/2024\/10\/28\/palmeiras-x-fortaleza-vojvoda-se-revolta-apos-o-jogo\/"},"author":{"name":"Andr\u00e9 Serra","@id":"https:\/\/www.gaveanews.com\/#\/schema\/person\/0277a79a1289c451c281ec0411d84f0c"},"headline":"Palmeiras x Fortaleza: Vojvoda se revolta ap\u00f3s o jogo","datePublished":"2024-10-28T07:00:00+00:00","mainEntityOfPage":{"@id":"https:\/\/www.gaveanews.com\/index.php\/2024\/10\/28\/palmeiras-x-fortaleza-vojvoda-se-revolta-apos-o-jogo\/"},"wordCount":433,"commentCount":0,"image":{"@id":"https:\/\/www.gaveanews.com\/index.php\/2024\/10\/28\/palmeiras-x-fortaleza-vojvoda-se-revolta-apos-o-jogo\/#primaryimage"},"thumbnailUrl":"https:\/\/www.gaveanews.com\/wp-content\/uploads\/Vojvoda-durante-um-treino-do-Fortaleza.webp","articleSection":["Fortaleza","Palmeiras"],"inLanguage":"pt-BR","potentialAction":[{"@type":"CommentAction","name":"Comment","target":["https:\/\/www.gaveanews.com\/index.php\/2024\/10\/28\/palmeiras-x-fortaleza-vojvoda-se-revolta-apos-o-jogo\/#respond"]}],"copyrightYear":"2024","copyrightHolder":{"@id":"https:\/\/www.gaveanews.com\/#organization"}},{"@type":"WebPage","@id":"https:\/\/www.gaveanews.com\/index.php\/2024\/10\/28\/palmeiras-x-fortaleza-vojvoda-se-revolta-apos-o-jogo\/","url":"https:\/\/www.gaveanews.com\/index.php\/2024\/10\/28\/palmeiras-x-fortaleza-vojvoda-se-revolta-apos-o-jogo\/","name":"Palmeiras x Fortaleza: Vojvoda se revolta ap\u00f3s o jogo","isPartOf":{"@id":"https:\/\/www.gaveanews.com\/#website"},"primaryImageOfPage":{"@id":"https:\/\/www.gaveanews.com\/index.php\/2024\/10\/28\/palmeiras-x-fortaleza-vojvoda-se-revolta-apos-o-jogo\/#primaryimage"},"image":{"@id":"https:\/\/www.gaveanews.com\/index.php\/2024\/10\/28\/palmeiras-x-fortaleza-vojvoda-se-revolta-apos-o-jogo\/#primaryimage"},"thumbnailUrl":"https:\/\/www.gaveanews.com\/wp-content\/uploads\/Vojvoda-durante-um-treino-do-Fortaleza.webp","datePublished":"2024-10-28T07:00:00+00:00","author":{"@id":"https:\/\/www.gaveanews.com\/#\/schema\/person\/0277a79a1289c451c281ec0411d84f0c"},"breadcrumb":{"@id":"https:\/\/www.gaveanews.com\/index.php\/2024\/10\/28\/palmeiras-x-fortaleza-vojvoda-se-revolta-apos-o-jogo\/#breadcrumb"},"inLanguage":"pt-BR","potentialAction":[{"@type":"ReadAction","target":["https:\/\/www.gaveanews.com\/index.php\/2024\/10\/28\/palmeiras-x-fortaleza-vojvoda-se-revolta-apos-o-jogo\/"]}]},{"@type":"ImageObject","inLanguage":"pt-BR","@id":"https:\/\/www.gaveanews.com\/index.php\/2024\/10\/28\/palmeiras-x-fortaleza-vojvoda-se-revolta-apos-o-jogo\/#primaryimage","url":"https:\/\/www.gaveanews.com\/wp-content\/uploads\/Vojvoda-durante-um-treino-do-Fortaleza.webp","contentUrl":"https:\/\/www.gaveanews.com\/wp-content\/uploads\/Vojvoda-durante-um-treino-do-Fortaleza.webp","width":1280,"height":720,"caption":"Vojvoda durante um treino do Fortaleza (Foto: Leonardo Moreira\/Fortaleza)"},{"@type":"BreadcrumbList","@id":"https:\/\/www.gaveanews.com\/index.php\/2024\/10\/28\/palmeiras-x-fortaleza-vojvoda-se-revolta-apos-o-jogo\/#breadcrumb","itemListElement":[{"@type":"ListItem","position":1,"name":"Home","item":"https:\/\/www.gaveanews.com\/"},{"@type":"ListItem","position":2,"name":"Palmeiras x Fortaleza: Vojvoda se revolta ap\u00f3s o jogo"}]},{"@type":"WebSite","@id":"https:\/\/www.gaveanews.com\/#website","url":"https:\/\/www.gaveanews.com\/","name":"G\u00e1vea News","description":"Veja todas as not\u00edcias sobre o Flamengo: Contrata\u00e7\u00f5es, categorias de base, resultados das partidas, tabela de classifica\u00e7\u00e3o, pr\u00f3ximos jogos!","potentialAction":[{"@type":"SearchAction","target":{"@type":"EntryPoint","urlTemplate":"https:\/\/www.gaveanews.com\/?s={search_term_string}"},"query-input":{"@type":"PropertyValueSpecification","valueRequired":true,"valueName":"search_term_string"}}],"inLanguage":"pt-BR"},{"@type":"Person","@id":"https:\/\/www.gaveanews.com\/#\/schema\/person\/0277a79a1289c451c281ec0411d84f0c","name":"Andr\u00e9 Serra","image":{"@type":"ImageObject","inLanguage":"pt-BR","@id":"https:\/\/www.gaveanews.com\/#\/schema\/person\/image\/","url":"https:\/\/secure.gravatar.com\/avatar\/d7231369fe48db93292b3e88eb2162dbd9a34a47a8437d9ef3bcaca2a86a83d7?s=96&d=mm&r=g","contentUrl":"https:\/\/secure.gravatar.com\/avatar\/d7231369fe48db93292b3e88eb2162dbd9a34a47a8437d9ef3bcaca2a86a83d7?s=96&d=mm&r=g","caption":"Andr\u00e9 Serra"}}]}},"_links":{"self":[{"href":"https:\/\/www.gaveanews.com\/index.php\/wp-json\/wp\/v2\/posts\/178321","targetHints":{"allow":["GET"]}}],"collection":[{"href":"https:\/\/www.gaveanews.com\/index.php\/wp-json\/wp\/v2\/posts"}],"about":[{"href":"https:\/\/www.gaveanews.com\/index.php\/wp-json\/wp\/v2\/types\/post"}],"author":[{"embeddable":true,"href":"https:\/\/www.gaveanews.com\/index.php\/wp-json\/wp\/v2\/users\/21"}],"replies":[{"embeddable":true,"href":"https:\/\/www.gaveanews.com\/index.php\/wp-json\/wp\/v2\/comments?post=178321"}],"version-history":[{"count":1,"href":"https:\/\/www.gaveanews.com\/index.php\/wp-json\/wp\/v2\/posts\/178321\/revisions"}],"predecessor-version":[{"id":178330,"href":"https:\/\/www.gaveanews.com\/index.php\/wp-json\/wp\/v2\/posts\/178321\/revisions\/178330"}],"wp:featuredmedia":[{"embeddable":true,"href":"https:\/\/www.gaveanews.com\/index.php\/wp-json\/wp\/v2\/media\/72672"}],"wp:attachment":[{"href":"https:\/\/www.gaveanews.com\/index.php\/wp-json\/wp\/v2\/media?parent=178321"}],"wp:term":[{"taxonomy":"category","embeddable":true,"href":"https:\/\/www.gaveanews.com\/index.php\/wp-json\/wp\/v2\/categories?post=178321"},{"taxonomy":"post_tag","embeddable":true,"href":"https:\/\/www.gaveanews.com\/index.php\/wp-json\/wp\/v2\/tags?post=178321"}],"curies":[{"name":"wp","href":"https:\/\/api.w.org\/{rel}","templated":true}]}}