{"id":178329,"date":"2024-10-28T04:10:00","date_gmt":"2024-10-28T07:10:00","guid":{"rendered":"https:\/\/www.gaveanews.com\/?p=178329"},"modified":"2024-10-27T21:59:10","modified_gmt":"2024-10-28T00:59:10","slug":"declaracao-de-abel-ferreira-revolta-a-torcida-do-palmeiras","status":"publish","type":"post","link":"https:\/\/www.gaveanews.com\/index.php\/2024\/10\/28\/declaracao-de-abel-ferreira-revolta-a-torcida-do-palmeiras\/","title":{"rendered":"Declara\u00e7\u00e3o de Abel Ferreira revolta a torcida do Palmeiras"},"content":{"rendered":"\n<p>A torcida palmeirense n\u00e3o reagiu bem \u00e0s declara\u00e7\u00f5es do treinador Abel Ferreira ap\u00f3s o empate do Palmeiras com o Fortaleza pelo Brasileir\u00e3o, no Allianz Parque. Depois do jogo, Abel disse que esperava mais apoio dos palmeirenses que foram ao est\u00e1dio.<\/p>\n\n\n\n<ul class=\"wp-block-list\">\n<li><a href=\"https:\/\/www.gaveanews.com\/index.php\/2024\/10\/27\/torcida-palmeirense-recebe-boa-noticia-para-o-jogo-entre-palmeiras-x-corinthians\/\">Torcida palmeirense recebe boa not\u00edcia para o jogo entre Palmeiras x Corinthians<\/a><\/li>\n\n\n\n<li><a href=\"https:\/\/www.gaveanews.com\/index.php\/2024\/10\/27\/video-a-declaracao-de-abel-ferreira-direcionada-a-estevao\/\">V\u00eddeo: a declara\u00e7\u00e3o de Abel Ferreira direcionada a Est\u00eav\u00e3o<\/a><\/li>\n<\/ul>\n\n\n\n<p>O Palmeiras recebeu o Fortaleza pela 31\u00aa rodada do Campeonato Brasileiro no \u00faltimo s\u00e1bado e n\u00e3o conseguiu vencer. O alviverde ficou \u00e0 frente no placar mas permitiu o empate por duas vezes, deixando a partida em 2 a 2. Os gols da partida foram marcados por Raphael Veiga e Est\u00eav\u00e3o, para o Porco, enquanto H\u00e9rcules e Moises marcaram para o Le\u00e3o do Pici.<\/p>\n\n\n\n<p>Na briga pelo t\u00edtulo brasileiro, a equipe paulista chegou aos 61 pontos na tabela de classifica\u00e7\u00e3o e viu o l\u00edder Botafogo se distanciar, ap\u00f3s a vit\u00f3ria fora de casa sobre o Bragantino, no Nabi Abi Chedid, em Bragan\u00e7a Paulista.<\/p>\n\n\n\n<p>Em entrevista coletiva ap\u00f3s a partida, o treinador Abel Ferreira cobrou apoio da torcida e disse que esperava mais deles na arquibancada.&nbsp;<\/p>\n\n\n\n<p>\u201cNossos torcedores s\u00e3o soberanos e t\u00eam todo direito de se expressar como querem e tenho um carinho grande com eles em fun\u00e7\u00e3o da luta. Precisamos deles nesta luta\u201d, disse e continuou. \u201cNos \u00faltimos 10 minutos achei que faltou tamb\u00e9m da parte deles um bocadinho de que j\u00e1 estejam fartos de ganhar t\u00edtulos. Acho que eles n\u00e3o est\u00e3o fartos de ganhar t\u00edtulos, assim como eu\u201d.<\/p>\n\n\n\n<p>Ele tentou refor\u00e7ar a necessidade do apoio dos torcedores para que o time alcance os resultados. \u201cEsperava um cadinho deles nos \u00faltimos 10, 15 minutos para empurrar a equipe para frente\u201d, finalizou.<\/p>\n\n\n\n<p>A declara\u00e7\u00e3o do treinador n\u00e3o repercutiu bem em meio a torcida palmeirense, que se revoltou nas redes sociais. \u201cAssuma sua responsabilidade meu nobre &#8216;parmerista&#8217;, a culpa desse empate tamb\u00e9m \u00e9 seu&#8221;, escreveu um dos torcedores no X.<\/p>\n\n\n\n<p>Confira mais rea\u00e7\u00f5es de palmeirenses.&nbsp;<\/p>\n\n\n\n<blockquote class=\"twitter-tweet\"><p lang=\"pt\" dir=\"ltr\">N\u00e3o s\u00e3o todos, mas tem torcedor que merece isso aqui.<br><br>Assuma sua responsabilidade meu nobre parmerista, a culpa desse empate tamb\u00e9m \u00e9 seu. <a href=\"https:\/\/t.co\/TpFK1ZXRXn\">pic.twitter.com\/TpFK1ZXRXn<\/a><\/p>&mdash; Lucas Del\u2019 Amore \u24df (@lucas_delamore) <a href=\"https:\/\/twitter.com\/lucas_delamore\/status\/1850305607481606386?ref_src=twsrc%5Etfw\">October 26, 2024<\/a><\/blockquote> <script async src=\"https:\/\/platform.twitter.com\/widgets.js\" charset=\"utf-8\"><\/script>\n\n\n\n<blockquote class=\"twitter-tweet\" data-conversation=\"none\"><p lang=\"pt\" dir=\"ltr\">3 MILHOES por m\u00eas pra n\u00e3o conseguir resolver o jogo contra um time que o rival FALIDO FUDID0 lutando pra n\u00e3o cair enfiou 5 gols no agregado e tirou da sula, antes a desculpa era o calend\u00e1rio, as les\u00f5es&#8230; e agora?<\/p>&mdash; grinchmeiras \ud83c\uddee\ud83c\uddf9 (@avantiparmera13) <a href=\"https:\/\/twitter.com\/avantiparmera13\/status\/1850312025873743921?ref_src=twsrc%5Etfw\">October 26, 2024<\/a><\/blockquote> <script async src=\"https:\/\/platform.twitter.com\/widgets.js\" charset=\"utf-8\"><\/script>\n\n\n\n<blockquote class=\"twitter-tweet\" data-conversation=\"none\"><p lang=\"pt\" dir=\"ltr\">O cara culpou o futebol brasileiro, les\u00f5es, disse que nao teve erro defensivos, mas individuais, e culpou a torcida tbm, o cara nao tem senso critico nenhum do futebol pobre que o time dele joga e dos bagres que ele ama, Ciclo dele acabou faz tempo&#8230;<\/p>&mdash; BAGRELANDIA ForaRony (@UesleiSEP) <a href=\"https:\/\/twitter.com\/UesleiSEP\/status\/1850306658041278651?ref_src=twsrc%5Etfw\">October 26, 2024<\/a><\/blockquote> <script async src=\"https:\/\/platform.twitter.com\/widgets.js\" charset=\"utf-8\"><\/script>\n\n\n\n<blockquote class=\"twitter-tweet\" data-conversation=\"none\"><p lang=\"pt\" dir=\"ltr\">Abel deveria abaixar a bolinha dele e agradecer o clube que deu uma carreira pra ele. <br>Burro com sorte, Danilo deu duas libertadores e criou esse imbecil arrogante. <a href=\"https:\/\/t.co\/YSiqdOWxwj\">pic.twitter.com\/YSiqdOWxwj<\/a><\/p>&mdash; augusto liberato (@sosrafaelsinho) <a href=\"https:\/\/twitter.com\/sosrafaelsinho\/status\/1850312362823143799?ref_src=twsrc%5Etfw\">October 26, 2024<\/a><\/blockquote> <script async src=\"https:\/\/platform.twitter.com\/widgets.js\" charset=\"utf-8\"><\/script>\n","protected":false},"excerpt":{"rendered":"<p>A torcida palmeirense n\u00e3o reagiu bem \u00e0s declara\u00e7\u00f5es do treinador Abel Ferreira ap\u00f3s o empate do Palmeiras com o Fortaleza pelo Brasileir\u00e3o, no Allianz Parque. Depois do jogo, Abel disse que esperava mais apoio dos palmeirenses que foram ao est\u00e1dio. O Palmeiras recebeu o Fortaleza pela 31\u00aa rodada do Campeonato Brasileiro no \u00faltimo s\u00e1bado e [&hellip;]<\/p>\n","protected":false},"author":29,"featured_media":157845,"comment_status":"open","ping_status":"closed","sticky":false,"template":"","format":"standard","meta":{"footnotes":""},"categories":[150],"tags":[],"class_list":["post-178329","post","type-post","status-publish","format-standard","has-post-thumbnail","hentry","category-palmeiras"],"yoast_head":"<!-- This site is optimized with the Yoast SEO Premium plugin v24.2 (Yoast SEO v26.9) - https:\/\/yoast.com\/product\/yoast-seo-premium-wordpress\/ -->\n<title>Declara\u00e7\u00e3o de Abel Ferreira revolta a torcida do Palmeiras<\/title>\n<meta name=\"robots\" content=\"index, follow, max-snippet:-1, max-image-preview:large, max-video-preview:-1\" \/>\n<link rel=\"canonical\" href=\"https:\/\/www.gaveanews.com\/index.php\/2024\/10\/28\/declaracao-de-abel-ferreira-revolta-a-torcida-do-palmeiras\/\" \/>\n<meta property=\"og:locale\" content=\"pt_BR\" \/>\n<meta property=\"og:type\" content=\"article\" \/>\n<meta property=\"og:title\" content=\"Declara\u00e7\u00e3o de Abel Ferreira revolta a torcida do Palmeiras\" \/>\n<meta property=\"og:description\" content=\"A torcida palmeirense n\u00e3o reagiu bem \u00e0s declara\u00e7\u00f5es do treinador Abel Ferreira ap\u00f3s o empate do Palmeiras com o Fortaleza pelo Brasileir\u00e3o, no Allianz Parque. Depois do jogo, Abel disse que esperava mais apoio dos palmeirenses que foram ao est\u00e1dio. O Palmeiras recebeu o Fortaleza pela 31\u00aa rodada do Campeonato Brasileiro no \u00faltimo s\u00e1bado e [&hellip;]\" \/>\n<meta property=\"og:url\" content=\"https:\/\/www.gaveanews.com\/index.php\/2024\/10\/28\/declaracao-de-abel-ferreira-revolta-a-torcida-do-palmeiras\/\" \/>\n<meta property=\"og:site_name\" content=\"G\u00e1vea News\" \/>\n<meta property=\"article:publisher\" content=\"https:\/\/facebook.com\/gaveaNews\/\" \/>\n<meta property=\"article:published_time\" content=\"2024-10-28T07:10:00+00:00\" \/>\n<meta property=\"og:image\" content=\"https:\/\/www.gaveanews.com\/wp-content\/uploads\/Abel-Ferreira-e-fotografado-passando-instrucoes-durante-um-jogo-do-Palmeiras.webp\" \/>\n\t<meta property=\"og:image:width\" content=\"1500\" \/>\n\t<meta property=\"og:image:height\" content=\"844\" \/>\n\t<meta property=\"og:image:type\" content=\"image\/jpeg\" \/>\n<meta name=\"author\" content=\"Marco Menezes\" \/>\n<meta name=\"twitter:card\" content=\"summary_large_image\" \/>\n<meta name=\"twitter:label1\" content=\"Escrito por\" \/>\n\t<meta name=\"twitter:data1\" content=\"Marco Menezes\" \/>\n\t<meta name=\"twitter:label2\" content=\"Est. tempo de leitura\" \/>\n\t<meta name=\"twitter:data2\" content=\"2 minutos\" \/>\n<script type=\"application\/ld+json\" class=\"yoast-schema-graph\">{\"@context\":\"https:\/\/schema.org\",\"@graph\":[{\"@type\":\"NewsArticle\",\"@id\":\"https:\/\/www.gaveanews.com\/index.php\/2024\/10\/28\/declaracao-de-abel-ferreira-revolta-a-torcida-do-palmeiras\/#article\",\"isPartOf\":{\"@id\":\"https:\/\/www.gaveanews.com\/index.php\/2024\/10\/28\/declaracao-de-abel-ferreira-revolta-a-torcida-do-palmeiras\/\"},\"author\":{\"name\":\"Marco Menezes\",\"@id\":\"https:\/\/www.gaveanews.com\/#\/schema\/person\/a9f62fe75380c6bada1b2fc49bc23d69\"},\"headline\":\"Declara\u00e7\u00e3o de Abel Ferreira revolta a torcida do Palmeiras\",\"datePublished\":\"2024-10-28T07:10:00+00:00\",\"mainEntityOfPage\":{\"@id\":\"https:\/\/www.gaveanews.com\/index.php\/2024\/10\/28\/declaracao-de-abel-ferreira-revolta-a-torcida-do-palmeiras\/\"},\"wordCount\":536,\"commentCount\":0,\"image\":{\"@id\":\"https:\/\/www.gaveanews.com\/index.php\/2024\/10\/28\/declaracao-de-abel-ferreira-revolta-a-torcida-do-palmeiras\/#primaryimage\"},\"thumbnailUrl\":\"https:\/\/www.gaveanews.com\/wp-content\/uploads\/Abel-Ferreira-e-fotografado-passando-instrucoes-durante-um-jogo-do-Palmeiras.webp\",\"articleSection\":[\"Palmeiras\"],\"inLanguage\":\"pt-BR\",\"potentialAction\":[{\"@type\":\"CommentAction\",\"name\":\"Comment\",\"target\":[\"https:\/\/www.gaveanews.com\/index.php\/2024\/10\/28\/declaracao-de-abel-ferreira-revolta-a-torcida-do-palmeiras\/#respond\"]}],\"copyrightYear\":\"2024\",\"copyrightHolder\":{\"@id\":\"https:\/\/www.gaveanews.com\/#organization\"}},{\"@type\":\"WebPage\",\"@id\":\"https:\/\/www.gaveanews.com\/index.php\/2024\/10\/28\/declaracao-de-abel-ferreira-revolta-a-torcida-do-palmeiras\/\",\"url\":\"https:\/\/www.gaveanews.com\/index.php\/2024\/10\/28\/declaracao-de-abel-ferreira-revolta-a-torcida-do-palmeiras\/\",\"name\":\"Declara\u00e7\u00e3o de Abel Ferreira revolta a torcida do Palmeiras\",\"isPartOf\":{\"@id\":\"https:\/\/www.gaveanews.com\/#website\"},\"primaryImageOfPage\":{\"@id\":\"https:\/\/www.gaveanews.com\/index.php\/2024\/10\/28\/declaracao-de-abel-ferreira-revolta-a-torcida-do-palmeiras\/#primaryimage\"},\"image\":{\"@id\":\"https:\/\/www.gaveanews.com\/index.php\/2024\/10\/28\/declaracao-de-abel-ferreira-revolta-a-torcida-do-palmeiras\/#primaryimage\"},\"thumbnailUrl\":\"https:\/\/www.gaveanews.com\/wp-content\/uploads\/Abel-Ferreira-e-fotografado-passando-instrucoes-durante-um-jogo-do-Palmeiras.webp\",\"datePublished\":\"2024-10-28T07:10:00+00:00\",\"author\":{\"@id\":\"https:\/\/www.gaveanews.com\/#\/schema\/person\/a9f62fe75380c6bada1b2fc49bc23d69\"},\"breadcrumb\":{\"@id\":\"https:\/\/www.gaveanews.com\/index.php\/2024\/10\/28\/declaracao-de-abel-ferreira-revolta-a-torcida-do-palmeiras\/#breadcrumb\"},\"inLanguage\":\"pt-BR\",\"potentialAction\":[{\"@type\":\"ReadAction\",\"target\":[\"https:\/\/www.gaveanews.com\/index.php\/2024\/10\/28\/declaracao-de-abel-ferreira-revolta-a-torcida-do-palmeiras\/\"]}]},{\"@type\":\"ImageObject\",\"inLanguage\":\"pt-BR\",\"@id\":\"https:\/\/www.gaveanews.com\/index.php\/2024\/10\/28\/declaracao-de-abel-ferreira-revolta-a-torcida-do-palmeiras\/#primaryimage\",\"url\":\"https:\/\/www.gaveanews.com\/wp-content\/uploads\/Abel-Ferreira-e-fotografado-passando-instrucoes-durante-um-jogo-do-Palmeiras.webp\",\"contentUrl\":\"https:\/\/www.gaveanews.com\/wp-content\/uploads\/Abel-Ferreira-e-fotografado-passando-instrucoes-durante-um-jogo-do-Palmeiras.webp\",\"width\":1500,\"height\":844,\"caption\":\"Abel Ferreira \u00e9 fotografado passando instru\u00e7\u00f5es durante um jogo do Palmeiras (Foto: Cesar Greco\/Palmeiras)\"},{\"@type\":\"BreadcrumbList\",\"@id\":\"https:\/\/www.gaveanews.com\/index.php\/2024\/10\/28\/declaracao-de-abel-ferreira-revolta-a-torcida-do-palmeiras\/#breadcrumb\",\"itemListElement\":[{\"@type\":\"ListItem\",\"position\":1,\"name\":\"Home\",\"item\":\"https:\/\/www.gaveanews.com\/\"},{\"@type\":\"ListItem\",\"position\":2,\"name\":\"Declara\u00e7\u00e3o de Abel Ferreira revolta a torcida do Palmeiras\"}]},{\"@type\":\"WebSite\",\"@id\":\"https:\/\/www.gaveanews.com\/#website\",\"url\":\"https:\/\/www.gaveanews.com\/\",\"name\":\"G\u00e1vea News\",\"description\":\"Veja todas as not\u00edcias sobre o Flamengo: Contrata\u00e7\u00f5es, categorias de base, resultados das partidas, tabela de classifica\u00e7\u00e3o, pr\u00f3ximos jogos!\",\"potentialAction\":[{\"@type\":\"SearchAction\",\"target\":{\"@type\":\"EntryPoint\",\"urlTemplate\":\"https:\/\/www.gaveanews.com\/?s={search_term_string}\"},\"query-input\":{\"@type\":\"PropertyValueSpecification\",\"valueRequired\":true,\"valueName\":\"search_term_string\"}}],\"inLanguage\":\"pt-BR\"},{\"@type\":\"Person\",\"@id\":\"https:\/\/www.gaveanews.com\/#\/schema\/person\/a9f62fe75380c6bada1b2fc49bc23d69\",\"name\":\"Marco Menezes\",\"image\":{\"@type\":\"ImageObject\",\"inLanguage\":\"pt-BR\",\"@id\":\"https:\/\/www.gaveanews.com\/#\/schema\/person\/image\/\",\"url\":\"https:\/\/secure.gravatar.com\/avatar\/a1d148ae17fc8bfc5dbccffd07979e8bd2c9ba494221779de86ec2c7907b71ec?s=96&d=mm&r=g\",\"contentUrl\":\"https:\/\/secure.gravatar.com\/avatar\/a1d148ae17fc8bfc5dbccffd07979e8bd2c9ba494221779de86ec2c7907b71ec?s=96&d=mm&r=g\",\"caption\":\"Marco Menezes\"}}]}<\/script>\n<!-- \/ Yoast SEO Premium plugin. -->","yoast_head_json":{"title":"Declara\u00e7\u00e3o de Abel Ferreira revolta a torcida do Palmeiras","robots":{"index":"index","follow":"follow","max-snippet":"max-snippet:-1","max-image-preview":"max-image-preview:large","max-video-preview":"max-video-preview:-1"},"canonical":"https:\/\/www.gaveanews.com\/index.php\/2024\/10\/28\/declaracao-de-abel-ferreira-revolta-a-torcida-do-palmeiras\/","og_locale":"pt_BR","og_type":"article","og_title":"Declara\u00e7\u00e3o de Abel Ferreira revolta a torcida do Palmeiras","og_description":"A torcida palmeirense n\u00e3o reagiu bem \u00e0s declara\u00e7\u00f5es do treinador Abel Ferreira ap\u00f3s o empate do Palmeiras com o Fortaleza pelo Brasileir\u00e3o, no Allianz Parque. Depois do jogo, Abel disse que esperava mais apoio dos palmeirenses que foram ao est\u00e1dio. O Palmeiras recebeu o Fortaleza pela 31\u00aa rodada do Campeonato Brasileiro no \u00faltimo s\u00e1bado e [&hellip;]","og_url":"https:\/\/www.gaveanews.com\/index.php\/2024\/10\/28\/declaracao-de-abel-ferreira-revolta-a-torcida-do-palmeiras\/","og_site_name":"G\u00e1vea News","article_publisher":"https:\/\/facebook.com\/gaveaNews\/","article_published_time":"2024-10-28T07:10:00+00:00","og_image":[{"width":1500,"height":844,"url":"https:\/\/www.gaveanews.com\/wp-content\/uploads\/Abel-Ferreira-e-fotografado-passando-instrucoes-durante-um-jogo-do-Palmeiras.webp","type":"image\/jpeg"}],"author":"Marco Menezes","twitter_card":"summary_large_image","twitter_misc":{"Escrito por":"Marco Menezes","Est. tempo de leitura":"2 minutos"},"schema":{"@context":"https:\/\/schema.org","@graph":[{"@type":"NewsArticle","@id":"https:\/\/www.gaveanews.com\/index.php\/2024\/10\/28\/declaracao-de-abel-ferreira-revolta-a-torcida-do-palmeiras\/#article","isPartOf":{"@id":"https:\/\/www.gaveanews.com\/index.php\/2024\/10\/28\/declaracao-de-abel-ferreira-revolta-a-torcida-do-palmeiras\/"},"author":{"name":"Marco Menezes","@id":"https:\/\/www.gaveanews.com\/#\/schema\/person\/a9f62fe75380c6bada1b2fc49bc23d69"},"headline":"Declara\u00e7\u00e3o de Abel Ferreira revolta a torcida do Palmeiras","datePublished":"2024-10-28T07:10:00+00:00","mainEntityOfPage":{"@id":"https:\/\/www.gaveanews.com\/index.php\/2024\/10\/28\/declaracao-de-abel-ferreira-revolta-a-torcida-do-palmeiras\/"},"wordCount":536,"commentCount":0,"image":{"@id":"https:\/\/www.gaveanews.com\/index.php\/2024\/10\/28\/declaracao-de-abel-ferreira-revolta-a-torcida-do-palmeiras\/#primaryimage"},"thumbnailUrl":"https:\/\/www.gaveanews.com\/wp-content\/uploads\/Abel-Ferreira-e-fotografado-passando-instrucoes-durante-um-jogo-do-Palmeiras.webp","articleSection":["Palmeiras"],"inLanguage":"pt-BR","potentialAction":[{"@type":"CommentAction","name":"Comment","target":["https:\/\/www.gaveanews.com\/index.php\/2024\/10\/28\/declaracao-de-abel-ferreira-revolta-a-torcida-do-palmeiras\/#respond"]}],"copyrightYear":"2024","copyrightHolder":{"@id":"https:\/\/www.gaveanews.com\/#organization"}},{"@type":"WebPage","@id":"https:\/\/www.gaveanews.com\/index.php\/2024\/10\/28\/declaracao-de-abel-ferreira-revolta-a-torcida-do-palmeiras\/","url":"https:\/\/www.gaveanews.com\/index.php\/2024\/10\/28\/declaracao-de-abel-ferreira-revolta-a-torcida-do-palmeiras\/","name":"Declara\u00e7\u00e3o de Abel Ferreira revolta a torcida do Palmeiras","isPartOf":{"@id":"https:\/\/www.gaveanews.com\/#website"},"primaryImageOfPage":{"@id":"https:\/\/www.gaveanews.com\/index.php\/2024\/10\/28\/declaracao-de-abel-ferreira-revolta-a-torcida-do-palmeiras\/#primaryimage"},"image":{"@id":"https:\/\/www.gaveanews.com\/index.php\/2024\/10\/28\/declaracao-de-abel-ferreira-revolta-a-torcida-do-palmeiras\/#primaryimage"},"thumbnailUrl":"https:\/\/www.gaveanews.com\/wp-content\/uploads\/Abel-Ferreira-e-fotografado-passando-instrucoes-durante-um-jogo-do-Palmeiras.webp","datePublished":"2024-10-28T07:10:00+00:00","author":{"@id":"https:\/\/www.gaveanews.com\/#\/schema\/person\/a9f62fe75380c6bada1b2fc49bc23d69"},"breadcrumb":{"@id":"https:\/\/www.gaveanews.com\/index.php\/2024\/10\/28\/declaracao-de-abel-ferreira-revolta-a-torcida-do-palmeiras\/#breadcrumb"},"inLanguage":"pt-BR","potentialAction":[{"@type":"ReadAction","target":["https:\/\/www.gaveanews.com\/index.php\/2024\/10\/28\/declaracao-de-abel-ferreira-revolta-a-torcida-do-palmeiras\/"]}]},{"@type":"ImageObject","inLanguage":"pt-BR","@id":"https:\/\/www.gaveanews.com\/index.php\/2024\/10\/28\/declaracao-de-abel-ferreira-revolta-a-torcida-do-palmeiras\/#primaryimage","url":"https:\/\/www.gaveanews.com\/wp-content\/uploads\/Abel-Ferreira-e-fotografado-passando-instrucoes-durante-um-jogo-do-Palmeiras.webp","contentUrl":"https:\/\/www.gaveanews.com\/wp-content\/uploads\/Abel-Ferreira-e-fotografado-passando-instrucoes-durante-um-jogo-do-Palmeiras.webp","width":1500,"height":844,"caption":"Abel Ferreira \u00e9 fotografado passando instru\u00e7\u00f5es durante um jogo do Palmeiras (Foto: Cesar Greco\/Palmeiras)"},{"@type":"BreadcrumbList","@id":"https:\/\/www.gaveanews.com\/index.php\/2024\/10\/28\/declaracao-de-abel-ferreira-revolta-a-torcida-do-palmeiras\/#breadcrumb","itemListElement":[{"@type":"ListItem","position":1,"name":"Home","item":"https:\/\/www.gaveanews.com\/"},{"@type":"ListItem","position":2,"name":"Declara\u00e7\u00e3o de Abel Ferreira revolta a torcida do Palmeiras"}]},{"@type":"WebSite","@id":"https:\/\/www.gaveanews.com\/#website","url":"https:\/\/www.gaveanews.com\/","name":"G\u00e1vea News","description":"Veja todas as not\u00edcias sobre o Flamengo: Contrata\u00e7\u00f5es, categorias de base, resultados das partidas, tabela de classifica\u00e7\u00e3o, pr\u00f3ximos jogos!","potentialAction":[{"@type":"SearchAction","target":{"@type":"EntryPoint","urlTemplate":"https:\/\/www.gaveanews.com\/?s={search_term_string}"},"query-input":{"@type":"PropertyValueSpecification","valueRequired":true,"valueName":"search_term_string"}}],"inLanguage":"pt-BR"},{"@type":"Person","@id":"https:\/\/www.gaveanews.com\/#\/schema\/person\/a9f62fe75380c6bada1b2fc49bc23d69","name":"Marco Menezes","image":{"@type":"ImageObject","inLanguage":"pt-BR","@id":"https:\/\/www.gaveanews.com\/#\/schema\/person\/image\/","url":"https:\/\/secure.gravatar.com\/avatar\/a1d148ae17fc8bfc5dbccffd07979e8bd2c9ba494221779de86ec2c7907b71ec?s=96&d=mm&r=g","contentUrl":"https:\/\/secure.gravatar.com\/avatar\/a1d148ae17fc8bfc5dbccffd07979e8bd2c9ba494221779de86ec2c7907b71ec?s=96&d=mm&r=g","caption":"Marco Menezes"}}]}},"_links":{"self":[{"href":"https:\/\/www.gaveanews.com\/index.php\/wp-json\/wp\/v2\/posts\/178329","targetHints":{"allow":["GET"]}}],"collection":[{"href":"https:\/\/www.gaveanews.com\/index.php\/wp-json\/wp\/v2\/posts"}],"about":[{"href":"https:\/\/www.gaveanews.com\/index.php\/wp-json\/wp\/v2\/types\/post"}],"author":[{"embeddable":true,"href":"https:\/\/www.gaveanews.com\/index.php\/wp-json\/wp\/v2\/users\/29"}],"replies":[{"embeddable":true,"href":"https:\/\/www.gaveanews.com\/index.php\/wp-json\/wp\/v2\/comments?post=178329"}],"version-history":[{"count":1,"href":"https:\/\/www.gaveanews.com\/index.php\/wp-json\/wp\/v2\/posts\/178329\/revisions"}],"predecessor-version":[{"id":178331,"href":"https:\/\/www.gaveanews.com\/index.php\/wp-json\/wp\/v2\/posts\/178329\/revisions\/178331"}],"wp:featuredmedia":[{"embeddable":true,"href":"https:\/\/www.gaveanews.com\/index.php\/wp-json\/wp\/v2\/media\/157845"}],"wp:attachment":[{"href":"https:\/\/www.gaveanews.com\/index.php\/wp-json\/wp\/v2\/media?parent=178329"}],"wp:term":[{"taxonomy":"category","embeddable":true,"href":"https:\/\/www.gaveanews.com\/index.php\/wp-json\/wp\/v2\/categories?post=178329"},{"taxonomy":"post_tag","embeddable":true,"href":"https:\/\/www.gaveanews.com\/index.php\/wp-json\/wp\/v2\/tags?post=178329"}],"curies":[{"name":"wp","href":"https:\/\/api.w.org\/{rel}","templated":true}]}}