{"id":178332,"date":"2024-10-28T04:20:00","date_gmt":"2024-10-28T07:20:00","guid":{"rendered":"https:\/\/www.gaveanews.com\/?p=178332"},"modified":"2024-10-27T21:59:29","modified_gmt":"2024-10-28T00:59:29","slug":"ale-oliveira-crava-campeao-da-copa-libertadores-2024","status":"publish","type":"post","link":"https:\/\/www.gaveanews.com\/index.php\/2024\/10\/28\/ale-oliveira-crava-campeao-da-copa-libertadores-2024\/","title":{"rendered":"Al\u00ea Oliveira crava campe\u00e3o da Copa Libertadores 2024"},"content":{"rendered":"\n<h2 class=\"wp-block-heading\" id=\"h-ale-oliveira-aposta-em-botafogo-como-campeao-da-libertadores\">Al\u00ea Oliveira aposta em Botafogo como campe\u00e3o da Libertadores<\/h2>\n\n\n\n<p>Al\u00ea Oliveira foi enf\u00e1tico ao prever uma final 100% brasileira na Copa Libertadores de 2024. Sem hesitar, o comentarista destacou Atl\u00e9tico-MG e Botafogo como favoritos para avan\u00e7arem das semifinais e assegurarem uma decis\u00e3o entre clubes do Brasil. Al\u00e9m disso, Al\u00ea acredita que, ao contr\u00e1rio do Brasileir\u00e3o, o Botafogo levar\u00e1 o trof\u00e9u continental: \u201cBotafogo (ser\u00e1 o campe\u00e3o)\u201d, cravou.<\/p>\n\n\n\n<p>Ao analisar a trajet\u00f3ria dos semifinalistas, Al\u00ea destacou a qualidade dos elencos. Para ele, o Botafogo possui o melhor plantel do Brasileir\u00e3o, com jogadores de alto n\u00edvel \u00e0 disposi\u00e7\u00e3o do t\u00e9cnico Artur Jorge, o que fortalece a equipe tanto na disputa nacional quanto no torneio continental. \u201cEu acho que o Botafogo tem o melhor elenco do Brasil hoje\u201d, opinou Al\u00ea, refor\u00e7ando a capacidade do time carioca de manter um desempenho s\u00f3lido na reta final da temporada.<\/p>\n\n\n\n<p>As semifinais da Libertadores, que ainda n\u00e3o foram conclu\u00eddas, deram sinais de uma final brasileira com as vit\u00f3rias expressivas de Atl\u00e9tico-MG e Botafogo nos jogos de ida. O Galo superou o River Plate-ARG por 3 a 0, enquanto o Botafogo goleou o Pe\u00f1arol-URU por 5 a 0. Os resultados, que praticamente garantem a classifica\u00e7\u00e3o de ambos, aumentam as expectativas para o confronto decisivo em Buenos Aires, no dia 30 de novembro.<\/p>\n\n\n\n<p>O destaque da semifinal foi a goleada do Botafogo sobre o Pe\u00f1arol, um feito que colocou o Alvinegro carioca entre os poucos times a vencer por cinco ou mais gols de diferen\u00e7a em uma semifinal da Libertadores. Esse desempenho hist\u00f3rico sugere um favoritismo para a final, j\u00e1 que os tr\u00eas clubes anteriores a alcan\u00e7arem tal marca sa\u00edram como campe\u00f5es do torneio.<\/p>\n\n\n\n<p>Por sua vez, o Atl\u00e9tico-MG brilhou ao vencer o River Plate na Arena MRV, em uma partida que marcou a quebra de recorde de p\u00fablico no est\u00e1dio. Com gols de Deyverson, Paulinho e Hulk, o Galo n\u00e3o deu chances ao multicampe\u00e3o argentino, que n\u00e3o conseguiu conter o \u00edmpeto ofensivo do time mineiro. A vantagem constru\u00edda pelo Atl\u00e9tico torna a miss\u00e3o de reverter o placar bastante improv\u00e1vel para o River.<\/p>\n\n\n\n<p>Com os jogos de volta das semifinais se aproximando, as expectativas seguem altas para uma final in\u00e9dita entre Botafogo e Atl\u00e9tico-MG. Al\u00ea Oliveira permanece firme em sua aposta, apontando o Botafogo como prov\u00e1vel campe\u00e3o.<\/p>\n","protected":false},"excerpt":{"rendered":"<p>Al\u00ea Oliveira aposta em Botafogo como campe\u00e3o da Libertadores Al\u00ea Oliveira foi enf\u00e1tico ao prever uma final 100% brasileira na Copa Libertadores de 2024. Sem hesitar, o comentarista destacou Atl\u00e9tico-MG e Botafogo como favoritos para avan\u00e7arem das semifinais e assegurarem uma decis\u00e3o entre clubes do Brasil. Al\u00e9m disso, Al\u00ea acredita que, ao contr\u00e1rio do Brasileir\u00e3o, [&hellip;]<\/p>\n","protected":false},"author":20,"featured_media":90054,"comment_status":"open","ping_status":"closed","sticky":false,"template":"","format":"standard","meta":{"footnotes":""},"categories":[136,138],"tags":[],"class_list":["post-178332","post","type-post","status-publish","format-standard","has-post-thumbnail","hentry","category-atletico-mg","category-botafogo"],"yoast_head":"<!-- This site is optimized with the Yoast SEO Premium plugin v24.2 (Yoast SEO v26.9) - https:\/\/yoast.com\/product\/yoast-seo-premium-wordpress\/ -->\n<title>Al\u00ea Oliveira crava campe\u00e3o da Copa Libertadores 2024<\/title>\n<meta name=\"robots\" content=\"index, follow, max-snippet:-1, max-image-preview:large, max-video-preview:-1\" \/>\n<link rel=\"canonical\" href=\"https:\/\/www.gaveanews.com\/index.php\/2024\/10\/28\/ale-oliveira-crava-campeao-da-copa-libertadores-2024\/\" \/>\n<meta property=\"og:locale\" content=\"pt_BR\" \/>\n<meta property=\"og:type\" content=\"article\" \/>\n<meta property=\"og:title\" content=\"Al\u00ea Oliveira crava campe\u00e3o da Copa Libertadores 2024\" \/>\n<meta property=\"og:description\" content=\"Al\u00ea Oliveira aposta em Botafogo como campe\u00e3o da Libertadores Al\u00ea Oliveira foi enf\u00e1tico ao prever uma final 100% brasileira na Copa Libertadores de 2024. Sem hesitar, o comentarista destacou Atl\u00e9tico-MG e Botafogo como favoritos para avan\u00e7arem das semifinais e assegurarem uma decis\u00e3o entre clubes do Brasil. Al\u00e9m disso, Al\u00ea acredita que, ao contr\u00e1rio do Brasileir\u00e3o, [&hellip;]\" \/>\n<meta property=\"og:url\" content=\"https:\/\/www.gaveanews.com\/index.php\/2024\/10\/28\/ale-oliveira-crava-campeao-da-copa-libertadores-2024\/\" \/>\n<meta property=\"og:site_name\" content=\"G\u00e1vea News\" \/>\n<meta property=\"article:publisher\" content=\"https:\/\/facebook.com\/gaveaNews\/\" \/>\n<meta property=\"article:published_time\" content=\"2024-10-28T07:20:00+00:00\" \/>\n<meta property=\"og:image\" content=\"https:\/\/www.gaveanews.com\/wp-content\/uploads\/Taca-Libertadores-da-America.webp\" \/>\n\t<meta property=\"og:image:width\" content=\"799\" \/>\n\t<meta property=\"og:image:height\" content=\"533\" \/>\n\t<meta property=\"og:image:type\" content=\"image\/jpeg\" \/>\n<meta name=\"author\" content=\"Lucas Barros\" \/>\n<meta name=\"twitter:card\" content=\"summary_large_image\" \/>\n<meta name=\"twitter:label1\" content=\"Escrito por\" \/>\n\t<meta name=\"twitter:data1\" content=\"Lucas Barros\" \/>\n\t<meta name=\"twitter:label2\" content=\"Est. tempo de leitura\" \/>\n\t<meta name=\"twitter:data2\" content=\"3 minutos\" \/>\n<script type=\"application\/ld+json\" class=\"yoast-schema-graph\">{\"@context\":\"https:\/\/schema.org\",\"@graph\":[{\"@type\":\"NewsArticle\",\"@id\":\"https:\/\/www.gaveanews.com\/index.php\/2024\/10\/28\/ale-oliveira-crava-campeao-da-copa-libertadores-2024\/#article\",\"isPartOf\":{\"@id\":\"https:\/\/www.gaveanews.com\/index.php\/2024\/10\/28\/ale-oliveira-crava-campeao-da-copa-libertadores-2024\/\"},\"author\":{\"name\":\"Lucas Barros\",\"@id\":\"https:\/\/www.gaveanews.com\/#\/schema\/person\/2abf0cfa878f5f899daa5f781e82264c\"},\"headline\":\"Al\u00ea Oliveira crava campe\u00e3o da Copa Libertadores 2024\",\"datePublished\":\"2024-10-28T07:20:00+00:00\",\"mainEntityOfPage\":{\"@id\":\"https:\/\/www.gaveanews.com\/index.php\/2024\/10\/28\/ale-oliveira-crava-campeao-da-copa-libertadores-2024\/\"},\"wordCount\":421,\"commentCount\":0,\"image\":{\"@id\":\"https:\/\/www.gaveanews.com\/index.php\/2024\/10\/28\/ale-oliveira-crava-campeao-da-copa-libertadores-2024\/#primaryimage\"},\"thumbnailUrl\":\"https:\/\/www.gaveanews.com\/wp-content\/uploads\/Taca-Libertadores-da-America.webp\",\"articleSection\":[\"Atl\u00e9tico-MG\",\"Botafogo\"],\"inLanguage\":\"pt-BR\",\"potentialAction\":[{\"@type\":\"CommentAction\",\"name\":\"Comment\",\"target\":[\"https:\/\/www.gaveanews.com\/index.php\/2024\/10\/28\/ale-oliveira-crava-campeao-da-copa-libertadores-2024\/#respond\"]}],\"copyrightYear\":\"2024\",\"copyrightHolder\":{\"@id\":\"https:\/\/www.gaveanews.com\/#organization\"}},{\"@type\":\"WebPage\",\"@id\":\"https:\/\/www.gaveanews.com\/index.php\/2024\/10\/28\/ale-oliveira-crava-campeao-da-copa-libertadores-2024\/\",\"url\":\"https:\/\/www.gaveanews.com\/index.php\/2024\/10\/28\/ale-oliveira-crava-campeao-da-copa-libertadores-2024\/\",\"name\":\"Al\u00ea Oliveira crava campe\u00e3o da Copa Libertadores 2024\",\"isPartOf\":{\"@id\":\"https:\/\/www.gaveanews.com\/#website\"},\"primaryImageOfPage\":{\"@id\":\"https:\/\/www.gaveanews.com\/index.php\/2024\/10\/28\/ale-oliveira-crava-campeao-da-copa-libertadores-2024\/#primaryimage\"},\"image\":{\"@id\":\"https:\/\/www.gaveanews.com\/index.php\/2024\/10\/28\/ale-oliveira-crava-campeao-da-copa-libertadores-2024\/#primaryimage\"},\"thumbnailUrl\":\"https:\/\/www.gaveanews.com\/wp-content\/uploads\/Taca-Libertadores-da-America.webp\",\"datePublished\":\"2024-10-28T07:20:00+00:00\",\"author\":{\"@id\":\"https:\/\/www.gaveanews.com\/#\/schema\/person\/2abf0cfa878f5f899daa5f781e82264c\"},\"breadcrumb\":{\"@id\":\"https:\/\/www.gaveanews.com\/index.php\/2024\/10\/28\/ale-oliveira-crava-campeao-da-copa-libertadores-2024\/#breadcrumb\"},\"inLanguage\":\"pt-BR\",\"potentialAction\":[{\"@type\":\"ReadAction\",\"target\":[\"https:\/\/www.gaveanews.com\/index.php\/2024\/10\/28\/ale-oliveira-crava-campeao-da-copa-libertadores-2024\/\"]}]},{\"@type\":\"ImageObject\",\"inLanguage\":\"pt-BR\",\"@id\":\"https:\/\/www.gaveanews.com\/index.php\/2024\/10\/28\/ale-oliveira-crava-campeao-da-copa-libertadores-2024\/#primaryimage\",\"url\":\"https:\/\/www.gaveanews.com\/wp-content\/uploads\/Taca-Libertadores-da-America.webp\",\"contentUrl\":\"https:\/\/www.gaveanews.com\/wp-content\/uploads\/Taca-Libertadores-da-America.webp\",\"width\":799,\"height\":533,\"caption\":\"Ta\u00e7a da Copa Libertadores da Am\u00e9rica (Foto: Gilvan de Souza\/Flamengo)\"},{\"@type\":\"BreadcrumbList\",\"@id\":\"https:\/\/www.gaveanews.com\/index.php\/2024\/10\/28\/ale-oliveira-crava-campeao-da-copa-libertadores-2024\/#breadcrumb\",\"itemListElement\":[{\"@type\":\"ListItem\",\"position\":1,\"name\":\"Home\",\"item\":\"https:\/\/www.gaveanews.com\/\"},{\"@type\":\"ListItem\",\"position\":2,\"name\":\"Al\u00ea Oliveira crava campe\u00e3o da Copa Libertadores 2024\"}]},{\"@type\":\"WebSite\",\"@id\":\"https:\/\/www.gaveanews.com\/#website\",\"url\":\"https:\/\/www.gaveanews.com\/\",\"name\":\"G\u00e1vea News\",\"description\":\"Veja todas as not\u00edcias sobre o Flamengo: Contrata\u00e7\u00f5es, categorias de base, resultados das partidas, tabela de classifica\u00e7\u00e3o, pr\u00f3ximos jogos!\",\"potentialAction\":[{\"@type\":\"SearchAction\",\"target\":{\"@type\":\"EntryPoint\",\"urlTemplate\":\"https:\/\/www.gaveanews.com\/?s={search_term_string}\"},\"query-input\":{\"@type\":\"PropertyValueSpecification\",\"valueRequired\":true,\"valueName\":\"search_term_string\"}}],\"inLanguage\":\"pt-BR\"},{\"@type\":\"Person\",\"@id\":\"https:\/\/www.gaveanews.com\/#\/schema\/person\/2abf0cfa878f5f899daa5f781e82264c\",\"name\":\"Lucas Barros\",\"image\":{\"@type\":\"ImageObject\",\"inLanguage\":\"pt-BR\",\"@id\":\"https:\/\/www.gaveanews.com\/#\/schema\/person\/image\/\",\"url\":\"https:\/\/secure.gravatar.com\/avatar\/67a6069eba66bf6fd7c80b70e1331baa3dbc3d6df5012d5c22eff29c7d59e0b0?s=96&d=mm&r=g\",\"contentUrl\":\"https:\/\/secure.gravatar.com\/avatar\/67a6069eba66bf6fd7c80b70e1331baa3dbc3d6df5012d5c22eff29c7d59e0b0?s=96&d=mm&r=g\",\"caption\":\"Lucas Barros\"}}]}<\/script>\n<!-- \/ Yoast SEO Premium plugin. -->","yoast_head_json":{"title":"Al\u00ea Oliveira crava campe\u00e3o da Copa Libertadores 2024","robots":{"index":"index","follow":"follow","max-snippet":"max-snippet:-1","max-image-preview":"max-image-preview:large","max-video-preview":"max-video-preview:-1"},"canonical":"https:\/\/www.gaveanews.com\/index.php\/2024\/10\/28\/ale-oliveira-crava-campeao-da-copa-libertadores-2024\/","og_locale":"pt_BR","og_type":"article","og_title":"Al\u00ea Oliveira crava campe\u00e3o da Copa Libertadores 2024","og_description":"Al\u00ea Oliveira aposta em Botafogo como campe\u00e3o da Libertadores Al\u00ea Oliveira foi enf\u00e1tico ao prever uma final 100% brasileira na Copa Libertadores de 2024. Sem hesitar, o comentarista destacou Atl\u00e9tico-MG e Botafogo como favoritos para avan\u00e7arem das semifinais e assegurarem uma decis\u00e3o entre clubes do Brasil. Al\u00e9m disso, Al\u00ea acredita que, ao contr\u00e1rio do Brasileir\u00e3o, [&hellip;]","og_url":"https:\/\/www.gaveanews.com\/index.php\/2024\/10\/28\/ale-oliveira-crava-campeao-da-copa-libertadores-2024\/","og_site_name":"G\u00e1vea News","article_publisher":"https:\/\/facebook.com\/gaveaNews\/","article_published_time":"2024-10-28T07:20:00+00:00","og_image":[{"width":799,"height":533,"url":"https:\/\/www.gaveanews.com\/wp-content\/uploads\/Taca-Libertadores-da-America.webp","type":"image\/jpeg"}],"author":"Lucas Barros","twitter_card":"summary_large_image","twitter_misc":{"Escrito por":"Lucas Barros","Est. tempo de leitura":"3 minutos"},"schema":{"@context":"https:\/\/schema.org","@graph":[{"@type":"NewsArticle","@id":"https:\/\/www.gaveanews.com\/index.php\/2024\/10\/28\/ale-oliveira-crava-campeao-da-copa-libertadores-2024\/#article","isPartOf":{"@id":"https:\/\/www.gaveanews.com\/index.php\/2024\/10\/28\/ale-oliveira-crava-campeao-da-copa-libertadores-2024\/"},"author":{"name":"Lucas Barros","@id":"https:\/\/www.gaveanews.com\/#\/schema\/person\/2abf0cfa878f5f899daa5f781e82264c"},"headline":"Al\u00ea Oliveira crava campe\u00e3o da Copa Libertadores 2024","datePublished":"2024-10-28T07:20:00+00:00","mainEntityOfPage":{"@id":"https:\/\/www.gaveanews.com\/index.php\/2024\/10\/28\/ale-oliveira-crava-campeao-da-copa-libertadores-2024\/"},"wordCount":421,"commentCount":0,"image":{"@id":"https:\/\/www.gaveanews.com\/index.php\/2024\/10\/28\/ale-oliveira-crava-campeao-da-copa-libertadores-2024\/#primaryimage"},"thumbnailUrl":"https:\/\/www.gaveanews.com\/wp-content\/uploads\/Taca-Libertadores-da-America.webp","articleSection":["Atl\u00e9tico-MG","Botafogo"],"inLanguage":"pt-BR","potentialAction":[{"@type":"CommentAction","name":"Comment","target":["https:\/\/www.gaveanews.com\/index.php\/2024\/10\/28\/ale-oliveira-crava-campeao-da-copa-libertadores-2024\/#respond"]}],"copyrightYear":"2024","copyrightHolder":{"@id":"https:\/\/www.gaveanews.com\/#organization"}},{"@type":"WebPage","@id":"https:\/\/www.gaveanews.com\/index.php\/2024\/10\/28\/ale-oliveira-crava-campeao-da-copa-libertadores-2024\/","url":"https:\/\/www.gaveanews.com\/index.php\/2024\/10\/28\/ale-oliveira-crava-campeao-da-copa-libertadores-2024\/","name":"Al\u00ea Oliveira crava campe\u00e3o da Copa Libertadores 2024","isPartOf":{"@id":"https:\/\/www.gaveanews.com\/#website"},"primaryImageOfPage":{"@id":"https:\/\/www.gaveanews.com\/index.php\/2024\/10\/28\/ale-oliveira-crava-campeao-da-copa-libertadores-2024\/#primaryimage"},"image":{"@id":"https:\/\/www.gaveanews.com\/index.php\/2024\/10\/28\/ale-oliveira-crava-campeao-da-copa-libertadores-2024\/#primaryimage"},"thumbnailUrl":"https:\/\/www.gaveanews.com\/wp-content\/uploads\/Taca-Libertadores-da-America.webp","datePublished":"2024-10-28T07:20:00+00:00","author":{"@id":"https:\/\/www.gaveanews.com\/#\/schema\/person\/2abf0cfa878f5f899daa5f781e82264c"},"breadcrumb":{"@id":"https:\/\/www.gaveanews.com\/index.php\/2024\/10\/28\/ale-oliveira-crava-campeao-da-copa-libertadores-2024\/#breadcrumb"},"inLanguage":"pt-BR","potentialAction":[{"@type":"ReadAction","target":["https:\/\/www.gaveanews.com\/index.php\/2024\/10\/28\/ale-oliveira-crava-campeao-da-copa-libertadores-2024\/"]}]},{"@type":"ImageObject","inLanguage":"pt-BR","@id":"https:\/\/www.gaveanews.com\/index.php\/2024\/10\/28\/ale-oliveira-crava-campeao-da-copa-libertadores-2024\/#primaryimage","url":"https:\/\/www.gaveanews.com\/wp-content\/uploads\/Taca-Libertadores-da-America.webp","contentUrl":"https:\/\/www.gaveanews.com\/wp-content\/uploads\/Taca-Libertadores-da-America.webp","width":799,"height":533,"caption":"Ta\u00e7a da Copa Libertadores da Am\u00e9rica (Foto: Gilvan de Souza\/Flamengo)"},{"@type":"BreadcrumbList","@id":"https:\/\/www.gaveanews.com\/index.php\/2024\/10\/28\/ale-oliveira-crava-campeao-da-copa-libertadores-2024\/#breadcrumb","itemListElement":[{"@type":"ListItem","position":1,"name":"Home","item":"https:\/\/www.gaveanews.com\/"},{"@type":"ListItem","position":2,"name":"Al\u00ea Oliveira crava campe\u00e3o da Copa Libertadores 2024"}]},{"@type":"WebSite","@id":"https:\/\/www.gaveanews.com\/#website","url":"https:\/\/www.gaveanews.com\/","name":"G\u00e1vea News","description":"Veja todas as not\u00edcias sobre o Flamengo: Contrata\u00e7\u00f5es, categorias de base, resultados das partidas, tabela de classifica\u00e7\u00e3o, pr\u00f3ximos jogos!","potentialAction":[{"@type":"SearchAction","target":{"@type":"EntryPoint","urlTemplate":"https:\/\/www.gaveanews.com\/?s={search_term_string}"},"query-input":{"@type":"PropertyValueSpecification","valueRequired":true,"valueName":"search_term_string"}}],"inLanguage":"pt-BR"},{"@type":"Person","@id":"https:\/\/www.gaveanews.com\/#\/schema\/person\/2abf0cfa878f5f899daa5f781e82264c","name":"Lucas Barros","image":{"@type":"ImageObject","inLanguage":"pt-BR","@id":"https:\/\/www.gaveanews.com\/#\/schema\/person\/image\/","url":"https:\/\/secure.gravatar.com\/avatar\/67a6069eba66bf6fd7c80b70e1331baa3dbc3d6df5012d5c22eff29c7d59e0b0?s=96&d=mm&r=g","contentUrl":"https:\/\/secure.gravatar.com\/avatar\/67a6069eba66bf6fd7c80b70e1331baa3dbc3d6df5012d5c22eff29c7d59e0b0?s=96&d=mm&r=g","caption":"Lucas Barros"}}]}},"_links":{"self":[{"href":"https:\/\/www.gaveanews.com\/index.php\/wp-json\/wp\/v2\/posts\/178332","targetHints":{"allow":["GET"]}}],"collection":[{"href":"https:\/\/www.gaveanews.com\/index.php\/wp-json\/wp\/v2\/posts"}],"about":[{"href":"https:\/\/www.gaveanews.com\/index.php\/wp-json\/wp\/v2\/types\/post"}],"author":[{"embeddable":true,"href":"https:\/\/www.gaveanews.com\/index.php\/wp-json\/wp\/v2\/users\/20"}],"replies":[{"embeddable":true,"href":"https:\/\/www.gaveanews.com\/index.php\/wp-json\/wp\/v2\/comments?post=178332"}],"version-history":[{"count":1,"href":"https:\/\/www.gaveanews.com\/index.php\/wp-json\/wp\/v2\/posts\/178332\/revisions"}],"predecessor-version":[{"id":178333,"href":"https:\/\/www.gaveanews.com\/index.php\/wp-json\/wp\/v2\/posts\/178332\/revisions\/178333"}],"wp:featuredmedia":[{"embeddable":true,"href":"https:\/\/www.gaveanews.com\/index.php\/wp-json\/wp\/v2\/media\/90054"}],"wp:attachment":[{"href":"https:\/\/www.gaveanews.com\/index.php\/wp-json\/wp\/v2\/media?parent=178332"}],"wp:term":[{"taxonomy":"category","embeddable":true,"href":"https:\/\/www.gaveanews.com\/index.php\/wp-json\/wp\/v2\/categories?post=178332"},{"taxonomy":"post_tag","embeddable":true,"href":"https:\/\/www.gaveanews.com\/index.php\/wp-json\/wp\/v2\/tags?post=178332"}],"curies":[{"name":"wp","href":"https:\/\/api.w.org\/{rel}","templated":true}]}}