{"id":178382,"date":"2024-10-28T12:40:00","date_gmt":"2024-10-28T15:40:00","guid":{"rendered":"https:\/\/www.gaveanews.com\/?p=178382"},"modified":"2024-10-28T12:34:43","modified_gmt":"2024-10-28T15:34:43","slug":"titular-do-palmeiras-podera-ser-suspenso-pelo-stjd","status":"publish","type":"post","link":"https:\/\/www.gaveanews.com\/index.php\/2024\/10\/28\/titular-do-palmeiras-podera-ser-suspenso-pelo-stjd\/","title":{"rendered":"Titular do Palmeiras poder\u00e1 ser suspenso pelo STJD"},"content":{"rendered":"\n<p>O empate por 2 a 2 entre Palmeiras e Fortaleza, pela 31\u00aa rodada do Brasileir\u00e3o, ficou marcado por um lance pol\u00eamico envolvendo o goleiro Weverton. Durante a partida, ele empurrou o meio-campista Yago Pikachu, que acabou caindo contra uma c\u00e2mera e precisou levar quatro pontos na cabe\u00e7a.&nbsp;<\/p>\n\n\n\n<ul class=\"wp-block-list\">\n<li><a href=\"https:\/\/www.gaveanews.com\/index.php\/2024\/10\/28\/ex-tecnico-do-flamengo-e-contratado-pelo-juventude\/\">Ex-t\u00e9cnico do Flamengo \u00e9 contratado pelo Juventude<\/a><\/li>\n\n\n\n<li><a href=\"https:\/\/www.gaveanews.com\/index.php\/2024\/10\/28\/sem-gabigol-filipe-luis-estuda-novo-ataque-para-o-flamengo\/\">Sem Gabigol, Filipe Lu\u00eds estuda novo ataque para o Flamengo<\/a><\/li>\n<\/ul>\n\n\n\n<p>O incidente chamou a aten\u00e7\u00e3o da Procuradoria do STJD, que agora analisa as imagens para definir uma poss\u00edvel puni\u00e7\u00e3o ao jogador.<\/p>\n\n\n\n<h2 class=\"wp-block-heading\" id=\"h-a-polemica-pode-custar-caro-ao-palmeiras\">A pol\u00eamica pode custar caro ao Palmeiras<\/h2>\n\n\n\n<p>Weverton, um dos principais nomes do elenco alviverde, n\u00e3o foi advertido durante o jogo. Por isso, o lance n\u00e3o apareceu na s\u00famula do \u00e1rbitro Ramon Abatti Abel, mas as autoridades esportivas est\u00e3o estudando o caso para decidir se cabe uma den\u00fancia.&nbsp;<\/p>\n\n\n\n<p>Se enquadrado no artigo 250 do C\u00f3digo Brasileiro de Justi\u00e7a Desportiva (CBJD), que trata de atos hostis, Weverton pode ser suspenso, o que deixaria o Palmeiras desfalcado no cl\u00e1ssico contra o Corinthians.<\/p>\n\n\n\n<p>Al\u00e9m disso, o STJD tamb\u00e9m avalia outro epis\u00f3dio da partida: um soco de Emmanuel Mart\u00ednez, do Fortaleza, nas costas de Richard R\u00edos, do Palmeiras. Cabe ressaltar que a an\u00e1lise desses casos \u00e9 minuciosa e pode gerar consequ\u00eancias nas pr\u00f3ximas rodadas.<\/p>\n\n\n\n<h2 class=\"wp-block-heading\" id=\"h-mesmo-com-assistencia-punicao-e-possivel\">Mesmo com assist\u00eancia, puni\u00e7\u00e3o \u00e9 poss\u00edvel<\/h2>\n\n\n\n<p>Apesar de Weverton ter pedido o atendimento m\u00e9dico para Pikachu, isso n\u00e3o isenta sua responsabilidade.&nbsp;<\/p>\n\n\n\n<p>Sendo assim, o comportamento do goleiro est\u00e1 em pauta, e se houver puni\u00e7\u00e3o, ele poder\u00e1 perder partidas importantes na reta final do campeonato.<\/p>\n\n\n\n<h2 class=\"wp-block-heading\" id=\"h-titulo-mais-distante-apos-o-empate\">T\u00edtulo mais distante ap\u00f3s o empate<\/h2>\n\n\n\n<p>O empate contra o Fortaleza complicou a situa\u00e7\u00e3o do Palmeiras na luta pelo tricampeonato. Com isso, o time viu o Botafogo abrir novamente uma vantagem de tr\u00eas pontos na tabela.&nbsp;<\/p>\n\n\n\n<p>Vale destacar que o time de Abel Ferreira ainda tem sete partidas para disputar e precisa de vit\u00f3rias consecutivas para manter vivas as chances de t\u00edtulo. Por isso, cada ponto ser\u00e1 essencial at\u00e9 o fim da competi\u00e7\u00e3o.<\/p>\n\n\n\n<p>A poss\u00edvel aus\u00eancia de Weverton, desse jeito, pode ser um grande obst\u00e1culo. O julgamento, contudo, deve levar alguns dias, o que reduz as chances de uma puni\u00e7\u00e3o imediata. Isso porque decis\u00f5es r\u00e1pidas n\u00e3o s\u00e3o comuns no STJD, mas o Palmeiras ter\u00e1 de se preparar para eventuais desfalques.<\/p>\n","protected":false},"excerpt":{"rendered":"<p>O empate por 2 a 2 entre Palmeiras e Fortaleza, pela 31\u00aa rodada do Brasileir\u00e3o, ficou marcado por um lance pol\u00eamico envolvendo o goleiro Weverton. Durante a partida, ele empurrou o meio-campista Yago Pikachu, que acabou caindo contra uma c\u00e2mera e precisou levar quatro pontos na cabe\u00e7a.&nbsp; O incidente chamou a aten\u00e7\u00e3o da Procuradoria do [&hellip;]<\/p>\n","protected":false},"author":24,"featured_media":155182,"comment_status":"open","ping_status":"closed","sticky":false,"template":"","format":"standard","meta":{"footnotes":""},"categories":[150],"tags":[],"class_list":["post-178382","post","type-post","status-publish","format-standard","has-post-thumbnail","hentry","category-palmeiras"],"yoast_head":"<!-- This site is optimized with the Yoast SEO Premium plugin v24.2 (Yoast SEO v26.9) - https:\/\/yoast.com\/product\/yoast-seo-premium-wordpress\/ -->\n<title>Titular do Palmeiras poder\u00e1 ser suspenso pelo STJD<\/title>\n<meta name=\"robots\" content=\"index, follow, max-snippet:-1, max-image-preview:large, max-video-preview:-1\" \/>\n<link rel=\"canonical\" href=\"https:\/\/www.gaveanews.com\/index.php\/2024\/10\/28\/titular-do-palmeiras-podera-ser-suspenso-pelo-stjd\/\" \/>\n<meta property=\"og:locale\" content=\"pt_BR\" \/>\n<meta property=\"og:type\" content=\"article\" \/>\n<meta property=\"og:title\" content=\"Titular do Palmeiras poder\u00e1 ser suspenso pelo STJD\" \/>\n<meta property=\"og:description\" content=\"O empate por 2 a 2 entre Palmeiras e Fortaleza, pela 31\u00aa rodada do Brasileir\u00e3o, ficou marcado por um lance pol\u00eamico envolvendo o goleiro Weverton. Durante a partida, ele empurrou o meio-campista Yago Pikachu, que acabou caindo contra uma c\u00e2mera e precisou levar quatro pontos na cabe\u00e7a.&nbsp; O incidente chamou a aten\u00e7\u00e3o da Procuradoria do [&hellip;]\" \/>\n<meta property=\"og:url\" content=\"https:\/\/www.gaveanews.com\/index.php\/2024\/10\/28\/titular-do-palmeiras-podera-ser-suspenso-pelo-stjd\/\" \/>\n<meta property=\"og:site_name\" content=\"G\u00e1vea News\" \/>\n<meta property=\"article:publisher\" content=\"https:\/\/facebook.com\/gaveaNews\/\" \/>\n<meta property=\"article:published_time\" content=\"2024-10-28T15:40:00+00:00\" \/>\n<meta property=\"og:image\" content=\"https:\/\/www.gaveanews.com\/wp-content\/uploads\/Allianz-Parque-estadio-do-Palmeiras.webp\" \/>\n\t<meta property=\"og:image:width\" content=\"1023\" \/>\n\t<meta property=\"og:image:height\" content=\"767\" \/>\n\t<meta property=\"og:image:type\" content=\"image\/webp\" \/>\n<meta name=\"author\" content=\"Leandro Cardoso\" \/>\n<meta name=\"twitter:card\" content=\"summary_large_image\" \/>\n<meta name=\"twitter:label1\" content=\"Escrito por\" \/>\n\t<meta name=\"twitter:data1\" content=\"Leandro Cardoso\" \/>\n\t<meta name=\"twitter:label2\" content=\"Est. tempo de leitura\" \/>\n\t<meta name=\"twitter:data2\" content=\"3 minutos\" \/>\n<script type=\"application\/ld+json\" class=\"yoast-schema-graph\">{\"@context\":\"https:\/\/schema.org\",\"@graph\":[{\"@type\":\"NewsArticle\",\"@id\":\"https:\/\/www.gaveanews.com\/index.php\/2024\/10\/28\/titular-do-palmeiras-podera-ser-suspenso-pelo-stjd\/#article\",\"isPartOf\":{\"@id\":\"https:\/\/www.gaveanews.com\/index.php\/2024\/10\/28\/titular-do-palmeiras-podera-ser-suspenso-pelo-stjd\/\"},\"author\":{\"name\":\"Leandro Cardoso\",\"@id\":\"https:\/\/www.gaveanews.com\/#\/schema\/person\/2424ec6409bc3f068411fc5e4e9b6168\"},\"headline\":\"Titular do Palmeiras poder\u00e1 ser suspenso pelo STJD\",\"datePublished\":\"2024-10-28T15:40:00+00:00\",\"mainEntityOfPage\":{\"@id\":\"https:\/\/www.gaveanews.com\/index.php\/2024\/10\/28\/titular-do-palmeiras-podera-ser-suspenso-pelo-stjd\/\"},\"wordCount\":421,\"commentCount\":0,\"image\":{\"@id\":\"https:\/\/www.gaveanews.com\/index.php\/2024\/10\/28\/titular-do-palmeiras-podera-ser-suspenso-pelo-stjd\/#primaryimage\"},\"thumbnailUrl\":\"https:\/\/www.gaveanews.com\/wp-content\/uploads\/Allianz-Parque-estadio-do-Palmeiras.webp\",\"articleSection\":[\"Palmeiras\"],\"inLanguage\":\"pt-BR\",\"potentialAction\":[{\"@type\":\"CommentAction\",\"name\":\"Comment\",\"target\":[\"https:\/\/www.gaveanews.com\/index.php\/2024\/10\/28\/titular-do-palmeiras-podera-ser-suspenso-pelo-stjd\/#respond\"]}],\"copyrightYear\":\"2024\",\"copyrightHolder\":{\"@id\":\"https:\/\/www.gaveanews.com\/#organization\"}},{\"@type\":\"WebPage\",\"@id\":\"https:\/\/www.gaveanews.com\/index.php\/2024\/10\/28\/titular-do-palmeiras-podera-ser-suspenso-pelo-stjd\/\",\"url\":\"https:\/\/www.gaveanews.com\/index.php\/2024\/10\/28\/titular-do-palmeiras-podera-ser-suspenso-pelo-stjd\/\",\"name\":\"Titular do Palmeiras poder\u00e1 ser suspenso pelo STJD\",\"isPartOf\":{\"@id\":\"https:\/\/www.gaveanews.com\/#website\"},\"primaryImageOfPage\":{\"@id\":\"https:\/\/www.gaveanews.com\/index.php\/2024\/10\/28\/titular-do-palmeiras-podera-ser-suspenso-pelo-stjd\/#primaryimage\"},\"image\":{\"@id\":\"https:\/\/www.gaveanews.com\/index.php\/2024\/10\/28\/titular-do-palmeiras-podera-ser-suspenso-pelo-stjd\/#primaryimage\"},\"thumbnailUrl\":\"https:\/\/www.gaveanews.com\/wp-content\/uploads\/Allianz-Parque-estadio-do-Palmeiras.webp\",\"datePublished\":\"2024-10-28T15:40:00+00:00\",\"author\":{\"@id\":\"https:\/\/www.gaveanews.com\/#\/schema\/person\/2424ec6409bc3f068411fc5e4e9b6168\"},\"breadcrumb\":{\"@id\":\"https:\/\/www.gaveanews.com\/index.php\/2024\/10\/28\/titular-do-palmeiras-podera-ser-suspenso-pelo-stjd\/#breadcrumb\"},\"inLanguage\":\"pt-BR\",\"potentialAction\":[{\"@type\":\"ReadAction\",\"target\":[\"https:\/\/www.gaveanews.com\/index.php\/2024\/10\/28\/titular-do-palmeiras-podera-ser-suspenso-pelo-stjd\/\"]}]},{\"@type\":\"ImageObject\",\"inLanguage\":\"pt-BR\",\"@id\":\"https:\/\/www.gaveanews.com\/index.php\/2024\/10\/28\/titular-do-palmeiras-podera-ser-suspenso-pelo-stjd\/#primaryimage\",\"url\":\"https:\/\/www.gaveanews.com\/wp-content\/uploads\/Allianz-Parque-estadio-do-Palmeiras.webp\",\"contentUrl\":\"https:\/\/www.gaveanews.com\/wp-content\/uploads\/Allianz-Parque-estadio-do-Palmeiras.webp\",\"width\":1023,\"height\":767,\"caption\":\"Allianz Parque, est\u00e1dio do Palmeiras (Foto: Reprodu\u00e7\u00e3o\/Palmeiras)\"},{\"@type\":\"BreadcrumbList\",\"@id\":\"https:\/\/www.gaveanews.com\/index.php\/2024\/10\/28\/titular-do-palmeiras-podera-ser-suspenso-pelo-stjd\/#breadcrumb\",\"itemListElement\":[{\"@type\":\"ListItem\",\"position\":1,\"name\":\"Home\",\"item\":\"https:\/\/www.gaveanews.com\/\"},{\"@type\":\"ListItem\",\"position\":2,\"name\":\"Titular do Palmeiras poder\u00e1 ser suspenso pelo STJD\"}]},{\"@type\":\"WebSite\",\"@id\":\"https:\/\/www.gaveanews.com\/#website\",\"url\":\"https:\/\/www.gaveanews.com\/\",\"name\":\"G\u00e1vea News\",\"description\":\"Veja todas as not\u00edcias sobre o Flamengo: Contrata\u00e7\u00f5es, categorias de base, resultados das partidas, tabela de classifica\u00e7\u00e3o, pr\u00f3ximos jogos!\",\"potentialAction\":[{\"@type\":\"SearchAction\",\"target\":{\"@type\":\"EntryPoint\",\"urlTemplate\":\"https:\/\/www.gaveanews.com\/?s={search_term_string}\"},\"query-input\":{\"@type\":\"PropertyValueSpecification\",\"valueRequired\":true,\"valueName\":\"search_term_string\"}}],\"inLanguage\":\"pt-BR\"},{\"@type\":\"Person\",\"@id\":\"https:\/\/www.gaveanews.com\/#\/schema\/person\/2424ec6409bc3f068411fc5e4e9b6168\",\"name\":\"Leandro Cardoso\",\"image\":{\"@type\":\"ImageObject\",\"inLanguage\":\"pt-BR\",\"@id\":\"https:\/\/www.gaveanews.com\/#\/schema\/person\/image\/\",\"url\":\"https:\/\/secure.gravatar.com\/avatar\/8ca179f9b55eefe9f376f5493ef25475bfa59fbc28ce937f6076ce20e523098f?s=96&d=mm&r=g\",\"contentUrl\":\"https:\/\/secure.gravatar.com\/avatar\/8ca179f9b55eefe9f376f5493ef25475bfa59fbc28ce937f6076ce20e523098f?s=96&d=mm&r=g\",\"caption\":\"Leandro Cardoso\"}}]}<\/script>\n<!-- \/ Yoast SEO Premium plugin. -->","yoast_head_json":{"title":"Titular do Palmeiras poder\u00e1 ser suspenso pelo STJD","robots":{"index":"index","follow":"follow","max-snippet":"max-snippet:-1","max-image-preview":"max-image-preview:large","max-video-preview":"max-video-preview:-1"},"canonical":"https:\/\/www.gaveanews.com\/index.php\/2024\/10\/28\/titular-do-palmeiras-podera-ser-suspenso-pelo-stjd\/","og_locale":"pt_BR","og_type":"article","og_title":"Titular do Palmeiras poder\u00e1 ser suspenso pelo STJD","og_description":"O empate por 2 a 2 entre Palmeiras e Fortaleza, pela 31\u00aa rodada do Brasileir\u00e3o, ficou marcado por um lance pol\u00eamico envolvendo o goleiro Weverton. Durante a partida, ele empurrou o meio-campista Yago Pikachu, que acabou caindo contra uma c\u00e2mera e precisou levar quatro pontos na cabe\u00e7a.&nbsp; O incidente chamou a aten\u00e7\u00e3o da Procuradoria do [&hellip;]","og_url":"https:\/\/www.gaveanews.com\/index.php\/2024\/10\/28\/titular-do-palmeiras-podera-ser-suspenso-pelo-stjd\/","og_site_name":"G\u00e1vea News","article_publisher":"https:\/\/facebook.com\/gaveaNews\/","article_published_time":"2024-10-28T15:40:00+00:00","og_image":[{"width":1023,"height":767,"url":"https:\/\/www.gaveanews.com\/wp-content\/uploads\/Allianz-Parque-estadio-do-Palmeiras.webp","type":"image\/webp"}],"author":"Leandro Cardoso","twitter_card":"summary_large_image","twitter_misc":{"Escrito por":"Leandro Cardoso","Est. tempo de leitura":"3 minutos"},"schema":{"@context":"https:\/\/schema.org","@graph":[{"@type":"NewsArticle","@id":"https:\/\/www.gaveanews.com\/index.php\/2024\/10\/28\/titular-do-palmeiras-podera-ser-suspenso-pelo-stjd\/#article","isPartOf":{"@id":"https:\/\/www.gaveanews.com\/index.php\/2024\/10\/28\/titular-do-palmeiras-podera-ser-suspenso-pelo-stjd\/"},"author":{"name":"Leandro Cardoso","@id":"https:\/\/www.gaveanews.com\/#\/schema\/person\/2424ec6409bc3f068411fc5e4e9b6168"},"headline":"Titular do Palmeiras poder\u00e1 ser suspenso pelo STJD","datePublished":"2024-10-28T15:40:00+00:00","mainEntityOfPage":{"@id":"https:\/\/www.gaveanews.com\/index.php\/2024\/10\/28\/titular-do-palmeiras-podera-ser-suspenso-pelo-stjd\/"},"wordCount":421,"commentCount":0,"image":{"@id":"https:\/\/www.gaveanews.com\/index.php\/2024\/10\/28\/titular-do-palmeiras-podera-ser-suspenso-pelo-stjd\/#primaryimage"},"thumbnailUrl":"https:\/\/www.gaveanews.com\/wp-content\/uploads\/Allianz-Parque-estadio-do-Palmeiras.webp","articleSection":["Palmeiras"],"inLanguage":"pt-BR","potentialAction":[{"@type":"CommentAction","name":"Comment","target":["https:\/\/www.gaveanews.com\/index.php\/2024\/10\/28\/titular-do-palmeiras-podera-ser-suspenso-pelo-stjd\/#respond"]}],"copyrightYear":"2024","copyrightHolder":{"@id":"https:\/\/www.gaveanews.com\/#organization"}},{"@type":"WebPage","@id":"https:\/\/www.gaveanews.com\/index.php\/2024\/10\/28\/titular-do-palmeiras-podera-ser-suspenso-pelo-stjd\/","url":"https:\/\/www.gaveanews.com\/index.php\/2024\/10\/28\/titular-do-palmeiras-podera-ser-suspenso-pelo-stjd\/","name":"Titular do Palmeiras poder\u00e1 ser suspenso pelo STJD","isPartOf":{"@id":"https:\/\/www.gaveanews.com\/#website"},"primaryImageOfPage":{"@id":"https:\/\/www.gaveanews.com\/index.php\/2024\/10\/28\/titular-do-palmeiras-podera-ser-suspenso-pelo-stjd\/#primaryimage"},"image":{"@id":"https:\/\/www.gaveanews.com\/index.php\/2024\/10\/28\/titular-do-palmeiras-podera-ser-suspenso-pelo-stjd\/#primaryimage"},"thumbnailUrl":"https:\/\/www.gaveanews.com\/wp-content\/uploads\/Allianz-Parque-estadio-do-Palmeiras.webp","datePublished":"2024-10-28T15:40:00+00:00","author":{"@id":"https:\/\/www.gaveanews.com\/#\/schema\/person\/2424ec6409bc3f068411fc5e4e9b6168"},"breadcrumb":{"@id":"https:\/\/www.gaveanews.com\/index.php\/2024\/10\/28\/titular-do-palmeiras-podera-ser-suspenso-pelo-stjd\/#breadcrumb"},"inLanguage":"pt-BR","potentialAction":[{"@type":"ReadAction","target":["https:\/\/www.gaveanews.com\/index.php\/2024\/10\/28\/titular-do-palmeiras-podera-ser-suspenso-pelo-stjd\/"]}]},{"@type":"ImageObject","inLanguage":"pt-BR","@id":"https:\/\/www.gaveanews.com\/index.php\/2024\/10\/28\/titular-do-palmeiras-podera-ser-suspenso-pelo-stjd\/#primaryimage","url":"https:\/\/www.gaveanews.com\/wp-content\/uploads\/Allianz-Parque-estadio-do-Palmeiras.webp","contentUrl":"https:\/\/www.gaveanews.com\/wp-content\/uploads\/Allianz-Parque-estadio-do-Palmeiras.webp","width":1023,"height":767,"caption":"Allianz Parque, est\u00e1dio do Palmeiras (Foto: Reprodu\u00e7\u00e3o\/Palmeiras)"},{"@type":"BreadcrumbList","@id":"https:\/\/www.gaveanews.com\/index.php\/2024\/10\/28\/titular-do-palmeiras-podera-ser-suspenso-pelo-stjd\/#breadcrumb","itemListElement":[{"@type":"ListItem","position":1,"name":"Home","item":"https:\/\/www.gaveanews.com\/"},{"@type":"ListItem","position":2,"name":"Titular do Palmeiras poder\u00e1 ser suspenso pelo STJD"}]},{"@type":"WebSite","@id":"https:\/\/www.gaveanews.com\/#website","url":"https:\/\/www.gaveanews.com\/","name":"G\u00e1vea News","description":"Veja todas as not\u00edcias sobre o Flamengo: Contrata\u00e7\u00f5es, categorias de base, resultados das partidas, tabela de classifica\u00e7\u00e3o, pr\u00f3ximos jogos!","potentialAction":[{"@type":"SearchAction","target":{"@type":"EntryPoint","urlTemplate":"https:\/\/www.gaveanews.com\/?s={search_term_string}"},"query-input":{"@type":"PropertyValueSpecification","valueRequired":true,"valueName":"search_term_string"}}],"inLanguage":"pt-BR"},{"@type":"Person","@id":"https:\/\/www.gaveanews.com\/#\/schema\/person\/2424ec6409bc3f068411fc5e4e9b6168","name":"Leandro Cardoso","image":{"@type":"ImageObject","inLanguage":"pt-BR","@id":"https:\/\/www.gaveanews.com\/#\/schema\/person\/image\/","url":"https:\/\/secure.gravatar.com\/avatar\/8ca179f9b55eefe9f376f5493ef25475bfa59fbc28ce937f6076ce20e523098f?s=96&d=mm&r=g","contentUrl":"https:\/\/secure.gravatar.com\/avatar\/8ca179f9b55eefe9f376f5493ef25475bfa59fbc28ce937f6076ce20e523098f?s=96&d=mm&r=g","caption":"Leandro Cardoso"}}]}},"_links":{"self":[{"href":"https:\/\/www.gaveanews.com\/index.php\/wp-json\/wp\/v2\/posts\/178382","targetHints":{"allow":["GET"]}}],"collection":[{"href":"https:\/\/www.gaveanews.com\/index.php\/wp-json\/wp\/v2\/posts"}],"about":[{"href":"https:\/\/www.gaveanews.com\/index.php\/wp-json\/wp\/v2\/types\/post"}],"author":[{"embeddable":true,"href":"https:\/\/www.gaveanews.com\/index.php\/wp-json\/wp\/v2\/users\/24"}],"replies":[{"embeddable":true,"href":"https:\/\/www.gaveanews.com\/index.php\/wp-json\/wp\/v2\/comments?post=178382"}],"version-history":[{"count":1,"href":"https:\/\/www.gaveanews.com\/index.php\/wp-json\/wp\/v2\/posts\/178382\/revisions"}],"predecessor-version":[{"id":178384,"href":"https:\/\/www.gaveanews.com\/index.php\/wp-json\/wp\/v2\/posts\/178382\/revisions\/178384"}],"wp:featuredmedia":[{"embeddable":true,"href":"https:\/\/www.gaveanews.com\/index.php\/wp-json\/wp\/v2\/media\/155182"}],"wp:attachment":[{"href":"https:\/\/www.gaveanews.com\/index.php\/wp-json\/wp\/v2\/media?parent=178382"}],"wp:term":[{"taxonomy":"category","embeddable":true,"href":"https:\/\/www.gaveanews.com\/index.php\/wp-json\/wp\/v2\/categories?post=178382"},{"taxonomy":"post_tag","embeddable":true,"href":"https:\/\/www.gaveanews.com\/index.php\/wp-json\/wp\/v2\/tags?post=178382"}],"curies":[{"name":"wp","href":"https:\/\/api.w.org\/{rel}","templated":true}]}}