{"id":178404,"date":"2024-10-28T16:50:46","date_gmt":"2024-10-28T19:50:46","guid":{"rendered":"https:\/\/www.gaveanews.com\/?p=178404"},"modified":"2024-10-28T16:19:59","modified_gmt":"2024-10-28T19:19:59","slug":"cruzeiro-emite-nota-oficial-apos-situacao-lamentavel-em-sao-paulo","status":"publish","type":"post","link":"https:\/\/www.gaveanews.com\/index.php\/2024\/10\/28\/cruzeiro-emite-nota-oficial-apos-situacao-lamentavel-em-sao-paulo\/","title":{"rendered":"Cruzeiro emite nota oficial ap\u00f3s situa\u00e7\u00e3o lament\u00e1vel em S\u00e3o Paulo"},"content":{"rendered":"\n<p>O \u00f4nibus da torcida organizada do Cruzeiro foi fortemente atacado em uma emboscada feita por membros da Mancha Verde, maior organizada do Palmeiras.<\/p>\n\n\n\n<p>O Cruzeiro repudiou a atitude. O ataque foi feito em Mairipor\u00e3, interior de S\u00e3o Paulo, quando a torcida do Cruzeiro retornava de Curitiba ap\u00f3s o jogo contra o Athletico Paranaense.<\/p>\n\n\n\n<ul class=\"wp-block-list\">\n<li><a href=\"https:\/\/www.gaveanews.com\/index.php\/2024\/10\/27\/rafa-silva-e-cobrado-por-torcida-apos-expulsao-mafia-azul-toma-atitude-nos-bastidores-e-incomodo-na-situacao-de-fernando-diniz-as-ultimas-noticias-do-cruzeiro\/\">Rafa Silva \u00e9 cobrado por torcida ap\u00f3s expuls\u00e3o, M\u00e1fia Azul toma atitude nos bastidores e incomodo na situa\u00e7\u00e3o de Fernando Diniz: as \u00faltimas not\u00edcias do Cruzeiro<\/a><\/li>\n\n\n\n<li><a href=\"https:\/\/www.gaveanews.com\/index.php\/2024\/10\/26\/alvaro-barreal-arthur-gomes-joao-marcelo-kaio-jorge-lautaro-diaz-matheus-pereira-rafael-silva-vitinho-william-e-ze-ivaldo-os-jogadores-do-cruzeiro-com-mais-grandes-chances-perdidas-no-brasile\/\">\u00c1lvaro Barreal, Arthur Gomes, Jo\u00e3o Marcelo, Kaio Jorge, Lautaro D\u00edaz, Matheus Pereira, Rafael Silva, Vitinho, William e Z\u00e9 Ivaldo: os jogadores do Cruzeiro com mais grandes chances perdidas no Brasileir\u00e3o<\/a><\/li>\n<\/ul>\n\n\n\n<p>Jos\u00e9 Victor dos Santos Miranda, de 30 anos, integrante da M\u00e1fia Azul de Sete Lagoas, morreu ap\u00f3s ser atingido diversas vezes na cabe\u00e7a, por barras de ferro.<\/p>\n\n\n\n<p>\u201cO Cruzeiro lamenta profundamente mais um epis\u00f3dio de viol\u00eancia entre torcedores, desta vez durante a madrugada, na rodovia Fern\u00e3o Dias, que culminou com a morte de um cruzeirense e v\u00e1rios feridos.<\/p>\n\n\n\n<p>N\u00e3o h\u00e1 mais espa\u00e7o para viol\u00eancia no futebol, um esporte que une paix\u00f5es e multid\u00f5es. Precisamos dar um basta a esses atos criminosos.\u201d<\/p>\n\n\n\n<p>As torcidas j\u00e1 s\u00e3o famosas pelos confrontos e emboscadas. A r\u00e1dio Itatiaia apurou que, essa emboscada possa ter sido uma respostas pelo confronto ocorrido em setembro de 2022, quando, na rodovia Fern\u00e3o Dias, em Carm\u00f3polis de Minas, \u00e0 107 km de Belo Horizonte, torcedores da Mancha Verde foram emboscados pelos cruzeirenses, muitos ficaram feridos.<\/p>\n\n\n\n<h2 class=\"wp-block-heading\" id=\"h-qual-a-proxima-partida-do-cruzeiro\">Qual a pr\u00f3xima partida do Cruzeiro?<\/h2>\n\n\n\n<p>O Cruzeiro tenta afastar a m\u00e1 fase vivida com Fernando Diniz e o t\u00e9cnico vai tentar a primeira vit\u00f3ria dele sob o comando da raposa.<\/p>\n\n\n\n<p>A pr\u00f3xima partida \u00e9 o jogo de volta da semifinal da Copa Sul Americana contra o Lan\u00fas na Argentina. O jogo de ida, no Mineir\u00e3o, foi 1 a 1.<\/p>\n","protected":false},"excerpt":{"rendered":"<p>O \u00f4nibus da torcida organizada do Cruzeiro foi fortemente atacado em uma emboscada feita por membros da Mancha Verde, maior organizada do Palmeiras. O Cruzeiro repudiou a atitude. O ataque foi feito em Mairipor\u00e3, interior de S\u00e3o Paulo, quando a torcida do Cruzeiro retornava de Curitiba ap\u00f3s o jogo contra o Athletico Paranaense. Jos\u00e9 Victor [&hellip;]<\/p>\n","protected":false},"author":19,"featured_media":175601,"comment_status":"open","ping_status":"closed","sticky":false,"template":"","format":"standard","meta":{"footnotes":""},"categories":[143],"tags":[],"class_list":["post-178404","post","type-post","status-publish","format-standard","has-post-thumbnail","hentry","category-cruzeiro"],"yoast_head":"<!-- This site is optimized with the Yoast SEO Premium plugin v24.2 (Yoast SEO v26.9) - https:\/\/yoast.com\/product\/yoast-seo-premium-wordpress\/ -->\n<title>Cruzeiro emite nota oficial ap\u00f3s situa\u00e7\u00e3o lament\u00e1vel em S\u00e3o Paulo<\/title>\n<meta name=\"robots\" content=\"index, follow, max-snippet:-1, max-image-preview:large, max-video-preview:-1\" \/>\n<link rel=\"canonical\" href=\"https:\/\/www.gaveanews.com\/index.php\/2024\/10\/28\/cruzeiro-emite-nota-oficial-apos-situacao-lamentavel-em-sao-paulo\/\" \/>\n<meta property=\"og:locale\" content=\"pt_BR\" \/>\n<meta property=\"og:type\" content=\"article\" \/>\n<meta property=\"og:title\" content=\"Cruzeiro emite nota oficial ap\u00f3s situa\u00e7\u00e3o lament\u00e1vel em S\u00e3o Paulo\" \/>\n<meta property=\"og:description\" content=\"O \u00f4nibus da torcida organizada do Cruzeiro foi fortemente atacado em uma emboscada feita por membros da Mancha Verde, maior organizada do Palmeiras. O Cruzeiro repudiou a atitude. O ataque foi feito em Mairipor\u00e3, interior de S\u00e3o Paulo, quando a torcida do Cruzeiro retornava de Curitiba ap\u00f3s o jogo contra o Athletico Paranaense. Jos\u00e9 Victor [&hellip;]\" \/>\n<meta property=\"og:url\" content=\"https:\/\/www.gaveanews.com\/index.php\/2024\/10\/28\/cruzeiro-emite-nota-oficial-apos-situacao-lamentavel-em-sao-paulo\/\" \/>\n<meta property=\"og:site_name\" content=\"G\u00e1vea News\" \/>\n<meta property=\"article:publisher\" content=\"https:\/\/facebook.com\/gaveaNews\/\" \/>\n<meta property=\"article:published_time\" content=\"2024-10-28T19:50:46+00:00\" \/>\n<meta property=\"og:image\" content=\"https:\/\/www.gaveanews.com\/wp-content\/uploads\/Bandeira-do-Cruzeiro.webp\" \/>\n\t<meta property=\"og:image:width\" content=\"1062\" \/>\n\t<meta property=\"og:image:height\" content=\"708\" \/>\n\t<meta property=\"og:image:type\" content=\"image\/webp\" \/>\n<meta name=\"author\" content=\"Bruno Zanchetta\" \/>\n<meta name=\"twitter:card\" content=\"summary_large_image\" \/>\n<meta name=\"twitter:label1\" content=\"Escrito por\" \/>\n\t<meta name=\"twitter:data1\" content=\"Bruno Zanchetta\" \/>\n\t<meta name=\"twitter:label2\" content=\"Est. tempo de leitura\" \/>\n\t<meta name=\"twitter:data2\" content=\"2 minutos\" \/>\n<script type=\"application\/ld+json\" class=\"yoast-schema-graph\">{\"@context\":\"https:\/\/schema.org\",\"@graph\":[{\"@type\":\"NewsArticle\",\"@id\":\"https:\/\/www.gaveanews.com\/index.php\/2024\/10\/28\/cruzeiro-emite-nota-oficial-apos-situacao-lamentavel-em-sao-paulo\/#article\",\"isPartOf\":{\"@id\":\"https:\/\/www.gaveanews.com\/index.php\/2024\/10\/28\/cruzeiro-emite-nota-oficial-apos-situacao-lamentavel-em-sao-paulo\/\"},\"author\":{\"name\":\"Bruno Zanchetta\",\"@id\":\"https:\/\/www.gaveanews.com\/#\/schema\/person\/32fddefab25b466689f181be346cd98c\"},\"headline\":\"Cruzeiro emite nota oficial ap\u00f3s situa\u00e7\u00e3o lament\u00e1vel em S\u00e3o Paulo\",\"datePublished\":\"2024-10-28T19:50:46+00:00\",\"mainEntityOfPage\":{\"@id\":\"https:\/\/www.gaveanews.com\/index.php\/2024\/10\/28\/cruzeiro-emite-nota-oficial-apos-situacao-lamentavel-em-sao-paulo\/\"},\"wordCount\":342,\"commentCount\":0,\"image\":{\"@id\":\"https:\/\/www.gaveanews.com\/index.php\/2024\/10\/28\/cruzeiro-emite-nota-oficial-apos-situacao-lamentavel-em-sao-paulo\/#primaryimage\"},\"thumbnailUrl\":\"https:\/\/www.gaveanews.com\/wp-content\/uploads\/Bandeira-do-Cruzeiro.webp\",\"articleSection\":[\"Cruzeiro\"],\"inLanguage\":\"pt-BR\",\"potentialAction\":[{\"@type\":\"CommentAction\",\"name\":\"Comment\",\"target\":[\"https:\/\/www.gaveanews.com\/index.php\/2024\/10\/28\/cruzeiro-emite-nota-oficial-apos-situacao-lamentavel-em-sao-paulo\/#respond\"]}],\"copyrightYear\":\"2024\",\"copyrightHolder\":{\"@id\":\"https:\/\/www.gaveanews.com\/#organization\"}},{\"@type\":\"WebPage\",\"@id\":\"https:\/\/www.gaveanews.com\/index.php\/2024\/10\/28\/cruzeiro-emite-nota-oficial-apos-situacao-lamentavel-em-sao-paulo\/\",\"url\":\"https:\/\/www.gaveanews.com\/index.php\/2024\/10\/28\/cruzeiro-emite-nota-oficial-apos-situacao-lamentavel-em-sao-paulo\/\",\"name\":\"Cruzeiro emite nota oficial ap\u00f3s situa\u00e7\u00e3o lament\u00e1vel em S\u00e3o Paulo\",\"isPartOf\":{\"@id\":\"https:\/\/www.gaveanews.com\/#website\"},\"primaryImageOfPage\":{\"@id\":\"https:\/\/www.gaveanews.com\/index.php\/2024\/10\/28\/cruzeiro-emite-nota-oficial-apos-situacao-lamentavel-em-sao-paulo\/#primaryimage\"},\"image\":{\"@id\":\"https:\/\/www.gaveanews.com\/index.php\/2024\/10\/28\/cruzeiro-emite-nota-oficial-apos-situacao-lamentavel-em-sao-paulo\/#primaryimage\"},\"thumbnailUrl\":\"https:\/\/www.gaveanews.com\/wp-content\/uploads\/Bandeira-do-Cruzeiro.webp\",\"datePublished\":\"2024-10-28T19:50:46+00:00\",\"author\":{\"@id\":\"https:\/\/www.gaveanews.com\/#\/schema\/person\/32fddefab25b466689f181be346cd98c\"},\"breadcrumb\":{\"@id\":\"https:\/\/www.gaveanews.com\/index.php\/2024\/10\/28\/cruzeiro-emite-nota-oficial-apos-situacao-lamentavel-em-sao-paulo\/#breadcrumb\"},\"inLanguage\":\"pt-BR\",\"potentialAction\":[{\"@type\":\"ReadAction\",\"target\":[\"https:\/\/www.gaveanews.com\/index.php\/2024\/10\/28\/cruzeiro-emite-nota-oficial-apos-situacao-lamentavel-em-sao-paulo\/\"]}]},{\"@type\":\"ImageObject\",\"inLanguage\":\"pt-BR\",\"@id\":\"https:\/\/www.gaveanews.com\/index.php\/2024\/10\/28\/cruzeiro-emite-nota-oficial-apos-situacao-lamentavel-em-sao-paulo\/#primaryimage\",\"url\":\"https:\/\/www.gaveanews.com\/wp-content\/uploads\/Bandeira-do-Cruzeiro.webp\",\"contentUrl\":\"https:\/\/www.gaveanews.com\/wp-content\/uploads\/Bandeira-do-Cruzeiro.webp\",\"width\":1062,\"height\":708,\"caption\":\"Bandeira do Cruzeiro (Foto: Reprodu\u00e7\u00e3o\/Cruzeiro)\"},{\"@type\":\"BreadcrumbList\",\"@id\":\"https:\/\/www.gaveanews.com\/index.php\/2024\/10\/28\/cruzeiro-emite-nota-oficial-apos-situacao-lamentavel-em-sao-paulo\/#breadcrumb\",\"itemListElement\":[{\"@type\":\"ListItem\",\"position\":1,\"name\":\"Home\",\"item\":\"https:\/\/www.gaveanews.com\/\"},{\"@type\":\"ListItem\",\"position\":2,\"name\":\"Cruzeiro emite nota oficial ap\u00f3s situa\u00e7\u00e3o lament\u00e1vel em S\u00e3o Paulo\"}]},{\"@type\":\"WebSite\",\"@id\":\"https:\/\/www.gaveanews.com\/#website\",\"url\":\"https:\/\/www.gaveanews.com\/\",\"name\":\"G\u00e1vea News\",\"description\":\"Veja todas as not\u00edcias sobre o Flamengo: Contrata\u00e7\u00f5es, categorias de base, resultados das partidas, tabela de classifica\u00e7\u00e3o, pr\u00f3ximos jogos!\",\"potentialAction\":[{\"@type\":\"SearchAction\",\"target\":{\"@type\":\"EntryPoint\",\"urlTemplate\":\"https:\/\/www.gaveanews.com\/?s={search_term_string}\"},\"query-input\":{\"@type\":\"PropertyValueSpecification\",\"valueRequired\":true,\"valueName\":\"search_term_string\"}}],\"inLanguage\":\"pt-BR\"},{\"@type\":\"Person\",\"@id\":\"https:\/\/www.gaveanews.com\/#\/schema\/person\/32fddefab25b466689f181be346cd98c\",\"name\":\"Bruno Zanchetta\",\"image\":{\"@type\":\"ImageObject\",\"inLanguage\":\"pt-BR\",\"@id\":\"https:\/\/www.gaveanews.com\/#\/schema\/person\/image\/\",\"url\":\"https:\/\/secure.gravatar.com\/avatar\/3ba2d39f8a912ad65276975a996d6ad8d9e3dd13448684be8dc4d7c17099d2ee?s=96&d=mm&r=g\",\"contentUrl\":\"https:\/\/secure.gravatar.com\/avatar\/3ba2d39f8a912ad65276975a996d6ad8d9e3dd13448684be8dc4d7c17099d2ee?s=96&d=mm&r=g\",\"caption\":\"Bruno Zanchetta\"}}]}<\/script>\n<!-- \/ Yoast SEO Premium plugin. -->","yoast_head_json":{"title":"Cruzeiro emite nota oficial ap\u00f3s situa\u00e7\u00e3o lament\u00e1vel em S\u00e3o Paulo","robots":{"index":"index","follow":"follow","max-snippet":"max-snippet:-1","max-image-preview":"max-image-preview:large","max-video-preview":"max-video-preview:-1"},"canonical":"https:\/\/www.gaveanews.com\/index.php\/2024\/10\/28\/cruzeiro-emite-nota-oficial-apos-situacao-lamentavel-em-sao-paulo\/","og_locale":"pt_BR","og_type":"article","og_title":"Cruzeiro emite nota oficial ap\u00f3s situa\u00e7\u00e3o lament\u00e1vel em S\u00e3o Paulo","og_description":"O \u00f4nibus da torcida organizada do Cruzeiro foi fortemente atacado em uma emboscada feita por membros da Mancha Verde, maior organizada do Palmeiras. O Cruzeiro repudiou a atitude. O ataque foi feito em Mairipor\u00e3, interior de S\u00e3o Paulo, quando a torcida do Cruzeiro retornava de Curitiba ap\u00f3s o jogo contra o Athletico Paranaense. Jos\u00e9 Victor [&hellip;]","og_url":"https:\/\/www.gaveanews.com\/index.php\/2024\/10\/28\/cruzeiro-emite-nota-oficial-apos-situacao-lamentavel-em-sao-paulo\/","og_site_name":"G\u00e1vea News","article_publisher":"https:\/\/facebook.com\/gaveaNews\/","article_published_time":"2024-10-28T19:50:46+00:00","og_image":[{"width":1062,"height":708,"url":"https:\/\/www.gaveanews.com\/wp-content\/uploads\/Bandeira-do-Cruzeiro.webp","type":"image\/webp"}],"author":"Bruno Zanchetta","twitter_card":"summary_large_image","twitter_misc":{"Escrito por":"Bruno Zanchetta","Est. tempo de leitura":"2 minutos"},"schema":{"@context":"https:\/\/schema.org","@graph":[{"@type":"NewsArticle","@id":"https:\/\/www.gaveanews.com\/index.php\/2024\/10\/28\/cruzeiro-emite-nota-oficial-apos-situacao-lamentavel-em-sao-paulo\/#article","isPartOf":{"@id":"https:\/\/www.gaveanews.com\/index.php\/2024\/10\/28\/cruzeiro-emite-nota-oficial-apos-situacao-lamentavel-em-sao-paulo\/"},"author":{"name":"Bruno Zanchetta","@id":"https:\/\/www.gaveanews.com\/#\/schema\/person\/32fddefab25b466689f181be346cd98c"},"headline":"Cruzeiro emite nota oficial ap\u00f3s situa\u00e7\u00e3o lament\u00e1vel em S\u00e3o Paulo","datePublished":"2024-10-28T19:50:46+00:00","mainEntityOfPage":{"@id":"https:\/\/www.gaveanews.com\/index.php\/2024\/10\/28\/cruzeiro-emite-nota-oficial-apos-situacao-lamentavel-em-sao-paulo\/"},"wordCount":342,"commentCount":0,"image":{"@id":"https:\/\/www.gaveanews.com\/index.php\/2024\/10\/28\/cruzeiro-emite-nota-oficial-apos-situacao-lamentavel-em-sao-paulo\/#primaryimage"},"thumbnailUrl":"https:\/\/www.gaveanews.com\/wp-content\/uploads\/Bandeira-do-Cruzeiro.webp","articleSection":["Cruzeiro"],"inLanguage":"pt-BR","potentialAction":[{"@type":"CommentAction","name":"Comment","target":["https:\/\/www.gaveanews.com\/index.php\/2024\/10\/28\/cruzeiro-emite-nota-oficial-apos-situacao-lamentavel-em-sao-paulo\/#respond"]}],"copyrightYear":"2024","copyrightHolder":{"@id":"https:\/\/www.gaveanews.com\/#organization"}},{"@type":"WebPage","@id":"https:\/\/www.gaveanews.com\/index.php\/2024\/10\/28\/cruzeiro-emite-nota-oficial-apos-situacao-lamentavel-em-sao-paulo\/","url":"https:\/\/www.gaveanews.com\/index.php\/2024\/10\/28\/cruzeiro-emite-nota-oficial-apos-situacao-lamentavel-em-sao-paulo\/","name":"Cruzeiro emite nota oficial ap\u00f3s situa\u00e7\u00e3o lament\u00e1vel em S\u00e3o Paulo","isPartOf":{"@id":"https:\/\/www.gaveanews.com\/#website"},"primaryImageOfPage":{"@id":"https:\/\/www.gaveanews.com\/index.php\/2024\/10\/28\/cruzeiro-emite-nota-oficial-apos-situacao-lamentavel-em-sao-paulo\/#primaryimage"},"image":{"@id":"https:\/\/www.gaveanews.com\/index.php\/2024\/10\/28\/cruzeiro-emite-nota-oficial-apos-situacao-lamentavel-em-sao-paulo\/#primaryimage"},"thumbnailUrl":"https:\/\/www.gaveanews.com\/wp-content\/uploads\/Bandeira-do-Cruzeiro.webp","datePublished":"2024-10-28T19:50:46+00:00","author":{"@id":"https:\/\/www.gaveanews.com\/#\/schema\/person\/32fddefab25b466689f181be346cd98c"},"breadcrumb":{"@id":"https:\/\/www.gaveanews.com\/index.php\/2024\/10\/28\/cruzeiro-emite-nota-oficial-apos-situacao-lamentavel-em-sao-paulo\/#breadcrumb"},"inLanguage":"pt-BR","potentialAction":[{"@type":"ReadAction","target":["https:\/\/www.gaveanews.com\/index.php\/2024\/10\/28\/cruzeiro-emite-nota-oficial-apos-situacao-lamentavel-em-sao-paulo\/"]}]},{"@type":"ImageObject","inLanguage":"pt-BR","@id":"https:\/\/www.gaveanews.com\/index.php\/2024\/10\/28\/cruzeiro-emite-nota-oficial-apos-situacao-lamentavel-em-sao-paulo\/#primaryimage","url":"https:\/\/www.gaveanews.com\/wp-content\/uploads\/Bandeira-do-Cruzeiro.webp","contentUrl":"https:\/\/www.gaveanews.com\/wp-content\/uploads\/Bandeira-do-Cruzeiro.webp","width":1062,"height":708,"caption":"Bandeira do Cruzeiro (Foto: Reprodu\u00e7\u00e3o\/Cruzeiro)"},{"@type":"BreadcrumbList","@id":"https:\/\/www.gaveanews.com\/index.php\/2024\/10\/28\/cruzeiro-emite-nota-oficial-apos-situacao-lamentavel-em-sao-paulo\/#breadcrumb","itemListElement":[{"@type":"ListItem","position":1,"name":"Home","item":"https:\/\/www.gaveanews.com\/"},{"@type":"ListItem","position":2,"name":"Cruzeiro emite nota oficial ap\u00f3s situa\u00e7\u00e3o lament\u00e1vel em S\u00e3o Paulo"}]},{"@type":"WebSite","@id":"https:\/\/www.gaveanews.com\/#website","url":"https:\/\/www.gaveanews.com\/","name":"G\u00e1vea News","description":"Veja todas as not\u00edcias sobre o Flamengo: Contrata\u00e7\u00f5es, categorias de base, resultados das partidas, tabela de classifica\u00e7\u00e3o, pr\u00f3ximos jogos!","potentialAction":[{"@type":"SearchAction","target":{"@type":"EntryPoint","urlTemplate":"https:\/\/www.gaveanews.com\/?s={search_term_string}"},"query-input":{"@type":"PropertyValueSpecification","valueRequired":true,"valueName":"search_term_string"}}],"inLanguage":"pt-BR"},{"@type":"Person","@id":"https:\/\/www.gaveanews.com\/#\/schema\/person\/32fddefab25b466689f181be346cd98c","name":"Bruno Zanchetta","image":{"@type":"ImageObject","inLanguage":"pt-BR","@id":"https:\/\/www.gaveanews.com\/#\/schema\/person\/image\/","url":"https:\/\/secure.gravatar.com\/avatar\/3ba2d39f8a912ad65276975a996d6ad8d9e3dd13448684be8dc4d7c17099d2ee?s=96&d=mm&r=g","contentUrl":"https:\/\/secure.gravatar.com\/avatar\/3ba2d39f8a912ad65276975a996d6ad8d9e3dd13448684be8dc4d7c17099d2ee?s=96&d=mm&r=g","caption":"Bruno Zanchetta"}}]}},"_links":{"self":[{"href":"https:\/\/www.gaveanews.com\/index.php\/wp-json\/wp\/v2\/posts\/178404","targetHints":{"allow":["GET"]}}],"collection":[{"href":"https:\/\/www.gaveanews.com\/index.php\/wp-json\/wp\/v2\/posts"}],"about":[{"href":"https:\/\/www.gaveanews.com\/index.php\/wp-json\/wp\/v2\/types\/post"}],"author":[{"embeddable":true,"href":"https:\/\/www.gaveanews.com\/index.php\/wp-json\/wp\/v2\/users\/19"}],"replies":[{"embeddable":true,"href":"https:\/\/www.gaveanews.com\/index.php\/wp-json\/wp\/v2\/comments?post=178404"}],"version-history":[{"count":2,"href":"https:\/\/www.gaveanews.com\/index.php\/wp-json\/wp\/v2\/posts\/178404\/revisions"}],"predecessor-version":[{"id":178544,"href":"https:\/\/www.gaveanews.com\/index.php\/wp-json\/wp\/v2\/posts\/178404\/revisions\/178544"}],"wp:featuredmedia":[{"embeddable":true,"href":"https:\/\/www.gaveanews.com\/index.php\/wp-json\/wp\/v2\/media\/175601"}],"wp:attachment":[{"href":"https:\/\/www.gaveanews.com\/index.php\/wp-json\/wp\/v2\/media?parent=178404"}],"wp:term":[{"taxonomy":"category","embeddable":true,"href":"https:\/\/www.gaveanews.com\/index.php\/wp-json\/wp\/v2\/categories?post=178404"},{"taxonomy":"post_tag","embeddable":true,"href":"https:\/\/www.gaveanews.com\/index.php\/wp-json\/wp\/v2\/tags?post=178404"}],"curies":[{"name":"wp","href":"https:\/\/api.w.org\/{rel}","templated":true}]}}