{"id":178477,"date":"2024-10-28T16:00:00","date_gmt":"2024-10-28T19:00:00","guid":{"rendered":"https:\/\/www.gaveanews.com\/?p=178477"},"modified":"2024-10-28T15:34:39","modified_gmt":"2024-10-28T18:34:39","slug":"real-madrid-emite-nota-oficial-sobre-a-bola-de-ouro","status":"publish","type":"post","link":"https:\/\/www.gaveanews.com\/index.php\/2024\/10\/28\/real-madrid-emite-nota-oficial-sobre-a-bola-de-ouro\/","title":{"rendered":"Real Madrid emite nota oficial sobre a Bola de Ouro"},"content":{"rendered":"\n<p>Nesta segunda-feira (28), o Real Madrid surpreendeu o mundo ao cancelar a viagem de sua comitiva a Paris para a cerim\u00f4nia da Bola de Ouro. O motivo? A insatisfa\u00e7\u00e3o com o resultado da premia\u00e7\u00e3o, que n\u00e3o dar\u00e1 o t\u00edtulo a Vinicius Jr., principal estrela do clube na \u00faltima temporada. Para o gigante espanhol, a Bola de Ouro perdeu relev\u00e2ncia, e o clube j\u00e1 deixou claro que n\u00e3o se sente respeitado pela organiza\u00e7\u00e3o.<\/p>\n\n\n\n<ul class=\"wp-block-list\">\n<li><a href=\"https:\/\/www.gaveanews.com\/index.php\/2024\/10\/28\/vini-jr-e-real-madrid-tomam-atitude-inesperada-antes-da-premiacao-da-bola-de-ouro\/\">Vini Jr e Real Madrid tomam atitude inesperada antes da premia\u00e7\u00e3o da Bola de Ouro<\/a><\/li>\n\n\n\n<li><a href=\"https:\/\/www.gaveanews.com\/index.php\/2024\/10\/28\/real-madrid-barcelona-manchester-city-paris-saint-germain-liverpool-chelsea-manchester-united-bayern-de-munique-milan-porto-os-times-da-europa-mais-populares-no-brasil\/\">Real Madrid, Barcelona, Manchester City, Paris Saint-Germain, Liverpool, Chelsea, Manchester United, Bayern de Munique, Milan, Porto: os times da Europa mais populares no Brasil<\/a><\/li>\n<\/ul>\n\n\n\n<h2 class=\"wp-block-heading\" id=\"h-a-bola-de-ouro-nao-respeita-o-real-madrid\">\u201cA Bola de Ouro n\u00e3o respeita o Real Madrid\u201d<\/h2>\n\n\n\n<p>A decis\u00e3o do Real Madrid reflete uma frustra\u00e7\u00e3o profunda com os crit\u00e9rios de escolha. Segundo o jornal Marca, a postura interna do clube \u00e9 un\u00e2nime: a premia\u00e7\u00e3o n\u00e3o existe mais para eles. <\/p>\n\n\n\n<p>&#8220;Se os crit\u00e9rios de premia\u00e7\u00e3o n\u00e3o designam Vinicius como vencedor, esses mesmos crit\u00e9rios deveriam designar Carvajal como vencedor. Como n\u00e3o foi o caso, \u00e9 \u00f3bvio que a Bola de Ouro da UEFA n\u00e3o respeita o Real Madrid&#8221;, disse o clube em comunicado \u00e0 AFP.<\/p>\n\n\n\n<p>Florentino P\u00e9rez, presidente do Real, cancelou a presen\u00e7a de 50 membros que j\u00e1 tinham viagem marcada para celebrar a esperada vit\u00f3ria de Vini Jr. Al\u00e9m disso, a cerim\u00f4nia era vista como uma oportunidade para reconhecer as conquistas da equipe, que ergueu trof\u00e9us importantes como a Champions League e a Supercopa da Espanha.<\/p>\n\n\n\n<p>Por isso, o clube emitiu uma nota \u00e0 ag\u00eancia AFP afirmando que, se os crit\u00e9rios n\u00e3o premiam Vinicius, \u201cent\u00e3o deveriam premiar Carvajal\u201d. Sendo assim, a interpreta\u00e7\u00e3o \u00e9 clara: o Real Madrid v\u00ea a premia\u00e7\u00e3o como inconsistente e tendenciosa.<\/p>\n\n\n\n<h2 class=\"wp-block-heading\" id=\"h-rodri-supera-vini-jr-na-disputa\">Rodri supera Vini Jr na disputa<\/h2>\n\n\n\n<p>Vini Jr era considerado um forte candidato, porque liderou o Real em t\u00edtulos importantes. No entanto, Rodri, do Manchester City, foi apontado como favorito devido \u00e0s suas conquistas, incluindo a Eurocopa e o desempenho consistente na temporada. Cabe ressaltar que o volante tamb\u00e9m fez uma campanha pessoal intensa para que um espanhol levasse o trof\u00e9u.<\/p>\n\n\n\n<p>Dessa maneira, Rodri se destaca com 50 jogos, nove gols e 13 assist\u00eancias. Vale destacar que ele foi uma pe\u00e7a-chave para o tetracampeonato do City na Premier League. Com isso, o meio-campista conseguiu atrair a aten\u00e7\u00e3o dos eleitores e consolidou sua posi\u00e7\u00e3o como favorito.<\/p>\n\n\n\n<h2 class=\"wp-block-heading\" id=\"h-o-sistema-de-votacao\">O sistema de vota\u00e7\u00e3o<\/h2>\n\n\n\n<p>A escolha dos vencedores da Bola de Ouro \u00e9 feita por jornalistas de 100 pa\u00edses, que avaliam o desempenho individual, impacto decisivo e conquistas dos atletas. No entanto, para o Real Madrid, esses crit\u00e9rios n\u00e3o foram aplicados de forma justa. <\/p>\n\n\n\n<p>Desse jeito, a decis\u00e3o de boicotar a premia\u00e7\u00e3o demonstra um ponto de ruptura entre o clube e a organiza\u00e7\u00e3o da Bola de Ouro. Portanto, o Real Madrid n\u00e3o estar\u00e1 presente em Paris, e o descontentamento com a premia\u00e7\u00e3o deixa claro que o clube, por enquanto, n\u00e3o v\u00ea mais valor na honraria.<\/p>\n","protected":false},"excerpt":{"rendered":"<p>Nesta segunda-feira (28), o Real Madrid surpreendeu o mundo ao cancelar a viagem de sua comitiva a Paris para a cerim\u00f4nia da Bola de Ouro. O motivo? A insatisfa\u00e7\u00e3o com o resultado da premia\u00e7\u00e3o, que n\u00e3o dar\u00e1 o t\u00edtulo a Vinicius Jr., principal estrela do clube na \u00faltima temporada. Para o gigante espanhol, a Bola [&hellip;]<\/p>\n","protected":false},"author":24,"featured_media":120916,"comment_status":"open","ping_status":"closed","sticky":false,"template":"","format":"standard","meta":{"footnotes":""},"categories":[1,88],"tags":[],"class_list":["post-178477","post","type-post","status-publish","format-standard","has-post-thumbnail","hentry","category-flamengo","category-real-madrid"],"yoast_head":"<!-- This site is optimized with the Yoast SEO Premium plugin v24.2 (Yoast SEO v26.9) - https:\/\/yoast.com\/product\/yoast-seo-premium-wordpress\/ -->\n<title>Real Madrid emite nota oficial sobre a Bola de Ouro<\/title>\n<meta name=\"robots\" content=\"index, follow, max-snippet:-1, max-image-preview:large, max-video-preview:-1\" \/>\n<link rel=\"canonical\" href=\"https:\/\/www.gaveanews.com\/index.php\/2024\/10\/28\/real-madrid-emite-nota-oficial-sobre-a-bola-de-ouro\/\" \/>\n<meta property=\"og:locale\" content=\"pt_BR\" \/>\n<meta property=\"og:type\" content=\"article\" \/>\n<meta property=\"og:title\" content=\"Real Madrid emite nota oficial sobre a Bola de Ouro\" \/>\n<meta property=\"og:description\" content=\"Nesta segunda-feira (28), o Real Madrid surpreendeu o mundo ao cancelar a viagem de sua comitiva a Paris para a cerim\u00f4nia da Bola de Ouro. O motivo? A insatisfa\u00e7\u00e3o com o resultado da premia\u00e7\u00e3o, que n\u00e3o dar\u00e1 o t\u00edtulo a Vinicius Jr., principal estrela do clube na \u00faltima temporada. Para o gigante espanhol, a Bola [&hellip;]\" \/>\n<meta property=\"og:url\" content=\"https:\/\/www.gaveanews.com\/index.php\/2024\/10\/28\/real-madrid-emite-nota-oficial-sobre-a-bola-de-ouro\/\" \/>\n<meta property=\"og:site_name\" content=\"G\u00e1vea News\" \/>\n<meta property=\"article:publisher\" content=\"https:\/\/facebook.com\/gaveaNews\/\" \/>\n<meta property=\"article:published_time\" content=\"2024-10-28T19:00:00+00:00\" \/>\n<meta property=\"og:image\" content=\"https:\/\/www.gaveanews.com\/wp-content\/uploads\/real-madrid.webp\" \/>\n\t<meta property=\"og:image:width\" content=\"906\" \/>\n\t<meta property=\"og:image:height\" content=\"509\" \/>\n\t<meta property=\"og:image:type\" content=\"image\/jpeg\" \/>\n<meta name=\"author\" content=\"Leandro Cardoso\" \/>\n<meta name=\"twitter:card\" content=\"summary_large_image\" \/>\n<meta name=\"twitter:label1\" content=\"Escrito por\" \/>\n\t<meta name=\"twitter:data1\" content=\"Leandro Cardoso\" \/>\n\t<meta name=\"twitter:label2\" content=\"Est. tempo de leitura\" \/>\n\t<meta name=\"twitter:data2\" content=\"3 minutos\" \/>\n<script type=\"application\/ld+json\" class=\"yoast-schema-graph\">{\"@context\":\"https:\/\/schema.org\",\"@graph\":[{\"@type\":\"NewsArticle\",\"@id\":\"https:\/\/www.gaveanews.com\/index.php\/2024\/10\/28\/real-madrid-emite-nota-oficial-sobre-a-bola-de-ouro\/#article\",\"isPartOf\":{\"@id\":\"https:\/\/www.gaveanews.com\/index.php\/2024\/10\/28\/real-madrid-emite-nota-oficial-sobre-a-bola-de-ouro\/\"},\"author\":{\"name\":\"Leandro Cardoso\",\"@id\":\"https:\/\/www.gaveanews.com\/#\/schema\/person\/2424ec6409bc3f068411fc5e4e9b6168\"},\"headline\":\"Real Madrid emite nota oficial sobre a Bola de Ouro\",\"datePublished\":\"2024-10-28T19:00:00+00:00\",\"mainEntityOfPage\":{\"@id\":\"https:\/\/www.gaveanews.com\/index.php\/2024\/10\/28\/real-madrid-emite-nota-oficial-sobre-a-bola-de-ouro\/\"},\"wordCount\":536,\"commentCount\":0,\"image\":{\"@id\":\"https:\/\/www.gaveanews.com\/index.php\/2024\/10\/28\/real-madrid-emite-nota-oficial-sobre-a-bola-de-ouro\/#primaryimage\"},\"thumbnailUrl\":\"https:\/\/www.gaveanews.com\/wp-content\/uploads\/real-madrid.webp\",\"articleSection\":[\"Flamengo\",\"Real Madrid\"],\"inLanguage\":\"pt-BR\",\"potentialAction\":[{\"@type\":\"CommentAction\",\"name\":\"Comment\",\"target\":[\"https:\/\/www.gaveanews.com\/index.php\/2024\/10\/28\/real-madrid-emite-nota-oficial-sobre-a-bola-de-ouro\/#respond\"]}],\"copyrightYear\":\"2024\",\"copyrightHolder\":{\"@id\":\"https:\/\/www.gaveanews.com\/#organization\"}},{\"@type\":\"WebPage\",\"@id\":\"https:\/\/www.gaveanews.com\/index.php\/2024\/10\/28\/real-madrid-emite-nota-oficial-sobre-a-bola-de-ouro\/\",\"url\":\"https:\/\/www.gaveanews.com\/index.php\/2024\/10\/28\/real-madrid-emite-nota-oficial-sobre-a-bola-de-ouro\/\",\"name\":\"Real Madrid emite nota oficial sobre a Bola de Ouro\",\"isPartOf\":{\"@id\":\"https:\/\/www.gaveanews.com\/#website\"},\"primaryImageOfPage\":{\"@id\":\"https:\/\/www.gaveanews.com\/index.php\/2024\/10\/28\/real-madrid-emite-nota-oficial-sobre-a-bola-de-ouro\/#primaryimage\"},\"image\":{\"@id\":\"https:\/\/www.gaveanews.com\/index.php\/2024\/10\/28\/real-madrid-emite-nota-oficial-sobre-a-bola-de-ouro\/#primaryimage\"},\"thumbnailUrl\":\"https:\/\/www.gaveanews.com\/wp-content\/uploads\/real-madrid.webp\",\"datePublished\":\"2024-10-28T19:00:00+00:00\",\"author\":{\"@id\":\"https:\/\/www.gaveanews.com\/#\/schema\/person\/2424ec6409bc3f068411fc5e4e9b6168\"},\"breadcrumb\":{\"@id\":\"https:\/\/www.gaveanews.com\/index.php\/2024\/10\/28\/real-madrid-emite-nota-oficial-sobre-a-bola-de-ouro\/#breadcrumb\"},\"inLanguage\":\"pt-BR\",\"potentialAction\":[{\"@type\":\"ReadAction\",\"target\":[\"https:\/\/www.gaveanews.com\/index.php\/2024\/10\/28\/real-madrid-emite-nota-oficial-sobre-a-bola-de-ouro\/\"]}]},{\"@type\":\"ImageObject\",\"inLanguage\":\"pt-BR\",\"@id\":\"https:\/\/www.gaveanews.com\/index.php\/2024\/10\/28\/real-madrid-emite-nota-oficial-sobre-a-bola-de-ouro\/#primaryimage\",\"url\":\"https:\/\/www.gaveanews.com\/wp-content\/uploads\/real-madrid.webp\",\"contentUrl\":\"https:\/\/www.gaveanews.com\/wp-content\/uploads\/real-madrid.webp\",\"width\":906,\"height\":509,\"caption\":\"Escudo do Real Madrid (Foto: Reprodu\u00e7\u00e3o)\"},{\"@type\":\"BreadcrumbList\",\"@id\":\"https:\/\/www.gaveanews.com\/index.php\/2024\/10\/28\/real-madrid-emite-nota-oficial-sobre-a-bola-de-ouro\/#breadcrumb\",\"itemListElement\":[{\"@type\":\"ListItem\",\"position\":1,\"name\":\"Home\",\"item\":\"https:\/\/www.gaveanews.com\/\"},{\"@type\":\"ListItem\",\"position\":2,\"name\":\"Real Madrid emite nota oficial sobre a Bola de Ouro\"}]},{\"@type\":\"WebSite\",\"@id\":\"https:\/\/www.gaveanews.com\/#website\",\"url\":\"https:\/\/www.gaveanews.com\/\",\"name\":\"G\u00e1vea News\",\"description\":\"Veja todas as not\u00edcias sobre o Flamengo: Contrata\u00e7\u00f5es, categorias de base, resultados das partidas, tabela de classifica\u00e7\u00e3o, pr\u00f3ximos jogos!\",\"potentialAction\":[{\"@type\":\"SearchAction\",\"target\":{\"@type\":\"EntryPoint\",\"urlTemplate\":\"https:\/\/www.gaveanews.com\/?s={search_term_string}\"},\"query-input\":{\"@type\":\"PropertyValueSpecification\",\"valueRequired\":true,\"valueName\":\"search_term_string\"}}],\"inLanguage\":\"pt-BR\"},{\"@type\":\"Person\",\"@id\":\"https:\/\/www.gaveanews.com\/#\/schema\/person\/2424ec6409bc3f068411fc5e4e9b6168\",\"name\":\"Leandro Cardoso\",\"image\":{\"@type\":\"ImageObject\",\"inLanguage\":\"pt-BR\",\"@id\":\"https:\/\/www.gaveanews.com\/#\/schema\/person\/image\/\",\"url\":\"https:\/\/secure.gravatar.com\/avatar\/8ca179f9b55eefe9f376f5493ef25475bfa59fbc28ce937f6076ce20e523098f?s=96&d=mm&r=g\",\"contentUrl\":\"https:\/\/secure.gravatar.com\/avatar\/8ca179f9b55eefe9f376f5493ef25475bfa59fbc28ce937f6076ce20e523098f?s=96&d=mm&r=g\",\"caption\":\"Leandro Cardoso\"}}]}<\/script>\n<!-- \/ Yoast SEO Premium plugin. -->","yoast_head_json":{"title":"Real Madrid emite nota oficial sobre a Bola de Ouro","robots":{"index":"index","follow":"follow","max-snippet":"max-snippet:-1","max-image-preview":"max-image-preview:large","max-video-preview":"max-video-preview:-1"},"canonical":"https:\/\/www.gaveanews.com\/index.php\/2024\/10\/28\/real-madrid-emite-nota-oficial-sobre-a-bola-de-ouro\/","og_locale":"pt_BR","og_type":"article","og_title":"Real Madrid emite nota oficial sobre a Bola de Ouro","og_description":"Nesta segunda-feira (28), o Real Madrid surpreendeu o mundo ao cancelar a viagem de sua comitiva a Paris para a cerim\u00f4nia da Bola de Ouro. O motivo? A insatisfa\u00e7\u00e3o com o resultado da premia\u00e7\u00e3o, que n\u00e3o dar\u00e1 o t\u00edtulo a Vinicius Jr., principal estrela do clube na \u00faltima temporada. Para o gigante espanhol, a Bola [&hellip;]","og_url":"https:\/\/www.gaveanews.com\/index.php\/2024\/10\/28\/real-madrid-emite-nota-oficial-sobre-a-bola-de-ouro\/","og_site_name":"G\u00e1vea News","article_publisher":"https:\/\/facebook.com\/gaveaNews\/","article_published_time":"2024-10-28T19:00:00+00:00","og_image":[{"width":906,"height":509,"url":"https:\/\/www.gaveanews.com\/wp-content\/uploads\/real-madrid.webp","type":"image\/jpeg"}],"author":"Leandro Cardoso","twitter_card":"summary_large_image","twitter_misc":{"Escrito por":"Leandro Cardoso","Est. tempo de leitura":"3 minutos"},"schema":{"@context":"https:\/\/schema.org","@graph":[{"@type":"NewsArticle","@id":"https:\/\/www.gaveanews.com\/index.php\/2024\/10\/28\/real-madrid-emite-nota-oficial-sobre-a-bola-de-ouro\/#article","isPartOf":{"@id":"https:\/\/www.gaveanews.com\/index.php\/2024\/10\/28\/real-madrid-emite-nota-oficial-sobre-a-bola-de-ouro\/"},"author":{"name":"Leandro Cardoso","@id":"https:\/\/www.gaveanews.com\/#\/schema\/person\/2424ec6409bc3f068411fc5e4e9b6168"},"headline":"Real Madrid emite nota oficial sobre a Bola de Ouro","datePublished":"2024-10-28T19:00:00+00:00","mainEntityOfPage":{"@id":"https:\/\/www.gaveanews.com\/index.php\/2024\/10\/28\/real-madrid-emite-nota-oficial-sobre-a-bola-de-ouro\/"},"wordCount":536,"commentCount":0,"image":{"@id":"https:\/\/www.gaveanews.com\/index.php\/2024\/10\/28\/real-madrid-emite-nota-oficial-sobre-a-bola-de-ouro\/#primaryimage"},"thumbnailUrl":"https:\/\/www.gaveanews.com\/wp-content\/uploads\/real-madrid.webp","articleSection":["Flamengo","Real Madrid"],"inLanguage":"pt-BR","potentialAction":[{"@type":"CommentAction","name":"Comment","target":["https:\/\/www.gaveanews.com\/index.php\/2024\/10\/28\/real-madrid-emite-nota-oficial-sobre-a-bola-de-ouro\/#respond"]}],"copyrightYear":"2024","copyrightHolder":{"@id":"https:\/\/www.gaveanews.com\/#organization"}},{"@type":"WebPage","@id":"https:\/\/www.gaveanews.com\/index.php\/2024\/10\/28\/real-madrid-emite-nota-oficial-sobre-a-bola-de-ouro\/","url":"https:\/\/www.gaveanews.com\/index.php\/2024\/10\/28\/real-madrid-emite-nota-oficial-sobre-a-bola-de-ouro\/","name":"Real Madrid emite nota oficial sobre a Bola de Ouro","isPartOf":{"@id":"https:\/\/www.gaveanews.com\/#website"},"primaryImageOfPage":{"@id":"https:\/\/www.gaveanews.com\/index.php\/2024\/10\/28\/real-madrid-emite-nota-oficial-sobre-a-bola-de-ouro\/#primaryimage"},"image":{"@id":"https:\/\/www.gaveanews.com\/index.php\/2024\/10\/28\/real-madrid-emite-nota-oficial-sobre-a-bola-de-ouro\/#primaryimage"},"thumbnailUrl":"https:\/\/www.gaveanews.com\/wp-content\/uploads\/real-madrid.webp","datePublished":"2024-10-28T19:00:00+00:00","author":{"@id":"https:\/\/www.gaveanews.com\/#\/schema\/person\/2424ec6409bc3f068411fc5e4e9b6168"},"breadcrumb":{"@id":"https:\/\/www.gaveanews.com\/index.php\/2024\/10\/28\/real-madrid-emite-nota-oficial-sobre-a-bola-de-ouro\/#breadcrumb"},"inLanguage":"pt-BR","potentialAction":[{"@type":"ReadAction","target":["https:\/\/www.gaveanews.com\/index.php\/2024\/10\/28\/real-madrid-emite-nota-oficial-sobre-a-bola-de-ouro\/"]}]},{"@type":"ImageObject","inLanguage":"pt-BR","@id":"https:\/\/www.gaveanews.com\/index.php\/2024\/10\/28\/real-madrid-emite-nota-oficial-sobre-a-bola-de-ouro\/#primaryimage","url":"https:\/\/www.gaveanews.com\/wp-content\/uploads\/real-madrid.webp","contentUrl":"https:\/\/www.gaveanews.com\/wp-content\/uploads\/real-madrid.webp","width":906,"height":509,"caption":"Escudo do Real Madrid (Foto: Reprodu\u00e7\u00e3o)"},{"@type":"BreadcrumbList","@id":"https:\/\/www.gaveanews.com\/index.php\/2024\/10\/28\/real-madrid-emite-nota-oficial-sobre-a-bola-de-ouro\/#breadcrumb","itemListElement":[{"@type":"ListItem","position":1,"name":"Home","item":"https:\/\/www.gaveanews.com\/"},{"@type":"ListItem","position":2,"name":"Real Madrid emite nota oficial sobre a Bola de Ouro"}]},{"@type":"WebSite","@id":"https:\/\/www.gaveanews.com\/#website","url":"https:\/\/www.gaveanews.com\/","name":"G\u00e1vea News","description":"Veja todas as not\u00edcias sobre o Flamengo: Contrata\u00e7\u00f5es, categorias de base, resultados das partidas, tabela de classifica\u00e7\u00e3o, pr\u00f3ximos jogos!","potentialAction":[{"@type":"SearchAction","target":{"@type":"EntryPoint","urlTemplate":"https:\/\/www.gaveanews.com\/?s={search_term_string}"},"query-input":{"@type":"PropertyValueSpecification","valueRequired":true,"valueName":"search_term_string"}}],"inLanguage":"pt-BR"},{"@type":"Person","@id":"https:\/\/www.gaveanews.com\/#\/schema\/person\/2424ec6409bc3f068411fc5e4e9b6168","name":"Leandro Cardoso","image":{"@type":"ImageObject","inLanguage":"pt-BR","@id":"https:\/\/www.gaveanews.com\/#\/schema\/person\/image\/","url":"https:\/\/secure.gravatar.com\/avatar\/8ca179f9b55eefe9f376f5493ef25475bfa59fbc28ce937f6076ce20e523098f?s=96&d=mm&r=g","contentUrl":"https:\/\/secure.gravatar.com\/avatar\/8ca179f9b55eefe9f376f5493ef25475bfa59fbc28ce937f6076ce20e523098f?s=96&d=mm&r=g","caption":"Leandro Cardoso"}}]}},"_links":{"self":[{"href":"https:\/\/www.gaveanews.com\/index.php\/wp-json\/wp\/v2\/posts\/178477","targetHints":{"allow":["GET"]}}],"collection":[{"href":"https:\/\/www.gaveanews.com\/index.php\/wp-json\/wp\/v2\/posts"}],"about":[{"href":"https:\/\/www.gaveanews.com\/index.php\/wp-json\/wp\/v2\/types\/post"}],"author":[{"embeddable":true,"href":"https:\/\/www.gaveanews.com\/index.php\/wp-json\/wp\/v2\/users\/24"}],"replies":[{"embeddable":true,"href":"https:\/\/www.gaveanews.com\/index.php\/wp-json\/wp\/v2\/comments?post=178477"}],"version-history":[{"count":1,"href":"https:\/\/www.gaveanews.com\/index.php\/wp-json\/wp\/v2\/posts\/178477\/revisions"}],"predecessor-version":[{"id":178480,"href":"https:\/\/www.gaveanews.com\/index.php\/wp-json\/wp\/v2\/posts\/178477\/revisions\/178480"}],"wp:featuredmedia":[{"embeddable":true,"href":"https:\/\/www.gaveanews.com\/index.php\/wp-json\/wp\/v2\/media\/120916"}],"wp:attachment":[{"href":"https:\/\/www.gaveanews.com\/index.php\/wp-json\/wp\/v2\/media?parent=178477"}],"wp:term":[{"taxonomy":"category","embeddable":true,"href":"https:\/\/www.gaveanews.com\/index.php\/wp-json\/wp\/v2\/categories?post=178477"},{"taxonomy":"post_tag","embeddable":true,"href":"https:\/\/www.gaveanews.com\/index.php\/wp-json\/wp\/v2\/tags?post=178477"}],"curies":[{"name":"wp","href":"https:\/\/api.w.org\/{rel}","templated":true}]}}