{"id":178488,"date":"2024-10-28T17:00:00","date_gmt":"2024-10-28T20:00:00","guid":{"rendered":"https:\/\/www.gaveanews.com\/?p=178488"},"modified":"2024-10-28T16:14:52","modified_gmt":"2024-10-28T19:14:52","slug":"flamengo-x-internacional-veja-a-provavel-escalacao-de-filipe-luis","status":"publish","type":"post","link":"https:\/\/www.gaveanews.com\/index.php\/2024\/10\/28\/flamengo-x-internacional-veja-a-provavel-escalacao-de-filipe-luis\/","title":{"rendered":"Flamengo x Internacional: veja a prov\u00e1vel escala\u00e7\u00e3o de Filipe Lu\u00eds"},"content":{"rendered":"\n<p>Com foco total na final da Copa do Brasil, o Flamengo deve encarar o Internacional, nesta quarta-feira (30), com uma equipe alternativa. A partida, v\u00e1lida pela 17\u00aa rodada do Brasileir\u00e3o, ser\u00e1 um importante teste para os reservas, que ter\u00e3o a miss\u00e3o de garantir pontos cruciais para o time no campeonato.&nbsp;<\/p>\n\n\n\n<ul class=\"wp-block-list\">\n<li><a href=\"https:\/\/www.gaveanews.com\/index.php\/2024\/10\/28\/atacante-do-flamengo-everton-cebolinha-reata-com-isa-ranieri\/\">Atacante do Flamengo, Everton Cebolinha reata com Isa Ranieri<\/a><\/li>\n\n\n\n<li><a href=\"https:\/\/www.gaveanews.com\/index.php\/2024\/10\/28\/e-oficial-cbf-divulga-punicao-apos-flamengo-x-juventude\/\">\u00c9 oficial! CBF divulga puni\u00e7\u00e3o ap\u00f3s Flamengo x Juventude<\/a><\/li>\n<\/ul>\n\n\n\n<p>Atualmente na quarta coloca\u00e7\u00e3o, o Rubro-Negro busca diminuir a diferen\u00e7a para o l\u00edder Botafogo, que hoje \u00e9 de dez pontos. Uma vit\u00f3ria neste jogo atrasado encurtaria essa dist\u00e2ncia para sete pontos. Por\u00e9m, com chances remotas de t\u00edtulo, o Meng\u00e3o foca em se manter no G4, para conseguir a classifica\u00e7\u00e3o direta para a Libertadores do ano que vem.<\/p>\n\n\n\n<h2 class=\"wp-block-heading\" id=\"h-defesa-reserva-e-duvidas-no-gol\">Defesa reserva e d\u00favidas no gol<\/h2>\n\n\n\n<p>Sendo assim, o t\u00e9cnico Filipe Lu\u00eds indicou no treino desta segunda-feira (28) que usar\u00e1 um sistema defensivo totalmente composto por jogadores reservas. A principal d\u00favida no setor est\u00e1 na meta: Rossi e Matheus Cunha se revezaram durante a atividade, e a defini\u00e7\u00e3o deve acontecer apenas horas antes da partida.<\/p>\n\n\n\n<p>Al\u00e9m disso, a zaga ser\u00e1 formada por Fabr\u00edcio Bruno e David Luiz, enquanto Varela e Ayrton Lucas completam as laterais. Essa escolha \u00e9 estrat\u00e9gica porque preserva os titulares para o confronto decisivo na Copa do Brasil, onde o Flamengo ter\u00e1 a chance de conquistar mais um trof\u00e9u na temporada.<\/p>\n\n\n\n<h2 class=\"wp-block-heading\" id=\"h-disputa-no-meio-de-campo\">Disputa no meio de campo<\/h2>\n\n\n\n<p>No meio de campo, o treinador deve manter Erick Pulgar, que ter\u00e1 Allan e Charly Alcaraz ao seu lado. Dessa maneira, a comiss\u00e3o t\u00e9cnica espera manter o controle da posse de bola e neutralizar o Internacional.<\/p>\n\n\n\n<p>No ataque, a expectativa \u00e9 por uma forma\u00e7\u00e3o veloz com Gabigol e Bruno Henrique garantidos. A \u00faltima vaga est\u00e1 em aberto, com Matheus Gon\u00e7alves e Gonzalo Plata disputando posi\u00e7\u00e3o. Cabe ressaltar que essa flexibilidade ofensiva pode ser fundamental para surpreender o advers\u00e1rio e buscar os tr\u00eas pontos.<\/p>\n\n\n\n<h2 class=\"wp-block-heading\" id=\"h-a-provavel-escalacao-do-flamengo\">A prov\u00e1vel escala\u00e7\u00e3o do Flamengo<\/h2>\n\n\n\n<p>A prov\u00e1vel escala\u00e7\u00e3o para enfrentar o Internacional tem: <strong>Rossi (Matheus Cunha); Varela, Fabr\u00edcio Bruno, David Luiz e Ayrton Lucas; Erick Pulgar, Allan, Alcaraz; Matheus Gon\u00e7alves (Gonzalo Plata), Bruno Henrique e Gabigol.<\/strong><\/p>\n\n\n\n<p>Com isso, o Flamengo entrar\u00e1 em campo com uma equipe mesclada, mas motivada a se aproximar da lideran\u00e7a do Brasileir\u00e3o. Por isso, mesmo com algumas mudan\u00e7as, o jogo \u00e9 encarado como decisivo para manter o Rubro-Negro forte at\u00e9 o final do campeonato com o objetivo de permanecer entre os quatro primeiros colocados.&nbsp;<\/p>\n\n\n\n<p>Portanto, na quarta coloca\u00e7\u00e3o, com 54 pontos, o Flamengo encara o Internacional, quinto colocado, com 52, no Beira Rio, na pr\u00f3xima quarta (30) em duelo de \u201c6 pontos\u201d.<\/p>\n","protected":false},"excerpt":{"rendered":"<p>Com foco total na final da Copa do Brasil, o Flamengo deve encarar o Internacional, nesta quarta-feira (30), com uma equipe alternativa. A partida, v\u00e1lida pela 17\u00aa rodada do Brasileir\u00e3o, ser\u00e1 um importante teste para os reservas, que ter\u00e3o a miss\u00e3o de garantir pontos cruciais para o time no campeonato.&nbsp; Atualmente na quarta coloca\u00e7\u00e3o, o [&hellip;]<\/p>\n","protected":false},"author":25,"featured_media":170548,"comment_status":"open","ping_status":"closed","sticky":false,"template":"","format":"standard","meta":{"footnotes":""},"categories":[1],"tags":[],"class_list":["post-178488","post","type-post","status-publish","format-standard","has-post-thumbnail","hentry","category-flamengo"],"yoast_head":"<!-- This site is optimized with the Yoast SEO Premium plugin v24.2 (Yoast SEO v26.9) - https:\/\/yoast.com\/product\/yoast-seo-premium-wordpress\/ -->\n<title>Flamengo x Internacional: veja a prov\u00e1vel escala\u00e7\u00e3o de Filipe Lu\u00eds<\/title>\n<meta name=\"robots\" content=\"index, follow, max-snippet:-1, max-image-preview:large, max-video-preview:-1\" \/>\n<link rel=\"canonical\" href=\"https:\/\/www.gaveanews.com\/index.php\/2024\/10\/28\/flamengo-x-internacional-veja-a-provavel-escalacao-de-filipe-luis\/\" \/>\n<meta property=\"og:locale\" content=\"pt_BR\" \/>\n<meta property=\"og:type\" content=\"article\" \/>\n<meta property=\"og:title\" content=\"Flamengo x Internacional: veja a prov\u00e1vel escala\u00e7\u00e3o de Filipe Lu\u00eds\" \/>\n<meta property=\"og:description\" content=\"Com foco total na final da Copa do Brasil, o Flamengo deve encarar o Internacional, nesta quarta-feira (30), com uma equipe alternativa. A partida, v\u00e1lida pela 17\u00aa rodada do Brasileir\u00e3o, ser\u00e1 um importante teste para os reservas, que ter\u00e3o a miss\u00e3o de garantir pontos cruciais para o time no campeonato.&nbsp; Atualmente na quarta coloca\u00e7\u00e3o, o [&hellip;]\" \/>\n<meta property=\"og:url\" content=\"https:\/\/www.gaveanews.com\/index.php\/2024\/10\/28\/flamengo-x-internacional-veja-a-provavel-escalacao-de-filipe-luis\/\" \/>\n<meta property=\"og:site_name\" content=\"G\u00e1vea News\" \/>\n<meta property=\"article:publisher\" content=\"https:\/\/facebook.com\/gaveaNews\/\" \/>\n<meta property=\"article:published_time\" content=\"2024-10-28T20:00:00+00:00\" \/>\n<meta property=\"og:image\" content=\"https:\/\/www.gaveanews.com\/wp-content\/uploads\/Filipe-Luis-como-tecnico-do-Flamengo.webp\" \/>\n\t<meta property=\"og:image:width\" content=\"800\" \/>\n\t<meta property=\"og:image:height\" content=\"534\" \/>\n\t<meta property=\"og:image:type\" content=\"image\/webp\" \/>\n<meta name=\"author\" content=\"Rafaela Ladeira\" \/>\n<meta name=\"twitter:card\" content=\"summary_large_image\" \/>\n<meta name=\"twitter:label1\" content=\"Escrito por\" \/>\n\t<meta name=\"twitter:data1\" content=\"Rafaela Ladeira\" \/>\n\t<meta name=\"twitter:label2\" content=\"Est. tempo de leitura\" \/>\n\t<meta name=\"twitter:data2\" content=\"3 minutos\" \/>\n<script type=\"application\/ld+json\" class=\"yoast-schema-graph\">{\"@context\":\"https:\/\/schema.org\",\"@graph\":[{\"@type\":\"NewsArticle\",\"@id\":\"https:\/\/www.gaveanews.com\/index.php\/2024\/10\/28\/flamengo-x-internacional-veja-a-provavel-escalacao-de-filipe-luis\/#article\",\"isPartOf\":{\"@id\":\"https:\/\/www.gaveanews.com\/index.php\/2024\/10\/28\/flamengo-x-internacional-veja-a-provavel-escalacao-de-filipe-luis\/\"},\"author\":{\"name\":\"Rafaela Ladeira\",\"@id\":\"https:\/\/www.gaveanews.com\/#\/schema\/person\/0eb3e3fe1754f0205218538adbe8f5ed\"},\"headline\":\"Flamengo x Internacional: veja a prov\u00e1vel escala\u00e7\u00e3o de Filipe Lu\u00eds\",\"datePublished\":\"2024-10-28T20:00:00+00:00\",\"mainEntityOfPage\":{\"@id\":\"https:\/\/www.gaveanews.com\/index.php\/2024\/10\/28\/flamengo-x-internacional-veja-a-provavel-escalacao-de-filipe-luis\/\"},\"wordCount\":478,\"commentCount\":0,\"image\":{\"@id\":\"https:\/\/www.gaveanews.com\/index.php\/2024\/10\/28\/flamengo-x-internacional-veja-a-provavel-escalacao-de-filipe-luis\/#primaryimage\"},\"thumbnailUrl\":\"https:\/\/www.gaveanews.com\/wp-content\/uploads\/Filipe-Luis-como-tecnico-do-Flamengo.webp\",\"articleSection\":[\"Flamengo\"],\"inLanguage\":\"pt-BR\",\"potentialAction\":[{\"@type\":\"CommentAction\",\"name\":\"Comment\",\"target\":[\"https:\/\/www.gaveanews.com\/index.php\/2024\/10\/28\/flamengo-x-internacional-veja-a-provavel-escalacao-de-filipe-luis\/#respond\"]}],\"copyrightYear\":\"2024\",\"copyrightHolder\":{\"@id\":\"https:\/\/www.gaveanews.com\/#organization\"}},{\"@type\":\"WebPage\",\"@id\":\"https:\/\/www.gaveanews.com\/index.php\/2024\/10\/28\/flamengo-x-internacional-veja-a-provavel-escalacao-de-filipe-luis\/\",\"url\":\"https:\/\/www.gaveanews.com\/index.php\/2024\/10\/28\/flamengo-x-internacional-veja-a-provavel-escalacao-de-filipe-luis\/\",\"name\":\"Flamengo x Internacional: veja a prov\u00e1vel escala\u00e7\u00e3o de Filipe Lu\u00eds\",\"isPartOf\":{\"@id\":\"https:\/\/www.gaveanews.com\/#website\"},\"primaryImageOfPage\":{\"@id\":\"https:\/\/www.gaveanews.com\/index.php\/2024\/10\/28\/flamengo-x-internacional-veja-a-provavel-escalacao-de-filipe-luis\/#primaryimage\"},\"image\":{\"@id\":\"https:\/\/www.gaveanews.com\/index.php\/2024\/10\/28\/flamengo-x-internacional-veja-a-provavel-escalacao-de-filipe-luis\/#primaryimage\"},\"thumbnailUrl\":\"https:\/\/www.gaveanews.com\/wp-content\/uploads\/Filipe-Luis-como-tecnico-do-Flamengo.webp\",\"datePublished\":\"2024-10-28T20:00:00+00:00\",\"author\":{\"@id\":\"https:\/\/www.gaveanews.com\/#\/schema\/person\/0eb3e3fe1754f0205218538adbe8f5ed\"},\"breadcrumb\":{\"@id\":\"https:\/\/www.gaveanews.com\/index.php\/2024\/10\/28\/flamengo-x-internacional-veja-a-provavel-escalacao-de-filipe-luis\/#breadcrumb\"},\"inLanguage\":\"pt-BR\",\"potentialAction\":[{\"@type\":\"ReadAction\",\"target\":[\"https:\/\/www.gaveanews.com\/index.php\/2024\/10\/28\/flamengo-x-internacional-veja-a-provavel-escalacao-de-filipe-luis\/\"]}]},{\"@type\":\"ImageObject\",\"inLanguage\":\"pt-BR\",\"@id\":\"https:\/\/www.gaveanews.com\/index.php\/2024\/10\/28\/flamengo-x-internacional-veja-a-provavel-escalacao-de-filipe-luis\/#primaryimage\",\"url\":\"https:\/\/www.gaveanews.com\/wp-content\/uploads\/Filipe-Luis-como-tecnico-do-Flamengo.webp\",\"contentUrl\":\"https:\/\/www.gaveanews.com\/wp-content\/uploads\/Filipe-Luis-como-tecnico-do-Flamengo.webp\",\"width\":800,\"height\":534,\"caption\":\"Filipe Lu\u00eds como t\u00e9cnico do Flamengo (Foto: Marcelo Cortez\/Flamengo)\"},{\"@type\":\"BreadcrumbList\",\"@id\":\"https:\/\/www.gaveanews.com\/index.php\/2024\/10\/28\/flamengo-x-internacional-veja-a-provavel-escalacao-de-filipe-luis\/#breadcrumb\",\"itemListElement\":[{\"@type\":\"ListItem\",\"position\":1,\"name\":\"Home\",\"item\":\"https:\/\/www.gaveanews.com\/\"},{\"@type\":\"ListItem\",\"position\":2,\"name\":\"Flamengo x Internacional: veja a prov\u00e1vel escala\u00e7\u00e3o de Filipe Lu\u00eds\"}]},{\"@type\":\"WebSite\",\"@id\":\"https:\/\/www.gaveanews.com\/#website\",\"url\":\"https:\/\/www.gaveanews.com\/\",\"name\":\"G\u00e1vea News\",\"description\":\"Veja todas as not\u00edcias sobre o Flamengo: Contrata\u00e7\u00f5es, categorias de base, resultados das partidas, tabela de classifica\u00e7\u00e3o, pr\u00f3ximos jogos!\",\"potentialAction\":[{\"@type\":\"SearchAction\",\"target\":{\"@type\":\"EntryPoint\",\"urlTemplate\":\"https:\/\/www.gaveanews.com\/?s={search_term_string}\"},\"query-input\":{\"@type\":\"PropertyValueSpecification\",\"valueRequired\":true,\"valueName\":\"search_term_string\"}}],\"inLanguage\":\"pt-BR\"},{\"@type\":\"Person\",\"@id\":\"https:\/\/www.gaveanews.com\/#\/schema\/person\/0eb3e3fe1754f0205218538adbe8f5ed\",\"name\":\"Rafaela Ladeira\",\"image\":{\"@type\":\"ImageObject\",\"inLanguage\":\"pt-BR\",\"@id\":\"https:\/\/www.gaveanews.com\/#\/schema\/person\/image\/\",\"url\":\"https:\/\/secure.gravatar.com\/avatar\/c31f513acffd85eacab5730cbdfdbbf59f21ba5aeada8cd890acea879fbb2455?s=96&d=mm&r=g\",\"contentUrl\":\"https:\/\/secure.gravatar.com\/avatar\/c31f513acffd85eacab5730cbdfdbbf59f21ba5aeada8cd890acea879fbb2455?s=96&d=mm&r=g\",\"caption\":\"Rafaela Ladeira\"}}]}<\/script>\n<!-- \/ Yoast SEO Premium plugin. -->","yoast_head_json":{"title":"Flamengo x Internacional: veja a prov\u00e1vel escala\u00e7\u00e3o de Filipe Lu\u00eds","robots":{"index":"index","follow":"follow","max-snippet":"max-snippet:-1","max-image-preview":"max-image-preview:large","max-video-preview":"max-video-preview:-1"},"canonical":"https:\/\/www.gaveanews.com\/index.php\/2024\/10\/28\/flamengo-x-internacional-veja-a-provavel-escalacao-de-filipe-luis\/","og_locale":"pt_BR","og_type":"article","og_title":"Flamengo x Internacional: veja a prov\u00e1vel escala\u00e7\u00e3o de Filipe Lu\u00eds","og_description":"Com foco total na final da Copa do Brasil, o Flamengo deve encarar o Internacional, nesta quarta-feira (30), com uma equipe alternativa. A partida, v\u00e1lida pela 17\u00aa rodada do Brasileir\u00e3o, ser\u00e1 um importante teste para os reservas, que ter\u00e3o a miss\u00e3o de garantir pontos cruciais para o time no campeonato.&nbsp; Atualmente na quarta coloca\u00e7\u00e3o, o [&hellip;]","og_url":"https:\/\/www.gaveanews.com\/index.php\/2024\/10\/28\/flamengo-x-internacional-veja-a-provavel-escalacao-de-filipe-luis\/","og_site_name":"G\u00e1vea News","article_publisher":"https:\/\/facebook.com\/gaveaNews\/","article_published_time":"2024-10-28T20:00:00+00:00","og_image":[{"width":800,"height":534,"url":"https:\/\/www.gaveanews.com\/wp-content\/uploads\/Filipe-Luis-como-tecnico-do-Flamengo.webp","type":"image\/webp"}],"author":"Rafaela Ladeira","twitter_card":"summary_large_image","twitter_misc":{"Escrito por":"Rafaela Ladeira","Est. tempo de leitura":"3 minutos"},"schema":{"@context":"https:\/\/schema.org","@graph":[{"@type":"NewsArticle","@id":"https:\/\/www.gaveanews.com\/index.php\/2024\/10\/28\/flamengo-x-internacional-veja-a-provavel-escalacao-de-filipe-luis\/#article","isPartOf":{"@id":"https:\/\/www.gaveanews.com\/index.php\/2024\/10\/28\/flamengo-x-internacional-veja-a-provavel-escalacao-de-filipe-luis\/"},"author":{"name":"Rafaela Ladeira","@id":"https:\/\/www.gaveanews.com\/#\/schema\/person\/0eb3e3fe1754f0205218538adbe8f5ed"},"headline":"Flamengo x Internacional: veja a prov\u00e1vel escala\u00e7\u00e3o de Filipe Lu\u00eds","datePublished":"2024-10-28T20:00:00+00:00","mainEntityOfPage":{"@id":"https:\/\/www.gaveanews.com\/index.php\/2024\/10\/28\/flamengo-x-internacional-veja-a-provavel-escalacao-de-filipe-luis\/"},"wordCount":478,"commentCount":0,"image":{"@id":"https:\/\/www.gaveanews.com\/index.php\/2024\/10\/28\/flamengo-x-internacional-veja-a-provavel-escalacao-de-filipe-luis\/#primaryimage"},"thumbnailUrl":"https:\/\/www.gaveanews.com\/wp-content\/uploads\/Filipe-Luis-como-tecnico-do-Flamengo.webp","articleSection":["Flamengo"],"inLanguage":"pt-BR","potentialAction":[{"@type":"CommentAction","name":"Comment","target":["https:\/\/www.gaveanews.com\/index.php\/2024\/10\/28\/flamengo-x-internacional-veja-a-provavel-escalacao-de-filipe-luis\/#respond"]}],"copyrightYear":"2024","copyrightHolder":{"@id":"https:\/\/www.gaveanews.com\/#organization"}},{"@type":"WebPage","@id":"https:\/\/www.gaveanews.com\/index.php\/2024\/10\/28\/flamengo-x-internacional-veja-a-provavel-escalacao-de-filipe-luis\/","url":"https:\/\/www.gaveanews.com\/index.php\/2024\/10\/28\/flamengo-x-internacional-veja-a-provavel-escalacao-de-filipe-luis\/","name":"Flamengo x Internacional: veja a prov\u00e1vel escala\u00e7\u00e3o de Filipe Lu\u00eds","isPartOf":{"@id":"https:\/\/www.gaveanews.com\/#website"},"primaryImageOfPage":{"@id":"https:\/\/www.gaveanews.com\/index.php\/2024\/10\/28\/flamengo-x-internacional-veja-a-provavel-escalacao-de-filipe-luis\/#primaryimage"},"image":{"@id":"https:\/\/www.gaveanews.com\/index.php\/2024\/10\/28\/flamengo-x-internacional-veja-a-provavel-escalacao-de-filipe-luis\/#primaryimage"},"thumbnailUrl":"https:\/\/www.gaveanews.com\/wp-content\/uploads\/Filipe-Luis-como-tecnico-do-Flamengo.webp","datePublished":"2024-10-28T20:00:00+00:00","author":{"@id":"https:\/\/www.gaveanews.com\/#\/schema\/person\/0eb3e3fe1754f0205218538adbe8f5ed"},"breadcrumb":{"@id":"https:\/\/www.gaveanews.com\/index.php\/2024\/10\/28\/flamengo-x-internacional-veja-a-provavel-escalacao-de-filipe-luis\/#breadcrumb"},"inLanguage":"pt-BR","potentialAction":[{"@type":"ReadAction","target":["https:\/\/www.gaveanews.com\/index.php\/2024\/10\/28\/flamengo-x-internacional-veja-a-provavel-escalacao-de-filipe-luis\/"]}]},{"@type":"ImageObject","inLanguage":"pt-BR","@id":"https:\/\/www.gaveanews.com\/index.php\/2024\/10\/28\/flamengo-x-internacional-veja-a-provavel-escalacao-de-filipe-luis\/#primaryimage","url":"https:\/\/www.gaveanews.com\/wp-content\/uploads\/Filipe-Luis-como-tecnico-do-Flamengo.webp","contentUrl":"https:\/\/www.gaveanews.com\/wp-content\/uploads\/Filipe-Luis-como-tecnico-do-Flamengo.webp","width":800,"height":534,"caption":"Filipe Lu\u00eds como t\u00e9cnico do Flamengo (Foto: Marcelo Cortez\/Flamengo)"},{"@type":"BreadcrumbList","@id":"https:\/\/www.gaveanews.com\/index.php\/2024\/10\/28\/flamengo-x-internacional-veja-a-provavel-escalacao-de-filipe-luis\/#breadcrumb","itemListElement":[{"@type":"ListItem","position":1,"name":"Home","item":"https:\/\/www.gaveanews.com\/"},{"@type":"ListItem","position":2,"name":"Flamengo x Internacional: veja a prov\u00e1vel escala\u00e7\u00e3o de Filipe Lu\u00eds"}]},{"@type":"WebSite","@id":"https:\/\/www.gaveanews.com\/#website","url":"https:\/\/www.gaveanews.com\/","name":"G\u00e1vea News","description":"Veja todas as not\u00edcias sobre o Flamengo: Contrata\u00e7\u00f5es, categorias de base, resultados das partidas, tabela de classifica\u00e7\u00e3o, pr\u00f3ximos jogos!","potentialAction":[{"@type":"SearchAction","target":{"@type":"EntryPoint","urlTemplate":"https:\/\/www.gaveanews.com\/?s={search_term_string}"},"query-input":{"@type":"PropertyValueSpecification","valueRequired":true,"valueName":"search_term_string"}}],"inLanguage":"pt-BR"},{"@type":"Person","@id":"https:\/\/www.gaveanews.com\/#\/schema\/person\/0eb3e3fe1754f0205218538adbe8f5ed","name":"Rafaela Ladeira","image":{"@type":"ImageObject","inLanguage":"pt-BR","@id":"https:\/\/www.gaveanews.com\/#\/schema\/person\/image\/","url":"https:\/\/secure.gravatar.com\/avatar\/c31f513acffd85eacab5730cbdfdbbf59f21ba5aeada8cd890acea879fbb2455?s=96&d=mm&r=g","contentUrl":"https:\/\/secure.gravatar.com\/avatar\/c31f513acffd85eacab5730cbdfdbbf59f21ba5aeada8cd890acea879fbb2455?s=96&d=mm&r=g","caption":"Rafaela Ladeira"}}]}},"_links":{"self":[{"href":"https:\/\/www.gaveanews.com\/index.php\/wp-json\/wp\/v2\/posts\/178488","targetHints":{"allow":["GET"]}}],"collection":[{"href":"https:\/\/www.gaveanews.com\/index.php\/wp-json\/wp\/v2\/posts"}],"about":[{"href":"https:\/\/www.gaveanews.com\/index.php\/wp-json\/wp\/v2\/types\/post"}],"author":[{"embeddable":true,"href":"https:\/\/www.gaveanews.com\/index.php\/wp-json\/wp\/v2\/users\/25"}],"replies":[{"embeddable":true,"href":"https:\/\/www.gaveanews.com\/index.php\/wp-json\/wp\/v2\/comments?post=178488"}],"version-history":[{"count":1,"href":"https:\/\/www.gaveanews.com\/index.php\/wp-json\/wp\/v2\/posts\/178488\/revisions"}],"predecessor-version":[{"id":178489,"href":"https:\/\/www.gaveanews.com\/index.php\/wp-json\/wp\/v2\/posts\/178488\/revisions\/178489"}],"wp:featuredmedia":[{"embeddable":true,"href":"https:\/\/www.gaveanews.com\/index.php\/wp-json\/wp\/v2\/media\/170548"}],"wp:attachment":[{"href":"https:\/\/www.gaveanews.com\/index.php\/wp-json\/wp\/v2\/media?parent=178488"}],"wp:term":[{"taxonomy":"category","embeddable":true,"href":"https:\/\/www.gaveanews.com\/index.php\/wp-json\/wp\/v2\/categories?post=178488"},{"taxonomy":"post_tag","embeddable":true,"href":"https:\/\/www.gaveanews.com\/index.php\/wp-json\/wp\/v2\/tags?post=178488"}],"curies":[{"name":"wp","href":"https:\/\/api.w.org\/{rel}","templated":true}]}}