{"id":178614,"date":"2024-10-29T10:20:00","date_gmt":"2024-10-29T13:20:00","guid":{"rendered":"https:\/\/www.gaveanews.com\/?p=178614"},"modified":"2024-10-29T09:26:38","modified_gmt":"2024-10-29T12:26:38","slug":"empresa-assina-com-o-palmeiras-ate-2030","status":"publish","type":"post","link":"https:\/\/www.gaveanews.com\/index.php\/2024\/10\/29\/empresa-assina-com-o-palmeiras-ate-2030\/","title":{"rendered":"Empresa assina com o Palmeiras at\u00e9 2030"},"content":{"rendered":"\n<h2 class=\"wp-block-heading\" id=\"h-a-panini-seguira-com-o-palmeiras-ate-2030\">A Panini seguir\u00e1 com o Palmeiras at\u00e9 2030<\/h2>\n\n\n\n<p>O Grupo Panini, fundado h\u00e1 quase 60 anos em Modena, It\u00e1lia, \u00e9 refer\u00eancia mundial no mercado de colecion\u00e1veis e publica\u00e7\u00f5es. Com subsidi\u00e1rias espalhadas pela Europa, Am\u00e9rica Latina e Estados Unidos, a Panini n\u00e3o apenas domina o setor de colecion\u00e1veis como tamb\u00e9m \u00e9 a principal editora multinacional de quadrinhos, revistas infantis e mang\u00e1s na Europa e na Am\u00e9rica Latina. A empresa alcan\u00e7a mais de 150 pa\u00edses com seus produtos e conta com uma equipe de mais de 1,2 mil funcion\u00e1rios.<\/p>\n\n\n\n<ul class=\"wp-block-list\">\n<li><a href=\"https:\/\/www.gaveanews.com\/index.php\/2024\/10\/28\/o-valor-que-sportingbet-vai-pagar-ao-palmeiras-em-2025\/\">O valor que Sportingbet vai pagar ao Palmeiras em 2025<\/a><\/li>\n\n\n\n<li><a href=\"https:\/\/www.gaveanews.com\/index.php\/2024\/10\/28\/a-declaracao-de-marcelo-paz-apos-o-jogo-entre-palmeiras-x-fortaleza\/\">A declara\u00e7\u00e3o de Marcelo Paz, ap\u00f3s o jogo entre Palmeiras x Fortaleza<\/a><\/li>\n<\/ul>\n\n\n\n<p>O Palmeiras, em parceria com a Panini, tem lan\u00e7ado produtos que se tornaram verdadeiras rel\u00edquias para os torcedores. Em 2024, essa colabora\u00e7\u00e3o resultou no lan\u00e7amento de um livro comemorativo em homenagem aos 110 anos do clube, o primeiro produzido integralmente pelo Verd\u00e3o. <\/p>\n\n\n\n<p>Al\u00e9m do livro, a Panini tamb\u00e9m lan\u00e7ou um \u00e1lbum de figurinhas com cromos que destacam conquistas e feitos importantes do clube. Segundo Everaldo Coelho, diretor de Marketing do Palmeiras, a parceria tem sido fundamental para fortalecer a cole\u00e7\u00e3o de produtos voltados aos torcedores.<\/p>\n\n\n\n<p>A obra \u201cSociedade Esportiva Palmeiras \u2013 110 Anos de Hist\u00f3rias e Conquistas\u201d, lan\u00e7ada no dia do anivers\u00e1rio do clube, em 26 de agosto, \u00e9 a primeira institucional do clube, criada a partir de documentos hist\u00f3ricos preservados, como atas, s\u00famulas e registros fotogr\u00e1ficos. Essa iniciativa foi desenvolvida durante a gest\u00e3o de Leila Pereira e resultou de quase uma d\u00e9cada de pesquisa. Com 416 p\u00e1ginas e capa dura, o livro resgata a trajet\u00f3ria do Palmeiras desde a funda\u00e7\u00e3o como Palestra Italia, inclui a hist\u00f3ria da equipe feminina e de outras modalidades do clube e ser\u00e1 lan\u00e7ado em edi\u00e7\u00f5es em espanhol, ingl\u00eas e italiano.<\/p>\n\n\n\n<p>A parceria entre Palmeiras e Panini j\u00e1 rendeu outras cole\u00e7\u00f5es valiosas. Em setembro do ano passado, uma cole\u00e7\u00e3o de 50 cards foi lan\u00e7ada, homenageando tanto o elenco atual quanto grandes \u00eddolos do passado, incluindo o lend\u00e1rio Ademir da Guia. Os produtos refletem o compromisso da Panini e do Palmeiras com a valoriza\u00e7\u00e3o da rica hist\u00f3ria e identidade do clube, celebrando, ano ap\u00f3s ano, suas conquistas e sua torcida apaixonada.<\/p>\n\n\n\n<p>&#8220;Nos \u00faltimos anos, a parceria entre Palmeiras e Panini tem presenteado os torcedores com produtos que s\u00e3o verdadeiras rel\u00edquias. Estamos muito satisfeitos com o trabalho realizado pela Panini, e estendemos esta parceria com o objetivo de continuar aumentando as cole\u00e7\u00f5es de todos os palmeirenses&#8221;, declarou Everaldo Coelho, diretor de Marketing do Palmeiras.<\/p>\n","protected":false},"excerpt":{"rendered":"<p>A Panini seguir\u00e1 com o Palmeiras at\u00e9 2030 O Grupo Panini, fundado h\u00e1 quase 60 anos em Modena, It\u00e1lia, \u00e9 refer\u00eancia mundial no mercado de colecion\u00e1veis e publica\u00e7\u00f5es. Com subsidi\u00e1rias espalhadas pela Europa, Am\u00e9rica Latina e Estados Unidos, a Panini n\u00e3o apenas domina o setor de colecion\u00e1veis como tamb\u00e9m \u00e9 a principal editora multinacional de [&hellip;]<\/p>\n","protected":false},"author":17,"featured_media":158318,"comment_status":"open","ping_status":"closed","sticky":false,"template":"","format":"standard","meta":{"footnotes":""},"categories":[150],"tags":[],"class_list":["post-178614","post","type-post","status-publish","format-standard","has-post-thumbnail","hentry","category-palmeiras"],"yoast_head":"<!-- This site is optimized with the Yoast SEO Premium plugin v24.2 (Yoast SEO v26.9) - https:\/\/yoast.com\/product\/yoast-seo-premium-wordpress\/ -->\n<title>Empresa assina com o Palmeiras at\u00e9 2030<\/title>\n<meta name=\"robots\" content=\"index, follow, max-snippet:-1, max-image-preview:large, max-video-preview:-1\" \/>\n<link rel=\"canonical\" href=\"https:\/\/www.gaveanews.com\/index.php\/2024\/10\/29\/empresa-assina-com-o-palmeiras-ate-2030\/\" \/>\n<meta property=\"og:locale\" content=\"pt_BR\" \/>\n<meta property=\"og:type\" content=\"article\" \/>\n<meta property=\"og:title\" content=\"Empresa assina com o Palmeiras at\u00e9 2030\" \/>\n<meta property=\"og:description\" content=\"A Panini seguir\u00e1 com o Palmeiras at\u00e9 2030 O Grupo Panini, fundado h\u00e1 quase 60 anos em Modena, It\u00e1lia, \u00e9 refer\u00eancia mundial no mercado de colecion\u00e1veis e publica\u00e7\u00f5es. Com subsidi\u00e1rias espalhadas pela Europa, Am\u00e9rica Latina e Estados Unidos, a Panini n\u00e3o apenas domina o setor de colecion\u00e1veis como tamb\u00e9m \u00e9 a principal editora multinacional de [&hellip;]\" \/>\n<meta property=\"og:url\" content=\"https:\/\/www.gaveanews.com\/index.php\/2024\/10\/29\/empresa-assina-com-o-palmeiras-ate-2030\/\" \/>\n<meta property=\"og:site_name\" content=\"G\u00e1vea News\" \/>\n<meta property=\"article:publisher\" content=\"https:\/\/facebook.com\/gaveaNews\/\" \/>\n<meta property=\"article:published_time\" content=\"2024-10-29T13:20:00+00:00\" \/>\n<meta property=\"og:image\" content=\"https:\/\/www.gaveanews.com\/wp-content\/uploads\/Jogadores-do-Palmeiras-durante-partida-valida-pela-Copa-do-Brasil-2024.webp\" \/>\n\t<meta property=\"og:image:width\" content=\"1051\" \/>\n\t<meta property=\"og:image:height\" content=\"701\" \/>\n\t<meta property=\"og:image:type\" content=\"image\/webp\" \/>\n<meta name=\"author\" content=\"Geovanna Thomaz\" \/>\n<meta name=\"twitter:card\" content=\"summary_large_image\" \/>\n<meta name=\"twitter:label1\" content=\"Escrito por\" \/>\n\t<meta name=\"twitter:data1\" content=\"Geovanna Thomaz\" \/>\n\t<meta name=\"twitter:label2\" content=\"Est. tempo de leitura\" \/>\n\t<meta name=\"twitter:data2\" content=\"3 minutos\" \/>\n<script type=\"application\/ld+json\" class=\"yoast-schema-graph\">{\"@context\":\"https:\/\/schema.org\",\"@graph\":[{\"@type\":\"NewsArticle\",\"@id\":\"https:\/\/www.gaveanews.com\/index.php\/2024\/10\/29\/empresa-assina-com-o-palmeiras-ate-2030\/#article\",\"isPartOf\":{\"@id\":\"https:\/\/www.gaveanews.com\/index.php\/2024\/10\/29\/empresa-assina-com-o-palmeiras-ate-2030\/\"},\"author\":{\"name\":\"Geovanna Thomaz\",\"@id\":\"https:\/\/www.gaveanews.com\/#\/schema\/person\/f42654babcd2b2014a1a65af82b081f1\"},\"headline\":\"Empresa assina com o Palmeiras at\u00e9 2030\",\"datePublished\":\"2024-10-29T13:20:00+00:00\",\"mainEntityOfPage\":{\"@id\":\"https:\/\/www.gaveanews.com\/index.php\/2024\/10\/29\/empresa-assina-com-o-palmeiras-ate-2030\/\"},\"wordCount\":457,\"commentCount\":0,\"image\":{\"@id\":\"https:\/\/www.gaveanews.com\/index.php\/2024\/10\/29\/empresa-assina-com-o-palmeiras-ate-2030\/#primaryimage\"},\"thumbnailUrl\":\"https:\/\/www.gaveanews.com\/wp-content\/uploads\/Jogadores-do-Palmeiras-durante-partida-valida-pela-Copa-do-Brasil-2024.webp\",\"articleSection\":[\"Palmeiras\"],\"inLanguage\":\"pt-BR\",\"potentialAction\":[{\"@type\":\"CommentAction\",\"name\":\"Comment\",\"target\":[\"https:\/\/www.gaveanews.com\/index.php\/2024\/10\/29\/empresa-assina-com-o-palmeiras-ate-2030\/#respond\"]}],\"copyrightYear\":\"2024\",\"copyrightHolder\":{\"@id\":\"https:\/\/www.gaveanews.com\/#organization\"}},{\"@type\":\"WebPage\",\"@id\":\"https:\/\/www.gaveanews.com\/index.php\/2024\/10\/29\/empresa-assina-com-o-palmeiras-ate-2030\/\",\"url\":\"https:\/\/www.gaveanews.com\/index.php\/2024\/10\/29\/empresa-assina-com-o-palmeiras-ate-2030\/\",\"name\":\"Empresa assina com o Palmeiras at\u00e9 2030\",\"isPartOf\":{\"@id\":\"https:\/\/www.gaveanews.com\/#website\"},\"primaryImageOfPage\":{\"@id\":\"https:\/\/www.gaveanews.com\/index.php\/2024\/10\/29\/empresa-assina-com-o-palmeiras-ate-2030\/#primaryimage\"},\"image\":{\"@id\":\"https:\/\/www.gaveanews.com\/index.php\/2024\/10\/29\/empresa-assina-com-o-palmeiras-ate-2030\/#primaryimage\"},\"thumbnailUrl\":\"https:\/\/www.gaveanews.com\/wp-content\/uploads\/Jogadores-do-Palmeiras-durante-partida-valida-pela-Copa-do-Brasil-2024.webp\",\"datePublished\":\"2024-10-29T13:20:00+00:00\",\"author\":{\"@id\":\"https:\/\/www.gaveanews.com\/#\/schema\/person\/f42654babcd2b2014a1a65af82b081f1\"},\"breadcrumb\":{\"@id\":\"https:\/\/www.gaveanews.com\/index.php\/2024\/10\/29\/empresa-assina-com-o-palmeiras-ate-2030\/#breadcrumb\"},\"inLanguage\":\"pt-BR\",\"potentialAction\":[{\"@type\":\"ReadAction\",\"target\":[\"https:\/\/www.gaveanews.com\/index.php\/2024\/10\/29\/empresa-assina-com-o-palmeiras-ate-2030\/\"]}]},{\"@type\":\"ImageObject\",\"inLanguage\":\"pt-BR\",\"@id\":\"https:\/\/www.gaveanews.com\/index.php\/2024\/10\/29\/empresa-assina-com-o-palmeiras-ate-2030\/#primaryimage\",\"url\":\"https:\/\/www.gaveanews.com\/wp-content\/uploads\/Jogadores-do-Palmeiras-durante-partida-valida-pela-Copa-do-Brasil-2024.webp\",\"contentUrl\":\"https:\/\/www.gaveanews.com\/wp-content\/uploads\/Jogadores-do-Palmeiras-durante-partida-valida-pela-Copa-do-Brasil-2024.webp\",\"width\":1051,\"height\":701,\"caption\":\"Jogadores do Palmeiras durante partida v\u00e1lida pela Copa do Brasil 2024 (Foto: Reprodu\u00e7\u00e3o\/Palmeiras)\"},{\"@type\":\"BreadcrumbList\",\"@id\":\"https:\/\/www.gaveanews.com\/index.php\/2024\/10\/29\/empresa-assina-com-o-palmeiras-ate-2030\/#breadcrumb\",\"itemListElement\":[{\"@type\":\"ListItem\",\"position\":1,\"name\":\"Home\",\"item\":\"https:\/\/www.gaveanews.com\/\"},{\"@type\":\"ListItem\",\"position\":2,\"name\":\"Empresa assina com o Palmeiras at\u00e9 2030\"}]},{\"@type\":\"WebSite\",\"@id\":\"https:\/\/www.gaveanews.com\/#website\",\"url\":\"https:\/\/www.gaveanews.com\/\",\"name\":\"G\u00e1vea News\",\"description\":\"Veja todas as not\u00edcias sobre o Flamengo: Contrata\u00e7\u00f5es, categorias de base, resultados das partidas, tabela de classifica\u00e7\u00e3o, pr\u00f3ximos jogos!\",\"potentialAction\":[{\"@type\":\"SearchAction\",\"target\":{\"@type\":\"EntryPoint\",\"urlTemplate\":\"https:\/\/www.gaveanews.com\/?s={search_term_string}\"},\"query-input\":{\"@type\":\"PropertyValueSpecification\",\"valueRequired\":true,\"valueName\":\"search_term_string\"}}],\"inLanguage\":\"pt-BR\"},{\"@type\":\"Person\",\"@id\":\"https:\/\/www.gaveanews.com\/#\/schema\/person\/f42654babcd2b2014a1a65af82b081f1\",\"name\":\"Geovanna Thomaz\",\"image\":{\"@type\":\"ImageObject\",\"inLanguage\":\"pt-BR\",\"@id\":\"https:\/\/www.gaveanews.com\/#\/schema\/person\/image\/\",\"url\":\"https:\/\/secure.gravatar.com\/avatar\/4092073255489533afb558984b49b64268c47198af8623cc82a925ae9fb7118a?s=96&d=mm&r=g\",\"contentUrl\":\"https:\/\/secure.gravatar.com\/avatar\/4092073255489533afb558984b49b64268c47198af8623cc82a925ae9fb7118a?s=96&d=mm&r=g\",\"caption\":\"Geovanna Thomaz\"}}]}<\/script>\n<!-- \/ Yoast SEO Premium plugin. -->","yoast_head_json":{"title":"Empresa assina com o Palmeiras at\u00e9 2030","robots":{"index":"index","follow":"follow","max-snippet":"max-snippet:-1","max-image-preview":"max-image-preview:large","max-video-preview":"max-video-preview:-1"},"canonical":"https:\/\/www.gaveanews.com\/index.php\/2024\/10\/29\/empresa-assina-com-o-palmeiras-ate-2030\/","og_locale":"pt_BR","og_type":"article","og_title":"Empresa assina com o Palmeiras at\u00e9 2030","og_description":"A Panini seguir\u00e1 com o Palmeiras at\u00e9 2030 O Grupo Panini, fundado h\u00e1 quase 60 anos em Modena, It\u00e1lia, \u00e9 refer\u00eancia mundial no mercado de colecion\u00e1veis e publica\u00e7\u00f5es. Com subsidi\u00e1rias espalhadas pela Europa, Am\u00e9rica Latina e Estados Unidos, a Panini n\u00e3o apenas domina o setor de colecion\u00e1veis como tamb\u00e9m \u00e9 a principal editora multinacional de [&hellip;]","og_url":"https:\/\/www.gaveanews.com\/index.php\/2024\/10\/29\/empresa-assina-com-o-palmeiras-ate-2030\/","og_site_name":"G\u00e1vea News","article_publisher":"https:\/\/facebook.com\/gaveaNews\/","article_published_time":"2024-10-29T13:20:00+00:00","og_image":[{"width":1051,"height":701,"url":"https:\/\/www.gaveanews.com\/wp-content\/uploads\/Jogadores-do-Palmeiras-durante-partida-valida-pela-Copa-do-Brasil-2024.webp","type":"image\/webp"}],"author":"Geovanna Thomaz","twitter_card":"summary_large_image","twitter_misc":{"Escrito por":"Geovanna Thomaz","Est. tempo de leitura":"3 minutos"},"schema":{"@context":"https:\/\/schema.org","@graph":[{"@type":"NewsArticle","@id":"https:\/\/www.gaveanews.com\/index.php\/2024\/10\/29\/empresa-assina-com-o-palmeiras-ate-2030\/#article","isPartOf":{"@id":"https:\/\/www.gaveanews.com\/index.php\/2024\/10\/29\/empresa-assina-com-o-palmeiras-ate-2030\/"},"author":{"name":"Geovanna Thomaz","@id":"https:\/\/www.gaveanews.com\/#\/schema\/person\/f42654babcd2b2014a1a65af82b081f1"},"headline":"Empresa assina com o Palmeiras at\u00e9 2030","datePublished":"2024-10-29T13:20:00+00:00","mainEntityOfPage":{"@id":"https:\/\/www.gaveanews.com\/index.php\/2024\/10\/29\/empresa-assina-com-o-palmeiras-ate-2030\/"},"wordCount":457,"commentCount":0,"image":{"@id":"https:\/\/www.gaveanews.com\/index.php\/2024\/10\/29\/empresa-assina-com-o-palmeiras-ate-2030\/#primaryimage"},"thumbnailUrl":"https:\/\/www.gaveanews.com\/wp-content\/uploads\/Jogadores-do-Palmeiras-durante-partida-valida-pela-Copa-do-Brasil-2024.webp","articleSection":["Palmeiras"],"inLanguage":"pt-BR","potentialAction":[{"@type":"CommentAction","name":"Comment","target":["https:\/\/www.gaveanews.com\/index.php\/2024\/10\/29\/empresa-assina-com-o-palmeiras-ate-2030\/#respond"]}],"copyrightYear":"2024","copyrightHolder":{"@id":"https:\/\/www.gaveanews.com\/#organization"}},{"@type":"WebPage","@id":"https:\/\/www.gaveanews.com\/index.php\/2024\/10\/29\/empresa-assina-com-o-palmeiras-ate-2030\/","url":"https:\/\/www.gaveanews.com\/index.php\/2024\/10\/29\/empresa-assina-com-o-palmeiras-ate-2030\/","name":"Empresa assina com o Palmeiras at\u00e9 2030","isPartOf":{"@id":"https:\/\/www.gaveanews.com\/#website"},"primaryImageOfPage":{"@id":"https:\/\/www.gaveanews.com\/index.php\/2024\/10\/29\/empresa-assina-com-o-palmeiras-ate-2030\/#primaryimage"},"image":{"@id":"https:\/\/www.gaveanews.com\/index.php\/2024\/10\/29\/empresa-assina-com-o-palmeiras-ate-2030\/#primaryimage"},"thumbnailUrl":"https:\/\/www.gaveanews.com\/wp-content\/uploads\/Jogadores-do-Palmeiras-durante-partida-valida-pela-Copa-do-Brasil-2024.webp","datePublished":"2024-10-29T13:20:00+00:00","author":{"@id":"https:\/\/www.gaveanews.com\/#\/schema\/person\/f42654babcd2b2014a1a65af82b081f1"},"breadcrumb":{"@id":"https:\/\/www.gaveanews.com\/index.php\/2024\/10\/29\/empresa-assina-com-o-palmeiras-ate-2030\/#breadcrumb"},"inLanguage":"pt-BR","potentialAction":[{"@type":"ReadAction","target":["https:\/\/www.gaveanews.com\/index.php\/2024\/10\/29\/empresa-assina-com-o-palmeiras-ate-2030\/"]}]},{"@type":"ImageObject","inLanguage":"pt-BR","@id":"https:\/\/www.gaveanews.com\/index.php\/2024\/10\/29\/empresa-assina-com-o-palmeiras-ate-2030\/#primaryimage","url":"https:\/\/www.gaveanews.com\/wp-content\/uploads\/Jogadores-do-Palmeiras-durante-partida-valida-pela-Copa-do-Brasil-2024.webp","contentUrl":"https:\/\/www.gaveanews.com\/wp-content\/uploads\/Jogadores-do-Palmeiras-durante-partida-valida-pela-Copa-do-Brasil-2024.webp","width":1051,"height":701,"caption":"Jogadores do Palmeiras durante partida v\u00e1lida pela Copa do Brasil 2024 (Foto: Reprodu\u00e7\u00e3o\/Palmeiras)"},{"@type":"BreadcrumbList","@id":"https:\/\/www.gaveanews.com\/index.php\/2024\/10\/29\/empresa-assina-com-o-palmeiras-ate-2030\/#breadcrumb","itemListElement":[{"@type":"ListItem","position":1,"name":"Home","item":"https:\/\/www.gaveanews.com\/"},{"@type":"ListItem","position":2,"name":"Empresa assina com o Palmeiras at\u00e9 2030"}]},{"@type":"WebSite","@id":"https:\/\/www.gaveanews.com\/#website","url":"https:\/\/www.gaveanews.com\/","name":"G\u00e1vea News","description":"Veja todas as not\u00edcias sobre o Flamengo: Contrata\u00e7\u00f5es, categorias de base, resultados das partidas, tabela de classifica\u00e7\u00e3o, pr\u00f3ximos jogos!","potentialAction":[{"@type":"SearchAction","target":{"@type":"EntryPoint","urlTemplate":"https:\/\/www.gaveanews.com\/?s={search_term_string}"},"query-input":{"@type":"PropertyValueSpecification","valueRequired":true,"valueName":"search_term_string"}}],"inLanguage":"pt-BR"},{"@type":"Person","@id":"https:\/\/www.gaveanews.com\/#\/schema\/person\/f42654babcd2b2014a1a65af82b081f1","name":"Geovanna Thomaz","image":{"@type":"ImageObject","inLanguage":"pt-BR","@id":"https:\/\/www.gaveanews.com\/#\/schema\/person\/image\/","url":"https:\/\/secure.gravatar.com\/avatar\/4092073255489533afb558984b49b64268c47198af8623cc82a925ae9fb7118a?s=96&d=mm&r=g","contentUrl":"https:\/\/secure.gravatar.com\/avatar\/4092073255489533afb558984b49b64268c47198af8623cc82a925ae9fb7118a?s=96&d=mm&r=g","caption":"Geovanna Thomaz"}}]}},"_links":{"self":[{"href":"https:\/\/www.gaveanews.com\/index.php\/wp-json\/wp\/v2\/posts\/178614","targetHints":{"allow":["GET"]}}],"collection":[{"href":"https:\/\/www.gaveanews.com\/index.php\/wp-json\/wp\/v2\/posts"}],"about":[{"href":"https:\/\/www.gaveanews.com\/index.php\/wp-json\/wp\/v2\/types\/post"}],"author":[{"embeddable":true,"href":"https:\/\/www.gaveanews.com\/index.php\/wp-json\/wp\/v2\/users\/17"}],"replies":[{"embeddable":true,"href":"https:\/\/www.gaveanews.com\/index.php\/wp-json\/wp\/v2\/comments?post=178614"}],"version-history":[{"count":1,"href":"https:\/\/www.gaveanews.com\/index.php\/wp-json\/wp\/v2\/posts\/178614\/revisions"}],"predecessor-version":[{"id":178617,"href":"https:\/\/www.gaveanews.com\/index.php\/wp-json\/wp\/v2\/posts\/178614\/revisions\/178617"}],"wp:featuredmedia":[{"embeddable":true,"href":"https:\/\/www.gaveanews.com\/index.php\/wp-json\/wp\/v2\/media\/158318"}],"wp:attachment":[{"href":"https:\/\/www.gaveanews.com\/index.php\/wp-json\/wp\/v2\/media?parent=178614"}],"wp:term":[{"taxonomy":"category","embeddable":true,"href":"https:\/\/www.gaveanews.com\/index.php\/wp-json\/wp\/v2\/categories?post=178614"},{"taxonomy":"post_tag","embeddable":true,"href":"https:\/\/www.gaveanews.com\/index.php\/wp-json\/wp\/v2\/tags?post=178614"}],"curies":[{"name":"wp","href":"https:\/\/api.w.org\/{rel}","templated":true}]}}